{"id":3733,"date":"2021-05-27T13:33:13","date_gmt":"2021-05-27T11:33:13","guid":{"rendered":"https:\/\/www.naturparkmagazin.de\/dahme-heideseen\/?p=3733"},"modified":"2021-05-27T13:34:11","modified_gmt":"2021-05-27T11:34:11","slug":"insektenhotel-bau-mit-naturpark-schule-prieros","status":"publish","type":"post","link":"https:\/\/www.naturparkmagazin.de\/dahme-heideseen\/insektenhotel-bau-mit-naturpark-schule-prieros\/","title":{"rendered":"Insektenhotel-Bau mit Naturpark-Schule Prieros"},"content":{"rendered":"<p>Die \u201eAlte Schule\u201c in Prieros entwickelt sich immer mehr zu einem Naturschutzzentrum. Wo fr\u00fcher Kinder ein- und ausgegangen sind, finden nun V\u00f6gel Nistk\u00e4sten, schwirren Insekten umher und bl\u00fchen bunte Wildpflanzen. Um die Artenvielfalt weiterhin zu unterst\u00fctzen, haben Naturwacht und Naturpark-Verwaltung ein Insektenhotel aufgestellt. Dieses dient Insekten zur Eiablage und als Kinderstube. Gebaut wurde es von Mitarbeitern des \u201eHaus des Waldes\u201c Gr\u00e4bendorf.<\/p>\n<div id=\"attachment_3734\" style=\"width: 310px\" class=\"wp-caption alignnone\"><a href=\"https:\/\/www.naturparkmagazin.de\/dahme-heideseen\/wp-content\/uploads\/sites\/37\/Insektenhotel1.jpg\"><img aria-describedby=\"caption-attachment-3734\" decoding=\"async\" loading=\"lazy\" class=\"size-thumbnail wp-image-3734\" src=\"https:\/\/www.naturparkmagazin.de\/dahme-heideseen\/wp-content\/uploads\/sites\/37\/Insektenhotel1-300x225.jpg\" alt=\"Rangerin Theresa Schwalbe informiert \u00fcber Insekten und den Aufbau eines Insektenhotels (\u00a9 Teresa Zeuner)\" width=\"300\" height=\"225\" srcset=\"https:\/\/www.naturparkmagazin.de\/dahme-heideseen\/wp-content\/uploads\/sites\/37\/Insektenhotel1-300x225.jpg 300w, https:\/\/www.naturparkmagazin.de\/dahme-heideseen\/wp-content\/uploads\/sites\/37\/Insektenhotel1-620x465.jpg 620w, https:\/\/www.naturparkmagazin.de\/dahme-heideseen\/wp-content\/uploads\/sites\/37\/Insektenhotel1-940x705.jpg 940w, https:\/\/www.naturparkmagazin.de\/dahme-heideseen\/wp-content\/uploads\/sites\/37\/Insektenhotel1-580x435.jpg 580w, https:\/\/www.naturparkmagazin.de\/dahme-heideseen\/wp-content\/uploads\/sites\/37\/Insektenhotel1-420x315.jpg 420w, https:\/\/www.naturparkmagazin.de\/dahme-heideseen\/wp-content\/uploads\/sites\/37\/Insektenhotel1-180x135.jpg 180w, https:\/\/www.naturparkmagazin.de\/dahme-heideseen\/wp-content\/uploads\/sites\/37\/Insektenhotel1-95x71.jpg 95w, https:\/\/www.naturparkmagazin.de\/dahme-heideseen\/wp-content\/uploads\/sites\/37\/Insektenhotel1-670x503.jpg 670w, https:\/\/www.naturparkmagazin.de\/dahme-heideseen\/wp-content\/uploads\/sites\/37\/Insektenhotel1-200x150.jpg 200w, https:\/\/www.naturparkmagazin.de\/dahme-heideseen\/wp-content\/uploads\/sites\/37\/Insektenhotel1.jpg 980w\" sizes=\"(max-width: 300px) 100vw, 300px\" \/><\/a><p id=\"caption-attachment-3734\" class=\"wp-caption-text\">Rangerin Theresa Schwalbe informiert \u00fcber Insekten und den Aufbau eines Insektenhotels (\u00a9 Teresa Zeuner)<\/p><\/div>\n<p>Die Ausstattung des Hotels \u00fcbernimmt die Naturpark-Schule Prieros. Sch\u00fclerinnen und Sch\u00fcler der 4. Klasse haben sich in den letzten Wochen informiert, was wildlebende Insekten ben\u00f6tigen und durften Ende Mai das Insektenhotel mit den verschiedensten Materialien bef\u00fcllen. Vor der praktischen Arbeit informierte der Naturpark \u00fcber die Funktion des Hotels und \u00fcber die Arten, die sich dort ansiedeln k\u00f6nnen. Die von den Kindern \u00fcbernommene Arbeit ist vielf\u00e4ltig und wurde in kleinen Gruppen gemeinsam erledigt: die Kinder schnitten Schilf zu, bohrten unterschiedlich dicke L\u00f6cher in Holzscheiben oder arbeiteten mit Lehm.<\/p>\n<div id=\"attachment_3736\" style=\"width: 310px\" class=\"wp-caption alignnone\"><a href=\"https:\/\/www.naturparkmagazin.de\/dahme-heideseen\/wp-content\/uploads\/sites\/37\/Insektenhotel3.jpg\"><img aria-describedby=\"caption-attachment-3736\" decoding=\"async\" loading=\"lazy\" class=\"wp-image-3736 size-thumbnail\" src=\"https:\/\/www.naturparkmagazin.de\/dahme-heideseen\/wp-content\/uploads\/sites\/37\/Insektenhotel3-300x225.jpg\" alt=\"Das optimale Mischverh\u00e4ltnis aus Lehm und Sand wird hergestellt. (\u00a9 Teresa Zeuner)\" width=\"300\" height=\"225\" srcset=\"https:\/\/www.naturparkmagazin.de\/dahme-heideseen\/wp-content\/uploads\/sites\/37\/Insektenhotel3-300x225.jpg 300w, https:\/\/www.naturparkmagazin.de\/dahme-heideseen\/wp-content\/uploads\/sites\/37\/Insektenhotel3-620x465.jpg 620w, https:\/\/www.naturparkmagazin.de\/dahme-heideseen\/wp-content\/uploads\/sites\/37\/Insektenhotel3-940x705.jpg 940w, https:\/\/www.naturparkmagazin.de\/dahme-heideseen\/wp-content\/uploads\/sites\/37\/Insektenhotel3-580x435.jpg 580w, https:\/\/www.naturparkmagazin.de\/dahme-heideseen\/wp-content\/uploads\/sites\/37\/Insektenhotel3-420x315.jpg 420w, https:\/\/www.naturparkmagazin.de\/dahme-heideseen\/wp-content\/uploads\/sites\/37\/Insektenhotel3-180x135.jpg 180w, https:\/\/www.naturparkmagazin.de\/dahme-heideseen\/wp-content\/uploads\/sites\/37\/Insektenhotel3-95x71.jpg 95w, https:\/\/www.naturparkmagazin.de\/dahme-heideseen\/wp-content\/uploads\/sites\/37\/Insektenhotel3-670x503.jpg 670w, https:\/\/www.naturparkmagazin.de\/dahme-heideseen\/wp-content\/uploads\/sites\/37\/Insektenhotel3-200x150.jpg 200w, https:\/\/www.naturparkmagazin.de\/dahme-heideseen\/wp-content\/uploads\/sites\/37\/Insektenhotel3.jpg 980w\" sizes=\"(max-width: 300px) 100vw, 300px\" \/><\/a><p id=\"caption-attachment-3736\" class=\"wp-caption-text\">Das optimale Mischverh\u00e4ltnis aus Lehm und Sand wird hergestellt. (\u00a9 Teresa Zeuner)<\/p><\/div>\n<div id=\"attachment_3735\" style=\"width: 310px\" class=\"wp-caption alignnone\"><a href=\"https:\/\/www.naturparkmagazin.de\/dahme-heideseen\/wp-content\/uploads\/sites\/37\/Insektenhotel2.jpg\"><img aria-describedby=\"caption-attachment-3735\" decoding=\"async\" loading=\"lazy\" class=\"wp-image-3735 size-thumbnail\" src=\"https:\/\/www.naturparkmagazin.de\/dahme-heideseen\/wp-content\/uploads\/sites\/37\/Insektenhotel2-300x225.jpg\" alt=\"Ranger Thomas Mertke unterst\u00fctzt bei den Holz-Bohrarbeiten. (\u00a9 Teresa Zeuner)\" width=\"300\" height=\"225\" srcset=\"https:\/\/www.naturparkmagazin.de\/dahme-heideseen\/wp-content\/uploads\/sites\/37\/Insektenhotel2-300x225.jpg 300w, https:\/\/www.naturparkmagazin.de\/dahme-heideseen\/wp-content\/uploads\/sites\/37\/Insektenhotel2-620x465.jpg 620w, https:\/\/www.naturparkmagazin.de\/dahme-heideseen\/wp-content\/uploads\/sites\/37\/Insektenhotel2-940x705.jpg 940w, https:\/\/www.naturparkmagazin.de\/dahme-heideseen\/wp-content\/uploads\/sites\/37\/Insektenhotel2-580x435.jpg 580w, https:\/\/www.naturparkmagazin.de\/dahme-heideseen\/wp-content\/uploads\/sites\/37\/Insektenhotel2-420x315.jpg 420w, https:\/\/www.naturparkmagazin.de\/dahme-heideseen\/wp-content\/uploads\/sites\/37\/Insektenhotel2-180x135.jpg 180w, https:\/\/www.naturparkmagazin.de\/dahme-heideseen\/wp-content\/uploads\/sites\/37\/Insektenhotel2-95x71.jpg 95w, https:\/\/www.naturparkmagazin.de\/dahme-heideseen\/wp-content\/uploads\/sites\/37\/Insektenhotel2-670x503.jpg 670w, https:\/\/www.naturparkmagazin.de\/dahme-heideseen\/wp-content\/uploads\/sites\/37\/Insektenhotel2-200x150.jpg 200w, https:\/\/www.naturparkmagazin.de\/dahme-heideseen\/wp-content\/uploads\/sites\/37\/Insektenhotel2.jpg 980w\" sizes=\"(max-width: 300px) 100vw, 300px\" \/><\/a><p id=\"caption-attachment-3735\" class=\"wp-caption-text\">Ranger Thomas Mertke unterst\u00fctzt bei den Holz-Bohrarbeiten. (\u00a9 Teresa Zeuner)<\/p><\/div>\n<div id=\"attachment_3737\" style=\"width: 310px\" class=\"wp-caption alignnone\"><a href=\"https:\/\/www.naturparkmagazin.de\/dahme-heideseen\/wp-content\/uploads\/sites\/37\/Insektenhotel4.jpg\"><img aria-describedby=\"caption-attachment-3737\" decoding=\"async\" loading=\"lazy\" class=\"wp-image-3737 size-thumbnail\" src=\"https:\/\/www.naturparkmagazin.de\/dahme-heideseen\/wp-content\/uploads\/sites\/37\/Insektenhotel4-300x225.jpg\" alt=\"Sch\u00fclerinnen beim Schneiden von Schilf und Hollunderzweigen (\u00a9 Teresa Zeuner)\" width=\"300\" height=\"225\" srcset=\"https:\/\/www.naturparkmagazin.de\/dahme-heideseen\/wp-content\/uploads\/sites\/37\/Insektenhotel4-300x225.jpg 300w, https:\/\/www.naturparkmagazin.de\/dahme-heideseen\/wp-content\/uploads\/sites\/37\/Insektenhotel4-620x465.jpg 620w, https:\/\/www.naturparkmagazin.de\/dahme-heideseen\/wp-content\/uploads\/sites\/37\/Insektenhotel4-940x705.jpg 940w, https:\/\/www.naturparkmagazin.de\/dahme-heideseen\/wp-content\/uploads\/sites\/37\/Insektenhotel4-580x435.jpg 580w, https:\/\/www.naturparkmagazin.de\/dahme-heideseen\/wp-content\/uploads\/sites\/37\/Insektenhotel4-420x315.jpg 420w, https:\/\/www.naturparkmagazin.de\/dahme-heideseen\/wp-content\/uploads\/sites\/37\/Insektenhotel4-180x135.jpg 180w, https:\/\/www.naturparkmagazin.de\/dahme-heideseen\/wp-content\/uploads\/sites\/37\/Insektenhotel4-95x71.jpg 95w, https:\/\/www.naturparkmagazin.de\/dahme-heideseen\/wp-content\/uploads\/sites\/37\/Insektenhotel4-670x503.jpg 670w, https:\/\/www.naturparkmagazin.de\/dahme-heideseen\/wp-content\/uploads\/sites\/37\/Insektenhotel4-200x150.jpg 200w, https:\/\/www.naturparkmagazin.de\/dahme-heideseen\/wp-content\/uploads\/sites\/37\/Insektenhotel4.jpg 980w\" sizes=\"(max-width: 300px) 100vw, 300px\" \/><\/a><p id=\"caption-attachment-3737\" class=\"wp-caption-text\">Sch\u00fclerinnen beim Schneiden von Schilf und Holunderzweigen (\u00a9 Teresa Zeuner)<\/p><\/div>\n<p>Damit die Insekten auch ausreichend Nahrung in der N\u00e4he finden, wird bis Anfang Juni gemeinsam mit Franz Heitzendorfer, g\u00e4rtnerischer Leiter des Biogartens Prieros, eine Bl\u00fchwiese rund um das Insektenhotel angelegt.<\/p>\n<p>Das gemeinsame Projekt hat allen Beteiligten so viel Freude bereitet, dass weitere Termine zum Weiterbau vereinbart wurden. Auf unserer Internetseite werden wir \u00fcber den <a href=\"https:\/\/www.dahme-heideseen-naturpark.de\/\" target=\"_blank\">Fortschritt des Insektenhotel-Projektes<\/a> informieren.<\/p>\n","protected":false},"excerpt":{"rendered":"<p>Ende Mai haben Sch\u00fcler*innen der Naturpark-Schule Prieros begonnen, das neu angebrachte Insektenhotel mit Material wie Lehm und Ziegelsteinen zu bef\u00fcllen. Die Ranger*innen erkl\u00e4ren den Nutzen des Hotels, zeigen Arten, die hier einziehen k\u00f6nnen. In Kooperation mit dem Biogarten Prieros wird bei einem Folge-Termin mit den Kindern rund um das Hotel eine Bl\u00fchwiese angelegt. Die Bl\u00fchwiese soll Insekten ausreichend Nahrung bieten.<\/p>\n","protected":false},"author":83,"featured_media":3734,"comment_status":"open","ping_status":"open","sticky":false,"template":"","format":"standard","meta":[],"categories":[7],"tags":[],"yoast_head":"<!-- This site is optimized with the Yoast SEO plugin v19.10 - https:\/\/yoast.com\/wordpress\/plugins\/seo\/ -->\n<title>Insektenhotel-Bau mit Naturpark-Schule Prieros - Naturpark Dahme-Heideseen<\/title>\n<meta name=\"robots\" content=\"index, follow, max-snippet:-1, max-image-preview:large, max-video-preview:-1\" \/>\n<link rel=\"canonical\" href=\"https:\/\/www.naturparkmagazin.de\/dahme-heideseen\/insektenhotel-bau-mit-naturpark-schule-prieros\/\" \/>\n<meta property=\"og:locale\" content=\"de_DE\" \/>\n<meta property=\"og:type\" content=\"article\" \/>\n<meta property=\"og:title\" content=\"Insektenhotel-Bau mit Naturpark-Schule Prieros - Naturpark Dahme-Heideseen\" \/>\n<meta property=\"og:description\" content=\"Ende Mai haben Sch\u00fcler*innen der Naturpark-Schule Prieros begonnen, das neu angebrachte Insektenhotel mit Material wie Lehm und Ziegelsteinen zu bef\u00fcllen. Die Ranger*innen erkl\u00e4ren den Nutzen des Hotels, zeigen Arten, die hier einziehen k\u00f6nnen. In Kooperation mit dem Biogarten Prieros wird bei einem Folge-Termin mit den Kindern rund um das Hotel eine Bl\u00fchwiese angelegt. Die Bl\u00fchwiese soll Insekten ausreichend Nahrung bieten.\" \/>\n<meta property=\"og:url\" content=\"https:\/\/www.naturparkmagazin.de\/dahme-heideseen\/insektenhotel-bau-mit-naturpark-schule-prieros\/\" \/>\n<meta property=\"og:site_name\" content=\"Naturpark Dahme-Heideseen\" \/>\n<meta property=\"article:published_time\" content=\"2021-05-27T11:33:13+00:00\" \/>\n<meta property=\"article:modified_time\" content=\"2021-05-27T11:34:11+00:00\" \/>\n<meta property=\"og:image\" content=\"https:\/\/www.naturparkmagazin.de\/dahme-heideseen\/wp-content\/uploads\/sites\/37\/Insektenhotel1.jpg\" \/>\n\t<meta property=\"og:image:width\" content=\"980\" \/>\n\t<meta property=\"og:image:height\" content=\"735\" \/>\n\t<meta property=\"og:image:type\" content=\"image\/jpeg\" \/>\n<meta name=\"author\" content=\"Astrid Osenbr\u00fcck\" \/>\n<meta name=\"twitter:label1\" content=\"Verfasst von\" \/>\n\t<meta name=\"twitter:data1\" content=\"Astrid Osenbr\u00fcck\" \/>\n\t<meta name=\"twitter:label2\" content=\"Gesch\u00e4tzte Lesezeit\" \/>\n\t<meta name=\"twitter:data2\" content=\"1\u00a0Minute\" \/>\n<script type=\"application\/ld+json\" class=\"yoast-schema-graph\">{\"@context\":\"https:\/\/schema.org\",\"@graph\":[{\"@type\":\"WebPage\",\"@id\":\"https:\/\/www.naturparkmagazin.de\/dahme-heideseen\/insektenhotel-bau-mit-naturpark-schule-prieros\/\",\"url\":\"https:\/\/www.naturparkmagazin.de\/dahme-heideseen\/insektenhotel-bau-mit-naturpark-schule-prieros\/\",\"name\":\"Insektenhotel-Bau mit Naturpark-Schule Prieros - Naturpark Dahme-Heideseen\",\"isPartOf\":{\"@id\":\"https:\/\/www.naturparkmagazin.de\/dahme-heideseen\/#website\"},\"datePublished\":\"2021-05-27T11:33:13+00:00\",\"dateModified\":\"2021-05-27T11:34:11+00:00\",\"author\":{\"@id\":\"https:\/\/www.naturparkmagazin.de\/dahme-heideseen\/#\/schema\/person\/a0510aafafdf8183c95fc98faf0c9f21\"},\"breadcrumb\":{\"@id\":\"https:\/\/www.naturparkmagazin.de\/dahme-heideseen\/insektenhotel-bau-mit-naturpark-schule-prieros\/#breadcrumb\"},\"inLanguage\":\"de\",\"potentialAction\":[{\"@type\":\"ReadAction\",\"target\":[\"https:\/\/www.naturparkmagazin.de\/dahme-heideseen\/insektenhotel-bau-mit-naturpark-schule-prieros\/\"]}]},{\"@type\":\"BreadcrumbList\",\"@id\":\"https:\/\/www.naturparkmagazin.de\/dahme-heideseen\/insektenhotel-bau-mit-naturpark-schule-prieros\/#breadcrumb\",\"itemListElement\":[{\"@type\":\"ListItem\",\"position\":1,\"name\":\"Home\",\"item\":\"https:\/\/www.naturparkmagazin.de\/dahme-heideseen\/\"},{\"@type\":\"ListItem\",\"position\":2,\"name\":\"Insektenhotel-Bau mit Naturpark-Schule Prieros\"}]},{\"@type\":\"WebSite\",\"@id\":\"https:\/\/www.naturparkmagazin.de\/dahme-heideseen\/#website\",\"url\":\"https:\/\/www.naturparkmagazin.de\/dahme-heideseen\/\",\"name\":\"Naturpark Dahme-Heideseen\",\"description\":\"\",\"potentialAction\":[{\"@type\":\"SearchAction\",\"target\":{\"@type\":\"EntryPoint\",\"urlTemplate\":\"https:\/\/www.naturparkmagazin.de\/dahme-heideseen\/?s={search_term_string}\"},\"query-input\":\"required name=search_term_string\"}],\"inLanguage\":\"de\"},{\"@type\":\"Person\",\"@id\":\"https:\/\/www.naturparkmagazin.de\/dahme-heideseen\/#\/schema\/person\/a0510aafafdf8183c95fc98faf0c9f21\",\"name\":\"Astrid Osenbr\u00fcck\",\"sameAs\":[\"http:\/\/www.dahme-heideseen-naturpark.de\"],\"url\":\"https:\/\/www.naturparkmagazin.de\/dahme-heideseen\/author\/astridosenbrueck\/\"}]}<\/script>\n<!-- \/ Yoast SEO plugin. -->","yoast_head_json":{"title":"Insektenhotel-Bau mit Naturpark-Schule Prieros - Naturpark Dahme-Heideseen","robots":{"index":"index","follow":"follow","max-snippet":"max-snippet:-1","max-image-preview":"max-image-preview:large","max-video-preview":"max-video-preview:-1"},"canonical":"https:\/\/www.naturparkmagazin.de\/dahme-heideseen\/insektenhotel-bau-mit-naturpark-schule-prieros\/","og_locale":"de_DE","og_type":"article","og_title":"Insektenhotel-Bau mit Naturpark-Schule Prieros - Naturpark Dahme-Heideseen","og_description":"Ende Mai haben Sch\u00fcler*innen der Naturpark-Schule Prieros begonnen, das neu angebrachte Insektenhotel mit Material wie Lehm und Ziegelsteinen zu bef\u00fcllen. Die Ranger*innen erkl\u00e4ren den Nutzen des Hotels, zeigen Arten, die hier einziehen k\u00f6nnen. In Kooperation mit dem Biogarten Prieros wird bei einem Folge-Termin mit den Kindern rund um das Hotel eine Bl\u00fchwiese angelegt. Die Bl\u00fchwiese soll Insekten ausreichend Nahrung bieten.","og_url":"https:\/\/www.naturparkmagazin.de\/dahme-heideseen\/insektenhotel-bau-mit-naturpark-schule-prieros\/","og_site_name":"Naturpark Dahme-Heideseen","article_published_time":"2021-05-27T11:33:13+00:00","article_modified_time":"2021-05-27T11:34:11+00:00","og_image":[{"width":980,"height":735,"url":"https:\/\/www.naturparkmagazin.de\/dahme-heideseen\/wp-content\/uploads\/sites\/37\/Insektenhotel1.jpg","type":"image\/jpeg"}],"author":"Astrid Osenbr\u00fcck","twitter_misc":{"Verfasst von":"Astrid Osenbr\u00fcck","Gesch\u00e4tzte Lesezeit":"1\u00a0Minute"},"schema":{"@context":"https:\/\/schema.org","@graph":[{"@type":"WebPage","@id":"https:\/\/www.naturparkmagazin.de\/dahme-heideseen\/insektenhotel-bau-mit-naturpark-schule-prieros\/","url":"https:\/\/www.naturparkmagazin.de\/dahme-heideseen\/insektenhotel-bau-mit-naturpark-schule-prieros\/","name":"Insektenhotel-Bau mit Naturpark-Schule Prieros - Naturpark Dahme-Heideseen","isPartOf":{"@id":"https:\/\/www.naturparkmagazin.de\/dahme-heideseen\/#website"},"datePublished":"2021-05-27T11:33:13+00:00","dateModified":"2021-05-27T11:34:11+00:00","author":{"@id":"https:\/\/www.naturparkmagazin.de\/dahme-heideseen\/#\/schema\/person\/a0510aafafdf8183c95fc98faf0c9f21"},"breadcrumb":{"@id":"https:\/\/www.naturparkmagazin.de\/dahme-heideseen\/insektenhotel-bau-mit-naturpark-schule-prieros\/#breadcrumb"},"inLanguage":"de","potentialAction":[{"@type":"ReadAction","target":["https:\/\/www.naturparkmagazin.de\/dahme-heideseen\/insektenhotel-bau-mit-naturpark-schule-prieros\/"]}]},{"@type":"BreadcrumbList","@id":"https:\/\/www.naturparkmagazin.de\/dahme-heideseen\/insektenhotel-bau-mit-naturpark-schule-prieros\/#breadcrumb","itemListElement":[{"@type":"ListItem","position":1,"name":"Home","item":"https:\/\/www.naturparkmagazin.de\/dahme-heideseen\/"},{"@type":"ListItem","position":2,"name":"Insektenhotel-Bau mit Naturpark-Schule Prieros"}]},{"@type":"WebSite","@id":"https:\/\/www.naturparkmagazin.de\/dahme-heideseen\/#website","url":"https:\/\/www.naturparkmagazin.de\/dahme-heideseen\/","name":"Naturpark Dahme-Heideseen","description":"","potentialAction":[{"@type":"SearchAction","target":{"@type":"EntryPoint","urlTemplate":"https:\/\/www.naturparkmagazin.de\/dahme-heideseen\/?s={search_term_string}"},"query-input":"required name=search_term_string"}],"inLanguage":"de"},{"@type":"Person","@id":"https:\/\/www.naturparkmagazin.de\/dahme-heideseen\/#\/schema\/person\/a0510aafafdf8183c95fc98faf0c9f21","name":"Astrid Osenbr\u00fcck","sameAs":["http:\/\/www.dahme-heideseen-naturpark.de"],"url":"https:\/\/www.naturparkmagazin.de\/dahme-heideseen\/author\/astridosenbrueck\/"}]}},"_links":{"self":[{"href":"https:\/\/www.naturparkmagazin.de\/dahme-heideseen\/wp-json\/wp\/v2\/posts\/3733"}],"collection":[{"href":"https:\/\/www.naturparkmagazin.de\/dahme-heideseen\/wp-json\/wp\/v2\/posts"}],"about":[{"href":"https:\/\/www.naturparkmagazin.de\/dahme-heideseen\/wp-json\/wp\/v2\/types\/post"}],"author":[{"embeddable":true,"href":"https:\/\/www.naturparkmagazin.de\/dahme-heideseen\/wp-json\/wp\/v2\/users\/83"}],"replies":[{"embeddable":true,"href":"https:\/\/www.naturparkmagazin.de\/dahme-heideseen\/wp-json\/wp\/v2\/comments?post=3733"}],"version-history":[{"count":2,"href":"https:\/\/www.naturparkmagazin.de\/dahme-heideseen\/wp-json\/wp\/v2\/posts\/3733\/revisions"}],"predecessor-version":[{"id":3740,"href":"https:\/\/www.naturparkmagazin.de\/dahme-heideseen\/wp-json\/wp\/v2\/posts\/3733\/revisions\/3740"}],"wp:featuredmedia":[{"embeddable":true,"href":"https:\/\/www.naturparkmagazin.de\/dahme-heideseen\/wp-json\/wp\/v2\/media\/3734"}],"wp:attachment":[{"href":"https:\/\/www.naturparkmagazin.de\/dahme-heideseen\/wp-json\/wp\/v2\/media?parent=3733"}],"wp:term":[{"taxonomy":"category","embeddable":true,"href":"https:\/\/www.naturparkmagazin.de\/dahme-heideseen\/wp-json\/wp\/v2\/categories?post=3733"},{"taxonomy":"post_tag","embeddable":true,"href":"https:\/\/www.naturparkmagazin.de\/dahme-heideseen\/wp-json\/wp\/v2\/tags?post=3733"}],"curies":[{"name":"wp","href":"https:\/\/api.w.org\/{rel}","templated":true}]}}