{"id":3755,"date":"2021-06-22T10:25:48","date_gmt":"2021-06-22T08:25:48","guid":{"rendered":"https:\/\/www.naturparkmagazin.de\/dahme-heideseen\/?p=3755"},"modified":"2021-07-22T08:29:42","modified_gmt":"2021-07-22T06:29:42","slug":"foto-wettbewerb-fuer-das-jahrebuch-2022-gewinner-bilder-gekuert","status":"publish","type":"post","link":"https:\/\/www.naturparkmagazin.de\/dahme-heideseen\/foto-wettbewerb-fuer-das-jahrebuch-2022-gewinner-bilder-gekuert\/","title":{"rendered":"Foto-Wettbewerb f\u00fcr das JahreBuch 2022: Gewinner-Bilder gek\u00fcrt"},"content":{"rendered":"<p>Mitte Juni war es endlich soweit \u2013 die Fachjury hat sich getroffen und die sch\u00f6nsten Bilder des Foto-Wettbewerbs zum JahreBuch 2022 gek\u00fcrt. Teil der Jury waren Silvia Schiebert, Gesch\u00e4ftsf\u00fchrerin des NABU Dahmelands, Ilonka Schuster, Vorstandsmitglied des NABU Dahmelands, Thomas Mertke, Gebietsleiter der Naturwacht Dahme-Heideseen, Wolfgang Purann, Fotograf und Ortschronist von Bestensee und Astrid Osenbr\u00fcck, Leiterin (m.d.W.d.G.b.) Naturpark Dahme-Heideseen.<\/p>\n<div id=\"attachment_3759\" style=\"width: 310px\" class=\"wp-caption alignnone\"><a href=\"https:\/\/www.naturparkmagazin.de\/dahme-heideseen\/wp-content\/uploads\/sites\/37\/20210623_Fotowettbewerb4.jpg\"><img aria-describedby=\"caption-attachment-3759\" decoding=\"async\" loading=\"lazy\" class=\"size-thumbnail wp-image-3759\" src=\"https:\/\/www.naturparkmagazin.de\/dahme-heideseen\/wp-content\/uploads\/sites\/37\/20210623_Fotowettbewerb4-300x314.jpg\" alt=\"Jury und Organisations-Team vor dem Eingang des Naturschutz-Zentrums in Prieros (\u00a9 Teresa Zeuner)\" width=\"300\" height=\"314\" srcset=\"https:\/\/www.naturparkmagazin.de\/dahme-heideseen\/wp-content\/uploads\/sites\/37\/20210623_Fotowettbewerb4-300x314.jpg 300w, https:\/\/www.naturparkmagazin.de\/dahme-heideseen\/wp-content\/uploads\/sites\/37\/20210623_Fotowettbewerb4-620x649.jpg 620w, https:\/\/www.naturparkmagazin.de\/dahme-heideseen\/wp-content\/uploads\/sites\/37\/20210623_Fotowettbewerb4-30x30.jpg 30w, https:\/\/www.naturparkmagazin.de\/dahme-heideseen\/wp-content\/uploads\/sites\/37\/20210623_Fotowettbewerb4-670x701.jpg 670w, https:\/\/www.naturparkmagazin.de\/dahme-heideseen\/wp-content\/uploads\/sites\/37\/20210623_Fotowettbewerb4-200x209.jpg 200w, https:\/\/www.naturparkmagazin.de\/dahme-heideseen\/wp-content\/uploads\/sites\/37\/20210623_Fotowettbewerb4.jpg 735w\" sizes=\"(max-width: 300px) 100vw, 300px\" \/><\/a><p id=\"caption-attachment-3759\" class=\"wp-caption-text\">Jury und Organisations-Team vor dem Eingang des Naturschutz-Zentrums in Prieros (\u00a9 Teresa Zeuner)<\/p><\/div>\n<p>28 Fotografen hatten an dem Fotowettbewerb teilgenommen. Insgesamt wurden 73 Bilder eingesendet. Die Wahl erfolgte anonymisiert und die Jury hatte die Qual der Wahl. Es gab zahlreiche hochwertige und sehr ansprechende Einsendungen. Jedoch musste sich die Jury f\u00fcr 15 Gewinner-Bilder entscheiden. Die Gewinner-Fotos wurden von der Jury gek\u00fcrt und die insgesamt 11 Gewinner bereits benachrichtigt. Die Jury und das Naturschutz-Zentrum bedanken sich herzlich bei <strong>allen<\/strong> Teilnehmenden f\u00fcr die herausragende fotografische Arbeit und die \u00dcbermittlung der jeweiligen Lieblingspl\u00e4tze im Naturpark Dahme-Heideseen.<\/p>\n<div id=\"attachment_3757\" style=\"width: 310px\" class=\"wp-caption alignnone\"><a href=\"https:\/\/www.naturparkmagazin.de\/dahme-heideseen\/wp-content\/uploads\/sites\/37\/20210623_Fotowettbewerb2.jpg\"><img aria-describedby=\"caption-attachment-3757\" decoding=\"async\" loading=\"lazy\" class=\"size-thumbnail wp-image-3757\" src=\"https:\/\/www.naturparkmagazin.de\/dahme-heideseen\/wp-content\/uploads\/sites\/37\/20210623_Fotowettbewerb2-300x400.jpg\" alt=\"Die Jury auf der Suche nach den besten Bildern (\u00a9 Teresa Zeuner)\" width=\"300\" height=\"400\" srcset=\"https:\/\/www.naturparkmagazin.de\/dahme-heideseen\/wp-content\/uploads\/sites\/37\/20210623_Fotowettbewerb2-300x400.jpg 300w, https:\/\/www.naturparkmagazin.de\/dahme-heideseen\/wp-content\/uploads\/sites\/37\/20210623_Fotowettbewerb2-620x827.jpg 620w, https:\/\/www.naturparkmagazin.de\/dahme-heideseen\/wp-content\/uploads\/sites\/37\/20210623_Fotowettbewerb2-500x667.jpg 500w, https:\/\/www.naturparkmagazin.de\/dahme-heideseen\/wp-content\/uploads\/sites\/37\/20210623_Fotowettbewerb2-420x560.jpg 420w, https:\/\/www.naturparkmagazin.de\/dahme-heideseen\/wp-content\/uploads\/sites\/37\/20210623_Fotowettbewerb2-135x180.jpg 135w, https:\/\/www.naturparkmagazin.de\/dahme-heideseen\/wp-content\/uploads\/sites\/37\/20210623_Fotowettbewerb2-53x71.jpg 53w, https:\/\/www.naturparkmagazin.de\/dahme-heideseen\/wp-content\/uploads\/sites\/37\/20210623_Fotowettbewerb2-670x893.jpg 670w, https:\/\/www.naturparkmagazin.de\/dahme-heideseen\/wp-content\/uploads\/sites\/37\/20210623_Fotowettbewerb2-200x267.jpg 200w, https:\/\/www.naturparkmagazin.de\/dahme-heideseen\/wp-content\/uploads\/sites\/37\/20210623_Fotowettbewerb2.jpg 735w\" sizes=\"(max-width: 300px) 100vw, 300px\" \/><\/a><p id=\"caption-attachment-3757\" class=\"wp-caption-text\">Die Jury auf der Suche nach den besten Bildern (\u00a9 Teresa Zeuner)<\/p><\/div>\n<p>Die Gewinner-Bilder k\u00f6nnen im Jahrebuch 2022 betrachtet werden, welches Ende des Jahres 2021 erscheint.<\/p>\n<p>Zum Hintergrund: Seit mehr als 22 Jahren ist der JahreBuch-Kalender aus dem Naturpark Dahme-Heideseen ein H\u00f6hepunkt in jedem Jahr. Zahlreiche Autorinnen und Autoren aus der Region schreiben \u00fcber Natur, Kultur und die Artenvielfalt des Dahmelands, ausgew\u00e4hlte Naturfotografen oder regionale K\u00fcnstler pr\u00e4sentieren ihre Werke im Kalenderteil.<\/p>\n<p><strong>F\u00fcr das JahreBuch 2022 wurde ein Foto-Wettbewerb gestartet<\/strong>, bei dem die sch\u00f6nsten Bilder rund um Lieblingspl\u00e4tze im Naturpark gesucht werden. Initiatoren des Wettbewerbs sind der Nabu Dahmeland und der Naturpark Dahme-Heideseen.<\/p>\n","protected":false},"excerpt":{"rendered":"<p>Mitte Juni war es endlich soweit \u2013 die Fachjury hat sich getroffen und die sch\u00f6nsten Bilder des Foto-Wettbewerbs zum JahreBuch 2022 gek\u00fcrt. <\/p>\n","protected":false},"author":83,"featured_media":3757,"comment_status":"open","ping_status":"open","sticky":false,"template":"","format":"standard","meta":[],"categories":[7],"tags":[],"yoast_head":"<!-- This site is optimized with the Yoast SEO plugin v19.10 - https:\/\/yoast.com\/wordpress\/plugins\/seo\/ -->\n<title>Foto-Wettbewerb f\u00fcr das JahreBuch 2022: Gewinner-Bilder gek\u00fcrt - Naturpark Dahme-Heideseen<\/title>\n<meta name=\"robots\" content=\"index, follow, max-snippet:-1, max-image-preview:large, max-video-preview:-1\" \/>\n<link rel=\"canonical\" href=\"https:\/\/www.naturparkmagazin.de\/dahme-heideseen\/foto-wettbewerb-fuer-das-jahrebuch-2022-gewinner-bilder-gekuert\/\" \/>\n<meta property=\"og:locale\" content=\"de_DE\" \/>\n<meta property=\"og:type\" content=\"article\" \/>\n<meta property=\"og:title\" content=\"Foto-Wettbewerb f\u00fcr das JahreBuch 2022: Gewinner-Bilder gek\u00fcrt - Naturpark Dahme-Heideseen\" \/>\n<meta property=\"og:description\" content=\"Mitte Juni war es endlich soweit \u2013 die Fachjury hat sich getroffen und die sch\u00f6nsten Bilder des Foto-Wettbewerbs zum JahreBuch 2022 gek\u00fcrt.\" \/>\n<meta property=\"og:url\" content=\"https:\/\/www.naturparkmagazin.de\/dahme-heideseen\/foto-wettbewerb-fuer-das-jahrebuch-2022-gewinner-bilder-gekuert\/\" \/>\n<meta property=\"og:site_name\" content=\"Naturpark Dahme-Heideseen\" \/>\n<meta property=\"article:published_time\" content=\"2021-06-22T08:25:48+00:00\" \/>\n<meta property=\"article:modified_time\" content=\"2021-07-22T06:29:42+00:00\" \/>\n<meta property=\"og:image\" content=\"https:\/\/www.naturparkmagazin.de\/dahme-heideseen\/wp-content\/uploads\/sites\/37\/20210623_Fotowettbewerb2.jpg\" \/>\n\t<meta property=\"og:image:width\" content=\"735\" \/>\n\t<meta property=\"og:image:height\" content=\"980\" \/>\n\t<meta property=\"og:image:type\" content=\"image\/jpeg\" \/>\n<meta name=\"author\" content=\"Astrid Osenbr\u00fcck\" \/>\n<meta name=\"twitter:label1\" content=\"Verfasst von\" \/>\n\t<meta name=\"twitter:data1\" content=\"Astrid Osenbr\u00fcck\" \/>\n\t<meta name=\"twitter:label2\" content=\"Gesch\u00e4tzte Lesezeit\" \/>\n\t<meta name=\"twitter:data2\" content=\"1\u00a0Minute\" \/>\n<script type=\"application\/ld+json\" class=\"yoast-schema-graph\">{\"@context\":\"https:\/\/schema.org\",\"@graph\":[{\"@type\":\"WebPage\",\"@id\":\"https:\/\/www.naturparkmagazin.de\/dahme-heideseen\/foto-wettbewerb-fuer-das-jahrebuch-2022-gewinner-bilder-gekuert\/\",\"url\":\"https:\/\/www.naturparkmagazin.de\/dahme-heideseen\/foto-wettbewerb-fuer-das-jahrebuch-2022-gewinner-bilder-gekuert\/\",\"name\":\"Foto-Wettbewerb f\u00fcr das JahreBuch 2022: Gewinner-Bilder gek\u00fcrt - Naturpark Dahme-Heideseen\",\"isPartOf\":{\"@id\":\"https:\/\/www.naturparkmagazin.de\/dahme-heideseen\/#website\"},\"datePublished\":\"2021-06-22T08:25:48+00:00\",\"dateModified\":\"2021-07-22T06:29:42+00:00\",\"author\":{\"@id\":\"https:\/\/www.naturparkmagazin.de\/dahme-heideseen\/#\/schema\/person\/a0510aafafdf8183c95fc98faf0c9f21\"},\"breadcrumb\":{\"@id\":\"https:\/\/www.naturparkmagazin.de\/dahme-heideseen\/foto-wettbewerb-fuer-das-jahrebuch-2022-gewinner-bilder-gekuert\/#breadcrumb\"},\"inLanguage\":\"de\",\"potentialAction\":[{\"@type\":\"ReadAction\",\"target\":[\"https:\/\/www.naturparkmagazin.de\/dahme-heideseen\/foto-wettbewerb-fuer-das-jahrebuch-2022-gewinner-bilder-gekuert\/\"]}]},{\"@type\":\"BreadcrumbList\",\"@id\":\"https:\/\/www.naturparkmagazin.de\/dahme-heideseen\/foto-wettbewerb-fuer-das-jahrebuch-2022-gewinner-bilder-gekuert\/#breadcrumb\",\"itemListElement\":[{\"@type\":\"ListItem\",\"position\":1,\"name\":\"Home\",\"item\":\"https:\/\/www.naturparkmagazin.de\/dahme-heideseen\/\"},{\"@type\":\"ListItem\",\"position\":2,\"name\":\"Foto-Wettbewerb f\u00fcr das JahreBuch 2022: Gewinner-Bilder gek\u00fcrt\"}]},{\"@type\":\"WebSite\",\"@id\":\"https:\/\/www.naturparkmagazin.de\/dahme-heideseen\/#website\",\"url\":\"https:\/\/www.naturparkmagazin.de\/dahme-heideseen\/\",\"name\":\"Naturpark Dahme-Heideseen\",\"description\":\"\",\"potentialAction\":[{\"@type\":\"SearchAction\",\"target\":{\"@type\":\"EntryPoint\",\"urlTemplate\":\"https:\/\/www.naturparkmagazin.de\/dahme-heideseen\/?s={search_term_string}\"},\"query-input\":\"required name=search_term_string\"}],\"inLanguage\":\"de\"},{\"@type\":\"Person\",\"@id\":\"https:\/\/www.naturparkmagazin.de\/dahme-heideseen\/#\/schema\/person\/a0510aafafdf8183c95fc98faf0c9f21\",\"name\":\"Astrid Osenbr\u00fcck\",\"sameAs\":[\"http:\/\/www.dahme-heideseen-naturpark.de\"],\"url\":\"https:\/\/www.naturparkmagazin.de\/dahme-heideseen\/author\/astridosenbrueck\/\"}]}<\/script>\n<!-- \/ Yoast SEO plugin. -->","yoast_head_json":{"title":"Foto-Wettbewerb f\u00fcr das JahreBuch 2022: Gewinner-Bilder gek\u00fcrt - Naturpark Dahme-Heideseen","robots":{"index":"index","follow":"follow","max-snippet":"max-snippet:-1","max-image-preview":"max-image-preview:large","max-video-preview":"max-video-preview:-1"},"canonical":"https:\/\/www.naturparkmagazin.de\/dahme-heideseen\/foto-wettbewerb-fuer-das-jahrebuch-2022-gewinner-bilder-gekuert\/","og_locale":"de_DE","og_type":"article","og_title":"Foto-Wettbewerb f\u00fcr das JahreBuch 2022: Gewinner-Bilder gek\u00fcrt - Naturpark Dahme-Heideseen","og_description":"Mitte Juni war es endlich soweit \u2013 die Fachjury hat sich getroffen und die sch\u00f6nsten Bilder des Foto-Wettbewerbs zum JahreBuch 2022 gek\u00fcrt.","og_url":"https:\/\/www.naturparkmagazin.de\/dahme-heideseen\/foto-wettbewerb-fuer-das-jahrebuch-2022-gewinner-bilder-gekuert\/","og_site_name":"Naturpark Dahme-Heideseen","article_published_time":"2021-06-22T08:25:48+00:00","article_modified_time":"2021-07-22T06:29:42+00:00","og_image":[{"width":735,"height":980,"url":"https:\/\/www.naturparkmagazin.de\/dahme-heideseen\/wp-content\/uploads\/sites\/37\/20210623_Fotowettbewerb2.jpg","type":"image\/jpeg"}],"author":"Astrid Osenbr\u00fcck","twitter_misc":{"Verfasst von":"Astrid Osenbr\u00fcck","Gesch\u00e4tzte Lesezeit":"1\u00a0Minute"},"schema":{"@context":"https:\/\/schema.org","@graph":[{"@type":"WebPage","@id":"https:\/\/www.naturparkmagazin.de\/dahme-heideseen\/foto-wettbewerb-fuer-das-jahrebuch-2022-gewinner-bilder-gekuert\/","url":"https:\/\/www.naturparkmagazin.de\/dahme-heideseen\/foto-wettbewerb-fuer-das-jahrebuch-2022-gewinner-bilder-gekuert\/","name":"Foto-Wettbewerb f\u00fcr das JahreBuch 2022: Gewinner-Bilder gek\u00fcrt - Naturpark Dahme-Heideseen","isPartOf":{"@id":"https:\/\/www.naturparkmagazin.de\/dahme-heideseen\/#website"},"datePublished":"2021-06-22T08:25:48+00:00","dateModified":"2021-07-22T06:29:42+00:00","author":{"@id":"https:\/\/www.naturparkmagazin.de\/dahme-heideseen\/#\/schema\/person\/a0510aafafdf8183c95fc98faf0c9f21"},"breadcrumb":{"@id":"https:\/\/www.naturparkmagazin.de\/dahme-heideseen\/foto-wettbewerb-fuer-das-jahrebuch-2022-gewinner-bilder-gekuert\/#breadcrumb"},"inLanguage":"de","potentialAction":[{"@type":"ReadAction","target":["https:\/\/www.naturparkmagazin.de\/dahme-heideseen\/foto-wettbewerb-fuer-das-jahrebuch-2022-gewinner-bilder-gekuert\/"]}]},{"@type":"BreadcrumbList","@id":"https:\/\/www.naturparkmagazin.de\/dahme-heideseen\/foto-wettbewerb-fuer-das-jahrebuch-2022-gewinner-bilder-gekuert\/#breadcrumb","itemListElement":[{"@type":"ListItem","position":1,"name":"Home","item":"https:\/\/www.naturparkmagazin.de\/dahme-heideseen\/"},{"@type":"ListItem","position":2,"name":"Foto-Wettbewerb f\u00fcr das JahreBuch 2022: Gewinner-Bilder gek\u00fcrt"}]},{"@type":"WebSite","@id":"https:\/\/www.naturparkmagazin.de\/dahme-heideseen\/#website","url":"https:\/\/www.naturparkmagazin.de\/dahme-heideseen\/","name":"Naturpark Dahme-Heideseen","description":"","potentialAction":[{"@type":"SearchAction","target":{"@type":"EntryPoint","urlTemplate":"https:\/\/www.naturparkmagazin.de\/dahme-heideseen\/?s={search_term_string}"},"query-input":"required name=search_term_string"}],"inLanguage":"de"},{"@type":"Person","@id":"https:\/\/www.naturparkmagazin.de\/dahme-heideseen\/#\/schema\/person\/a0510aafafdf8183c95fc98faf0c9f21","name":"Astrid Osenbr\u00fcck","sameAs":["http:\/\/www.dahme-heideseen-naturpark.de"],"url":"https:\/\/www.naturparkmagazin.de\/dahme-heideseen\/author\/astridosenbrueck\/"}]}},"_links":{"self":[{"href":"https:\/\/www.naturparkmagazin.de\/dahme-heideseen\/wp-json\/wp\/v2\/posts\/3755"}],"collection":[{"href":"https:\/\/www.naturparkmagazin.de\/dahme-heideseen\/wp-json\/wp\/v2\/posts"}],"about":[{"href":"https:\/\/www.naturparkmagazin.de\/dahme-heideseen\/wp-json\/wp\/v2\/types\/post"}],"author":[{"embeddable":true,"href":"https:\/\/www.naturparkmagazin.de\/dahme-heideseen\/wp-json\/wp\/v2\/users\/83"}],"replies":[{"embeddable":true,"href":"https:\/\/www.naturparkmagazin.de\/dahme-heideseen\/wp-json\/wp\/v2\/comments?post=3755"}],"version-history":[{"count":1,"href":"https:\/\/www.naturparkmagazin.de\/dahme-heideseen\/wp-json\/wp\/v2\/posts\/3755\/revisions"}],"predecessor-version":[{"id":3760,"href":"https:\/\/www.naturparkmagazin.de\/dahme-heideseen\/wp-json\/wp\/v2\/posts\/3755\/revisions\/3760"}],"wp:featuredmedia":[{"embeddable":true,"href":"https:\/\/www.naturparkmagazin.de\/dahme-heideseen\/wp-json\/wp\/v2\/media\/3757"}],"wp:attachment":[{"href":"https:\/\/www.naturparkmagazin.de\/dahme-heideseen\/wp-json\/wp\/v2\/media?parent=3755"}],"wp:term":[{"taxonomy":"category","embeddable":true,"href":"https:\/\/www.naturparkmagazin.de\/dahme-heideseen\/wp-json\/wp\/v2\/categories?post=3755"},{"taxonomy":"post_tag","embeddable":true,"href":"https:\/\/www.naturparkmagazin.de\/dahme-heideseen\/wp-json\/wp\/v2\/tags?post=3755"}],"curies":[{"name":"wp","href":"https:\/\/api.w.org\/{rel}","templated":true}]}}