{"id":3761,"date":"2021-06-18T10:29:07","date_gmt":"2021-06-18T08:29:07","guid":{"rendered":"https:\/\/www.naturparkmagazin.de\/dahme-heideseen\/?p=3761"},"modified":"2021-07-22T08:28:01","modified_gmt":"2021-07-22T06:28:01","slug":"thematische-info-veranstaltung-umsetzung-von-gewaesserschutzmassnahmen-im-naturpark-dahme-heideseen","status":"publish","type":"post","link":"https:\/\/www.naturparkmagazin.de\/dahme-heideseen\/thematische-info-veranstaltung-umsetzung-von-gewaesserschutzmassnahmen-im-naturpark-dahme-heideseen\/","title":{"rendered":"Thematische Info-Veranstaltung \u201eUmsetzung von Gew\u00e4sserschutzma\u00dfnahmen im Naturpark Dahme-Heideseen&#8220;"},"content":{"rendered":"<p>Zum Abschluss der FFH (Fauna-Flora-Habitat)-Managementplanung im Naturpark Dahme-Heideseen wurden zwei \u00f6ffentliche Exkursionen in die FFH-Gebiete \u201eStreganzsee-Dahme und B\u00fcrgerheide\u201c und \u201eHeideseen bei Gro\u00df K\u00f6ris\u201c durchgef\u00fchrt. Unter den jeweils knapp 20 Teilnehmenden waren interessierte B\u00fcrger, Landnutzer und Fl\u00e4cheneigent\u00fcmer.<\/p>\n<p>Die beiden FFH-Gebiete zeigen auf engem Raum einige f\u00fcr den Naturpark Dahme-Heideseen typische Lebensr\u00e4ume auf. W\u00e4hrend bei der Exkursion \u201eTiere-Pflanzen-Lebensr\u00e4ume entlang der Dahme\u201c am 2.6.2021 der Flusslauf der Dahme mit angrenzenden Feuchtwiesen, Hochstaudenfluren und Erlenw\u00e4ldern sowie D\u00fcnen, Flechten-Kiefernw\u00e4lder und vermoorte Senken vorgestellt wurden, lag der Schwerpunkt der Exkursion \u201eTiere-Pflanzen-Lebensr\u00e4ume um die Heideseen\u201c am 9.6.2021 auf der hydrologischen und \u00f6kologischen Vielfalt unserer Seen und angrenzender Verlandungsmoore und als Besonderheit im Gebiet wurden kalkreiche Sandrasen vorgestellt, die im Rahmen eines EU-gef\u00f6rderten Naturschutzprojektes (LIFE Sandrasen) entwickelt wurden.<\/p>\n<p>Alle Informationen zur Abschluss-Veranstaltung der FFH Managementplanung im Naturpark Dahme-Heideseen finden Sie <a href=\"https:\/\/www.dahme-heideseen-naturpark.de\/themen\/naturpark-dahme-heideseen\/thematische-info-veranstaltung-umsetzung-von-gewaesserschutzmassnahmen-im-naturpark-dahme-heideseen\/\" target=\"_blank\">hier<\/a>.<\/p>\n","protected":false},"excerpt":{"rendered":"<p>Zum Abschluss der FFH (Fauna-Flora-Habitat)-Managementplanung im Naturpark Dahme-Heideseen wurden zwei \u00f6ffentliche Exkursionen in die FFH-Gebiete \u201eStreganzsee-Dahme und B\u00fcrgerheide\u201c und \u201eHeideseen bei Gro\u00df K\u00f6ris\u201c durchgef\u00fchrt. Unter den jeweils knapp 20 Teilnehmenden waren interessierte B\u00fcrger, Landnutzer und Fl\u00e4cheneigent\u00fcmer.<\/p>\n","protected":false},"author":83,"featured_media":3762,"comment_status":"open","ping_status":"open","sticky":false,"template":"","format":"standard","meta":[],"categories":[7],"tags":[],"yoast_head":"<!-- This site is optimized with the Yoast SEO plugin v19.10 - https:\/\/yoast.com\/wordpress\/plugins\/seo\/ -->\n<title>Thematische Info-Veranstaltung \u201eUmsetzung von Gew\u00e4sserschutzma\u00dfnahmen im Naturpark Dahme-Heideseen&quot; - Naturpark Dahme-Heideseen<\/title>\n<meta name=\"robots\" content=\"index, follow, max-snippet:-1, max-image-preview:large, max-video-preview:-1\" \/>\n<link rel=\"canonical\" href=\"https:\/\/www.naturparkmagazin.de\/dahme-heideseen\/thematische-info-veranstaltung-umsetzung-von-gewaesserschutzmassnahmen-im-naturpark-dahme-heideseen\/\" \/>\n<meta property=\"og:locale\" content=\"de_DE\" \/>\n<meta property=\"og:type\" content=\"article\" \/>\n<meta property=\"og:title\" content=\"Thematische Info-Veranstaltung \u201eUmsetzung von Gew\u00e4sserschutzma\u00dfnahmen im Naturpark Dahme-Heideseen&quot; - Naturpark Dahme-Heideseen\" \/>\n<meta property=\"og:description\" content=\"Zum Abschluss der FFH (Fauna-Flora-Habitat)-Managementplanung im Naturpark Dahme-Heideseen wurden zwei \u00f6ffentliche Exkursionen in die FFH-Gebiete \u201eStreganzsee-Dahme und B\u00fcrgerheide\u201c und \u201eHeideseen bei Gro\u00df K\u00f6ris\u201c durchgef\u00fchrt. Unter den jeweils knapp 20 Teilnehmenden waren interessierte B\u00fcrger, Landnutzer und Fl\u00e4cheneigent\u00fcmer.\" \/>\n<meta property=\"og:url\" content=\"https:\/\/www.naturparkmagazin.de\/dahme-heideseen\/thematische-info-veranstaltung-umsetzung-von-gewaesserschutzmassnahmen-im-naturpark-dahme-heideseen\/\" \/>\n<meta property=\"og:site_name\" content=\"Naturpark Dahme-Heideseen\" \/>\n<meta property=\"article:published_time\" content=\"2021-06-18T08:29:07+00:00\" \/>\n<meta property=\"article:modified_time\" content=\"2021-07-22T06:28:01+00:00\" \/>\n<meta property=\"og:image\" content=\"https:\/\/www.naturparkmagazin.de\/dahme-heideseen\/wp-content\/uploads\/sites\/37\/Abschluss-Veranstaltung-FFH-Mgmt-202106.jpg\" \/>\n\t<meta property=\"og:image:width\" content=\"1162\" \/>\n\t<meta property=\"og:image:height\" content=\"778\" \/>\n\t<meta property=\"og:image:type\" content=\"image\/jpeg\" \/>\n<meta name=\"author\" content=\"Astrid Osenbr\u00fcck\" \/>\n<meta name=\"twitter:label1\" content=\"Verfasst von\" \/>\n\t<meta name=\"twitter:data1\" content=\"Astrid Osenbr\u00fcck\" \/>\n\t<meta name=\"twitter:label2\" content=\"Gesch\u00e4tzte Lesezeit\" \/>\n\t<meta name=\"twitter:data2\" content=\"1\u00a0Minute\" \/>\n<script type=\"application\/ld+json\" class=\"yoast-schema-graph\">{\"@context\":\"https:\/\/schema.org\",\"@graph\":[{\"@type\":\"WebPage\",\"@id\":\"https:\/\/www.naturparkmagazin.de\/dahme-heideseen\/thematische-info-veranstaltung-umsetzung-von-gewaesserschutzmassnahmen-im-naturpark-dahme-heideseen\/\",\"url\":\"https:\/\/www.naturparkmagazin.de\/dahme-heideseen\/thematische-info-veranstaltung-umsetzung-von-gewaesserschutzmassnahmen-im-naturpark-dahme-heideseen\/\",\"name\":\"Thematische Info-Veranstaltung \u201eUmsetzung von Gew\u00e4sserschutzma\u00dfnahmen im Naturpark Dahme-Heideseen\\\" - Naturpark Dahme-Heideseen\",\"isPartOf\":{\"@id\":\"https:\/\/www.naturparkmagazin.de\/dahme-heideseen\/#website\"},\"datePublished\":\"2021-06-18T08:29:07+00:00\",\"dateModified\":\"2021-07-22T06:28:01+00:00\",\"author\":{\"@id\":\"https:\/\/www.naturparkmagazin.de\/dahme-heideseen\/#\/schema\/person\/a0510aafafdf8183c95fc98faf0c9f21\"},\"breadcrumb\":{\"@id\":\"https:\/\/www.naturparkmagazin.de\/dahme-heideseen\/thematische-info-veranstaltung-umsetzung-von-gewaesserschutzmassnahmen-im-naturpark-dahme-heideseen\/#breadcrumb\"},\"inLanguage\":\"de\",\"potentialAction\":[{\"@type\":\"ReadAction\",\"target\":[\"https:\/\/www.naturparkmagazin.de\/dahme-heideseen\/thematische-info-veranstaltung-umsetzung-von-gewaesserschutzmassnahmen-im-naturpark-dahme-heideseen\/\"]}]},{\"@type\":\"BreadcrumbList\",\"@id\":\"https:\/\/www.naturparkmagazin.de\/dahme-heideseen\/thematische-info-veranstaltung-umsetzung-von-gewaesserschutzmassnahmen-im-naturpark-dahme-heideseen\/#breadcrumb\",\"itemListElement\":[{\"@type\":\"ListItem\",\"position\":1,\"name\":\"Home\",\"item\":\"https:\/\/www.naturparkmagazin.de\/dahme-heideseen\/\"},{\"@type\":\"ListItem\",\"position\":2,\"name\":\"Thematische Info-Veranstaltung \u201eUmsetzung von Gew\u00e4sserschutzma\u00dfnahmen im Naturpark Dahme-Heideseen&#8220;\"}]},{\"@type\":\"WebSite\",\"@id\":\"https:\/\/www.naturparkmagazin.de\/dahme-heideseen\/#website\",\"url\":\"https:\/\/www.naturparkmagazin.de\/dahme-heideseen\/\",\"name\":\"Naturpark Dahme-Heideseen\",\"description\":\"\",\"potentialAction\":[{\"@type\":\"SearchAction\",\"target\":{\"@type\":\"EntryPoint\",\"urlTemplate\":\"https:\/\/www.naturparkmagazin.de\/dahme-heideseen\/?s={search_term_string}\"},\"query-input\":\"required name=search_term_string\"}],\"inLanguage\":\"de\"},{\"@type\":\"Person\",\"@id\":\"https:\/\/www.naturparkmagazin.de\/dahme-heideseen\/#\/schema\/person\/a0510aafafdf8183c95fc98faf0c9f21\",\"name\":\"Astrid Osenbr\u00fcck\",\"sameAs\":[\"http:\/\/www.dahme-heideseen-naturpark.de\"],\"url\":\"https:\/\/www.naturparkmagazin.de\/dahme-heideseen\/author\/astridosenbrueck\/\"}]}<\/script>\n<!-- \/ Yoast SEO plugin. -->","yoast_head_json":{"title":"Thematische Info-Veranstaltung \u201eUmsetzung von Gew\u00e4sserschutzma\u00dfnahmen im Naturpark Dahme-Heideseen\" - Naturpark Dahme-Heideseen","robots":{"index":"index","follow":"follow","max-snippet":"max-snippet:-1","max-image-preview":"max-image-preview:large","max-video-preview":"max-video-preview:-1"},"canonical":"https:\/\/www.naturparkmagazin.de\/dahme-heideseen\/thematische-info-veranstaltung-umsetzung-von-gewaesserschutzmassnahmen-im-naturpark-dahme-heideseen\/","og_locale":"de_DE","og_type":"article","og_title":"Thematische Info-Veranstaltung \u201eUmsetzung von Gew\u00e4sserschutzma\u00dfnahmen im Naturpark Dahme-Heideseen\" - Naturpark Dahme-Heideseen","og_description":"Zum Abschluss der FFH (Fauna-Flora-Habitat)-Managementplanung im Naturpark Dahme-Heideseen wurden zwei \u00f6ffentliche Exkursionen in die FFH-Gebiete \u201eStreganzsee-Dahme und B\u00fcrgerheide\u201c und \u201eHeideseen bei Gro\u00df K\u00f6ris\u201c durchgef\u00fchrt. Unter den jeweils knapp 20 Teilnehmenden waren interessierte B\u00fcrger, Landnutzer und Fl\u00e4cheneigent\u00fcmer.","og_url":"https:\/\/www.naturparkmagazin.de\/dahme-heideseen\/thematische-info-veranstaltung-umsetzung-von-gewaesserschutzmassnahmen-im-naturpark-dahme-heideseen\/","og_site_name":"Naturpark Dahme-Heideseen","article_published_time":"2021-06-18T08:29:07+00:00","article_modified_time":"2021-07-22T06:28:01+00:00","og_image":[{"width":1162,"height":778,"url":"https:\/\/www.naturparkmagazin.de\/dahme-heideseen\/wp-content\/uploads\/sites\/37\/Abschluss-Veranstaltung-FFH-Mgmt-202106.jpg","type":"image\/jpeg"}],"author":"Astrid Osenbr\u00fcck","twitter_misc":{"Verfasst von":"Astrid Osenbr\u00fcck","Gesch\u00e4tzte Lesezeit":"1\u00a0Minute"},"schema":{"@context":"https:\/\/schema.org","@graph":[{"@type":"WebPage","@id":"https:\/\/www.naturparkmagazin.de\/dahme-heideseen\/thematische-info-veranstaltung-umsetzung-von-gewaesserschutzmassnahmen-im-naturpark-dahme-heideseen\/","url":"https:\/\/www.naturparkmagazin.de\/dahme-heideseen\/thematische-info-veranstaltung-umsetzung-von-gewaesserschutzmassnahmen-im-naturpark-dahme-heideseen\/","name":"Thematische Info-Veranstaltung \u201eUmsetzung von Gew\u00e4sserschutzma\u00dfnahmen im Naturpark Dahme-Heideseen\" - Naturpark Dahme-Heideseen","isPartOf":{"@id":"https:\/\/www.naturparkmagazin.de\/dahme-heideseen\/#website"},"datePublished":"2021-06-18T08:29:07+00:00","dateModified":"2021-07-22T06:28:01+00:00","author":{"@id":"https:\/\/www.naturparkmagazin.de\/dahme-heideseen\/#\/schema\/person\/a0510aafafdf8183c95fc98faf0c9f21"},"breadcrumb":{"@id":"https:\/\/www.naturparkmagazin.de\/dahme-heideseen\/thematische-info-veranstaltung-umsetzung-von-gewaesserschutzmassnahmen-im-naturpark-dahme-heideseen\/#breadcrumb"},"inLanguage":"de","potentialAction":[{"@type":"ReadAction","target":["https:\/\/www.naturparkmagazin.de\/dahme-heideseen\/thematische-info-veranstaltung-umsetzung-von-gewaesserschutzmassnahmen-im-naturpark-dahme-heideseen\/"]}]},{"@type":"BreadcrumbList","@id":"https:\/\/www.naturparkmagazin.de\/dahme-heideseen\/thematische-info-veranstaltung-umsetzung-von-gewaesserschutzmassnahmen-im-naturpark-dahme-heideseen\/#breadcrumb","itemListElement":[{"@type":"ListItem","position":1,"name":"Home","item":"https:\/\/www.naturparkmagazin.de\/dahme-heideseen\/"},{"@type":"ListItem","position":2,"name":"Thematische Info-Veranstaltung \u201eUmsetzung von Gew\u00e4sserschutzma\u00dfnahmen im Naturpark Dahme-Heideseen&#8220;"}]},{"@type":"WebSite","@id":"https:\/\/www.naturparkmagazin.de\/dahme-heideseen\/#website","url":"https:\/\/www.naturparkmagazin.de\/dahme-heideseen\/","name":"Naturpark Dahme-Heideseen","description":"","potentialAction":[{"@type":"SearchAction","target":{"@type":"EntryPoint","urlTemplate":"https:\/\/www.naturparkmagazin.de\/dahme-heideseen\/?s={search_term_string}"},"query-input":"required name=search_term_string"}],"inLanguage":"de"},{"@type":"Person","@id":"https:\/\/www.naturparkmagazin.de\/dahme-heideseen\/#\/schema\/person\/a0510aafafdf8183c95fc98faf0c9f21","name":"Astrid Osenbr\u00fcck","sameAs":["http:\/\/www.dahme-heideseen-naturpark.de"],"url":"https:\/\/www.naturparkmagazin.de\/dahme-heideseen\/author\/astridosenbrueck\/"}]}},"_links":{"self":[{"href":"https:\/\/www.naturparkmagazin.de\/dahme-heideseen\/wp-json\/wp\/v2\/posts\/3761"}],"collection":[{"href":"https:\/\/www.naturparkmagazin.de\/dahme-heideseen\/wp-json\/wp\/v2\/posts"}],"about":[{"href":"https:\/\/www.naturparkmagazin.de\/dahme-heideseen\/wp-json\/wp\/v2\/types\/post"}],"author":[{"embeddable":true,"href":"https:\/\/www.naturparkmagazin.de\/dahme-heideseen\/wp-json\/wp\/v2\/users\/83"}],"replies":[{"embeddable":true,"href":"https:\/\/www.naturparkmagazin.de\/dahme-heideseen\/wp-json\/wp\/v2\/comments?post=3761"}],"version-history":[{"count":1,"href":"https:\/\/www.naturparkmagazin.de\/dahme-heideseen\/wp-json\/wp\/v2\/posts\/3761\/revisions"}],"predecessor-version":[{"id":3763,"href":"https:\/\/www.naturparkmagazin.de\/dahme-heideseen\/wp-json\/wp\/v2\/posts\/3761\/revisions\/3763"}],"wp:featuredmedia":[{"embeddable":true,"href":"https:\/\/www.naturparkmagazin.de\/dahme-heideseen\/wp-json\/wp\/v2\/media\/3762"}],"wp:attachment":[{"href":"https:\/\/www.naturparkmagazin.de\/dahme-heideseen\/wp-json\/wp\/v2\/media?parent=3761"}],"wp:term":[{"taxonomy":"category","embeddable":true,"href":"https:\/\/www.naturparkmagazin.de\/dahme-heideseen\/wp-json\/wp\/v2\/categories?post=3761"},{"taxonomy":"post_tag","embeddable":true,"href":"https:\/\/www.naturparkmagazin.de\/dahme-heideseen\/wp-json\/wp\/v2\/tags?post=3761"}],"curies":[{"name":"wp","href":"https:\/\/api.w.org\/{rel}","templated":true}]}}