{"id":3764,"date":"2021-06-20T10:53:14","date_gmt":"2021-06-20T08:53:14","guid":{"rendered":"https:\/\/www.naturparkmagazin.de\/dahme-heideseen\/?p=3764"},"modified":"2021-07-22T08:26:57","modified_gmt":"2021-07-22T06:26:57","slug":"der-hirschkaefer-von-ulrich-k-t-schulz-100-jahre-naturfilm-im-naturpark-dahme-heideseen","status":"publish","type":"post","link":"https:\/\/www.naturparkmagazin.de\/dahme-heideseen\/der-hirschkaefer-von-ulrich-k-t-schulz-100-jahre-naturfilm-im-naturpark-dahme-heideseen\/","title":{"rendered":"\u201eDer Hirschk\u00e4fer\u201c von Ulrich K.T. Schulz &#8211; 100 Jahre Naturfilm im Naturpark Dahme-Heideseen"},"content":{"rendered":"<p>\u201eDer Hirschk\u00e4fer\u201c von Ulrich K.T. Schulz &#8211; 100 Jahre Naturfilm im Naturpark Dahme-Heideseen<\/p>\n<p>Im Juni 2021 veranstaltete die Naturpark-Verwaltung und die Naturwacht des Naturparks Dahme-Heideseen eine Film-Vorf\u00fchrung auf dem Gel\u00e4nde des KiEZ H\u00f6lzerner See und anschlie\u00dfend eine Exkursion durch die Dubrow, um sich auf die Spuren der Hirschk\u00e4fer zu begeben. Aufgrund der Corona Pandemie konnte die Veranstaltung nur in kleinem Kreis mit langj\u00e4hrigen Naturpark-Partner*innen stattfinden. Die Veranstaltung soll im kommenden Jahr wiederholt und im gr\u00f6\u00dferen Rahmen f\u00fcr interessierte Naturpark-Freunde angeboten werden.<\/p>\n<div id=\"attachment_3766\" style=\"width: 310px\" class=\"wp-caption alignnone\"><a href=\"https:\/\/www.naturparkmagazin.de\/dahme-heideseen\/wp-content\/uploads\/sites\/37\/20210612_Hirschk\u00e4fer2.jpg\"><img aria-describedby=\"caption-attachment-3766\" decoding=\"async\" loading=\"lazy\" class=\"size-thumbnail wp-image-3766\" src=\"https:\/\/www.naturparkmagazin.de\/dahme-heideseen\/wp-content\/uploads\/sites\/37\/20210612_Hirschk\u00e4fer2-300x400.jpg\" alt=\"Naturpark-Entdecker*innen auf den Spuren der Hirschk\u00e4fer (\u00a9 Teresa Zeuner)\" width=\"300\" height=\"400\" srcset=\"https:\/\/www.naturparkmagazin.de\/dahme-heideseen\/wp-content\/uploads\/sites\/37\/20210612_Hirschk\u00e4fer2-300x400.jpg 300w, https:\/\/www.naturparkmagazin.de\/dahme-heideseen\/wp-content\/uploads\/sites\/37\/20210612_Hirschk\u00e4fer2-620x827.jpg 620w, https:\/\/www.naturparkmagazin.de\/dahme-heideseen\/wp-content\/uploads\/sites\/37\/20210612_Hirschk\u00e4fer2-500x667.jpg 500w, https:\/\/www.naturparkmagazin.de\/dahme-heideseen\/wp-content\/uploads\/sites\/37\/20210612_Hirschk\u00e4fer2-420x560.jpg 420w, https:\/\/www.naturparkmagazin.de\/dahme-heideseen\/wp-content\/uploads\/sites\/37\/20210612_Hirschk\u00e4fer2-135x180.jpg 135w, https:\/\/www.naturparkmagazin.de\/dahme-heideseen\/wp-content\/uploads\/sites\/37\/20210612_Hirschk\u00e4fer2-53x71.jpg 53w, https:\/\/www.naturparkmagazin.de\/dahme-heideseen\/wp-content\/uploads\/sites\/37\/20210612_Hirschk\u00e4fer2-670x893.jpg 670w, https:\/\/www.naturparkmagazin.de\/dahme-heideseen\/wp-content\/uploads\/sites\/37\/20210612_Hirschk\u00e4fer2-200x267.jpg 200w, https:\/\/www.naturparkmagazin.de\/dahme-heideseen\/wp-content\/uploads\/sites\/37\/20210612_Hirschk\u00e4fer2.jpg 735w\" sizes=\"(max-width: 300px) 100vw, 300px\" \/><\/a><p id=\"caption-attachment-3766\" class=\"wp-caption-text\">Naturpark-Entdecker*innen auf den Spuren der Hirschk\u00e4fer (\u00a9 Teresa Zeuner)<\/p><\/div>\n<div id=\"attachment_3767\" style=\"width: 310px\" class=\"wp-caption alignnone\"><a href=\"https:\/\/www.naturparkmagazin.de\/dahme-heideseen\/wp-content\/uploads\/sites\/37\/20210612_Hirschk\u00e4fer3.jpg\"><img aria-describedby=\"caption-attachment-3767\" decoding=\"async\" loading=\"lazy\" class=\"size-thumbnail wp-image-3767\" src=\"https:\/\/www.naturparkmagazin.de\/dahme-heideseen\/wp-content\/uploads\/sites\/37\/20210612_Hirschk\u00e4fer3-300x225.jpg\" alt=\"Naturpark-Entdecker*innen auf der Spur des Hirschk\u00e4fers (\u00a9 Teresa Zeuner)\" width=\"300\" height=\"225\" srcset=\"https:\/\/www.naturparkmagazin.de\/dahme-heideseen\/wp-content\/uploads\/sites\/37\/20210612_Hirschk\u00e4fer3-300x225.jpg 300w, https:\/\/www.naturparkmagazin.de\/dahme-heideseen\/wp-content\/uploads\/sites\/37\/20210612_Hirschk\u00e4fer3-620x465.jpg 620w, https:\/\/www.naturparkmagazin.de\/dahme-heideseen\/wp-content\/uploads\/sites\/37\/20210612_Hirschk\u00e4fer3-940x705.jpg 940w, https:\/\/www.naturparkmagazin.de\/dahme-heideseen\/wp-content\/uploads\/sites\/37\/20210612_Hirschk\u00e4fer3-580x435.jpg 580w, https:\/\/www.naturparkmagazin.de\/dahme-heideseen\/wp-content\/uploads\/sites\/37\/20210612_Hirschk\u00e4fer3-420x315.jpg 420w, https:\/\/www.naturparkmagazin.de\/dahme-heideseen\/wp-content\/uploads\/sites\/37\/20210612_Hirschk\u00e4fer3-180x135.jpg 180w, https:\/\/www.naturparkmagazin.de\/dahme-heideseen\/wp-content\/uploads\/sites\/37\/20210612_Hirschk\u00e4fer3-95x71.jpg 95w, https:\/\/www.naturparkmagazin.de\/dahme-heideseen\/wp-content\/uploads\/sites\/37\/20210612_Hirschk\u00e4fer3-670x503.jpg 670w, https:\/\/www.naturparkmagazin.de\/dahme-heideseen\/wp-content\/uploads\/sites\/37\/20210612_Hirschk\u00e4fer3-200x150.jpg 200w, https:\/\/www.naturparkmagazin.de\/dahme-heideseen\/wp-content\/uploads\/sites\/37\/20210612_Hirschk\u00e4fer3.jpg 980w\" sizes=\"(max-width: 300px) 100vw, 300px\" \/><\/a><p id=\"caption-attachment-3767\" class=\"wp-caption-text\">Naturpark-Entdecker*innen auf der Spur des Hirschk\u00e4fers (\u00a9 Teresa Zeuner)<\/p><\/div>\n<p>Anlass f\u00fcr diese Veranstaltung war das 100j\u00e4hrige Jubil\u00e4um eines Naturfilmes \u00fcber den Hirschk\u00e4fer. Der Film wurde in der Dubrow, im Naturpark Dahme-Heideseen, gedreht.<\/p>\n<p>Hirschk\u00e4fer geh\u00f6ren zu den gr\u00f6\u00dften, auff\u00e4lligsten und wahrscheinlich beliebtesten K\u00e4fern in Deutschland. Besonders die m\u00e4nnlichen Tiere beeindrucken durch ihren geweihartig vergr\u00f6\u00dferten Oberkiefer.<\/p>\n<div id=\"attachment_3765\" style=\"width: 310px\" class=\"wp-caption alignnone\"><a href=\"https:\/\/www.naturparkmagazin.de\/dahme-heideseen\/wp-content\/uploads\/sites\/37\/20210612_Hirschk\u00e4fer1.jpg\"><img aria-describedby=\"caption-attachment-3765\" decoding=\"async\" loading=\"lazy\" class=\"size-thumbnail wp-image-3765\" src=\"https:\/\/www.naturparkmagazin.de\/dahme-heideseen\/wp-content\/uploads\/sites\/37\/20210612_Hirschk\u00e4fer1-300x400.jpg\" alt=\"Hirschk\u00e4fer-Fund im Natupark Dahme-Heideseen (\u00a9 Teresa Zeuner)\" width=\"300\" height=\"400\" srcset=\"https:\/\/www.naturparkmagazin.de\/dahme-heideseen\/wp-content\/uploads\/sites\/37\/20210612_Hirschk\u00e4fer1-300x400.jpg 300w, https:\/\/www.naturparkmagazin.de\/dahme-heideseen\/wp-content\/uploads\/sites\/37\/20210612_Hirschk\u00e4fer1-620x827.jpg 620w, https:\/\/www.naturparkmagazin.de\/dahme-heideseen\/wp-content\/uploads\/sites\/37\/20210612_Hirschk\u00e4fer1-500x667.jpg 500w, https:\/\/www.naturparkmagazin.de\/dahme-heideseen\/wp-content\/uploads\/sites\/37\/20210612_Hirschk\u00e4fer1-420x560.jpg 420w, https:\/\/www.naturparkmagazin.de\/dahme-heideseen\/wp-content\/uploads\/sites\/37\/20210612_Hirschk\u00e4fer1-135x180.jpg 135w, https:\/\/www.naturparkmagazin.de\/dahme-heideseen\/wp-content\/uploads\/sites\/37\/20210612_Hirschk\u00e4fer1-53x71.jpg 53w, https:\/\/www.naturparkmagazin.de\/dahme-heideseen\/wp-content\/uploads\/sites\/37\/20210612_Hirschk\u00e4fer1-670x893.jpg 670w, https:\/\/www.naturparkmagazin.de\/dahme-heideseen\/wp-content\/uploads\/sites\/37\/20210612_Hirschk\u00e4fer1-200x267.jpg 200w, https:\/\/www.naturparkmagazin.de\/dahme-heideseen\/wp-content\/uploads\/sites\/37\/20210612_Hirschk\u00e4fer1.jpg 735w\" sizes=\"(max-width: 300px) 100vw, 300px\" \/><\/a><p id=\"caption-attachment-3765\" class=\"wp-caption-text\">Hirschk\u00e4fer-Fund im Natupark Dahme-Heideseen (\u00a9 Teresa Zeuner)<\/p><\/div>\n<p>Kein Wunder, dass Ulrich K. T. Schulz bereits vor 100 Jahren einen Film \u00fcber die imposanten Tiere drehte und somit 1921 den ersten Kulturfilm ins deutsche Kino brachte. Ulrich Karl Traugott Schulz (*1897 in Berlin, 1983 in Potsdam), hatte zuvor an der Humboldt-Universit\u00e4t Berlin Zoologie studiert und promoviert. 1920 kam er zur Kulturabteilung der UFA (ehemaliges Filmunternehmen) und leitete dort bis zur Aufl\u00f6sung des Konzerns 1945 die Abteilung Biologie. Schulz selbst drehte mehr als 400 Filme zu Tieren und Pflanzen und entwickelte und nutzte innovative Techniken. Sein erster Film \u201eDer Hirschk\u00e4fer\u201c entstand dabei in einer Waschk\u00fcche einer 3-Zimmer-Wohnung in Berlin. Drehort war zuvor die Dubrow, ein gro\u00dfes Waldgebiet im Herzen des Naturparks. Hier kommen noch heute Hirschk\u00e4fer vor \u2013 auch wenn im historischen Film deutlich h\u00f6here Dichten gezeigt werden als man heutzutage vorfindet.<\/p>\n<p>Der Hirschk\u00e4fer wird in der Roten Liste Deutschlands als stark gef\u00e4hrdet (Kategorie 2) gef\u00fchrt. Hauptgrund f\u00fcr den starken R\u00fcckgang ist der Verlust geeigneter Lebensr\u00e4ume. Durch die Nutzungsaufgabe von lichtbringender Waldbewirtschaftungsformen wie z.B. Hutew\u00e4lder, dunkelten viele W\u00e4lder aus \u2013 hier f\u00fchlen sich die Tiere nicht mehr wohl. Hirschk\u00e4fer lieben stattdessen u.a. warme, lichte W\u00e4lder.<\/p>\n","protected":false},"excerpt":{"rendered":"<p>Der Naturfilm \u201eDer Hirschk\u00e4fer\u201c von Ulrich K.T. Schulz feierte sein 100 j\u00e4hriges Jubil\u00e4um im Naturpark Dahme-Heideseen. Anschlie\u00dfend wurde eine kleine Exkursion in die Dubrow, wo der Film entstanden ist, angeboten.<\/p>\n","protected":false},"author":83,"featured_media":3765,"comment_status":"open","ping_status":"open","sticky":false,"template":"","format":"standard","meta":[],"categories":[7],"tags":[],"yoast_head":"<!-- This site is optimized with the Yoast SEO plugin v19.10 - https:\/\/yoast.com\/wordpress\/plugins\/seo\/ -->\n<title>\u201eDer Hirschk\u00e4fer\u201c von Ulrich K.T. Schulz - 100 Jahre Naturfilm im Naturpark Dahme-Heideseen - Naturpark Dahme-Heideseen<\/title>\n<meta name=\"robots\" content=\"index, follow, max-snippet:-1, max-image-preview:large, max-video-preview:-1\" \/>\n<link rel=\"canonical\" href=\"https:\/\/www.naturparkmagazin.de\/dahme-heideseen\/der-hirschkaefer-von-ulrich-k-t-schulz-100-jahre-naturfilm-im-naturpark-dahme-heideseen\/\" \/>\n<meta property=\"og:locale\" content=\"de_DE\" \/>\n<meta property=\"og:type\" content=\"article\" \/>\n<meta property=\"og:title\" content=\"\u201eDer Hirschk\u00e4fer\u201c von Ulrich K.T. Schulz - 100 Jahre Naturfilm im Naturpark Dahme-Heideseen - Naturpark Dahme-Heideseen\" \/>\n<meta property=\"og:description\" content=\"Der Naturfilm \u201eDer Hirschk\u00e4fer\u201c von Ulrich K.T. Schulz feierte sein 100 j\u00e4hriges Jubil\u00e4um im Naturpark Dahme-Heideseen. Anschlie\u00dfend wurde eine kleine Exkursion in die Dubrow, wo der Film entstanden ist, angeboten.\" \/>\n<meta property=\"og:url\" content=\"https:\/\/www.naturparkmagazin.de\/dahme-heideseen\/der-hirschkaefer-von-ulrich-k-t-schulz-100-jahre-naturfilm-im-naturpark-dahme-heideseen\/\" \/>\n<meta property=\"og:site_name\" content=\"Naturpark Dahme-Heideseen\" \/>\n<meta property=\"article:published_time\" content=\"2021-06-20T08:53:14+00:00\" \/>\n<meta property=\"article:modified_time\" content=\"2021-07-22T06:26:57+00:00\" \/>\n<meta property=\"og:image\" content=\"https:\/\/www.naturparkmagazin.de\/dahme-heideseen\/wp-content\/uploads\/sites\/37\/20210612_Hirschk\u00e4fer1.jpg\" \/>\n\t<meta property=\"og:image:width\" content=\"735\" \/>\n\t<meta property=\"og:image:height\" content=\"980\" \/>\n\t<meta property=\"og:image:type\" content=\"image\/jpeg\" \/>\n<meta name=\"author\" content=\"Astrid Osenbr\u00fcck\" \/>\n<meta name=\"twitter:label1\" content=\"Verfasst von\" \/>\n\t<meta name=\"twitter:data1\" content=\"Astrid Osenbr\u00fcck\" \/>\n\t<meta name=\"twitter:label2\" content=\"Gesch\u00e4tzte Lesezeit\" \/>\n\t<meta name=\"twitter:data2\" content=\"2\u00a0Minuten\" \/>\n<script type=\"application\/ld+json\" class=\"yoast-schema-graph\">{\"@context\":\"https:\/\/schema.org\",\"@graph\":[{\"@type\":\"WebPage\",\"@id\":\"https:\/\/www.naturparkmagazin.de\/dahme-heideseen\/der-hirschkaefer-von-ulrich-k-t-schulz-100-jahre-naturfilm-im-naturpark-dahme-heideseen\/\",\"url\":\"https:\/\/www.naturparkmagazin.de\/dahme-heideseen\/der-hirschkaefer-von-ulrich-k-t-schulz-100-jahre-naturfilm-im-naturpark-dahme-heideseen\/\",\"name\":\"\u201eDer Hirschk\u00e4fer\u201c von Ulrich K.T. Schulz - 100 Jahre Naturfilm im Naturpark Dahme-Heideseen - Naturpark Dahme-Heideseen\",\"isPartOf\":{\"@id\":\"https:\/\/www.naturparkmagazin.de\/dahme-heideseen\/#website\"},\"datePublished\":\"2021-06-20T08:53:14+00:00\",\"dateModified\":\"2021-07-22T06:26:57+00:00\",\"author\":{\"@id\":\"https:\/\/www.naturparkmagazin.de\/dahme-heideseen\/#\/schema\/person\/a0510aafafdf8183c95fc98faf0c9f21\"},\"breadcrumb\":{\"@id\":\"https:\/\/www.naturparkmagazin.de\/dahme-heideseen\/der-hirschkaefer-von-ulrich-k-t-schulz-100-jahre-naturfilm-im-naturpark-dahme-heideseen\/#breadcrumb\"},\"inLanguage\":\"de\",\"potentialAction\":[{\"@type\":\"ReadAction\",\"target\":[\"https:\/\/www.naturparkmagazin.de\/dahme-heideseen\/der-hirschkaefer-von-ulrich-k-t-schulz-100-jahre-naturfilm-im-naturpark-dahme-heideseen\/\"]}]},{\"@type\":\"BreadcrumbList\",\"@id\":\"https:\/\/www.naturparkmagazin.de\/dahme-heideseen\/der-hirschkaefer-von-ulrich-k-t-schulz-100-jahre-naturfilm-im-naturpark-dahme-heideseen\/#breadcrumb\",\"itemListElement\":[{\"@type\":\"ListItem\",\"position\":1,\"name\":\"Home\",\"item\":\"https:\/\/www.naturparkmagazin.de\/dahme-heideseen\/\"},{\"@type\":\"ListItem\",\"position\":2,\"name\":\"\u201eDer Hirschk\u00e4fer\u201c von Ulrich K.T. Schulz &#8211; 100 Jahre Naturfilm im Naturpark Dahme-Heideseen\"}]},{\"@type\":\"WebSite\",\"@id\":\"https:\/\/www.naturparkmagazin.de\/dahme-heideseen\/#website\",\"url\":\"https:\/\/www.naturparkmagazin.de\/dahme-heideseen\/\",\"name\":\"Naturpark Dahme-Heideseen\",\"description\":\"\",\"potentialAction\":[{\"@type\":\"SearchAction\",\"target\":{\"@type\":\"EntryPoint\",\"urlTemplate\":\"https:\/\/www.naturparkmagazin.de\/dahme-heideseen\/?s={search_term_string}\"},\"query-input\":\"required name=search_term_string\"}],\"inLanguage\":\"de\"},{\"@type\":\"Person\",\"@id\":\"https:\/\/www.naturparkmagazin.de\/dahme-heideseen\/#\/schema\/person\/a0510aafafdf8183c95fc98faf0c9f21\",\"name\":\"Astrid Osenbr\u00fcck\",\"sameAs\":[\"http:\/\/www.dahme-heideseen-naturpark.de\"],\"url\":\"https:\/\/www.naturparkmagazin.de\/dahme-heideseen\/author\/astridosenbrueck\/\"}]}<\/script>\n<!-- \/ Yoast SEO plugin. -->","yoast_head_json":{"title":"\u201eDer Hirschk\u00e4fer\u201c von Ulrich K.T. Schulz - 100 Jahre Naturfilm im Naturpark Dahme-Heideseen - Naturpark Dahme-Heideseen","robots":{"index":"index","follow":"follow","max-snippet":"max-snippet:-1","max-image-preview":"max-image-preview:large","max-video-preview":"max-video-preview:-1"},"canonical":"https:\/\/www.naturparkmagazin.de\/dahme-heideseen\/der-hirschkaefer-von-ulrich-k-t-schulz-100-jahre-naturfilm-im-naturpark-dahme-heideseen\/","og_locale":"de_DE","og_type":"article","og_title":"\u201eDer Hirschk\u00e4fer\u201c von Ulrich K.T. Schulz - 100 Jahre Naturfilm im Naturpark Dahme-Heideseen - Naturpark Dahme-Heideseen","og_description":"Der Naturfilm \u201eDer Hirschk\u00e4fer\u201c von Ulrich K.T. Schulz feierte sein 100 j\u00e4hriges Jubil\u00e4um im Naturpark Dahme-Heideseen. Anschlie\u00dfend wurde eine kleine Exkursion in die Dubrow, wo der Film entstanden ist, angeboten.","og_url":"https:\/\/www.naturparkmagazin.de\/dahme-heideseen\/der-hirschkaefer-von-ulrich-k-t-schulz-100-jahre-naturfilm-im-naturpark-dahme-heideseen\/","og_site_name":"Naturpark Dahme-Heideseen","article_published_time":"2021-06-20T08:53:14+00:00","article_modified_time":"2021-07-22T06:26:57+00:00","og_image":[{"width":735,"height":980,"url":"https:\/\/www.naturparkmagazin.de\/dahme-heideseen\/wp-content\/uploads\/sites\/37\/20210612_Hirschk\u00e4fer1.jpg","type":"image\/jpeg"}],"author":"Astrid Osenbr\u00fcck","twitter_misc":{"Verfasst von":"Astrid Osenbr\u00fcck","Gesch\u00e4tzte Lesezeit":"2\u00a0Minuten"},"schema":{"@context":"https:\/\/schema.org","@graph":[{"@type":"WebPage","@id":"https:\/\/www.naturparkmagazin.de\/dahme-heideseen\/der-hirschkaefer-von-ulrich-k-t-schulz-100-jahre-naturfilm-im-naturpark-dahme-heideseen\/","url":"https:\/\/www.naturparkmagazin.de\/dahme-heideseen\/der-hirschkaefer-von-ulrich-k-t-schulz-100-jahre-naturfilm-im-naturpark-dahme-heideseen\/","name":"\u201eDer Hirschk\u00e4fer\u201c von Ulrich K.T. Schulz - 100 Jahre Naturfilm im Naturpark Dahme-Heideseen - Naturpark Dahme-Heideseen","isPartOf":{"@id":"https:\/\/www.naturparkmagazin.de\/dahme-heideseen\/#website"},"datePublished":"2021-06-20T08:53:14+00:00","dateModified":"2021-07-22T06:26:57+00:00","author":{"@id":"https:\/\/www.naturparkmagazin.de\/dahme-heideseen\/#\/schema\/person\/a0510aafafdf8183c95fc98faf0c9f21"},"breadcrumb":{"@id":"https:\/\/www.naturparkmagazin.de\/dahme-heideseen\/der-hirschkaefer-von-ulrich-k-t-schulz-100-jahre-naturfilm-im-naturpark-dahme-heideseen\/#breadcrumb"},"inLanguage":"de","potentialAction":[{"@type":"ReadAction","target":["https:\/\/www.naturparkmagazin.de\/dahme-heideseen\/der-hirschkaefer-von-ulrich-k-t-schulz-100-jahre-naturfilm-im-naturpark-dahme-heideseen\/"]}]},{"@type":"BreadcrumbList","@id":"https:\/\/www.naturparkmagazin.de\/dahme-heideseen\/der-hirschkaefer-von-ulrich-k-t-schulz-100-jahre-naturfilm-im-naturpark-dahme-heideseen\/#breadcrumb","itemListElement":[{"@type":"ListItem","position":1,"name":"Home","item":"https:\/\/www.naturparkmagazin.de\/dahme-heideseen\/"},{"@type":"ListItem","position":2,"name":"\u201eDer Hirschk\u00e4fer\u201c von Ulrich K.T. Schulz &#8211; 100 Jahre Naturfilm im Naturpark Dahme-Heideseen"}]},{"@type":"WebSite","@id":"https:\/\/www.naturparkmagazin.de\/dahme-heideseen\/#website","url":"https:\/\/www.naturparkmagazin.de\/dahme-heideseen\/","name":"Naturpark Dahme-Heideseen","description":"","potentialAction":[{"@type":"SearchAction","target":{"@type":"EntryPoint","urlTemplate":"https:\/\/www.naturparkmagazin.de\/dahme-heideseen\/?s={search_term_string}"},"query-input":"required name=search_term_string"}],"inLanguage":"de"},{"@type":"Person","@id":"https:\/\/www.naturparkmagazin.de\/dahme-heideseen\/#\/schema\/person\/a0510aafafdf8183c95fc98faf0c9f21","name":"Astrid Osenbr\u00fcck","sameAs":["http:\/\/www.dahme-heideseen-naturpark.de"],"url":"https:\/\/www.naturparkmagazin.de\/dahme-heideseen\/author\/astridosenbrueck\/"}]}},"_links":{"self":[{"href":"https:\/\/www.naturparkmagazin.de\/dahme-heideseen\/wp-json\/wp\/v2\/posts\/3764"}],"collection":[{"href":"https:\/\/www.naturparkmagazin.de\/dahme-heideseen\/wp-json\/wp\/v2\/posts"}],"about":[{"href":"https:\/\/www.naturparkmagazin.de\/dahme-heideseen\/wp-json\/wp\/v2\/types\/post"}],"author":[{"embeddable":true,"href":"https:\/\/www.naturparkmagazin.de\/dahme-heideseen\/wp-json\/wp\/v2\/users\/83"}],"replies":[{"embeddable":true,"href":"https:\/\/www.naturparkmagazin.de\/dahme-heideseen\/wp-json\/wp\/v2\/comments?post=3764"}],"version-history":[{"count":2,"href":"https:\/\/www.naturparkmagazin.de\/dahme-heideseen\/wp-json\/wp\/v2\/posts\/3764\/revisions"}],"predecessor-version":[{"id":3769,"href":"https:\/\/www.naturparkmagazin.de\/dahme-heideseen\/wp-json\/wp\/v2\/posts\/3764\/revisions\/3769"}],"wp:featuredmedia":[{"embeddable":true,"href":"https:\/\/www.naturparkmagazin.de\/dahme-heideseen\/wp-json\/wp\/v2\/media\/3765"}],"wp:attachment":[{"href":"https:\/\/www.naturparkmagazin.de\/dahme-heideseen\/wp-json\/wp\/v2\/media?parent=3764"}],"wp:term":[{"taxonomy":"category","embeddable":true,"href":"https:\/\/www.naturparkmagazin.de\/dahme-heideseen\/wp-json\/wp\/v2\/categories?post=3764"},{"taxonomy":"post_tag","embeddable":true,"href":"https:\/\/www.naturparkmagazin.de\/dahme-heideseen\/wp-json\/wp\/v2\/tags?post=3764"}],"curies":[{"name":"wp","href":"https:\/\/api.w.org\/{rel}","templated":true}]}}