{"id":3781,"date":"2021-07-10T11:33:29","date_gmt":"2021-07-10T09:33:29","guid":{"rendered":"https:\/\/www.naturparkmagazin.de\/dahme-heideseen\/?p=3781"},"modified":"2021-07-22T08:34:02","modified_gmt":"2021-07-22T06:34:02","slug":"entdecker-sommerferien-2","status":"publish","type":"post","link":"https:\/\/www.naturparkmagazin.de\/dahme-heideseen\/entdecker-sommerferien-2\/","title":{"rendered":"Entdecker-Sommerferien!"},"content":{"rendered":"<p>Stadt Storkow (Mark) &#8211; Umweltbildungsangebote im Naturpark<\/p>\n<div class=\"row\">\n<div class=\"col-xs-12 col-lg-12\">\n<div id=\"content\" class=\"use-hyphens\" lang=\"de\">\n<div class=\"template-page template-page-effect\">\n<div class=\"row\">\n<div class=\"col-xs-12 col-sm-12 col-md-12\">\n<p class=\"tiny_p\">Die Sommerferien gehen wieder los! Und passend dazu pr\u00e4sentiert euch das BIZ auf der Burg Storkow <a href=\"https:\/\/www.storkow-mark.de\/umweltbildung\" target=\"_blank\">das neue Ferienprogramm des BIZ Burg Storkow im Naturpark Dahme-Heideseen<\/a>.<\/p>\n<div id=\"attachment_3783\" style=\"width: 310px\" class=\"wp-caption alignnone\"><a href=\"https:\/\/www.naturparkmagazin.de\/dahme-heideseen\/wp-content\/uploads\/sites\/37\/Sommerferienprogramm_2021.jpg\"><img aria-describedby=\"caption-attachment-3783\" decoding=\"async\" loading=\"lazy\" class=\"size-thumbnail wp-image-3783\" src=\"https:\/\/www.naturparkmagazin.de\/dahme-heideseen\/wp-content\/uploads\/sites\/37\/Sommerferienprogramm_2021-300x190.jpg\" alt=\"\u00a9 BIZ Naturpark Dahme-Heideseen\" width=\"300\" height=\"190\" srcset=\"https:\/\/www.naturparkmagazin.de\/dahme-heideseen\/wp-content\/uploads\/sites\/37\/Sommerferienprogramm_2021-300x190.jpg 300w, https:\/\/www.naturparkmagazin.de\/dahme-heideseen\/wp-content\/uploads\/sites\/37\/Sommerferienprogramm_2021-620x393.jpg 620w, https:\/\/www.naturparkmagazin.de\/dahme-heideseen\/wp-content\/uploads\/sites\/37\/Sommerferienprogramm_2021-670x424.jpg 670w, https:\/\/www.naturparkmagazin.de\/dahme-heideseen\/wp-content\/uploads\/sites\/37\/Sommerferienprogramm_2021-200x127.jpg 200w, https:\/\/www.naturparkmagazin.de\/dahme-heideseen\/wp-content\/uploads\/sites\/37\/Sommerferienprogramm_2021.jpg 826w\" sizes=\"(max-width: 300px) 100vw, 300px\" \/><\/a><p id=\"caption-attachment-3783\" class=\"wp-caption-text\">\u00a9 BIZ Naturpark Dahme-Heideseen<\/p><\/div>\n<p class=\"tiny_p\"><em>Alle Veranstaltungen finden ohne Eltern statt. Die Kinder k\u00f6nnen am angegebenen Treffpunkt abgegeben und (wenn nicht anders angewiesen) dort auch wieder angeholt werden. <\/em><\/p>\n<p class=\"tiny_p\"><em>Die Kinder sollten unbedingt wetterbedingt gekleidet sein und gen\u00fcgend Proviant zu den Veranstaltungen mitbringen.<\/em><\/p>\n<p class=\"tiny_p\"><em>Bitte melden Sie ihr Kind im Vorraus unter der 033678-73108 oder\/\/ <a href=\"mailto:besucherzentrum@storkow.de\">besucherzentrum@storkow.de<\/a> an, da die Teilnehmerzahl begrenzt ist. Sollte ihr Kind nicht Teilnehmen k\u00f6nnen, bitten wir Sie, uns dar\u00fcber zu informieren. <\/em><\/p>\n<div id=\"attachment_3782\" style=\"width: 310px\" class=\"wp-caption alignnone\"><a href=\"https:\/\/www.naturparkmagazin.de\/dahme-heideseen\/wp-content\/uploads\/sites\/37\/kinder_kraeuter_ubi_web.jpg\"><img aria-describedby=\"caption-attachment-3782\" decoding=\"async\" loading=\"lazy\" class=\"size-thumbnail wp-image-3782\" src=\"https:\/\/www.naturparkmagazin.de\/dahme-heideseen\/wp-content\/uploads\/sites\/37\/kinder_kraeuter_ubi_web-300x199.jpg\" alt=\"\u00a9 BIZ Naturpark Dahme-Heideseen\" width=\"300\" height=\"199\" srcset=\"https:\/\/www.naturparkmagazin.de\/dahme-heideseen\/wp-content\/uploads\/sites\/37\/kinder_kraeuter_ubi_web-300x199.jpg 300w, https:\/\/www.naturparkmagazin.de\/dahme-heideseen\/wp-content\/uploads\/sites\/37\/kinder_kraeuter_ubi_web-620x412.jpg 620w, https:\/\/www.naturparkmagazin.de\/dahme-heideseen\/wp-content\/uploads\/sites\/37\/kinder_kraeuter_ubi_web-940x625.jpg 940w, https:\/\/www.naturparkmagazin.de\/dahme-heideseen\/wp-content\/uploads\/sites\/37\/kinder_kraeuter_ubi_web-670x446.jpg 670w, https:\/\/www.naturparkmagazin.de\/dahme-heideseen\/wp-content\/uploads\/sites\/37\/kinder_kraeuter_ubi_web-200x133.jpg 200w, https:\/\/www.naturparkmagazin.de\/dahme-heideseen\/wp-content\/uploads\/sites\/37\/kinder_kraeuter_ubi_web.jpg 1734w\" sizes=\"(max-width: 300px) 100vw, 300px\" \/><\/a><p id=\"caption-attachment-3782\" class=\"wp-caption-text\">\u00a9 BIZ Naturpark Dahme-Heideseen<\/p><\/div>\n<\/div>\n<\/div>\n<\/div>\n<\/div>\n<\/div>\n<\/div>\n","protected":false},"excerpt":{"rendered":"<p>Entdecker-Sommerferien 2021 auf der Burg Storkow<\/p>\n","protected":false},"author":83,"featured_media":3793,"comment_status":"open","ping_status":"open","sticky":false,"template":"","format":"standard","meta":[],"categories":[11],"tags":[],"yoast_head":"<!-- This site is optimized with the Yoast SEO plugin v19.10 - https:\/\/yoast.com\/wordpress\/plugins\/seo\/ -->\n<title>Entdecker-Sommerferien! - Naturpark Dahme-Heideseen<\/title>\n<meta name=\"robots\" content=\"index, follow, max-snippet:-1, max-image-preview:large, max-video-preview:-1\" \/>\n<link rel=\"canonical\" href=\"https:\/\/www.naturparkmagazin.de\/dahme-heideseen\/entdecker-sommerferien-2\/\" \/>\n<meta property=\"og:locale\" content=\"de_DE\" \/>\n<meta property=\"og:type\" content=\"article\" \/>\n<meta property=\"og:title\" content=\"Entdecker-Sommerferien! - Naturpark Dahme-Heideseen\" \/>\n<meta property=\"og:description\" content=\"Entdecker-Sommerferien 2021 auf der Burg Storkow\" \/>\n<meta property=\"og:url\" content=\"https:\/\/www.naturparkmagazin.de\/dahme-heideseen\/entdecker-sommerferien-2\/\" \/>\n<meta property=\"og:site_name\" content=\"Naturpark Dahme-Heideseen\" \/>\n<meta property=\"article:published_time\" content=\"2021-07-10T09:33:29+00:00\" \/>\n<meta property=\"article:modified_time\" content=\"2021-07-22T06:34:02+00:00\" \/>\n<meta property=\"og:image\" content=\"https:\/\/www.naturparkmagazin.de\/dahme-heideseen\/wp-content\/uploads\/sites\/37\/entdeckerferien.jpg\" \/>\n\t<meta property=\"og:image:width\" content=\"616\" \/>\n\t<meta property=\"og:image:height\" content=\"583\" \/>\n\t<meta property=\"og:image:type\" content=\"image\/jpeg\" \/>\n<meta name=\"author\" content=\"Astrid Osenbr\u00fcck\" \/>\n<meta name=\"twitter:label1\" content=\"Verfasst von\" \/>\n\t<meta name=\"twitter:data1\" content=\"Astrid Osenbr\u00fcck\" \/>\n\t<meta name=\"twitter:label2\" content=\"Gesch\u00e4tzte Lesezeit\" \/>\n\t<meta name=\"twitter:data2\" content=\"1\u00a0Minute\" \/>\n<script type=\"application\/ld+json\" class=\"yoast-schema-graph\">{\"@context\":\"https:\/\/schema.org\",\"@graph\":[{\"@type\":\"WebPage\",\"@id\":\"https:\/\/www.naturparkmagazin.de\/dahme-heideseen\/entdecker-sommerferien-2\/\",\"url\":\"https:\/\/www.naturparkmagazin.de\/dahme-heideseen\/entdecker-sommerferien-2\/\",\"name\":\"Entdecker-Sommerferien! - Naturpark Dahme-Heideseen\",\"isPartOf\":{\"@id\":\"https:\/\/www.naturparkmagazin.de\/dahme-heideseen\/#website\"},\"datePublished\":\"2021-07-10T09:33:29+00:00\",\"dateModified\":\"2021-07-22T06:34:02+00:00\",\"author\":{\"@id\":\"https:\/\/www.naturparkmagazin.de\/dahme-heideseen\/#\/schema\/person\/a0510aafafdf8183c95fc98faf0c9f21\"},\"breadcrumb\":{\"@id\":\"https:\/\/www.naturparkmagazin.de\/dahme-heideseen\/entdecker-sommerferien-2\/#breadcrumb\"},\"inLanguage\":\"de\",\"potentialAction\":[{\"@type\":\"ReadAction\",\"target\":[\"https:\/\/www.naturparkmagazin.de\/dahme-heideseen\/entdecker-sommerferien-2\/\"]}]},{\"@type\":\"BreadcrumbList\",\"@id\":\"https:\/\/www.naturparkmagazin.de\/dahme-heideseen\/entdecker-sommerferien-2\/#breadcrumb\",\"itemListElement\":[{\"@type\":\"ListItem\",\"position\":1,\"name\":\"Home\",\"item\":\"https:\/\/www.naturparkmagazin.de\/dahme-heideseen\/\"},{\"@type\":\"ListItem\",\"position\":2,\"name\":\"Entdecker-Sommerferien!\"}]},{\"@type\":\"WebSite\",\"@id\":\"https:\/\/www.naturparkmagazin.de\/dahme-heideseen\/#website\",\"url\":\"https:\/\/www.naturparkmagazin.de\/dahme-heideseen\/\",\"name\":\"Naturpark Dahme-Heideseen\",\"description\":\"\",\"potentialAction\":[{\"@type\":\"SearchAction\",\"target\":{\"@type\":\"EntryPoint\",\"urlTemplate\":\"https:\/\/www.naturparkmagazin.de\/dahme-heideseen\/?s={search_term_string}\"},\"query-input\":\"required name=search_term_string\"}],\"inLanguage\":\"de\"},{\"@type\":\"Person\",\"@id\":\"https:\/\/www.naturparkmagazin.de\/dahme-heideseen\/#\/schema\/person\/a0510aafafdf8183c95fc98faf0c9f21\",\"name\":\"Astrid Osenbr\u00fcck\",\"sameAs\":[\"http:\/\/www.dahme-heideseen-naturpark.de\"],\"url\":\"https:\/\/www.naturparkmagazin.de\/dahme-heideseen\/author\/astridosenbrueck\/\"}]}<\/script>\n<!-- \/ Yoast SEO plugin. -->","yoast_head_json":{"title":"Entdecker-Sommerferien! - Naturpark Dahme-Heideseen","robots":{"index":"index","follow":"follow","max-snippet":"max-snippet:-1","max-image-preview":"max-image-preview:large","max-video-preview":"max-video-preview:-1"},"canonical":"https:\/\/www.naturparkmagazin.de\/dahme-heideseen\/entdecker-sommerferien-2\/","og_locale":"de_DE","og_type":"article","og_title":"Entdecker-Sommerferien! - Naturpark Dahme-Heideseen","og_description":"Entdecker-Sommerferien 2021 auf der Burg Storkow","og_url":"https:\/\/www.naturparkmagazin.de\/dahme-heideseen\/entdecker-sommerferien-2\/","og_site_name":"Naturpark Dahme-Heideseen","article_published_time":"2021-07-10T09:33:29+00:00","article_modified_time":"2021-07-22T06:34:02+00:00","og_image":[{"width":616,"height":583,"url":"https:\/\/www.naturparkmagazin.de\/dahme-heideseen\/wp-content\/uploads\/sites\/37\/entdeckerferien.jpg","type":"image\/jpeg"}],"author":"Astrid Osenbr\u00fcck","twitter_misc":{"Verfasst von":"Astrid Osenbr\u00fcck","Gesch\u00e4tzte Lesezeit":"1\u00a0Minute"},"schema":{"@context":"https:\/\/schema.org","@graph":[{"@type":"WebPage","@id":"https:\/\/www.naturparkmagazin.de\/dahme-heideseen\/entdecker-sommerferien-2\/","url":"https:\/\/www.naturparkmagazin.de\/dahme-heideseen\/entdecker-sommerferien-2\/","name":"Entdecker-Sommerferien! - Naturpark Dahme-Heideseen","isPartOf":{"@id":"https:\/\/www.naturparkmagazin.de\/dahme-heideseen\/#website"},"datePublished":"2021-07-10T09:33:29+00:00","dateModified":"2021-07-22T06:34:02+00:00","author":{"@id":"https:\/\/www.naturparkmagazin.de\/dahme-heideseen\/#\/schema\/person\/a0510aafafdf8183c95fc98faf0c9f21"},"breadcrumb":{"@id":"https:\/\/www.naturparkmagazin.de\/dahme-heideseen\/entdecker-sommerferien-2\/#breadcrumb"},"inLanguage":"de","potentialAction":[{"@type":"ReadAction","target":["https:\/\/www.naturparkmagazin.de\/dahme-heideseen\/entdecker-sommerferien-2\/"]}]},{"@type":"BreadcrumbList","@id":"https:\/\/www.naturparkmagazin.de\/dahme-heideseen\/entdecker-sommerferien-2\/#breadcrumb","itemListElement":[{"@type":"ListItem","position":1,"name":"Home","item":"https:\/\/www.naturparkmagazin.de\/dahme-heideseen\/"},{"@type":"ListItem","position":2,"name":"Entdecker-Sommerferien!"}]},{"@type":"WebSite","@id":"https:\/\/www.naturparkmagazin.de\/dahme-heideseen\/#website","url":"https:\/\/www.naturparkmagazin.de\/dahme-heideseen\/","name":"Naturpark Dahme-Heideseen","description":"","potentialAction":[{"@type":"SearchAction","target":{"@type":"EntryPoint","urlTemplate":"https:\/\/www.naturparkmagazin.de\/dahme-heideseen\/?s={search_term_string}"},"query-input":"required name=search_term_string"}],"inLanguage":"de"},{"@type":"Person","@id":"https:\/\/www.naturparkmagazin.de\/dahme-heideseen\/#\/schema\/person\/a0510aafafdf8183c95fc98faf0c9f21","name":"Astrid Osenbr\u00fcck","sameAs":["http:\/\/www.dahme-heideseen-naturpark.de"],"url":"https:\/\/www.naturparkmagazin.de\/dahme-heideseen\/author\/astridosenbrueck\/"}]}},"_links":{"self":[{"href":"https:\/\/www.naturparkmagazin.de\/dahme-heideseen\/wp-json\/wp\/v2\/posts\/3781"}],"collection":[{"href":"https:\/\/www.naturparkmagazin.de\/dahme-heideseen\/wp-json\/wp\/v2\/posts"}],"about":[{"href":"https:\/\/www.naturparkmagazin.de\/dahme-heideseen\/wp-json\/wp\/v2\/types\/post"}],"author":[{"embeddable":true,"href":"https:\/\/www.naturparkmagazin.de\/dahme-heideseen\/wp-json\/wp\/v2\/users\/83"}],"replies":[{"embeddable":true,"href":"https:\/\/www.naturparkmagazin.de\/dahme-heideseen\/wp-json\/wp\/v2\/comments?post=3781"}],"version-history":[{"count":3,"href":"https:\/\/www.naturparkmagazin.de\/dahme-heideseen\/wp-json\/wp\/v2\/posts\/3781\/revisions"}],"predecessor-version":[{"id":3794,"href":"https:\/\/www.naturparkmagazin.de\/dahme-heideseen\/wp-json\/wp\/v2\/posts\/3781\/revisions\/3794"}],"wp:featuredmedia":[{"embeddable":true,"href":"https:\/\/www.naturparkmagazin.de\/dahme-heideseen\/wp-json\/wp\/v2\/media\/3793"}],"wp:attachment":[{"href":"https:\/\/www.naturparkmagazin.de\/dahme-heideseen\/wp-json\/wp\/v2\/media?parent=3781"}],"wp:term":[{"taxonomy":"category","embeddable":true,"href":"https:\/\/www.naturparkmagazin.de\/dahme-heideseen\/wp-json\/wp\/v2\/categories?post=3781"},{"taxonomy":"post_tag","embeddable":true,"href":"https:\/\/www.naturparkmagazin.de\/dahme-heideseen\/wp-json\/wp\/v2\/tags?post=3781"}],"curies":[{"name":"wp","href":"https:\/\/api.w.org\/{rel}","templated":true}]}}