{"id":379,"date":"2014-02-19T11:42:20","date_gmt":"2014-02-19T10:42:20","guid":{"rendered":"http:\/\/www.naturparkmagazin.de\/dahme-heideseen\/?p=379"},"modified":"2014-02-26T11:39:20","modified_gmt":"2014-02-26T10:39:20","slug":"mehr-licht-und-waerme-fuer-die-kleinen","status":"publish","type":"post","link":"https:\/\/www.naturparkmagazin.de\/dahme-heideseen\/mehr-licht-und-waerme-fuer-die-kleinen\/","title":{"rendered":"Mehr Licht und W\u00e4rme f\u00fcr die \u201eKleinen\u201c"},"content":{"rendered":"<p>Naturschutzma\u00dfnahme des EU-Life-Projekts &#8222;Sandrasen&#8220; startet in der Bugker Sahara<\/p>\n<p><!--more--><\/p>\n<p>Sandtrockenrasen geh\u00f6ren europaweit zu den am st\u00e4rksten gef\u00e4hrdeten Lebensr\u00e4umen. Die spezialisierten Pflanzen- und Tierarten brauchen offene, sonnige Standorte um sich entwickeln zu k\u00f6nnen. Fr\u00fcher entstanden solche Bedingungen oft durch traditionelle Nutzung der Landschaft wie z.B. Beweidung mit Schafen, Waldrodung oder auch Nutzung von Streuauflagen. Mit dem R\u00fcckgang dieser Formen der Landnutzung gingen auch vielerorts Halbkulturformationen wie die Sandtrockenrasen verloren.<\/p>\n<p>Seit Juli 2013 widmet sich der Naturschutzfonds Brandenburg zusammen mit dem Naturpark Dahme-Heideseen diesen bedrohten Lebensr\u00e4umen. Im Rahmen des Projekts \u201eLIFE-Sandrasen\u201c werden in 20 Natura2000-Gebieten wieder bessere Bedingungen f\u00fcr die w\u00e4rme- und trockenliebenden Arten entstehen. Eines dieser Gebiete ist die \u201eBugker Sahara\u201c im NATURA 2000 Gebiet \u201eKienheide\u201c. Hier werden in den n\u00e4chsten Wochen dichte Kiefernforste aufgelichtet und Freifl\u00e4chen geschaffen. Mehr Licht und W\u00e4rme sollen den Sandboden erreichen. Die kleinw\u00fcchsigen Pflanzenarten der Trockenrasen, die noch auf benachbarten Fl\u00e4chen zu finden sind, k\u00f6nnen sich wieder ausbreiten. Auch Tierarten wie Schmetterlinge, K\u00e4fer und Heuschrecken profitieren von den Ma\u00dfnahmen.<\/p>\n<p>Alle Ma\u00dfnahmen finden auf Grundst\u00fccken statt, die vollst\u00e4ndig im Besitz von Naturschutzorganisationen sind.<\/p>\n<p>Kontakt und Infos: <a title=\"www.sandrasen.de\" href=\"http:\/\/www.sandrasen.de\">www.sandrasen.de<\/a><\/p>\n<p><a href=\"https:\/\/www.naturparkmagazin.de\/dahme-heideseen\/wp-content\/uploads\/sites\/37\/Logo_LIFE_Sandrasen_einzeilig_nichttransparent.jpg\"><img decoding=\"async\" loading=\"lazy\" class=\"size-full wp-image-382 alignleft\" alt=\"Logo_LIFE_Sandrasen_einzeilig_nichttransparent\" src=\"https:\/\/www.naturparkmagazin.de\/dahme-heideseen\/wp-content\/uploads\/sites\/37\/Logo_LIFE_Sandrasen_einzeilig_nichttransparent.jpg\" width=\"448\" height=\"110\" srcset=\"https:\/\/www.naturparkmagazin.de\/dahme-heideseen\/wp-content\/uploads\/sites\/37\/Logo_LIFE_Sandrasen_einzeilig_nichttransparent.jpg 448w, https:\/\/www.naturparkmagazin.de\/dahme-heideseen\/wp-content\/uploads\/sites\/37\/Logo_LIFE_Sandrasen_einzeilig_nichttransparent-300x74.jpg 300w, https:\/\/www.naturparkmagazin.de\/dahme-heideseen\/wp-content\/uploads\/sites\/37\/Logo_LIFE_Sandrasen_einzeilig_nichttransparent-200x49.jpg 200w\" sizes=\"(max-width: 448px) 100vw, 448px\" \/><\/a>\n&nbsp;<\/p>\n","protected":false},"excerpt":{"rendered":"<p>Naturschutzma\u00dfnahme des EU-Life-Projekts &#8222;Sandrasen&#8220; startet in der Bugker Sahara<\/p>\n","protected":false},"author":48,"featured_media":380,"comment_status":"open","ping_status":"open","sticky":false,"template":"","format":"standard","meta":[],"categories":[7],"tags":[],"yoast_head":"<!-- This site is optimized with the Yoast SEO plugin v19.10 - https:\/\/yoast.com\/wordpress\/plugins\/seo\/ -->\n<title>Mehr Licht und W\u00e4rme f\u00fcr die \u201eKleinen\u201c - Naturpark Dahme-Heideseen<\/title>\n<meta name=\"robots\" content=\"index, follow, max-snippet:-1, max-image-preview:large, max-video-preview:-1\" \/>\n<link rel=\"canonical\" href=\"https:\/\/www.naturparkmagazin.de\/dahme-heideseen\/mehr-licht-und-waerme-fuer-die-kleinen\/\" \/>\n<meta property=\"og:locale\" content=\"de_DE\" \/>\n<meta property=\"og:type\" content=\"article\" \/>\n<meta property=\"og:title\" content=\"Mehr Licht und W\u00e4rme f\u00fcr die \u201eKleinen\u201c - Naturpark Dahme-Heideseen\" \/>\n<meta property=\"og:description\" content=\"Naturschutzma\u00dfnahme des EU-Life-Projekts &quot;Sandrasen&quot; startet in der Bugker Sahara\" \/>\n<meta property=\"og:url\" content=\"https:\/\/www.naturparkmagazin.de\/dahme-heideseen\/mehr-licht-und-waerme-fuer-die-kleinen\/\" \/>\n<meta property=\"og:site_name\" content=\"Naturpark Dahme-Heideseen\" \/>\n<meta property=\"article:published_time\" content=\"2014-02-19T10:42:20+00:00\" \/>\n<meta property=\"article:modified_time\" content=\"2014-02-26T10:39:20+00:00\" \/>\n<meta property=\"og:image\" content=\"https:\/\/www.naturparkmagazin.de\/dahme-heideseen\/wp-content\/uploads\/sites\/37\/Kiefer_in_der_Sahara.jpg\" \/>\n\t<meta property=\"og:image:width\" content=\"800\" \/>\n\t<meta property=\"og:image:height\" content=\"600\" \/>\n\t<meta property=\"og:image:type\" content=\"image\/jpeg\" \/>\n<meta name=\"author\" content=\"hanssonnenberg\" \/>\n<meta name=\"twitter:label1\" content=\"Verfasst von\" \/>\n\t<meta name=\"twitter:data1\" content=\"hanssonnenberg\" \/>\n\t<meta name=\"twitter:label2\" content=\"Gesch\u00e4tzte Lesezeit\" \/>\n\t<meta name=\"twitter:data2\" content=\"1\u00a0Minute\" \/>\n<script type=\"application\/ld+json\" class=\"yoast-schema-graph\">{\"@context\":\"https:\/\/schema.org\",\"@graph\":[{\"@type\":\"WebPage\",\"@id\":\"https:\/\/www.naturparkmagazin.de\/dahme-heideseen\/mehr-licht-und-waerme-fuer-die-kleinen\/\",\"url\":\"https:\/\/www.naturparkmagazin.de\/dahme-heideseen\/mehr-licht-und-waerme-fuer-die-kleinen\/\",\"name\":\"Mehr Licht und W\u00e4rme f\u00fcr die \u201eKleinen\u201c - Naturpark Dahme-Heideseen\",\"isPartOf\":{\"@id\":\"https:\/\/www.naturparkmagazin.de\/dahme-heideseen\/#website\"},\"datePublished\":\"2014-02-19T10:42:20+00:00\",\"dateModified\":\"2014-02-26T10:39:20+00:00\",\"author\":{\"@id\":\"https:\/\/www.naturparkmagazin.de\/dahme-heideseen\/#\/schema\/person\/c81c96c3a1f5ee7bffff8b8022c105f0\"},\"breadcrumb\":{\"@id\":\"https:\/\/www.naturparkmagazin.de\/dahme-heideseen\/mehr-licht-und-waerme-fuer-die-kleinen\/#breadcrumb\"},\"inLanguage\":\"de\",\"potentialAction\":[{\"@type\":\"ReadAction\",\"target\":[\"https:\/\/www.naturparkmagazin.de\/dahme-heideseen\/mehr-licht-und-waerme-fuer-die-kleinen\/\"]}]},{\"@type\":\"BreadcrumbList\",\"@id\":\"https:\/\/www.naturparkmagazin.de\/dahme-heideseen\/mehr-licht-und-waerme-fuer-die-kleinen\/#breadcrumb\",\"itemListElement\":[{\"@type\":\"ListItem\",\"position\":1,\"name\":\"Home\",\"item\":\"https:\/\/www.naturparkmagazin.de\/dahme-heideseen\/\"},{\"@type\":\"ListItem\",\"position\":2,\"name\":\"Mehr Licht und W\u00e4rme f\u00fcr die \u201eKleinen\u201c\"}]},{\"@type\":\"WebSite\",\"@id\":\"https:\/\/www.naturparkmagazin.de\/dahme-heideseen\/#website\",\"url\":\"https:\/\/www.naturparkmagazin.de\/dahme-heideseen\/\",\"name\":\"Naturpark Dahme-Heideseen\",\"description\":\"\",\"potentialAction\":[{\"@type\":\"SearchAction\",\"target\":{\"@type\":\"EntryPoint\",\"urlTemplate\":\"https:\/\/www.naturparkmagazin.de\/dahme-heideseen\/?s={search_term_string}\"},\"query-input\":\"required name=search_term_string\"}],\"inLanguage\":\"de\"},{\"@type\":\"Person\",\"@id\":\"https:\/\/www.naturparkmagazin.de\/dahme-heideseen\/#\/schema\/person\/c81c96c3a1f5ee7bffff8b8022c105f0\",\"name\":\"hanssonnenberg\",\"url\":\"https:\/\/www.naturparkmagazin.de\/dahme-heideseen\/author\/hanssonnenberg\/\"}]}<\/script>\n<!-- \/ Yoast SEO plugin. -->","yoast_head_json":{"title":"Mehr Licht und W\u00e4rme f\u00fcr die \u201eKleinen\u201c - Naturpark Dahme-Heideseen","robots":{"index":"index","follow":"follow","max-snippet":"max-snippet:-1","max-image-preview":"max-image-preview:large","max-video-preview":"max-video-preview:-1"},"canonical":"https:\/\/www.naturparkmagazin.de\/dahme-heideseen\/mehr-licht-und-waerme-fuer-die-kleinen\/","og_locale":"de_DE","og_type":"article","og_title":"Mehr Licht und W\u00e4rme f\u00fcr die \u201eKleinen\u201c - Naturpark Dahme-Heideseen","og_description":"Naturschutzma\u00dfnahme des EU-Life-Projekts \"Sandrasen\" startet in der Bugker Sahara","og_url":"https:\/\/www.naturparkmagazin.de\/dahme-heideseen\/mehr-licht-und-waerme-fuer-die-kleinen\/","og_site_name":"Naturpark Dahme-Heideseen","article_published_time":"2014-02-19T10:42:20+00:00","article_modified_time":"2014-02-26T10:39:20+00:00","og_image":[{"width":800,"height":600,"url":"https:\/\/www.naturparkmagazin.de\/dahme-heideseen\/wp-content\/uploads\/sites\/37\/Kiefer_in_der_Sahara.jpg","type":"image\/jpeg"}],"author":"hanssonnenberg","twitter_misc":{"Verfasst von":"hanssonnenberg","Gesch\u00e4tzte Lesezeit":"1\u00a0Minute"},"schema":{"@context":"https:\/\/schema.org","@graph":[{"@type":"WebPage","@id":"https:\/\/www.naturparkmagazin.de\/dahme-heideseen\/mehr-licht-und-waerme-fuer-die-kleinen\/","url":"https:\/\/www.naturparkmagazin.de\/dahme-heideseen\/mehr-licht-und-waerme-fuer-die-kleinen\/","name":"Mehr Licht und W\u00e4rme f\u00fcr die \u201eKleinen\u201c - Naturpark Dahme-Heideseen","isPartOf":{"@id":"https:\/\/www.naturparkmagazin.de\/dahme-heideseen\/#website"},"datePublished":"2014-02-19T10:42:20+00:00","dateModified":"2014-02-26T10:39:20+00:00","author":{"@id":"https:\/\/www.naturparkmagazin.de\/dahme-heideseen\/#\/schema\/person\/c81c96c3a1f5ee7bffff8b8022c105f0"},"breadcrumb":{"@id":"https:\/\/www.naturparkmagazin.de\/dahme-heideseen\/mehr-licht-und-waerme-fuer-die-kleinen\/#breadcrumb"},"inLanguage":"de","potentialAction":[{"@type":"ReadAction","target":["https:\/\/www.naturparkmagazin.de\/dahme-heideseen\/mehr-licht-und-waerme-fuer-die-kleinen\/"]}]},{"@type":"BreadcrumbList","@id":"https:\/\/www.naturparkmagazin.de\/dahme-heideseen\/mehr-licht-und-waerme-fuer-die-kleinen\/#breadcrumb","itemListElement":[{"@type":"ListItem","position":1,"name":"Home","item":"https:\/\/www.naturparkmagazin.de\/dahme-heideseen\/"},{"@type":"ListItem","position":2,"name":"Mehr Licht und W\u00e4rme f\u00fcr die \u201eKleinen\u201c"}]},{"@type":"WebSite","@id":"https:\/\/www.naturparkmagazin.de\/dahme-heideseen\/#website","url":"https:\/\/www.naturparkmagazin.de\/dahme-heideseen\/","name":"Naturpark Dahme-Heideseen","description":"","potentialAction":[{"@type":"SearchAction","target":{"@type":"EntryPoint","urlTemplate":"https:\/\/www.naturparkmagazin.de\/dahme-heideseen\/?s={search_term_string}"},"query-input":"required name=search_term_string"}],"inLanguage":"de"},{"@type":"Person","@id":"https:\/\/www.naturparkmagazin.de\/dahme-heideseen\/#\/schema\/person\/c81c96c3a1f5ee7bffff8b8022c105f0","name":"hanssonnenberg","url":"https:\/\/www.naturparkmagazin.de\/dahme-heideseen\/author\/hanssonnenberg\/"}]}},"_links":{"self":[{"href":"https:\/\/www.naturparkmagazin.de\/dahme-heideseen\/wp-json\/wp\/v2\/posts\/379"}],"collection":[{"href":"https:\/\/www.naturparkmagazin.de\/dahme-heideseen\/wp-json\/wp\/v2\/posts"}],"about":[{"href":"https:\/\/www.naturparkmagazin.de\/dahme-heideseen\/wp-json\/wp\/v2\/types\/post"}],"author":[{"embeddable":true,"href":"https:\/\/www.naturparkmagazin.de\/dahme-heideseen\/wp-json\/wp\/v2\/users\/48"}],"replies":[{"embeddable":true,"href":"https:\/\/www.naturparkmagazin.de\/dahme-heideseen\/wp-json\/wp\/v2\/comments?post=379"}],"version-history":[{"count":10,"href":"https:\/\/www.naturparkmagazin.de\/dahme-heideseen\/wp-json\/wp\/v2\/posts\/379\/revisions"}],"predecessor-version":[{"id":412,"href":"https:\/\/www.naturparkmagazin.de\/dahme-heideseen\/wp-json\/wp\/v2\/posts\/379\/revisions\/412"}],"wp:featuredmedia":[{"embeddable":true,"href":"https:\/\/www.naturparkmagazin.de\/dahme-heideseen\/wp-json\/wp\/v2\/media\/380"}],"wp:attachment":[{"href":"https:\/\/www.naturparkmagazin.de\/dahme-heideseen\/wp-json\/wp\/v2\/media?parent=379"}],"wp:term":[{"taxonomy":"category","embeddable":true,"href":"https:\/\/www.naturparkmagazin.de\/dahme-heideseen\/wp-json\/wp\/v2\/categories?post=379"},{"taxonomy":"post_tag","embeddable":true,"href":"https:\/\/www.naturparkmagazin.de\/dahme-heideseen\/wp-json\/wp\/v2\/tags?post=379"}],"curies":[{"name":"wp","href":"https:\/\/api.w.org\/{rel}","templated":true}]}}