{"id":3821,"date":"2021-08-17T14:41:36","date_gmt":"2021-08-17T12:41:36","guid":{"rendered":"https:\/\/www.naturparkmagazin.de\/dahme-heideseen\/?p=3821"},"modified":"2021-08-30T08:59:31","modified_gmt":"2021-08-30T06:59:31","slug":"tag-des-offenen-denkmals-2","status":"publish","type":"post","link":"https:\/\/www.naturparkmagazin.de\/dahme-heideseen\/tag-des-offenen-denkmals-2\/","title":{"rendered":"Tag des offenen Denkmals\u00ae in Kolberg"},"content":{"rendered":"<p>Am <strong>12. September 2021 steht der Tag des offenen Denkmals\u00ae<\/strong> unter dem Motto &#8222;Sein &amp; Schein \u2013 in Geschichte, Architektur und Denkmalpflege.&#8220;<\/p>\n<p>In der Gemeinde Heidesee liegt wundersch\u00f6n auf der einzigen Erh\u00f6hung der Umgebung zwischen zahlreichen Seen das ehemalige Institut f\u00fcr Funktechnik Kolberg. Der Berg ist Namensgeber des kleinen Ortes am Wolziger See. Das Institut auf der Bergspitze war viele Jahrzehnte der gr\u00f6\u00dfte Arbeitgeber im Ort und der weithin sichtbare Turm ist das Wahrzeichen des siebenhundert Jahre alten Dorfes Kolberg. Eine Gruppe engagierter Berliner*innen gr\u00fcndete den Verein FairWurzeln e.V. und arbeitet aktiv an der Vision, das einzigartige Gel\u00e4nde und dessen denkmalgesch\u00fctztes Geb\u00e4udeensemble, die alten Labore und Werkst\u00e4tten, die gro\u00dfe Mensa, den Konsum und die Gro\u00dfk\u00fcche wieder in einen lebendigen, gemeinschaftlich, \u00f6kologisch und vielf\u00e4ltig genutzten Ort zu verwandeln. <a href=\"https:\/\/funkinstitut.de\/\" target=\"_blank\">Informationen zur Vision Funkinstitut hier&#8230;<\/a><\/p>\n<div id=\"attachment_3823\" style=\"width: 310px\" class=\"wp-caption alignnone\"><a href=\"https:\/\/www.naturparkmagazin.de\/dahme-heideseen\/wp-content\/uploads\/sites\/37\/TdoD_Kolberg_Newsletter.jpg\"><img aria-describedby=\"caption-attachment-3823\" decoding=\"async\" loading=\"lazy\" class=\"size-thumbnail wp-image-3823\" src=\"https:\/\/www.naturparkmagazin.de\/dahme-heideseen\/wp-content\/uploads\/sites\/37\/TdoD_Kolberg_Newsletter-300x300.jpg\" alt=\"Blick von G\u00f6rsdorf auf den Kolberger Turm (Foto \u00a9 Susanne Grunzig) \" width=\"300\" height=\"300\" srcset=\"https:\/\/www.naturparkmagazin.de\/dahme-heideseen\/wp-content\/uploads\/sites\/37\/TdoD_Kolberg_Newsletter-300x300.jpg 300w, https:\/\/www.naturparkmagazin.de\/dahme-heideseen\/wp-content\/uploads\/sites\/37\/TdoD_Kolberg_Newsletter-620x620.jpg 620w, https:\/\/www.naturparkmagazin.de\/dahme-heideseen\/wp-content\/uploads\/sites\/37\/TdoD_Kolberg_Newsletter-940x940.jpg 940w, https:\/\/www.naturparkmagazin.de\/dahme-heideseen\/wp-content\/uploads\/sites\/37\/TdoD_Kolberg_Newsletter-200x200.jpg 200w, https:\/\/www.naturparkmagazin.de\/dahme-heideseen\/wp-content\/uploads\/sites\/37\/TdoD_Kolberg_Newsletter-30x30.jpg 30w, https:\/\/www.naturparkmagazin.de\/dahme-heideseen\/wp-content\/uploads\/sites\/37\/TdoD_Kolberg_Newsletter-670x670.jpg 670w, https:\/\/www.naturparkmagazin.de\/dahme-heideseen\/wp-content\/uploads\/sites\/37\/TdoD_Kolberg_Newsletter.jpg 1080w\" sizes=\"(max-width: 300px) 100vw, 300px\" \/><\/a><p id=\"caption-attachment-3823\" class=\"wp-caption-text\">Blick von G\u00f6rsdorf auf den Kolberger Turm (Foto \u00a9 Susanne Grunzig)<\/p><\/div>\n<p>Dieses Jahr \u00f6ffnet der Verein FairWurzeln e.V. am Tag des offenen Denkmals\u00ae seine T\u00fcren und bietet <strong>F\u00fchrungen auf dem Gel\u00e4nde des ehemaligen Instituts f\u00fcr Funktechnik Kolberg<\/strong> an. Die F\u00fchrungen finden <strong>zwischen 10 und 16:30 Uhr<\/strong> statt. Themen sind die Historie, architektonische Besonderheiten und Informationen zum <a href=\"https:\/\/fairwurzeln.de\/\" target=\"_blank\">Verein FairWurzeln e.V.<\/a><\/p>\n<p><em>Bitte beachten Sie, dass das Gel\u00e4nde nur im Rahmen einer gebuchten F\u00fchrung begehbar ist. Ohne Anmeldung ist das Gel\u00e4nde f\u00fcr Besucher geschlossen. Der Turm ist aufgrund brandschutzrechtlicher Vorschriften derzeit leider gesperrt.<\/em><\/p>\n<p>Den <strong><a href=\"https:\/\/www.dahme-heideseen-naturpark.de\/veranstaltungen\/tag-des-offenen-denkmals-1\/\" target=\"_blank\">aktuellen Veranstaltungsplan<\/a><\/strong> finden Sie hier: <a href=\"https:\/\/www.dahme-heideseen-naturpark.de\/veranstaltungen\/tag-des-offenen-denkmalsr-in-kolberg\/\">https:\/\/www.dahme-heideseen-naturpark.de\/veranstaltungen\/tag-des-offenen-denkmals-1\/<\/a><\/p>\n","protected":false},"excerpt":{"rendered":"<p>Am 12. September 2021 steht der Tag des offenen Denkmals\u00ae unter dem Motto &#8222;Sein &amp; Schein \u2013 in Geschichte, Architektur und Denkmalpflege.&#8220; und findet auf dem Gel\u00e4nde des ehemaligen Funkinstituts Kolberg statt. <\/p>\n","protected":false},"author":83,"featured_media":3823,"comment_status":"open","ping_status":"open","sticky":false,"template":"","format":"standard","meta":[],"categories":[11],"tags":[],"yoast_head":"<!-- This site is optimized with the Yoast SEO plugin v19.10 - https:\/\/yoast.com\/wordpress\/plugins\/seo\/ -->\n<title>Tag des offenen Denkmals\u00ae in Kolberg - Naturpark Dahme-Heideseen<\/title>\n<meta name=\"robots\" content=\"index, follow, max-snippet:-1, max-image-preview:large, max-video-preview:-1\" \/>\n<link rel=\"canonical\" href=\"https:\/\/www.naturparkmagazin.de\/dahme-heideseen\/tag-des-offenen-denkmals-2\/\" \/>\n<meta property=\"og:locale\" content=\"de_DE\" \/>\n<meta property=\"og:type\" content=\"article\" \/>\n<meta property=\"og:title\" content=\"Tag des offenen Denkmals\u00ae in Kolberg - Naturpark Dahme-Heideseen\" \/>\n<meta property=\"og:description\" content=\"Am 12. September 2021 steht der Tag des offenen Denkmals\u00ae unter dem Motto &quot;Sein &amp; Schein \u2013 in Geschichte, Architektur und Denkmalpflege.&quot; und findet auf dem Gel\u00e4nde des ehemaligen Funkinstituts Kolberg statt.\" \/>\n<meta property=\"og:url\" content=\"https:\/\/www.naturparkmagazin.de\/dahme-heideseen\/tag-des-offenen-denkmals-2\/\" \/>\n<meta property=\"og:site_name\" content=\"Naturpark Dahme-Heideseen\" \/>\n<meta property=\"article:published_time\" content=\"2021-08-17T12:41:36+00:00\" \/>\n<meta property=\"article:modified_time\" content=\"2021-08-30T06:59:31+00:00\" \/>\n<meta property=\"og:image\" content=\"https:\/\/www.naturparkmagazin.de\/dahme-heideseen\/wp-content\/uploads\/sites\/37\/TdoD_Kolberg_Newsletter.jpg\" \/>\n\t<meta property=\"og:image:width\" content=\"1080\" \/>\n\t<meta property=\"og:image:height\" content=\"1080\" \/>\n\t<meta property=\"og:image:type\" content=\"image\/jpeg\" \/>\n<meta name=\"author\" content=\"Astrid Osenbr\u00fcck\" \/>\n<meta name=\"twitter:label1\" content=\"Verfasst von\" \/>\n\t<meta name=\"twitter:data1\" content=\"Astrid Osenbr\u00fcck\" \/>\n\t<meta name=\"twitter:label2\" content=\"Gesch\u00e4tzte Lesezeit\" \/>\n\t<meta name=\"twitter:data2\" content=\"1\u00a0Minute\" \/>\n<script type=\"application\/ld+json\" class=\"yoast-schema-graph\">{\"@context\":\"https:\/\/schema.org\",\"@graph\":[{\"@type\":\"WebPage\",\"@id\":\"https:\/\/www.naturparkmagazin.de\/dahme-heideseen\/tag-des-offenen-denkmals-2\/\",\"url\":\"https:\/\/www.naturparkmagazin.de\/dahme-heideseen\/tag-des-offenen-denkmals-2\/\",\"name\":\"Tag des offenen Denkmals\u00ae in Kolberg - Naturpark Dahme-Heideseen\",\"isPartOf\":{\"@id\":\"https:\/\/www.naturparkmagazin.de\/dahme-heideseen\/#website\"},\"datePublished\":\"2021-08-17T12:41:36+00:00\",\"dateModified\":\"2021-08-30T06:59:31+00:00\",\"author\":{\"@id\":\"https:\/\/www.naturparkmagazin.de\/dahme-heideseen\/#\/schema\/person\/a0510aafafdf8183c95fc98faf0c9f21\"},\"breadcrumb\":{\"@id\":\"https:\/\/www.naturparkmagazin.de\/dahme-heideseen\/tag-des-offenen-denkmals-2\/#breadcrumb\"},\"inLanguage\":\"de\",\"potentialAction\":[{\"@type\":\"ReadAction\",\"target\":[\"https:\/\/www.naturparkmagazin.de\/dahme-heideseen\/tag-des-offenen-denkmals-2\/\"]}]},{\"@type\":\"BreadcrumbList\",\"@id\":\"https:\/\/www.naturparkmagazin.de\/dahme-heideseen\/tag-des-offenen-denkmals-2\/#breadcrumb\",\"itemListElement\":[{\"@type\":\"ListItem\",\"position\":1,\"name\":\"Home\",\"item\":\"https:\/\/www.naturparkmagazin.de\/dahme-heideseen\/\"},{\"@type\":\"ListItem\",\"position\":2,\"name\":\"Tag des offenen Denkmals\u00ae in Kolberg\"}]},{\"@type\":\"WebSite\",\"@id\":\"https:\/\/www.naturparkmagazin.de\/dahme-heideseen\/#website\",\"url\":\"https:\/\/www.naturparkmagazin.de\/dahme-heideseen\/\",\"name\":\"Naturpark Dahme-Heideseen\",\"description\":\"\",\"potentialAction\":[{\"@type\":\"SearchAction\",\"target\":{\"@type\":\"EntryPoint\",\"urlTemplate\":\"https:\/\/www.naturparkmagazin.de\/dahme-heideseen\/?s={search_term_string}\"},\"query-input\":\"required name=search_term_string\"}],\"inLanguage\":\"de\"},{\"@type\":\"Person\",\"@id\":\"https:\/\/www.naturparkmagazin.de\/dahme-heideseen\/#\/schema\/person\/a0510aafafdf8183c95fc98faf0c9f21\",\"name\":\"Astrid Osenbr\u00fcck\",\"sameAs\":[\"http:\/\/www.dahme-heideseen-naturpark.de\"],\"url\":\"https:\/\/www.naturparkmagazin.de\/dahme-heideseen\/author\/astridosenbrueck\/\"}]}<\/script>\n<!-- \/ Yoast SEO plugin. -->","yoast_head_json":{"title":"Tag des offenen Denkmals\u00ae in Kolberg - Naturpark Dahme-Heideseen","robots":{"index":"index","follow":"follow","max-snippet":"max-snippet:-1","max-image-preview":"max-image-preview:large","max-video-preview":"max-video-preview:-1"},"canonical":"https:\/\/www.naturparkmagazin.de\/dahme-heideseen\/tag-des-offenen-denkmals-2\/","og_locale":"de_DE","og_type":"article","og_title":"Tag des offenen Denkmals\u00ae in Kolberg - Naturpark Dahme-Heideseen","og_description":"Am 12. September 2021 steht der Tag des offenen Denkmals\u00ae unter dem Motto \"Sein &amp; Schein \u2013 in Geschichte, Architektur und Denkmalpflege.\" und findet auf dem Gel\u00e4nde des ehemaligen Funkinstituts Kolberg statt.","og_url":"https:\/\/www.naturparkmagazin.de\/dahme-heideseen\/tag-des-offenen-denkmals-2\/","og_site_name":"Naturpark Dahme-Heideseen","article_published_time":"2021-08-17T12:41:36+00:00","article_modified_time":"2021-08-30T06:59:31+00:00","og_image":[{"width":1080,"height":1080,"url":"https:\/\/www.naturparkmagazin.de\/dahme-heideseen\/wp-content\/uploads\/sites\/37\/TdoD_Kolberg_Newsletter.jpg","type":"image\/jpeg"}],"author":"Astrid Osenbr\u00fcck","twitter_misc":{"Verfasst von":"Astrid Osenbr\u00fcck","Gesch\u00e4tzte Lesezeit":"1\u00a0Minute"},"schema":{"@context":"https:\/\/schema.org","@graph":[{"@type":"WebPage","@id":"https:\/\/www.naturparkmagazin.de\/dahme-heideseen\/tag-des-offenen-denkmals-2\/","url":"https:\/\/www.naturparkmagazin.de\/dahme-heideseen\/tag-des-offenen-denkmals-2\/","name":"Tag des offenen Denkmals\u00ae in Kolberg - Naturpark Dahme-Heideseen","isPartOf":{"@id":"https:\/\/www.naturparkmagazin.de\/dahme-heideseen\/#website"},"datePublished":"2021-08-17T12:41:36+00:00","dateModified":"2021-08-30T06:59:31+00:00","author":{"@id":"https:\/\/www.naturparkmagazin.de\/dahme-heideseen\/#\/schema\/person\/a0510aafafdf8183c95fc98faf0c9f21"},"breadcrumb":{"@id":"https:\/\/www.naturparkmagazin.de\/dahme-heideseen\/tag-des-offenen-denkmals-2\/#breadcrumb"},"inLanguage":"de","potentialAction":[{"@type":"ReadAction","target":["https:\/\/www.naturparkmagazin.de\/dahme-heideseen\/tag-des-offenen-denkmals-2\/"]}]},{"@type":"BreadcrumbList","@id":"https:\/\/www.naturparkmagazin.de\/dahme-heideseen\/tag-des-offenen-denkmals-2\/#breadcrumb","itemListElement":[{"@type":"ListItem","position":1,"name":"Home","item":"https:\/\/www.naturparkmagazin.de\/dahme-heideseen\/"},{"@type":"ListItem","position":2,"name":"Tag des offenen Denkmals\u00ae in Kolberg"}]},{"@type":"WebSite","@id":"https:\/\/www.naturparkmagazin.de\/dahme-heideseen\/#website","url":"https:\/\/www.naturparkmagazin.de\/dahme-heideseen\/","name":"Naturpark Dahme-Heideseen","description":"","potentialAction":[{"@type":"SearchAction","target":{"@type":"EntryPoint","urlTemplate":"https:\/\/www.naturparkmagazin.de\/dahme-heideseen\/?s={search_term_string}"},"query-input":"required name=search_term_string"}],"inLanguage":"de"},{"@type":"Person","@id":"https:\/\/www.naturparkmagazin.de\/dahme-heideseen\/#\/schema\/person\/a0510aafafdf8183c95fc98faf0c9f21","name":"Astrid Osenbr\u00fcck","sameAs":["http:\/\/www.dahme-heideseen-naturpark.de"],"url":"https:\/\/www.naturparkmagazin.de\/dahme-heideseen\/author\/astridosenbrueck\/"}]}},"_links":{"self":[{"href":"https:\/\/www.naturparkmagazin.de\/dahme-heideseen\/wp-json\/wp\/v2\/posts\/3821"}],"collection":[{"href":"https:\/\/www.naturparkmagazin.de\/dahme-heideseen\/wp-json\/wp\/v2\/posts"}],"about":[{"href":"https:\/\/www.naturparkmagazin.de\/dahme-heideseen\/wp-json\/wp\/v2\/types\/post"}],"author":[{"embeddable":true,"href":"https:\/\/www.naturparkmagazin.de\/dahme-heideseen\/wp-json\/wp\/v2\/users\/83"}],"replies":[{"embeddable":true,"href":"https:\/\/www.naturparkmagazin.de\/dahme-heideseen\/wp-json\/wp\/v2\/comments?post=3821"}],"version-history":[{"count":7,"href":"https:\/\/www.naturparkmagazin.de\/dahme-heideseen\/wp-json\/wp\/v2\/posts\/3821\/revisions"}],"predecessor-version":[{"id":3876,"href":"https:\/\/www.naturparkmagazin.de\/dahme-heideseen\/wp-json\/wp\/v2\/posts\/3821\/revisions\/3876"}],"wp:featuredmedia":[{"embeddable":true,"href":"https:\/\/www.naturparkmagazin.de\/dahme-heideseen\/wp-json\/wp\/v2\/media\/3823"}],"wp:attachment":[{"href":"https:\/\/www.naturparkmagazin.de\/dahme-heideseen\/wp-json\/wp\/v2\/media?parent=3821"}],"wp:term":[{"taxonomy":"category","embeddable":true,"href":"https:\/\/www.naturparkmagazin.de\/dahme-heideseen\/wp-json\/wp\/v2\/categories?post=3821"},{"taxonomy":"post_tag","embeddable":true,"href":"https:\/\/www.naturparkmagazin.de\/dahme-heideseen\/wp-json\/wp\/v2\/tags?post=3821"}],"curies":[{"name":"wp","href":"https:\/\/api.w.org\/{rel}","templated":true}]}}