{"id":3838,"date":"2021-07-28T16:52:13","date_gmt":"2021-07-28T14:52:13","guid":{"rendered":"https:\/\/www.naturparkmagazin.de\/dahme-heideseen\/?p=3838"},"modified":"2021-07-28T16:58:37","modified_gmt":"2021-07-28T14:58:37","slug":"liebe-leserinnen-und-leser-3","status":"publish","type":"post","link":"https:\/\/www.naturparkmagazin.de\/dahme-heideseen\/liebe-leserinnen-und-leser-3\/","title":{"rendered":"Liebe Leserinnen und Leser,"},"content":{"rendered":"<p>der August hat einige Veranstaltungs-H\u00f6hepunkte zu bieten.<\/p>\n<p>Entdecken Sie gemeinsam mit den Rangern des Naturparks sch\u00f6ne Radwege und Landschaften beim World Ranger Day am Freitag 30. Juli 2021. Kurzentschlossene k\u00f6nnen sich noch bis Donnerstag Abend anmelden.<\/p>\n<p>Sch\u00fcler*innen aus unserem Naturpark sind herzlich zu den Workshops der Entdecker-Sommerferien eingeladen. Am 3.8. kann man mit Kr\u00e4uterfee Regina Jubitz-M\u00fcller und Schulhund Dax auf spielerische Art und Weise unsere B\u00e4ume und Pflanzen in den W\u00e4ldern kennenlernen. Einen Taschenmesser-F\u00fchrerschein k\u00f6nnen interessierte Kinder am 6.8. absolvieren.<\/p>\n<p>Am 20. 8. findet f\u00fcr Gro\u00df und Klein ein interessanter Abend in Gro\u00df Schauen statt, an dem man alles \u00fcber Nachtschw\u00e4rmer in unserem Naturpark erfahren kann.<\/p>\n<p>Diese und noch weitere interessante Meldungen k\u00f6nnen Sie und diesem Newsletter lesen.<\/p>\n<p>Zuletzt noch ein kurzer Hinweis: Aufgrund der derzeitigen Situation und als Ma\u00dfnahme gegen das Corona-Virus finden im Naturpark viele Veranstaltungen nicht statt. Die\u00a0Rubrik Veranstaltungen und Aktivit\u00e4ten ist in diesem Newsletter vertreten, wir bitten Sie trotzdem kurzfristig zu kl\u00e4ren ob die jeweilige Veranstaltung stattfindet.<\/p>\n<p>Wir w\u00fcnschen eine fr\u00f6hliche und vor allem gesunde Sommerzeit!<\/p>\n<p>Ihr Naturpark-Team<\/p>\n","protected":false},"excerpt":{"rendered":"<p>der August hat einige Veranstaltungs-H\u00f6hepunkte zu bieten. Entdecken Sie gemeinsam mit den Rangern des Naturparks sch\u00f6ne Radwege und Landschaften beim World Ranger Day am Freitag 30. Juli 2021. Kurzentschlossene k\u00f6nnen sich noch bis Donnerstag Abend anmelden. Sch\u00fcler*innen aus unserem Naturpark sind herzlich zu den Workshops der Entdecker-Sommerferien eingeladen. Am 3.8. kann man mit Kr\u00e4uterfee Regina<\/p>\n","protected":false},"author":83,"featured_media":0,"comment_status":"open","ping_status":"open","sticky":false,"template":"","format":"standard","meta":[],"categories":[52],"tags":[],"yoast_head":"<!-- This site is optimized with the Yoast SEO plugin v19.10 - https:\/\/yoast.com\/wordpress\/plugins\/seo\/ -->\n<title>Liebe Leserinnen und Leser, - Naturpark Dahme-Heideseen<\/title>\n<meta name=\"robots\" content=\"index, follow, max-snippet:-1, max-image-preview:large, max-video-preview:-1\" \/>\n<link rel=\"canonical\" href=\"https:\/\/www.naturparkmagazin.de\/dahme-heideseen\/liebe-leserinnen-und-leser-3\/\" \/>\n<meta property=\"og:locale\" content=\"de_DE\" \/>\n<meta property=\"og:type\" content=\"article\" \/>\n<meta property=\"og:title\" content=\"Liebe Leserinnen und Leser, - Naturpark Dahme-Heideseen\" \/>\n<meta property=\"og:description\" content=\"der August hat einige Veranstaltungs-H\u00f6hepunkte zu bieten. Entdecken Sie gemeinsam mit den Rangern des Naturparks sch\u00f6ne Radwege und Landschaften beim World Ranger Day am Freitag 30. Juli 2021. Kurzentschlossene k\u00f6nnen sich noch bis Donnerstag Abend anmelden. Sch\u00fcler*innen aus unserem Naturpark sind herzlich zu den Workshops der Entdecker-Sommerferien eingeladen. Am 3.8. kann man mit Kr\u00e4uterfee Regina\" \/>\n<meta property=\"og:url\" content=\"https:\/\/www.naturparkmagazin.de\/dahme-heideseen\/liebe-leserinnen-und-leser-3\/\" \/>\n<meta property=\"og:site_name\" content=\"Naturpark Dahme-Heideseen\" \/>\n<meta property=\"article:published_time\" content=\"2021-07-28T14:52:13+00:00\" \/>\n<meta property=\"article:modified_time\" content=\"2021-07-28T14:58:37+00:00\" \/>\n<meta name=\"author\" content=\"Astrid Osenbr\u00fcck\" \/>\n<meta name=\"twitter:label1\" content=\"Verfasst von\" \/>\n\t<meta name=\"twitter:data1\" content=\"Astrid Osenbr\u00fcck\" \/>\n\t<meta name=\"twitter:label2\" content=\"Gesch\u00e4tzte Lesezeit\" \/>\n\t<meta name=\"twitter:data2\" content=\"1\u00a0Minute\" \/>\n<script type=\"application\/ld+json\" class=\"yoast-schema-graph\">{\"@context\":\"https:\/\/schema.org\",\"@graph\":[{\"@type\":\"WebPage\",\"@id\":\"https:\/\/www.naturparkmagazin.de\/dahme-heideseen\/liebe-leserinnen-und-leser-3\/\",\"url\":\"https:\/\/www.naturparkmagazin.de\/dahme-heideseen\/liebe-leserinnen-und-leser-3\/\",\"name\":\"Liebe Leserinnen und Leser, - Naturpark Dahme-Heideseen\",\"isPartOf\":{\"@id\":\"https:\/\/www.naturparkmagazin.de\/dahme-heideseen\/#website\"},\"datePublished\":\"2021-07-28T14:52:13+00:00\",\"dateModified\":\"2021-07-28T14:58:37+00:00\",\"author\":{\"@id\":\"https:\/\/www.naturparkmagazin.de\/dahme-heideseen\/#\/schema\/person\/a0510aafafdf8183c95fc98faf0c9f21\"},\"breadcrumb\":{\"@id\":\"https:\/\/www.naturparkmagazin.de\/dahme-heideseen\/liebe-leserinnen-und-leser-3\/#breadcrumb\"},\"inLanguage\":\"de\",\"potentialAction\":[{\"@type\":\"ReadAction\",\"target\":[\"https:\/\/www.naturparkmagazin.de\/dahme-heideseen\/liebe-leserinnen-und-leser-3\/\"]}]},{\"@type\":\"BreadcrumbList\",\"@id\":\"https:\/\/www.naturparkmagazin.de\/dahme-heideseen\/liebe-leserinnen-und-leser-3\/#breadcrumb\",\"itemListElement\":[{\"@type\":\"ListItem\",\"position\":1,\"name\":\"Home\",\"item\":\"https:\/\/www.naturparkmagazin.de\/dahme-heideseen\/\"},{\"@type\":\"ListItem\",\"position\":2,\"name\":\"Liebe Leserinnen und Leser,\"}]},{\"@type\":\"WebSite\",\"@id\":\"https:\/\/www.naturparkmagazin.de\/dahme-heideseen\/#website\",\"url\":\"https:\/\/www.naturparkmagazin.de\/dahme-heideseen\/\",\"name\":\"Naturpark Dahme-Heideseen\",\"description\":\"\",\"potentialAction\":[{\"@type\":\"SearchAction\",\"target\":{\"@type\":\"EntryPoint\",\"urlTemplate\":\"https:\/\/www.naturparkmagazin.de\/dahme-heideseen\/?s={search_term_string}\"},\"query-input\":\"required name=search_term_string\"}],\"inLanguage\":\"de\"},{\"@type\":\"Person\",\"@id\":\"https:\/\/www.naturparkmagazin.de\/dahme-heideseen\/#\/schema\/person\/a0510aafafdf8183c95fc98faf0c9f21\",\"name\":\"Astrid Osenbr\u00fcck\",\"sameAs\":[\"http:\/\/www.dahme-heideseen-naturpark.de\"],\"url\":\"https:\/\/www.naturparkmagazin.de\/dahme-heideseen\/author\/astridosenbrueck\/\"}]}<\/script>\n<!-- \/ Yoast SEO plugin. -->","yoast_head_json":{"title":"Liebe Leserinnen und Leser, - Naturpark Dahme-Heideseen","robots":{"index":"index","follow":"follow","max-snippet":"max-snippet:-1","max-image-preview":"max-image-preview:large","max-video-preview":"max-video-preview:-1"},"canonical":"https:\/\/www.naturparkmagazin.de\/dahme-heideseen\/liebe-leserinnen-und-leser-3\/","og_locale":"de_DE","og_type":"article","og_title":"Liebe Leserinnen und Leser, - Naturpark Dahme-Heideseen","og_description":"der August hat einige Veranstaltungs-H\u00f6hepunkte zu bieten. Entdecken Sie gemeinsam mit den Rangern des Naturparks sch\u00f6ne Radwege und Landschaften beim World Ranger Day am Freitag 30. Juli 2021. Kurzentschlossene k\u00f6nnen sich noch bis Donnerstag Abend anmelden. Sch\u00fcler*innen aus unserem Naturpark sind herzlich zu den Workshops der Entdecker-Sommerferien eingeladen. Am 3.8. kann man mit Kr\u00e4uterfee Regina","og_url":"https:\/\/www.naturparkmagazin.de\/dahme-heideseen\/liebe-leserinnen-und-leser-3\/","og_site_name":"Naturpark Dahme-Heideseen","article_published_time":"2021-07-28T14:52:13+00:00","article_modified_time":"2021-07-28T14:58:37+00:00","author":"Astrid Osenbr\u00fcck","twitter_misc":{"Verfasst von":"Astrid Osenbr\u00fcck","Gesch\u00e4tzte Lesezeit":"1\u00a0Minute"},"schema":{"@context":"https:\/\/schema.org","@graph":[{"@type":"WebPage","@id":"https:\/\/www.naturparkmagazin.de\/dahme-heideseen\/liebe-leserinnen-und-leser-3\/","url":"https:\/\/www.naturparkmagazin.de\/dahme-heideseen\/liebe-leserinnen-und-leser-3\/","name":"Liebe Leserinnen und Leser, - Naturpark Dahme-Heideseen","isPartOf":{"@id":"https:\/\/www.naturparkmagazin.de\/dahme-heideseen\/#website"},"datePublished":"2021-07-28T14:52:13+00:00","dateModified":"2021-07-28T14:58:37+00:00","author":{"@id":"https:\/\/www.naturparkmagazin.de\/dahme-heideseen\/#\/schema\/person\/a0510aafafdf8183c95fc98faf0c9f21"},"breadcrumb":{"@id":"https:\/\/www.naturparkmagazin.de\/dahme-heideseen\/liebe-leserinnen-und-leser-3\/#breadcrumb"},"inLanguage":"de","potentialAction":[{"@type":"ReadAction","target":["https:\/\/www.naturparkmagazin.de\/dahme-heideseen\/liebe-leserinnen-und-leser-3\/"]}]},{"@type":"BreadcrumbList","@id":"https:\/\/www.naturparkmagazin.de\/dahme-heideseen\/liebe-leserinnen-und-leser-3\/#breadcrumb","itemListElement":[{"@type":"ListItem","position":1,"name":"Home","item":"https:\/\/www.naturparkmagazin.de\/dahme-heideseen\/"},{"@type":"ListItem","position":2,"name":"Liebe Leserinnen und Leser,"}]},{"@type":"WebSite","@id":"https:\/\/www.naturparkmagazin.de\/dahme-heideseen\/#website","url":"https:\/\/www.naturparkmagazin.de\/dahme-heideseen\/","name":"Naturpark Dahme-Heideseen","description":"","potentialAction":[{"@type":"SearchAction","target":{"@type":"EntryPoint","urlTemplate":"https:\/\/www.naturparkmagazin.de\/dahme-heideseen\/?s={search_term_string}"},"query-input":"required name=search_term_string"}],"inLanguage":"de"},{"@type":"Person","@id":"https:\/\/www.naturparkmagazin.de\/dahme-heideseen\/#\/schema\/person\/a0510aafafdf8183c95fc98faf0c9f21","name":"Astrid Osenbr\u00fcck","sameAs":["http:\/\/www.dahme-heideseen-naturpark.de"],"url":"https:\/\/www.naturparkmagazin.de\/dahme-heideseen\/author\/astridosenbrueck\/"}]}},"_links":{"self":[{"href":"https:\/\/www.naturparkmagazin.de\/dahme-heideseen\/wp-json\/wp\/v2\/posts\/3838"}],"collection":[{"href":"https:\/\/www.naturparkmagazin.de\/dahme-heideseen\/wp-json\/wp\/v2\/posts"}],"about":[{"href":"https:\/\/www.naturparkmagazin.de\/dahme-heideseen\/wp-json\/wp\/v2\/types\/post"}],"author":[{"embeddable":true,"href":"https:\/\/www.naturparkmagazin.de\/dahme-heideseen\/wp-json\/wp\/v2\/users\/83"}],"replies":[{"embeddable":true,"href":"https:\/\/www.naturparkmagazin.de\/dahme-heideseen\/wp-json\/wp\/v2\/comments?post=3838"}],"version-history":[{"count":1,"href":"https:\/\/www.naturparkmagazin.de\/dahme-heideseen\/wp-json\/wp\/v2\/posts\/3838\/revisions"}],"predecessor-version":[{"id":3839,"href":"https:\/\/www.naturparkmagazin.de\/dahme-heideseen\/wp-json\/wp\/v2\/posts\/3838\/revisions\/3839"}],"wp:attachment":[{"href":"https:\/\/www.naturparkmagazin.de\/dahme-heideseen\/wp-json\/wp\/v2\/media?parent=3838"}],"wp:term":[{"taxonomy":"category","embeddable":true,"href":"https:\/\/www.naturparkmagazin.de\/dahme-heideseen\/wp-json\/wp\/v2\/categories?post=3838"},{"taxonomy":"post_tag","embeddable":true,"href":"https:\/\/www.naturparkmagazin.de\/dahme-heideseen\/wp-json\/wp\/v2\/tags?post=3838"}],"curies":[{"name":"wp","href":"https:\/\/api.w.org\/{rel}","templated":true}]}}