{"id":3851,"date":"2024-08-17T10:35:35","date_gmt":"2024-08-17T08:35:35","guid":{"rendered":"https:\/\/www.naturparkmagazin.de\/dahme-heideseen\/?p=3851"},"modified":"2024-08-22T09:22:27","modified_gmt":"2024-08-22T07:22:27","slug":"die-zweite-heideseer-herbstpartie-laedt-ein","status":"publish","type":"post","link":"https:\/\/www.naturparkmagazin.de\/dahme-heideseen\/die-zweite-heideseer-herbstpartie-laedt-ein\/","title":{"rendered":"Die Heideseer Herbstpartie l\u00e4dt ein.."},"content":{"rendered":"<p>Restaurants, H\u00f6fe und Fischereibetriebe bieten am Sonntag 8. September Interessierten einen Blick hinter die Kulissen des Landlebens. Die Besucher k\u00f6nnen direkt vor Ort Traditionen erleben und regionale Produkte genie\u00dfen. Landwirtschaft zum Anfassen! Das macht den Reiz Heidesees aus.<\/p>\n<p>BesucherInnen als auch GastgeberInnen sch\u00e4tzen die direkte Begegnung im l\u00e4ndlichen Heidesee, wo regionale Spezialit\u00e4ten heranwachsen, verarbeitet und in Landgasth\u00f6fen und zahlreichen Hofl\u00e4den und \u2013caf\u00e9s zum Genie\u00dfen oder zum Mitnehmen angeboten werden.<\/p>\n<p>Denn schon Goethe wusste<\/p>\n<p>\u201ewarum in die Ferne schweifen, wenn das Gute liegt so nah\u201c.<\/p>\n<p><strong>Der Naturpark-Infopunkt und der Biogarten Prieros sind von 11 bis 16 Uhr f\u00fcr Sie ge\u00f6ffnet. Im Infopunkt des Naturparks k\u00f6nnen Sie Maulbeerb\u00e4umchen erwerben, die Dauerausstellung besuchen und interessante Fakten zum Naturpark erfahren.<\/strong><\/p>\n<p>Weitere <a href=\"https:\/\/www.heideseer-herbstpartie.de\/teilnehmer\/\" target=\"_blank\" rel=\"noopener\">Infos zu teilnehmenden GastgeberInnen und Programm finden Sie hier.<\/a><\/p>\n","protected":false},"excerpt":{"rendered":"<p>Restaurants, H\u00f6fe und Fischereibetriebe bieten am Sonntag 8. September Interessierten einen Blick hinter die Kulissen des Landlebens. <\/p>\n","protected":false},"author":83,"featured_media":3466,"comment_status":"open","ping_status":"open","sticky":false,"template":"","format":"standard","meta":[],"categories":[11],"tags":[],"yoast_head":"<!-- This site is optimized with the Yoast SEO plugin v19.10 - https:\/\/yoast.com\/wordpress\/plugins\/seo\/ -->\n<title>Die Heideseer Herbstpartie l\u00e4dt ein.. - Naturpark Dahme-Heideseen<\/title>\n<meta name=\"robots\" content=\"index, follow, max-snippet:-1, max-image-preview:large, max-video-preview:-1\" \/>\n<link rel=\"canonical\" href=\"https:\/\/www.naturparkmagazin.de\/dahme-heideseen\/die-zweite-heideseer-herbstpartie-laedt-ein\/\" \/>\n<meta property=\"og:locale\" content=\"de_DE\" \/>\n<meta property=\"og:type\" content=\"article\" \/>\n<meta property=\"og:title\" content=\"Die Heideseer Herbstpartie l\u00e4dt ein.. - Naturpark Dahme-Heideseen\" \/>\n<meta property=\"og:description\" content=\"Restaurants, H\u00f6fe und Fischereibetriebe bieten am Sonntag 8. September Interessierten einen Blick hinter die Kulissen des Landlebens.\" \/>\n<meta property=\"og:url\" content=\"https:\/\/www.naturparkmagazin.de\/dahme-heideseen\/die-zweite-heideseer-herbstpartie-laedt-ein\/\" \/>\n<meta property=\"og:site_name\" content=\"Naturpark Dahme-Heideseen\" \/>\n<meta property=\"article:published_time\" content=\"2024-08-17T08:35:35+00:00\" \/>\n<meta property=\"article:modified_time\" content=\"2024-08-22T07:22:27+00:00\" \/>\n<meta property=\"og:image\" content=\"https:\/\/www.naturparkmagazin.de\/dahme-heideseen\/wp-content\/uploads\/sites\/37\/20200913_162334-klein.jpg\" \/>\n\t<meta property=\"og:image:width\" content=\"980\" \/>\n\t<meta property=\"og:image:height\" content=\"735\" \/>\n\t<meta property=\"og:image:type\" content=\"image\/jpeg\" \/>\n<meta name=\"author\" content=\"Astrid Osenbr\u00fcck\" \/>\n<meta name=\"twitter:label1\" content=\"Verfasst von\" \/>\n\t<meta name=\"twitter:data1\" content=\"Astrid Osenbr\u00fcck\" \/>\n\t<meta name=\"twitter:label2\" content=\"Gesch\u00e4tzte Lesezeit\" \/>\n\t<meta name=\"twitter:data2\" content=\"1\u00a0Minute\" \/>\n<script type=\"application\/ld+json\" class=\"yoast-schema-graph\">{\"@context\":\"https:\/\/schema.org\",\"@graph\":[{\"@type\":\"WebPage\",\"@id\":\"https:\/\/www.naturparkmagazin.de\/dahme-heideseen\/die-zweite-heideseer-herbstpartie-laedt-ein\/\",\"url\":\"https:\/\/www.naturparkmagazin.de\/dahme-heideseen\/die-zweite-heideseer-herbstpartie-laedt-ein\/\",\"name\":\"Die Heideseer Herbstpartie l\u00e4dt ein.. - Naturpark Dahme-Heideseen\",\"isPartOf\":{\"@id\":\"https:\/\/www.naturparkmagazin.de\/dahme-heideseen\/#website\"},\"datePublished\":\"2024-08-17T08:35:35+00:00\",\"dateModified\":\"2024-08-22T07:22:27+00:00\",\"author\":{\"@id\":\"https:\/\/www.naturparkmagazin.de\/dahme-heideseen\/#\/schema\/person\/a0510aafafdf8183c95fc98faf0c9f21\"},\"breadcrumb\":{\"@id\":\"https:\/\/www.naturparkmagazin.de\/dahme-heideseen\/die-zweite-heideseer-herbstpartie-laedt-ein\/#breadcrumb\"},\"inLanguage\":\"de\",\"potentialAction\":[{\"@type\":\"ReadAction\",\"target\":[\"https:\/\/www.naturparkmagazin.de\/dahme-heideseen\/die-zweite-heideseer-herbstpartie-laedt-ein\/\"]}]},{\"@type\":\"BreadcrumbList\",\"@id\":\"https:\/\/www.naturparkmagazin.de\/dahme-heideseen\/die-zweite-heideseer-herbstpartie-laedt-ein\/#breadcrumb\",\"itemListElement\":[{\"@type\":\"ListItem\",\"position\":1,\"name\":\"Home\",\"item\":\"https:\/\/www.naturparkmagazin.de\/dahme-heideseen\/\"},{\"@type\":\"ListItem\",\"position\":2,\"name\":\"Die Heideseer Herbstpartie l\u00e4dt ein..\"}]},{\"@type\":\"WebSite\",\"@id\":\"https:\/\/www.naturparkmagazin.de\/dahme-heideseen\/#website\",\"url\":\"https:\/\/www.naturparkmagazin.de\/dahme-heideseen\/\",\"name\":\"Naturpark Dahme-Heideseen\",\"description\":\"\",\"potentialAction\":[{\"@type\":\"SearchAction\",\"target\":{\"@type\":\"EntryPoint\",\"urlTemplate\":\"https:\/\/www.naturparkmagazin.de\/dahme-heideseen\/?s={search_term_string}\"},\"query-input\":\"required name=search_term_string\"}],\"inLanguage\":\"de\"},{\"@type\":\"Person\",\"@id\":\"https:\/\/www.naturparkmagazin.de\/dahme-heideseen\/#\/schema\/person\/a0510aafafdf8183c95fc98faf0c9f21\",\"name\":\"Astrid Osenbr\u00fcck\",\"sameAs\":[\"http:\/\/www.dahme-heideseen-naturpark.de\"],\"url\":\"https:\/\/www.naturparkmagazin.de\/dahme-heideseen\/author\/astridosenbrueck\/\"}]}<\/script>\n<!-- \/ Yoast SEO plugin. -->","yoast_head_json":{"title":"Die Heideseer Herbstpartie l\u00e4dt ein.. - Naturpark Dahme-Heideseen","robots":{"index":"index","follow":"follow","max-snippet":"max-snippet:-1","max-image-preview":"max-image-preview:large","max-video-preview":"max-video-preview:-1"},"canonical":"https:\/\/www.naturparkmagazin.de\/dahme-heideseen\/die-zweite-heideseer-herbstpartie-laedt-ein\/","og_locale":"de_DE","og_type":"article","og_title":"Die Heideseer Herbstpartie l\u00e4dt ein.. - Naturpark Dahme-Heideseen","og_description":"Restaurants, H\u00f6fe und Fischereibetriebe bieten am Sonntag 8. September Interessierten einen Blick hinter die Kulissen des Landlebens.","og_url":"https:\/\/www.naturparkmagazin.de\/dahme-heideseen\/die-zweite-heideseer-herbstpartie-laedt-ein\/","og_site_name":"Naturpark Dahme-Heideseen","article_published_time":"2024-08-17T08:35:35+00:00","article_modified_time":"2024-08-22T07:22:27+00:00","og_image":[{"width":980,"height":735,"url":"https:\/\/www.naturparkmagazin.de\/dahme-heideseen\/wp-content\/uploads\/sites\/37\/20200913_162334-klein.jpg","type":"image\/jpeg"}],"author":"Astrid Osenbr\u00fcck","twitter_misc":{"Verfasst von":"Astrid Osenbr\u00fcck","Gesch\u00e4tzte Lesezeit":"1\u00a0Minute"},"schema":{"@context":"https:\/\/schema.org","@graph":[{"@type":"WebPage","@id":"https:\/\/www.naturparkmagazin.de\/dahme-heideseen\/die-zweite-heideseer-herbstpartie-laedt-ein\/","url":"https:\/\/www.naturparkmagazin.de\/dahme-heideseen\/die-zweite-heideseer-herbstpartie-laedt-ein\/","name":"Die Heideseer Herbstpartie l\u00e4dt ein.. - Naturpark Dahme-Heideseen","isPartOf":{"@id":"https:\/\/www.naturparkmagazin.de\/dahme-heideseen\/#website"},"datePublished":"2024-08-17T08:35:35+00:00","dateModified":"2024-08-22T07:22:27+00:00","author":{"@id":"https:\/\/www.naturparkmagazin.de\/dahme-heideseen\/#\/schema\/person\/a0510aafafdf8183c95fc98faf0c9f21"},"breadcrumb":{"@id":"https:\/\/www.naturparkmagazin.de\/dahme-heideseen\/die-zweite-heideseer-herbstpartie-laedt-ein\/#breadcrumb"},"inLanguage":"de","potentialAction":[{"@type":"ReadAction","target":["https:\/\/www.naturparkmagazin.de\/dahme-heideseen\/die-zweite-heideseer-herbstpartie-laedt-ein\/"]}]},{"@type":"BreadcrumbList","@id":"https:\/\/www.naturparkmagazin.de\/dahme-heideseen\/die-zweite-heideseer-herbstpartie-laedt-ein\/#breadcrumb","itemListElement":[{"@type":"ListItem","position":1,"name":"Home","item":"https:\/\/www.naturparkmagazin.de\/dahme-heideseen\/"},{"@type":"ListItem","position":2,"name":"Die Heideseer Herbstpartie l\u00e4dt ein.."}]},{"@type":"WebSite","@id":"https:\/\/www.naturparkmagazin.de\/dahme-heideseen\/#website","url":"https:\/\/www.naturparkmagazin.de\/dahme-heideseen\/","name":"Naturpark Dahme-Heideseen","description":"","potentialAction":[{"@type":"SearchAction","target":{"@type":"EntryPoint","urlTemplate":"https:\/\/www.naturparkmagazin.de\/dahme-heideseen\/?s={search_term_string}"},"query-input":"required name=search_term_string"}],"inLanguage":"de"},{"@type":"Person","@id":"https:\/\/www.naturparkmagazin.de\/dahme-heideseen\/#\/schema\/person\/a0510aafafdf8183c95fc98faf0c9f21","name":"Astrid Osenbr\u00fcck","sameAs":["http:\/\/www.dahme-heideseen-naturpark.de"],"url":"https:\/\/www.naturparkmagazin.de\/dahme-heideseen\/author\/astridosenbrueck\/"}]}},"_links":{"self":[{"href":"https:\/\/www.naturparkmagazin.de\/dahme-heideseen\/wp-json\/wp\/v2\/posts\/3851"}],"collection":[{"href":"https:\/\/www.naturparkmagazin.de\/dahme-heideseen\/wp-json\/wp\/v2\/posts"}],"about":[{"href":"https:\/\/www.naturparkmagazin.de\/dahme-heideseen\/wp-json\/wp\/v2\/types\/post"}],"author":[{"embeddable":true,"href":"https:\/\/www.naturparkmagazin.de\/dahme-heideseen\/wp-json\/wp\/v2\/users\/83"}],"replies":[{"embeddable":true,"href":"https:\/\/www.naturparkmagazin.de\/dahme-heideseen\/wp-json\/wp\/v2\/comments?post=3851"}],"version-history":[{"count":6,"href":"https:\/\/www.naturparkmagazin.de\/dahme-heideseen\/wp-json\/wp\/v2\/posts\/3851\/revisions"}],"predecessor-version":[{"id":6379,"href":"https:\/\/www.naturparkmagazin.de\/dahme-heideseen\/wp-json\/wp\/v2\/posts\/3851\/revisions\/6379"}],"wp:featuredmedia":[{"embeddable":true,"href":"https:\/\/www.naturparkmagazin.de\/dahme-heideseen\/wp-json\/wp\/v2\/media\/3466"}],"wp:attachment":[{"href":"https:\/\/www.naturparkmagazin.de\/dahme-heideseen\/wp-json\/wp\/v2\/media?parent=3851"}],"wp:term":[{"taxonomy":"category","embeddable":true,"href":"https:\/\/www.naturparkmagazin.de\/dahme-heideseen\/wp-json\/wp\/v2\/categories?post=3851"},{"taxonomy":"post_tag","embeddable":true,"href":"https:\/\/www.naturparkmagazin.de\/dahme-heideseen\/wp-json\/wp\/v2\/tags?post=3851"}],"curies":[{"name":"wp","href":"https:\/\/api.w.org\/{rel}","templated":true}]}}