{"id":3857,"date":"2021-08-19T13:44:04","date_gmt":"2021-08-19T11:44:04","guid":{"rendered":"https:\/\/www.naturparkmagazin.de\/dahme-heideseen\/?p=3857"},"modified":"2021-08-19T13:46:55","modified_gmt":"2021-08-19T11:46:55","slug":"du-und-dein-garten-im-naturpark-herbstzeit-ist-pflanzzeit","status":"publish","type":"post","link":"https:\/\/www.naturparkmagazin.de\/dahme-heideseen\/du-und-dein-garten-im-naturpark-herbstzeit-ist-pflanzzeit\/","title":{"rendered":"Du und Dein Garten im Naturpark: Herbstzeit ist Pflanzzeit"},"content":{"rendered":"<p>Du und Dein Garten im Naturpark:<\/p>\n<p><strong>Herbstzeit ist Pflanzzeit<\/strong><\/p>\n<p>Freiluft-Seminar mit Franz Heitzendorfer<\/p>\n<p>Orte des Lebens \u2013 Biotope \u2013 gestalten mit Obst, Gem\u00fcse, Kr\u00e4uter und Stauden in Perma- und \u00d6kokultur.<\/p>\n","protected":false},"excerpt":{"rendered":"<p>Freiluft-Seminar mit Franz Heitzendorfer zum Thema &#8222;Orte des Lebens \u2013 Biotope \u2013 gestalten mit Obst, Gem\u00fcse, Kr\u00e4uter und Stauden in Perma- und \u00d6kokultur&#8220;<\/p>\n","protected":false},"author":83,"featured_media":3860,"comment_status":"open","ping_status":"open","sticky":false,"template":"","format":"standard","meta":[],"categories":[11],"tags":[],"yoast_head":"<!-- This site is optimized with the Yoast SEO plugin v19.10 - https:\/\/yoast.com\/wordpress\/plugins\/seo\/ -->\n<title>Du und Dein Garten im Naturpark: Herbstzeit ist Pflanzzeit - Naturpark Dahme-Heideseen<\/title>\n<meta name=\"robots\" content=\"index, follow, max-snippet:-1, max-image-preview:large, max-video-preview:-1\" \/>\n<link rel=\"canonical\" href=\"https:\/\/www.naturparkmagazin.de\/dahme-heideseen\/du-und-dein-garten-im-naturpark-herbstzeit-ist-pflanzzeit\/\" \/>\n<meta property=\"og:locale\" content=\"de_DE\" \/>\n<meta property=\"og:type\" content=\"article\" \/>\n<meta property=\"og:title\" content=\"Du und Dein Garten im Naturpark: Herbstzeit ist Pflanzzeit - Naturpark Dahme-Heideseen\" \/>\n<meta property=\"og:description\" content=\"Freiluft-Seminar mit Franz Heitzendorfer zum Thema &quot;Orte des Lebens \u2013 Biotope \u2013 gestalten mit Obst, Gem\u00fcse, Kr\u00e4uter und Stauden in Perma- und \u00d6kokultur&quot;\" \/>\n<meta property=\"og:url\" content=\"https:\/\/www.naturparkmagazin.de\/dahme-heideseen\/du-und-dein-garten-im-naturpark-herbstzeit-ist-pflanzzeit\/\" \/>\n<meta property=\"og:site_name\" content=\"Naturpark Dahme-Heideseen\" \/>\n<meta property=\"article:published_time\" content=\"2021-08-19T11:44:04+00:00\" \/>\n<meta property=\"article:modified_time\" content=\"2021-08-19T11:46:55+00:00\" \/>\n<meta property=\"og:image\" content=\"https:\/\/www.naturparkmagazin.de\/dahme-heideseen\/wp-content\/uploads\/sites\/37\/pexels-anna-shvets-5231010.jpg\" \/>\n\t<meta property=\"og:image:width\" content=\"593\" \/>\n\t<meta property=\"og:image:height\" content=\"890\" \/>\n\t<meta property=\"og:image:type\" content=\"image\/jpeg\" \/>\n<meta name=\"author\" content=\"Astrid Osenbr\u00fcck\" \/>\n<meta name=\"twitter:label1\" content=\"Verfasst von\" \/>\n\t<meta name=\"twitter:data1\" content=\"Astrid Osenbr\u00fcck\" \/>\n<script type=\"application\/ld+json\" class=\"yoast-schema-graph\">{\"@context\":\"https:\/\/schema.org\",\"@graph\":[{\"@type\":\"WebPage\",\"@id\":\"https:\/\/www.naturparkmagazin.de\/dahme-heideseen\/du-und-dein-garten-im-naturpark-herbstzeit-ist-pflanzzeit\/\",\"url\":\"https:\/\/www.naturparkmagazin.de\/dahme-heideseen\/du-und-dein-garten-im-naturpark-herbstzeit-ist-pflanzzeit\/\",\"name\":\"Du und Dein Garten im Naturpark: Herbstzeit ist Pflanzzeit - Naturpark Dahme-Heideseen\",\"isPartOf\":{\"@id\":\"https:\/\/www.naturparkmagazin.de\/dahme-heideseen\/#website\"},\"datePublished\":\"2021-08-19T11:44:04+00:00\",\"dateModified\":\"2021-08-19T11:46:55+00:00\",\"author\":{\"@id\":\"https:\/\/www.naturparkmagazin.de\/dahme-heideseen\/#\/schema\/person\/a0510aafafdf8183c95fc98faf0c9f21\"},\"breadcrumb\":{\"@id\":\"https:\/\/www.naturparkmagazin.de\/dahme-heideseen\/du-und-dein-garten-im-naturpark-herbstzeit-ist-pflanzzeit\/#breadcrumb\"},\"inLanguage\":\"de\",\"potentialAction\":[{\"@type\":\"ReadAction\",\"target\":[\"https:\/\/www.naturparkmagazin.de\/dahme-heideseen\/du-und-dein-garten-im-naturpark-herbstzeit-ist-pflanzzeit\/\"]}]},{\"@type\":\"BreadcrumbList\",\"@id\":\"https:\/\/www.naturparkmagazin.de\/dahme-heideseen\/du-und-dein-garten-im-naturpark-herbstzeit-ist-pflanzzeit\/#breadcrumb\",\"itemListElement\":[{\"@type\":\"ListItem\",\"position\":1,\"name\":\"Home\",\"item\":\"https:\/\/www.naturparkmagazin.de\/dahme-heideseen\/\"},{\"@type\":\"ListItem\",\"position\":2,\"name\":\"Du und Dein Garten im Naturpark: Herbstzeit ist Pflanzzeit\"}]},{\"@type\":\"WebSite\",\"@id\":\"https:\/\/www.naturparkmagazin.de\/dahme-heideseen\/#website\",\"url\":\"https:\/\/www.naturparkmagazin.de\/dahme-heideseen\/\",\"name\":\"Naturpark Dahme-Heideseen\",\"description\":\"\",\"potentialAction\":[{\"@type\":\"SearchAction\",\"target\":{\"@type\":\"EntryPoint\",\"urlTemplate\":\"https:\/\/www.naturparkmagazin.de\/dahme-heideseen\/?s={search_term_string}\"},\"query-input\":\"required name=search_term_string\"}],\"inLanguage\":\"de\"},{\"@type\":\"Person\",\"@id\":\"https:\/\/www.naturparkmagazin.de\/dahme-heideseen\/#\/schema\/person\/a0510aafafdf8183c95fc98faf0c9f21\",\"name\":\"Astrid Osenbr\u00fcck\",\"sameAs\":[\"http:\/\/www.dahme-heideseen-naturpark.de\"],\"url\":\"https:\/\/www.naturparkmagazin.de\/dahme-heideseen\/author\/astridosenbrueck\/\"}]}<\/script>\n<!-- \/ Yoast SEO plugin. -->","yoast_head_json":{"title":"Du und Dein Garten im Naturpark: Herbstzeit ist Pflanzzeit - Naturpark Dahme-Heideseen","robots":{"index":"index","follow":"follow","max-snippet":"max-snippet:-1","max-image-preview":"max-image-preview:large","max-video-preview":"max-video-preview:-1"},"canonical":"https:\/\/www.naturparkmagazin.de\/dahme-heideseen\/du-und-dein-garten-im-naturpark-herbstzeit-ist-pflanzzeit\/","og_locale":"de_DE","og_type":"article","og_title":"Du und Dein Garten im Naturpark: Herbstzeit ist Pflanzzeit - Naturpark Dahme-Heideseen","og_description":"Freiluft-Seminar mit Franz Heitzendorfer zum Thema \"Orte des Lebens \u2013 Biotope \u2013 gestalten mit Obst, Gem\u00fcse, Kr\u00e4uter und Stauden in Perma- und \u00d6kokultur\"","og_url":"https:\/\/www.naturparkmagazin.de\/dahme-heideseen\/du-und-dein-garten-im-naturpark-herbstzeit-ist-pflanzzeit\/","og_site_name":"Naturpark Dahme-Heideseen","article_published_time":"2021-08-19T11:44:04+00:00","article_modified_time":"2021-08-19T11:46:55+00:00","og_image":[{"width":593,"height":890,"url":"https:\/\/www.naturparkmagazin.de\/dahme-heideseen\/wp-content\/uploads\/sites\/37\/pexels-anna-shvets-5231010.jpg","type":"image\/jpeg"}],"author":"Astrid Osenbr\u00fcck","twitter_misc":{"Verfasst von":"Astrid Osenbr\u00fcck"},"schema":{"@context":"https:\/\/schema.org","@graph":[{"@type":"WebPage","@id":"https:\/\/www.naturparkmagazin.de\/dahme-heideseen\/du-und-dein-garten-im-naturpark-herbstzeit-ist-pflanzzeit\/","url":"https:\/\/www.naturparkmagazin.de\/dahme-heideseen\/du-und-dein-garten-im-naturpark-herbstzeit-ist-pflanzzeit\/","name":"Du und Dein Garten im Naturpark: Herbstzeit ist Pflanzzeit - Naturpark Dahme-Heideseen","isPartOf":{"@id":"https:\/\/www.naturparkmagazin.de\/dahme-heideseen\/#website"},"datePublished":"2021-08-19T11:44:04+00:00","dateModified":"2021-08-19T11:46:55+00:00","author":{"@id":"https:\/\/www.naturparkmagazin.de\/dahme-heideseen\/#\/schema\/person\/a0510aafafdf8183c95fc98faf0c9f21"},"breadcrumb":{"@id":"https:\/\/www.naturparkmagazin.de\/dahme-heideseen\/du-und-dein-garten-im-naturpark-herbstzeit-ist-pflanzzeit\/#breadcrumb"},"inLanguage":"de","potentialAction":[{"@type":"ReadAction","target":["https:\/\/www.naturparkmagazin.de\/dahme-heideseen\/du-und-dein-garten-im-naturpark-herbstzeit-ist-pflanzzeit\/"]}]},{"@type":"BreadcrumbList","@id":"https:\/\/www.naturparkmagazin.de\/dahme-heideseen\/du-und-dein-garten-im-naturpark-herbstzeit-ist-pflanzzeit\/#breadcrumb","itemListElement":[{"@type":"ListItem","position":1,"name":"Home","item":"https:\/\/www.naturparkmagazin.de\/dahme-heideseen\/"},{"@type":"ListItem","position":2,"name":"Du und Dein Garten im Naturpark: Herbstzeit ist Pflanzzeit"}]},{"@type":"WebSite","@id":"https:\/\/www.naturparkmagazin.de\/dahme-heideseen\/#website","url":"https:\/\/www.naturparkmagazin.de\/dahme-heideseen\/","name":"Naturpark Dahme-Heideseen","description":"","potentialAction":[{"@type":"SearchAction","target":{"@type":"EntryPoint","urlTemplate":"https:\/\/www.naturparkmagazin.de\/dahme-heideseen\/?s={search_term_string}"},"query-input":"required name=search_term_string"}],"inLanguage":"de"},{"@type":"Person","@id":"https:\/\/www.naturparkmagazin.de\/dahme-heideseen\/#\/schema\/person\/a0510aafafdf8183c95fc98faf0c9f21","name":"Astrid Osenbr\u00fcck","sameAs":["http:\/\/www.dahme-heideseen-naturpark.de"],"url":"https:\/\/www.naturparkmagazin.de\/dahme-heideseen\/author\/astridosenbrueck\/"}]}},"_links":{"self":[{"href":"https:\/\/www.naturparkmagazin.de\/dahme-heideseen\/wp-json\/wp\/v2\/posts\/3857"}],"collection":[{"href":"https:\/\/www.naturparkmagazin.de\/dahme-heideseen\/wp-json\/wp\/v2\/posts"}],"about":[{"href":"https:\/\/www.naturparkmagazin.de\/dahme-heideseen\/wp-json\/wp\/v2\/types\/post"}],"author":[{"embeddable":true,"href":"https:\/\/www.naturparkmagazin.de\/dahme-heideseen\/wp-json\/wp\/v2\/users\/83"}],"replies":[{"embeddable":true,"href":"https:\/\/www.naturparkmagazin.de\/dahme-heideseen\/wp-json\/wp\/v2\/comments?post=3857"}],"version-history":[{"count":1,"href":"https:\/\/www.naturparkmagazin.de\/dahme-heideseen\/wp-json\/wp\/v2\/posts\/3857\/revisions"}],"predecessor-version":[{"id":3861,"href":"https:\/\/www.naturparkmagazin.de\/dahme-heideseen\/wp-json\/wp\/v2\/posts\/3857\/revisions\/3861"}],"wp:featuredmedia":[{"embeddable":true,"href":"https:\/\/www.naturparkmagazin.de\/dahme-heideseen\/wp-json\/wp\/v2\/media\/3860"}],"wp:attachment":[{"href":"https:\/\/www.naturparkmagazin.de\/dahme-heideseen\/wp-json\/wp\/v2\/media?parent=3857"}],"wp:term":[{"taxonomy":"category","embeddable":true,"href":"https:\/\/www.naturparkmagazin.de\/dahme-heideseen\/wp-json\/wp\/v2\/categories?post=3857"},{"taxonomy":"post_tag","embeddable":true,"href":"https:\/\/www.naturparkmagazin.de\/dahme-heideseen\/wp-json\/wp\/v2\/tags?post=3857"}],"curies":[{"name":"wp","href":"https:\/\/api.w.org\/{rel}","templated":true}]}}