{"id":3889,"date":"2021-09-23T19:43:47","date_gmt":"2021-09-23T17:43:47","guid":{"rendered":"https:\/\/www.naturparkmagazin.de\/dahme-heideseen\/?p=3889"},"modified":"2021-09-23T19:43:47","modified_gmt":"2021-09-23T17:43:47","slug":"carsten-preuss-ist-neuer-leiter-des-naturparks-dahme-heideseen","status":"publish","type":"post","link":"https:\/\/www.naturparkmagazin.de\/dahme-heideseen\/carsten-preuss-ist-neuer-leiter-des-naturparks-dahme-heideseen\/","title":{"rendered":"Carsten Preu\u00df ist neuer Leiter des Naturparks Dahme-Heideseen"},"content":{"rendered":"<p>Am Freitag, 3. September reiste Axel Vogel, Umweltminister des Landes Brandenburg, nach Prieros, um den neuen Leiter des Naturparks Dahme-Heideseen im Amt zu begr\u00fc\u00dfen. In einer au\u00dferordentlichen Sitzung lernte Carsten Preu\u00df die Mitglieder des Kuratoriums kennen und freut sich, auch mit den weiteren Akteure des Naturparks in Kontakt zu kommen.<\/p>\n<p>Carsten Preu\u00df \u00fcbernimmt im Naturpark die Leitung \u00fcber ein derzeit vierk\u00f6pfiges Team und eine Bundesfreiwillige. In seiner neuen Funktion wird er die verschiedenen Aufgabenbereiche des Naturparks \u2013 Naturschutz, Bildung f\u00fcr nachhaltige Entwicklung, nachhaltige Regionalentwicklung und Naturtourismus \u2013 f\u00f6rdern, st\u00e4rken und koordinieren sowie den Naturpark als Motor der Region weiterentwickeln.<\/p>\n<p>Umweltminister Axel Vogel: \u201eDer Naturpark Dahme-Heideseen bekommt mit Carsten Preu\u00df einen ausgewiesenen Fachmann sowie langj\u00e4hrig engagierten Mitstreiter f\u00fcr die Weiterentwicklung der Nationalen Naturlandschaften in Brandenburg. Ich freue mich auf neue Impulse durch die neue Leitung und w\u00fcnsche Carsten Preu\u00df viel Erfolg f\u00fcr diese anspruchsvolle Aufgabe.\u201c<\/p>\n<p>Der geb\u00fcrtige Luckenwalder hat zuvor viele Jahre im Umweltamt der Kreisverwaltung Zossen und sp\u00e4ter in der Kreisverwaltung Teltow-Fl\u00e4ming gearbeitet. Er ist ehrenamtlich aktiv, unter anderem seit 2008 als Mitglied der Stadtverordnetenversammlung Zossen. Seit 2004 ist er Mitglied im Landesvorstand des BUND Brandenburg und seit 2016 Landesvorsitzender. Sein Vorg\u00e4nger in der Naturparkleitung, Gunnar Heyne, hatte die Verwaltung der Brandenburger Naturlandschaft zuvor knapp zehn Jahre geleitet und ist nun Leiter der Berliner Forsten.<\/p>\n","protected":false},"excerpt":{"rendered":"<p>Seit dem 1. September hat der Naturpark Dahme-Heideseen mit Carsten Preu\u00df einen neuen Leiter. In einer au\u00dferordentlichen Kuratoriums-Sitzung f\u00fchrte ihn Umweltminister Axel Vogel in sein neues Amt ein.<\/p>\n","protected":false},"author":83,"featured_media":3891,"comment_status":"open","ping_status":"open","sticky":false,"template":"","format":"standard","meta":[],"categories":[7],"tags":[],"yoast_head":"<!-- This site is optimized with the Yoast SEO plugin v19.10 - https:\/\/yoast.com\/wordpress\/plugins\/seo\/ -->\n<title>Carsten Preu\u00df ist neuer Leiter des Naturparks Dahme-Heideseen - Naturpark Dahme-Heideseen<\/title>\n<meta name=\"robots\" content=\"index, follow, max-snippet:-1, max-image-preview:large, max-video-preview:-1\" \/>\n<link rel=\"canonical\" href=\"https:\/\/www.naturparkmagazin.de\/dahme-heideseen\/carsten-preuss-ist-neuer-leiter-des-naturparks-dahme-heideseen\/\" \/>\n<meta property=\"og:locale\" content=\"de_DE\" \/>\n<meta property=\"og:type\" content=\"article\" \/>\n<meta property=\"og:title\" content=\"Carsten Preu\u00df ist neuer Leiter des Naturparks Dahme-Heideseen - Naturpark Dahme-Heideseen\" \/>\n<meta property=\"og:description\" content=\"Seit dem 1. September hat der Naturpark Dahme-Heideseen mit Carsten Preu\u00df einen neuen Leiter. In einer au\u00dferordentlichen Kuratoriums-Sitzung f\u00fchrte ihn Umweltminister Axel Vogel in sein neues Amt ein.\" \/>\n<meta property=\"og:url\" content=\"https:\/\/www.naturparkmagazin.de\/dahme-heideseen\/carsten-preuss-ist-neuer-leiter-des-naturparks-dahme-heideseen\/\" \/>\n<meta property=\"og:site_name\" content=\"Naturpark Dahme-Heideseen\" \/>\n<meta property=\"article:published_time\" content=\"2021-09-23T17:43:47+00:00\" \/>\n<meta property=\"og:image\" content=\"https:\/\/www.naturparkmagazin.de\/dahme-heideseen\/wp-content\/uploads\/sites\/37\/Kuratoriumsitzung-Theresa-Schwalbe-klein.jpg\" \/>\n\t<meta property=\"og:image:width\" content=\"1162\" \/>\n\t<meta property=\"og:image:height\" content=\"778\" \/>\n\t<meta property=\"og:image:type\" content=\"image\/jpeg\" \/>\n<meta name=\"author\" content=\"Astrid Osenbr\u00fcck\" \/>\n<meta name=\"twitter:label1\" content=\"Verfasst von\" \/>\n\t<meta name=\"twitter:data1\" content=\"Astrid Osenbr\u00fcck\" \/>\n\t<meta name=\"twitter:label2\" content=\"Gesch\u00e4tzte Lesezeit\" \/>\n\t<meta name=\"twitter:data2\" content=\"1\u00a0Minute\" \/>\n<script type=\"application\/ld+json\" class=\"yoast-schema-graph\">{\"@context\":\"https:\/\/schema.org\",\"@graph\":[{\"@type\":\"WebPage\",\"@id\":\"https:\/\/www.naturparkmagazin.de\/dahme-heideseen\/carsten-preuss-ist-neuer-leiter-des-naturparks-dahme-heideseen\/\",\"url\":\"https:\/\/www.naturparkmagazin.de\/dahme-heideseen\/carsten-preuss-ist-neuer-leiter-des-naturparks-dahme-heideseen\/\",\"name\":\"Carsten Preu\u00df ist neuer Leiter des Naturparks Dahme-Heideseen - Naturpark Dahme-Heideseen\",\"isPartOf\":{\"@id\":\"https:\/\/www.naturparkmagazin.de\/dahme-heideseen\/#website\"},\"datePublished\":\"2021-09-23T17:43:47+00:00\",\"dateModified\":\"2021-09-23T17:43:47+00:00\",\"author\":{\"@id\":\"https:\/\/www.naturparkmagazin.de\/dahme-heideseen\/#\/schema\/person\/a0510aafafdf8183c95fc98faf0c9f21\"},\"breadcrumb\":{\"@id\":\"https:\/\/www.naturparkmagazin.de\/dahme-heideseen\/carsten-preuss-ist-neuer-leiter-des-naturparks-dahme-heideseen\/#breadcrumb\"},\"inLanguage\":\"de\",\"potentialAction\":[{\"@type\":\"ReadAction\",\"target\":[\"https:\/\/www.naturparkmagazin.de\/dahme-heideseen\/carsten-preuss-ist-neuer-leiter-des-naturparks-dahme-heideseen\/\"]}]},{\"@type\":\"BreadcrumbList\",\"@id\":\"https:\/\/www.naturparkmagazin.de\/dahme-heideseen\/carsten-preuss-ist-neuer-leiter-des-naturparks-dahme-heideseen\/#breadcrumb\",\"itemListElement\":[{\"@type\":\"ListItem\",\"position\":1,\"name\":\"Home\",\"item\":\"https:\/\/www.naturparkmagazin.de\/dahme-heideseen\/\"},{\"@type\":\"ListItem\",\"position\":2,\"name\":\"Carsten Preu\u00df ist neuer Leiter des Naturparks Dahme-Heideseen\"}]},{\"@type\":\"WebSite\",\"@id\":\"https:\/\/www.naturparkmagazin.de\/dahme-heideseen\/#website\",\"url\":\"https:\/\/www.naturparkmagazin.de\/dahme-heideseen\/\",\"name\":\"Naturpark Dahme-Heideseen\",\"description\":\"\",\"potentialAction\":[{\"@type\":\"SearchAction\",\"target\":{\"@type\":\"EntryPoint\",\"urlTemplate\":\"https:\/\/www.naturparkmagazin.de\/dahme-heideseen\/?s={search_term_string}\"},\"query-input\":\"required name=search_term_string\"}],\"inLanguage\":\"de\"},{\"@type\":\"Person\",\"@id\":\"https:\/\/www.naturparkmagazin.de\/dahme-heideseen\/#\/schema\/person\/a0510aafafdf8183c95fc98faf0c9f21\",\"name\":\"Astrid Osenbr\u00fcck\",\"sameAs\":[\"http:\/\/www.dahme-heideseen-naturpark.de\"],\"url\":\"https:\/\/www.naturparkmagazin.de\/dahme-heideseen\/author\/astridosenbrueck\/\"}]}<\/script>\n<!-- \/ Yoast SEO plugin. -->","yoast_head_json":{"title":"Carsten Preu\u00df ist neuer Leiter des Naturparks Dahme-Heideseen - Naturpark Dahme-Heideseen","robots":{"index":"index","follow":"follow","max-snippet":"max-snippet:-1","max-image-preview":"max-image-preview:large","max-video-preview":"max-video-preview:-1"},"canonical":"https:\/\/www.naturparkmagazin.de\/dahme-heideseen\/carsten-preuss-ist-neuer-leiter-des-naturparks-dahme-heideseen\/","og_locale":"de_DE","og_type":"article","og_title":"Carsten Preu\u00df ist neuer Leiter des Naturparks Dahme-Heideseen - Naturpark Dahme-Heideseen","og_description":"Seit dem 1. September hat der Naturpark Dahme-Heideseen mit Carsten Preu\u00df einen neuen Leiter. In einer au\u00dferordentlichen Kuratoriums-Sitzung f\u00fchrte ihn Umweltminister Axel Vogel in sein neues Amt ein.","og_url":"https:\/\/www.naturparkmagazin.de\/dahme-heideseen\/carsten-preuss-ist-neuer-leiter-des-naturparks-dahme-heideseen\/","og_site_name":"Naturpark Dahme-Heideseen","article_published_time":"2021-09-23T17:43:47+00:00","og_image":[{"width":1162,"height":778,"url":"https:\/\/www.naturparkmagazin.de\/dahme-heideseen\/wp-content\/uploads\/sites\/37\/Kuratoriumsitzung-Theresa-Schwalbe-klein.jpg","type":"image\/jpeg"}],"author":"Astrid Osenbr\u00fcck","twitter_misc":{"Verfasst von":"Astrid Osenbr\u00fcck","Gesch\u00e4tzte Lesezeit":"1\u00a0Minute"},"schema":{"@context":"https:\/\/schema.org","@graph":[{"@type":"WebPage","@id":"https:\/\/www.naturparkmagazin.de\/dahme-heideseen\/carsten-preuss-ist-neuer-leiter-des-naturparks-dahme-heideseen\/","url":"https:\/\/www.naturparkmagazin.de\/dahme-heideseen\/carsten-preuss-ist-neuer-leiter-des-naturparks-dahme-heideseen\/","name":"Carsten Preu\u00df ist neuer Leiter des Naturparks Dahme-Heideseen - Naturpark Dahme-Heideseen","isPartOf":{"@id":"https:\/\/www.naturparkmagazin.de\/dahme-heideseen\/#website"},"datePublished":"2021-09-23T17:43:47+00:00","dateModified":"2021-09-23T17:43:47+00:00","author":{"@id":"https:\/\/www.naturparkmagazin.de\/dahme-heideseen\/#\/schema\/person\/a0510aafafdf8183c95fc98faf0c9f21"},"breadcrumb":{"@id":"https:\/\/www.naturparkmagazin.de\/dahme-heideseen\/carsten-preuss-ist-neuer-leiter-des-naturparks-dahme-heideseen\/#breadcrumb"},"inLanguage":"de","potentialAction":[{"@type":"ReadAction","target":["https:\/\/www.naturparkmagazin.de\/dahme-heideseen\/carsten-preuss-ist-neuer-leiter-des-naturparks-dahme-heideseen\/"]}]},{"@type":"BreadcrumbList","@id":"https:\/\/www.naturparkmagazin.de\/dahme-heideseen\/carsten-preuss-ist-neuer-leiter-des-naturparks-dahme-heideseen\/#breadcrumb","itemListElement":[{"@type":"ListItem","position":1,"name":"Home","item":"https:\/\/www.naturparkmagazin.de\/dahme-heideseen\/"},{"@type":"ListItem","position":2,"name":"Carsten Preu\u00df ist neuer Leiter des Naturparks Dahme-Heideseen"}]},{"@type":"WebSite","@id":"https:\/\/www.naturparkmagazin.de\/dahme-heideseen\/#website","url":"https:\/\/www.naturparkmagazin.de\/dahme-heideseen\/","name":"Naturpark Dahme-Heideseen","description":"","potentialAction":[{"@type":"SearchAction","target":{"@type":"EntryPoint","urlTemplate":"https:\/\/www.naturparkmagazin.de\/dahme-heideseen\/?s={search_term_string}"},"query-input":"required name=search_term_string"}],"inLanguage":"de"},{"@type":"Person","@id":"https:\/\/www.naturparkmagazin.de\/dahme-heideseen\/#\/schema\/person\/a0510aafafdf8183c95fc98faf0c9f21","name":"Astrid Osenbr\u00fcck","sameAs":["http:\/\/www.dahme-heideseen-naturpark.de"],"url":"https:\/\/www.naturparkmagazin.de\/dahme-heideseen\/author\/astridosenbrueck\/"}]}},"_links":{"self":[{"href":"https:\/\/www.naturparkmagazin.de\/dahme-heideseen\/wp-json\/wp\/v2\/posts\/3889"}],"collection":[{"href":"https:\/\/www.naturparkmagazin.de\/dahme-heideseen\/wp-json\/wp\/v2\/posts"}],"about":[{"href":"https:\/\/www.naturparkmagazin.de\/dahme-heideseen\/wp-json\/wp\/v2\/types\/post"}],"author":[{"embeddable":true,"href":"https:\/\/www.naturparkmagazin.de\/dahme-heideseen\/wp-json\/wp\/v2\/users\/83"}],"replies":[{"embeddable":true,"href":"https:\/\/www.naturparkmagazin.de\/dahme-heideseen\/wp-json\/wp\/v2\/comments?post=3889"}],"version-history":[{"count":1,"href":"https:\/\/www.naturparkmagazin.de\/dahme-heideseen\/wp-json\/wp\/v2\/posts\/3889\/revisions"}],"predecessor-version":[{"id":3892,"href":"https:\/\/www.naturparkmagazin.de\/dahme-heideseen\/wp-json\/wp\/v2\/posts\/3889\/revisions\/3892"}],"wp:featuredmedia":[{"embeddable":true,"href":"https:\/\/www.naturparkmagazin.de\/dahme-heideseen\/wp-json\/wp\/v2\/media\/3891"}],"wp:attachment":[{"href":"https:\/\/www.naturparkmagazin.de\/dahme-heideseen\/wp-json\/wp\/v2\/media?parent=3889"}],"wp:term":[{"taxonomy":"category","embeddable":true,"href":"https:\/\/www.naturparkmagazin.de\/dahme-heideseen\/wp-json\/wp\/v2\/categories?post=3889"},{"taxonomy":"post_tag","embeddable":true,"href":"https:\/\/www.naturparkmagazin.de\/dahme-heideseen\/wp-json\/wp\/v2\/tags?post=3889"}],"curies":[{"name":"wp","href":"https:\/\/api.w.org\/{rel}","templated":true}]}}