{"id":3901,"date":"2021-09-23T20:45:52","date_gmt":"2021-09-23T18:45:52","guid":{"rendered":"https:\/\/www.naturparkmagazin.de\/dahme-heideseen\/?p=3901"},"modified":"2021-09-23T20:54:12","modified_gmt":"2021-09-23T18:54:12","slug":"aktion-gelbes-band-einladung-zum-selbstpfluecken","status":"publish","type":"post","link":"https:\/\/www.naturparkmagazin.de\/dahme-heideseen\/aktion-gelbes-band-einladung-zum-selbstpfluecken\/","title":{"rendered":"Aktion Gelbes Band: Einladung zum Selbstpfl\u00fccken"},"content":{"rendered":"<p>Der Naturpark Dahme-Heideseen beteiligt sich an der Aktion Gelbes Band. Mit\u00a0diesem Projekt\u00a0soll Obst gerettet werden, das sonst nicht genutzt wird. Besitzerinnen und Besitzer von Obstb\u00e4umen markieren ihre B\u00e4ume mit gelben B\u00e4ndern. Dies bedeutet, hier darf jede und jeder f\u00fcr den eigenen Bedarf das Obst ernten. Diese Aktion wird vom Ministerium f\u00fcr Soziales, Gesundheit, Integration und Verbraucherschutz des Landes Brandenburg sowie dem Bundesministerium f\u00fcr Ern\u00e4hrung und Landwirtschaft unterst\u00fctzt.<\/p>\n<p>In der Naturpark-Verwaltung k\u00f6nnen Obstbaum-Besitzer*innen gelbe B\u00e4nder und Flyer erhalten. Kommen Sie einfach Montags bis Freitags zwischen 8 und 15 Uhr vorbei oder melden Sie sich vorab telefonisch an: 033768 969 0 oder schreiben Sie unter np-dahme-heideseen@lfu.brandenburg.de<\/p>\n<p>Standorte der Obstb\u00e4ume mit Gelben B\u00e4ndern und mehr Informationen erhalten Sie unter <a href=\"https:\/\/www.zugutfuerdietonne.de\/unsere-aktivitaeten\/aktionswoche-deutschland-rettet-lebensmittel\/aktionswoche-2021\/\">hier.<\/a><\/p>\n","protected":false},"excerpt":{"rendered":"<p>Der Naturpark Dahme-Heideseen beteiligt sich an der Aktion Gelbes Band. Mit diesem Projekt soll Obst gerettet werden, das sonst nicht genutzt wird.<\/p>\n","protected":false},"author":83,"featured_media":3455,"comment_status":"open","ping_status":"open","sticky":false,"template":"","format":"standard","meta":[],"categories":[7],"tags":[],"yoast_head":"<!-- This site is optimized with the Yoast SEO plugin v19.10 - https:\/\/yoast.com\/wordpress\/plugins\/seo\/ -->\n<title>Aktion Gelbes Band: Einladung zum Selbstpfl\u00fccken - Naturpark Dahme-Heideseen<\/title>\n<meta name=\"robots\" content=\"index, follow, max-snippet:-1, max-image-preview:large, max-video-preview:-1\" \/>\n<link rel=\"canonical\" href=\"https:\/\/www.naturparkmagazin.de\/dahme-heideseen\/aktion-gelbes-band-einladung-zum-selbstpfluecken\/\" \/>\n<meta property=\"og:locale\" content=\"de_DE\" \/>\n<meta property=\"og:type\" content=\"article\" \/>\n<meta property=\"og:title\" content=\"Aktion Gelbes Band: Einladung zum Selbstpfl\u00fccken - Naturpark Dahme-Heideseen\" \/>\n<meta property=\"og:description\" content=\"Der Naturpark Dahme-Heideseen beteiligt sich an der Aktion Gelbes Band. Mit diesem Projekt soll Obst gerettet werden, das sonst nicht genutzt wird.\" \/>\n<meta property=\"og:url\" content=\"https:\/\/www.naturparkmagazin.de\/dahme-heideseen\/aktion-gelbes-band-einladung-zum-selbstpfluecken\/\" \/>\n<meta property=\"og:site_name\" content=\"Naturpark Dahme-Heideseen\" \/>\n<meta property=\"article:published_time\" content=\"2021-09-23T18:45:52+00:00\" \/>\n<meta property=\"article:modified_time\" content=\"2021-09-23T18:54:12+00:00\" \/>\n<meta property=\"og:image\" content=\"https:\/\/www.naturparkmagazin.de\/dahme-heideseen\/wp-content\/uploads\/sites\/37\/Fallobst-Osenbr\u00fcck.jpg\" \/>\n\t<meta property=\"og:image:width\" content=\"1383\" \/>\n\t<meta property=\"og:image:height\" content=\"778\" \/>\n\t<meta property=\"og:image:type\" content=\"image\/jpeg\" \/>\n<meta name=\"author\" content=\"Astrid Osenbr\u00fcck\" \/>\n<meta name=\"twitter:label1\" content=\"Verfasst von\" \/>\n\t<meta name=\"twitter:data1\" content=\"Astrid Osenbr\u00fcck\" \/>\n\t<meta name=\"twitter:label2\" content=\"Gesch\u00e4tzte Lesezeit\" \/>\n\t<meta name=\"twitter:data2\" content=\"1\u00a0Minute\" \/>\n<script type=\"application\/ld+json\" class=\"yoast-schema-graph\">{\"@context\":\"https:\/\/schema.org\",\"@graph\":[{\"@type\":\"WebPage\",\"@id\":\"https:\/\/www.naturparkmagazin.de\/dahme-heideseen\/aktion-gelbes-band-einladung-zum-selbstpfluecken\/\",\"url\":\"https:\/\/www.naturparkmagazin.de\/dahme-heideseen\/aktion-gelbes-band-einladung-zum-selbstpfluecken\/\",\"name\":\"Aktion Gelbes Band: Einladung zum Selbstpfl\u00fccken - Naturpark Dahme-Heideseen\",\"isPartOf\":{\"@id\":\"https:\/\/www.naturparkmagazin.de\/dahme-heideseen\/#website\"},\"datePublished\":\"2021-09-23T18:45:52+00:00\",\"dateModified\":\"2021-09-23T18:54:12+00:00\",\"author\":{\"@id\":\"https:\/\/www.naturparkmagazin.de\/dahme-heideseen\/#\/schema\/person\/a0510aafafdf8183c95fc98faf0c9f21\"},\"breadcrumb\":{\"@id\":\"https:\/\/www.naturparkmagazin.de\/dahme-heideseen\/aktion-gelbes-band-einladung-zum-selbstpfluecken\/#breadcrumb\"},\"inLanguage\":\"de\",\"potentialAction\":[{\"@type\":\"ReadAction\",\"target\":[\"https:\/\/www.naturparkmagazin.de\/dahme-heideseen\/aktion-gelbes-band-einladung-zum-selbstpfluecken\/\"]}]},{\"@type\":\"BreadcrumbList\",\"@id\":\"https:\/\/www.naturparkmagazin.de\/dahme-heideseen\/aktion-gelbes-band-einladung-zum-selbstpfluecken\/#breadcrumb\",\"itemListElement\":[{\"@type\":\"ListItem\",\"position\":1,\"name\":\"Home\",\"item\":\"https:\/\/www.naturparkmagazin.de\/dahme-heideseen\/\"},{\"@type\":\"ListItem\",\"position\":2,\"name\":\"Aktion Gelbes Band: Einladung zum Selbstpfl\u00fccken\"}]},{\"@type\":\"WebSite\",\"@id\":\"https:\/\/www.naturparkmagazin.de\/dahme-heideseen\/#website\",\"url\":\"https:\/\/www.naturparkmagazin.de\/dahme-heideseen\/\",\"name\":\"Naturpark Dahme-Heideseen\",\"description\":\"\",\"potentialAction\":[{\"@type\":\"SearchAction\",\"target\":{\"@type\":\"EntryPoint\",\"urlTemplate\":\"https:\/\/www.naturparkmagazin.de\/dahme-heideseen\/?s={search_term_string}\"},\"query-input\":\"required name=search_term_string\"}],\"inLanguage\":\"de\"},{\"@type\":\"Person\",\"@id\":\"https:\/\/www.naturparkmagazin.de\/dahme-heideseen\/#\/schema\/person\/a0510aafafdf8183c95fc98faf0c9f21\",\"name\":\"Astrid Osenbr\u00fcck\",\"sameAs\":[\"http:\/\/www.dahme-heideseen-naturpark.de\"],\"url\":\"https:\/\/www.naturparkmagazin.de\/dahme-heideseen\/author\/astridosenbrueck\/\"}]}<\/script>\n<!-- \/ Yoast SEO plugin. -->","yoast_head_json":{"title":"Aktion Gelbes Band: Einladung zum Selbstpfl\u00fccken - Naturpark Dahme-Heideseen","robots":{"index":"index","follow":"follow","max-snippet":"max-snippet:-1","max-image-preview":"max-image-preview:large","max-video-preview":"max-video-preview:-1"},"canonical":"https:\/\/www.naturparkmagazin.de\/dahme-heideseen\/aktion-gelbes-band-einladung-zum-selbstpfluecken\/","og_locale":"de_DE","og_type":"article","og_title":"Aktion Gelbes Band: Einladung zum Selbstpfl\u00fccken - Naturpark Dahme-Heideseen","og_description":"Der Naturpark Dahme-Heideseen beteiligt sich an der Aktion Gelbes Band. Mit diesem Projekt soll Obst gerettet werden, das sonst nicht genutzt wird.","og_url":"https:\/\/www.naturparkmagazin.de\/dahme-heideseen\/aktion-gelbes-band-einladung-zum-selbstpfluecken\/","og_site_name":"Naturpark Dahme-Heideseen","article_published_time":"2021-09-23T18:45:52+00:00","article_modified_time":"2021-09-23T18:54:12+00:00","og_image":[{"width":1383,"height":778,"url":"https:\/\/www.naturparkmagazin.de\/dahme-heideseen\/wp-content\/uploads\/sites\/37\/Fallobst-Osenbr\u00fcck.jpg","type":"image\/jpeg"}],"author":"Astrid Osenbr\u00fcck","twitter_misc":{"Verfasst von":"Astrid Osenbr\u00fcck","Gesch\u00e4tzte Lesezeit":"1\u00a0Minute"},"schema":{"@context":"https:\/\/schema.org","@graph":[{"@type":"WebPage","@id":"https:\/\/www.naturparkmagazin.de\/dahme-heideseen\/aktion-gelbes-band-einladung-zum-selbstpfluecken\/","url":"https:\/\/www.naturparkmagazin.de\/dahme-heideseen\/aktion-gelbes-band-einladung-zum-selbstpfluecken\/","name":"Aktion Gelbes Band: Einladung zum Selbstpfl\u00fccken - Naturpark Dahme-Heideseen","isPartOf":{"@id":"https:\/\/www.naturparkmagazin.de\/dahme-heideseen\/#website"},"datePublished":"2021-09-23T18:45:52+00:00","dateModified":"2021-09-23T18:54:12+00:00","author":{"@id":"https:\/\/www.naturparkmagazin.de\/dahme-heideseen\/#\/schema\/person\/a0510aafafdf8183c95fc98faf0c9f21"},"breadcrumb":{"@id":"https:\/\/www.naturparkmagazin.de\/dahme-heideseen\/aktion-gelbes-band-einladung-zum-selbstpfluecken\/#breadcrumb"},"inLanguage":"de","potentialAction":[{"@type":"ReadAction","target":["https:\/\/www.naturparkmagazin.de\/dahme-heideseen\/aktion-gelbes-band-einladung-zum-selbstpfluecken\/"]}]},{"@type":"BreadcrumbList","@id":"https:\/\/www.naturparkmagazin.de\/dahme-heideseen\/aktion-gelbes-band-einladung-zum-selbstpfluecken\/#breadcrumb","itemListElement":[{"@type":"ListItem","position":1,"name":"Home","item":"https:\/\/www.naturparkmagazin.de\/dahme-heideseen\/"},{"@type":"ListItem","position":2,"name":"Aktion Gelbes Band: Einladung zum Selbstpfl\u00fccken"}]},{"@type":"WebSite","@id":"https:\/\/www.naturparkmagazin.de\/dahme-heideseen\/#website","url":"https:\/\/www.naturparkmagazin.de\/dahme-heideseen\/","name":"Naturpark Dahme-Heideseen","description":"","potentialAction":[{"@type":"SearchAction","target":{"@type":"EntryPoint","urlTemplate":"https:\/\/www.naturparkmagazin.de\/dahme-heideseen\/?s={search_term_string}"},"query-input":"required name=search_term_string"}],"inLanguage":"de"},{"@type":"Person","@id":"https:\/\/www.naturparkmagazin.de\/dahme-heideseen\/#\/schema\/person\/a0510aafafdf8183c95fc98faf0c9f21","name":"Astrid Osenbr\u00fcck","sameAs":["http:\/\/www.dahme-heideseen-naturpark.de"],"url":"https:\/\/www.naturparkmagazin.de\/dahme-heideseen\/author\/astridosenbrueck\/"}]}},"_links":{"self":[{"href":"https:\/\/www.naturparkmagazin.de\/dahme-heideseen\/wp-json\/wp\/v2\/posts\/3901"}],"collection":[{"href":"https:\/\/www.naturparkmagazin.de\/dahme-heideseen\/wp-json\/wp\/v2\/posts"}],"about":[{"href":"https:\/\/www.naturparkmagazin.de\/dahme-heideseen\/wp-json\/wp\/v2\/types\/post"}],"author":[{"embeddable":true,"href":"https:\/\/www.naturparkmagazin.de\/dahme-heideseen\/wp-json\/wp\/v2\/users\/83"}],"replies":[{"embeddable":true,"href":"https:\/\/www.naturparkmagazin.de\/dahme-heideseen\/wp-json\/wp\/v2\/comments?post=3901"}],"version-history":[{"count":3,"href":"https:\/\/www.naturparkmagazin.de\/dahme-heideseen\/wp-json\/wp\/v2\/posts\/3901\/revisions"}],"predecessor-version":[{"id":3904,"href":"https:\/\/www.naturparkmagazin.de\/dahme-heideseen\/wp-json\/wp\/v2\/posts\/3901\/revisions\/3904"}],"wp:featuredmedia":[{"embeddable":true,"href":"https:\/\/www.naturparkmagazin.de\/dahme-heideseen\/wp-json\/wp\/v2\/media\/3455"}],"wp:attachment":[{"href":"https:\/\/www.naturparkmagazin.de\/dahme-heideseen\/wp-json\/wp\/v2\/media?parent=3901"}],"wp:term":[{"taxonomy":"category","embeddable":true,"href":"https:\/\/www.naturparkmagazin.de\/dahme-heideseen\/wp-json\/wp\/v2\/categories?post=3901"},{"taxonomy":"post_tag","embeddable":true,"href":"https:\/\/www.naturparkmagazin.de\/dahme-heideseen\/wp-json\/wp\/v2\/tags?post=3901"}],"curies":[{"name":"wp","href":"https:\/\/api.w.org\/{rel}","templated":true}]}}