{"id":3906,"date":"2021-09-14T08:58:04","date_gmt":"2021-09-14T06:58:04","guid":{"rendered":"https:\/\/www.naturparkmagazin.de\/dahme-heideseen\/?p=3906"},"modified":"2021-09-29T09:00:11","modified_gmt":"2021-09-29T07:00:11","slug":"tag-des-offenen-denkmals-unter-dem-motto-sein-schein-in-geschichte-architektur-und-denkmalpflege-in-kolberg","status":"publish","type":"post","link":"https:\/\/www.naturparkmagazin.de\/dahme-heideseen\/tag-des-offenen-denkmals-unter-dem-motto-sein-schein-in-geschichte-architektur-und-denkmalpflege-in-kolberg\/","title":{"rendered":"Tag des offenen Denkmals\u00ae unter dem Motto \u201cSein &amp; Schein \u2013 in Geschichte, Architektur und Denkmalpflege&#8220; in Kolberg"},"content":{"rendered":"<p>Tag des offenen Denkmals\u00ae &amp; eine Maulbeere f\u00fcr Kolberg<\/p>\n<p>Seit seiner Festsetzung im Jahre 1989 organisiert der Naturpark Dahme-Heideseen Veranstaltungen zum Europ\u00e4ischen Tag des offenen Denkmals. An j\u00e4hrlich wechselnden Orten werden die Natur- und Kulturdenkmale der Region vorgestellt. Die Denkmale, hier pr\u00e4sentiert in der Verbindung von Natur und Kultur, vermitteln Einblicke in die historische Entwicklung der Region. Sie sind sicht- und erlebbare Zeugnisse der vielf\u00e4ltigen Kultur- und Naturlandschaft. Ihre Bewahrung ist gemeinsames Anliegen aller Beteiligter.<\/p>\n<p>Am Sonntag 12. September 2021 \u00f6ffnete das ehemalige Institut f\u00fcr Funktechnik seine T\u00fcren. Die neuen Besitzer des Gel\u00e4ndes, FairWurzeln e.V., haben in Kooperation mit dem Naturpark Dahme-Heideseen dazu sechs geplante und 3 spontane F\u00fchrungen durchgef\u00fchrt. Zus\u00e4tzlich gab es in den Garagen Projektionen zum Kolberger Turm, der aus brandschutztechnischen Gr\u00fcnden derzeit gesperrt ist, zu betrachten. Vor dem Gel\u00e4nde luden Vereinsmitglieder von FairWurzeln e.V. zu Kaffee und Kuchen und zu einem interessanten Austausch ein.<\/p>\n<div id=\"attachment_3907\" style=\"width: 630px\" class=\"wp-caption alignnone\"><a href=\"https:\/\/www.naturparkmagazin.de\/dahme-heideseen\/wp-content\/uploads\/sites\/37\/Er\u00f6ffnung-Denkmaltag-2_Foto-Astrid-Osenbr\u00fcck_klein.jpg\"><img aria-describedby=\"caption-attachment-3907\" decoding=\"async\" loading=\"lazy\" class=\"size-medium wp-image-3907\" src=\"https:\/\/www.naturparkmagazin.de\/dahme-heideseen\/wp-content\/uploads\/sites\/37\/Er\u00f6ffnung-Denkmaltag-2_Foto-Astrid-Osenbr\u00fcck_klein-620x465.jpg\" alt=\"Er\u00f6ffnungsrede FairWurzeln e.V. (\u00a9 Astrid Osenbr\u00fcck)\" width=\"620\" height=\"465\" srcset=\"https:\/\/www.naturparkmagazin.de\/dahme-heideseen\/wp-content\/uploads\/sites\/37\/Er\u00f6ffnung-Denkmaltag-2_Foto-Astrid-Osenbr\u00fcck_klein-620x465.jpg 620w, https:\/\/www.naturparkmagazin.de\/dahme-heideseen\/wp-content\/uploads\/sites\/37\/Er\u00f6ffnung-Denkmaltag-2_Foto-Astrid-Osenbr\u00fcck_klein-300x225.jpg 300w, https:\/\/www.naturparkmagazin.de\/dahme-heideseen\/wp-content\/uploads\/sites\/37\/Er\u00f6ffnung-Denkmaltag-2_Foto-Astrid-Osenbr\u00fcck_klein-940x705.jpg 940w, https:\/\/www.naturparkmagazin.de\/dahme-heideseen\/wp-content\/uploads\/sites\/37\/Er\u00f6ffnung-Denkmaltag-2_Foto-Astrid-Osenbr\u00fcck_klein-580x435.jpg 580w, https:\/\/www.naturparkmagazin.de\/dahme-heideseen\/wp-content\/uploads\/sites\/37\/Er\u00f6ffnung-Denkmaltag-2_Foto-Astrid-Osenbr\u00fcck_klein-420x315.jpg 420w, https:\/\/www.naturparkmagazin.de\/dahme-heideseen\/wp-content\/uploads\/sites\/37\/Er\u00f6ffnung-Denkmaltag-2_Foto-Astrid-Osenbr\u00fcck_klein-180x135.jpg 180w, https:\/\/www.naturparkmagazin.de\/dahme-heideseen\/wp-content\/uploads\/sites\/37\/Er\u00f6ffnung-Denkmaltag-2_Foto-Astrid-Osenbr\u00fcck_klein-95x71.jpg 95w, https:\/\/www.naturparkmagazin.de\/dahme-heideseen\/wp-content\/uploads\/sites\/37\/Er\u00f6ffnung-Denkmaltag-2_Foto-Astrid-Osenbr\u00fcck_klein-670x503.jpg 670w, https:\/\/www.naturparkmagazin.de\/dahme-heideseen\/wp-content\/uploads\/sites\/37\/Er\u00f6ffnung-Denkmaltag-2_Foto-Astrid-Osenbr\u00fcck_klein-200x150.jpg 200w, https:\/\/www.naturparkmagazin.de\/dahme-heideseen\/wp-content\/uploads\/sites\/37\/Er\u00f6ffnung-Denkmaltag-2_Foto-Astrid-Osenbr\u00fcck_klein.jpg 1632w\" sizes=\"(max-width: 620px) 100vw, 620px\" \/><\/a><p id=\"caption-attachment-3907\" class=\"wp-caption-text\">Er\u00f6ffnungsrede FairWurzeln e.V. (\u00a9 Astrid Osenbr\u00fcck)<\/p><\/div>\n<p>Der Verein FairWurzeln e.V. hat F\u00fchrungen zum Verein selbst und den architektonischen Besonderheiten angeboten. Susanne Grunzig ist ehemalige Mitarbeiterin des RFZ (Dienststelle Adlershof) und absolviert derzeit ihren Bundesfreiwilligen-Dienst beim Naturpark Dahme-Heideseen. Aufgrund ihrer Verbundenheit zu den ehemaligen Kolleg*innen und dem Kolberger Turm, hat sie diesen Tag mit viel Engagement begleitet und drei F\u00fchrungen zur Historie der Laboratorien f\u00fcr Wellenausbreitung und Funkentst\u00f6rung geleitet.<\/p>\n<div id=\"attachment_3909\" style=\"width: 630px\" class=\"wp-caption alignnone\"><a href=\"https:\/\/www.naturparkmagazin.de\/dahme-heideseen\/wp-content\/uploads\/sites\/37\/Team-Naturpark_Foto-Carsten-Preu\u00df_klein.jpg\"><img aria-describedby=\"caption-attachment-3909\" decoding=\"async\" loading=\"lazy\" class=\"size-medium wp-image-3909\" src=\"https:\/\/www.naturparkmagazin.de\/dahme-heideseen\/wp-content\/uploads\/sites\/37\/Team-Naturpark_Foto-Carsten-Preu\u00df_klein-620x465.jpg\" alt=\"Erste G\u00e4ste am Naturpark Stand (\u00a9 Carsten Preu\u00df)\" width=\"620\" height=\"465\" srcset=\"https:\/\/www.naturparkmagazin.de\/dahme-heideseen\/wp-content\/uploads\/sites\/37\/Team-Naturpark_Foto-Carsten-Preu\u00df_klein-620x465.jpg 620w, https:\/\/www.naturparkmagazin.de\/dahme-heideseen\/wp-content\/uploads\/sites\/37\/Team-Naturpark_Foto-Carsten-Preu\u00df_klein-300x225.jpg 300w, https:\/\/www.naturparkmagazin.de\/dahme-heideseen\/wp-content\/uploads\/sites\/37\/Team-Naturpark_Foto-Carsten-Preu\u00df_klein-940x705.jpg 940w, https:\/\/www.naturparkmagazin.de\/dahme-heideseen\/wp-content\/uploads\/sites\/37\/Team-Naturpark_Foto-Carsten-Preu\u00df_klein-580x435.jpg 580w, https:\/\/www.naturparkmagazin.de\/dahme-heideseen\/wp-content\/uploads\/sites\/37\/Team-Naturpark_Foto-Carsten-Preu\u00df_klein-420x315.jpg 420w, https:\/\/www.naturparkmagazin.de\/dahme-heideseen\/wp-content\/uploads\/sites\/37\/Team-Naturpark_Foto-Carsten-Preu\u00df_klein-180x135.jpg 180w, https:\/\/www.naturparkmagazin.de\/dahme-heideseen\/wp-content\/uploads\/sites\/37\/Team-Naturpark_Foto-Carsten-Preu\u00df_klein-95x71.jpg 95w, https:\/\/www.naturparkmagazin.de\/dahme-heideseen\/wp-content\/uploads\/sites\/37\/Team-Naturpark_Foto-Carsten-Preu\u00df_klein-670x503.jpg 670w, https:\/\/www.naturparkmagazin.de\/dahme-heideseen\/wp-content\/uploads\/sites\/37\/Team-Naturpark_Foto-Carsten-Preu\u00df_klein-200x150.jpg 200w, https:\/\/www.naturparkmagazin.de\/dahme-heideseen\/wp-content\/uploads\/sites\/37\/Team-Naturpark_Foto-Carsten-Preu\u00df_klein.jpg 1632w\" sizes=\"(max-width: 620px) 100vw, 620px\" \/><\/a><p id=\"caption-attachment-3909\" class=\"wp-caption-text\">Erste G\u00e4ste am Naturpark Stand (\u00a9 Carsten Preu\u00df)<\/p><\/div>\n<p>Etwa 120 Personen besuchten den Denkmaltag in Kolberg. Die F\u00fchrungen waren innerhalb weniger Stunden ausgebucht, die Nachfrage sehr gro\u00df. Nach Bekanntgabe des Programms in einer Tageszeitung stand das Telefon in der Naturpark-Verwaltung nicht mehr still. Auch vor Ort pilgerten am Sonntag noch zahlreiche Neugierige auf den Kolberg und hofften auf einen freien Platz bei den F\u00fchrungen. Aus diesem Grund hatten sich Mitglieder des Vereins spontan entschlossen, zus\u00e4tzlich drei kleinere F\u00fchrungen anzubieten.<\/p>\n<div id=\"attachment_3908\" style=\"width: 630px\" class=\"wp-caption alignnone\"><a href=\"https:\/\/www.naturparkmagazin.de\/dahme-heideseen\/wp-content\/uploads\/sites\/37\/Team-Naturpark_Foto-Bj\u00f6rn-Langner.jpg\"><img aria-describedby=\"caption-attachment-3908\" decoding=\"async\" loading=\"lazy\" class=\"size-medium wp-image-3908\" src=\"https:\/\/www.naturparkmagazin.de\/dahme-heideseen\/wp-content\/uploads\/sites\/37\/Team-Naturpark_Foto-Bj\u00f6rn-Langner-620x465.jpg\" alt=\"Team des Naturparks Dahme Heideseen am Stand des Naturparks &amp; der Naturwacht (\u00a9 Bj\u00f6rn Langner)\" width=\"620\" height=\"465\" srcset=\"https:\/\/www.naturparkmagazin.de\/dahme-heideseen\/wp-content\/uploads\/sites\/37\/Team-Naturpark_Foto-Bj\u00f6rn-Langner-620x465.jpg 620w, https:\/\/www.naturparkmagazin.de\/dahme-heideseen\/wp-content\/uploads\/sites\/37\/Team-Naturpark_Foto-Bj\u00f6rn-Langner-300x225.jpg 300w, https:\/\/www.naturparkmagazin.de\/dahme-heideseen\/wp-content\/uploads\/sites\/37\/Team-Naturpark_Foto-Bj\u00f6rn-Langner-940x705.jpg 940w, https:\/\/www.naturparkmagazin.de\/dahme-heideseen\/wp-content\/uploads\/sites\/37\/Team-Naturpark_Foto-Bj\u00f6rn-Langner-580x435.jpg 580w, https:\/\/www.naturparkmagazin.de\/dahme-heideseen\/wp-content\/uploads\/sites\/37\/Team-Naturpark_Foto-Bj\u00f6rn-Langner-420x315.jpg 420w, https:\/\/www.naturparkmagazin.de\/dahme-heideseen\/wp-content\/uploads\/sites\/37\/Team-Naturpark_Foto-Bj\u00f6rn-Langner-180x135.jpg 180w, https:\/\/www.naturparkmagazin.de\/dahme-heideseen\/wp-content\/uploads\/sites\/37\/Team-Naturpark_Foto-Bj\u00f6rn-Langner-95x71.jpg 95w, https:\/\/www.naturparkmagazin.de\/dahme-heideseen\/wp-content\/uploads\/sites\/37\/Team-Naturpark_Foto-Bj\u00f6rn-Langner-670x503.jpg 670w, https:\/\/www.naturparkmagazin.de\/dahme-heideseen\/wp-content\/uploads\/sites\/37\/Team-Naturpark_Foto-Bj\u00f6rn-Langner-200x150.jpg 200w, https:\/\/www.naturparkmagazin.de\/dahme-heideseen\/wp-content\/uploads\/sites\/37\/Team-Naturpark_Foto-Bj\u00f6rn-Langner.jpg 1156w\" sizes=\"(max-width: 620px) 100vw, 620px\" \/><\/a><p id=\"caption-attachment-3908\" class=\"wp-caption-text\">Team des Naturparks Dahme Heideseen am Stand des Naturparks &amp; der Naturwacht (\u00a9 Bj\u00f6rn Langner)<\/p><\/div>\n<p>Die Pflanzung eines Maulbeerbaumes auf der Dorfaue, gegen\u00fcber vom Gasthof \u201eAlter Dorfkrug\u201c, finanziert aus Mitteln des Landesamtes f\u00fcr Umwelt Brandenburg, bildete den Abschluss des Denkmaltages. Der Baum ist ein Dank an alle Beteiligten und eine sch\u00f6ne Erinnerung an einen einzigartigen und spannenden Denkmaltag bei sp\u00e4tsommerlich-herbstlichen Wetter.<\/p>\n<div id=\"attachment_3912\" style=\"width: 630px\" class=\"wp-caption alignnone\"><a href=\"https:\/\/www.naturparkmagazin.de\/dahme-heideseen\/wp-content\/uploads\/sites\/37\/Maulbeerbaumpflanzung2.jpg\"><img aria-describedby=\"caption-attachment-3912\" decoding=\"async\" loading=\"lazy\" class=\"size-medium wp-image-3912\" src=\"https:\/\/www.naturparkmagazin.de\/dahme-heideseen\/wp-content\/uploads\/sites\/37\/Maulbeerbaumpflanzung2-620x465.jpg\" alt=\"Maulbeerbaumpflanzung mit Sebastian Neitsch &amp; Manja Piotrowski (FairWurzeln e.V.), Steffen Reichelt (Ortsvorsteher Kolberg), Team-Mitglieder Naturpark Dahme-Heideseen (\u00a9 Teresa Zeuner)\" width=\"620\" height=\"465\" srcset=\"https:\/\/www.naturparkmagazin.de\/dahme-heideseen\/wp-content\/uploads\/sites\/37\/Maulbeerbaumpflanzung2-620x465.jpg 620w, https:\/\/www.naturparkmagazin.de\/dahme-heideseen\/wp-content\/uploads\/sites\/37\/Maulbeerbaumpflanzung2-300x225.jpg 300w, https:\/\/www.naturparkmagazin.de\/dahme-heideseen\/wp-content\/uploads\/sites\/37\/Maulbeerbaumpflanzung2-940x705.jpg 940w, https:\/\/www.naturparkmagazin.de\/dahme-heideseen\/wp-content\/uploads\/sites\/37\/Maulbeerbaumpflanzung2-580x435.jpg 580w, https:\/\/www.naturparkmagazin.de\/dahme-heideseen\/wp-content\/uploads\/sites\/37\/Maulbeerbaumpflanzung2-420x315.jpg 420w, https:\/\/www.naturparkmagazin.de\/dahme-heideseen\/wp-content\/uploads\/sites\/37\/Maulbeerbaumpflanzung2-180x135.jpg 180w, https:\/\/www.naturparkmagazin.de\/dahme-heideseen\/wp-content\/uploads\/sites\/37\/Maulbeerbaumpflanzung2-95x71.jpg 95w, https:\/\/www.naturparkmagazin.de\/dahme-heideseen\/wp-content\/uploads\/sites\/37\/Maulbeerbaumpflanzung2-670x503.jpg 670w, https:\/\/www.naturparkmagazin.de\/dahme-heideseen\/wp-content\/uploads\/sites\/37\/Maulbeerbaumpflanzung2-200x150.jpg 200w, https:\/\/www.naturparkmagazin.de\/dahme-heideseen\/wp-content\/uploads\/sites\/37\/Maulbeerbaumpflanzung2.jpg 980w\" sizes=\"(max-width: 620px) 100vw, 620px\" \/><\/a><p id=\"caption-attachment-3912\" class=\"wp-caption-text\">Maulbeerbaumpflanzung mit Sebastian Neitsch &amp; Manja Piotrowski (FairWurzeln e.V.), Steffen Reichelt (Ortsvorsteher Kolberg), Team-Mitglieder Naturpark Dahme-Heideseen (\u00a9 Teresa Zeuner)<\/p><\/div>\n","protected":false},"excerpt":{"rendered":"<p>Zahlreiche interessierte Denkmalfreunde pilgerten am 12. September 2021 zum ehemalige Institut f\u00fcr Funktechnik auf den Kolberg. Ein kleiner R\u00fcckblick..<\/p>\n","protected":false},"author":83,"featured_media":3910,"comment_status":"open","ping_status":"open","sticky":false,"template":"","format":"standard","meta":[],"categories":[7],"tags":[],"yoast_head":"<!-- This site is optimized with the Yoast SEO plugin v19.10 - https:\/\/yoast.com\/wordpress\/plugins\/seo\/ -->\n<title>Tag des offenen Denkmals\u00ae unter dem Motto \u201cSein &amp; Schein \u2013 in Geschichte, Architektur und Denkmalpflege&quot; in Kolberg - Naturpark Dahme-Heideseen<\/title>\n<meta name=\"robots\" content=\"index, follow, max-snippet:-1, max-image-preview:large, max-video-preview:-1\" \/>\n<link rel=\"canonical\" href=\"https:\/\/www.naturparkmagazin.de\/dahme-heideseen\/tag-des-offenen-denkmals-unter-dem-motto-sein-schein-in-geschichte-architektur-und-denkmalpflege-in-kolberg\/\" \/>\n<meta property=\"og:locale\" content=\"de_DE\" \/>\n<meta property=\"og:type\" content=\"article\" \/>\n<meta property=\"og:title\" content=\"Tag des offenen Denkmals\u00ae unter dem Motto \u201cSein &amp; Schein \u2013 in Geschichte, Architektur und Denkmalpflege&quot; in Kolberg - Naturpark Dahme-Heideseen\" \/>\n<meta property=\"og:description\" content=\"Zahlreiche interessierte Denkmalfreunde pilgerten am 12. September 2021 zum ehemalige Institut f\u00fcr Funktechnik auf den Kolberg. Ein kleiner R\u00fcckblick..\" \/>\n<meta property=\"og:url\" content=\"https:\/\/www.naturparkmagazin.de\/dahme-heideseen\/tag-des-offenen-denkmals-unter-dem-motto-sein-schein-in-geschichte-architektur-und-denkmalpflege-in-kolberg\/\" \/>\n<meta property=\"og:site_name\" content=\"Naturpark Dahme-Heideseen\" \/>\n<meta property=\"article:published_time\" content=\"2021-09-14T06:58:04+00:00\" \/>\n<meta property=\"article:modified_time\" content=\"2021-09-29T07:00:11+00:00\" \/>\n<meta property=\"og:image\" content=\"https:\/\/www.naturparkmagazin.de\/dahme-heideseen\/wp-content\/uploads\/sites\/37\/Maulbeerbaumpflanzung1.jpg\" \/>\n\t<meta property=\"og:image:width\" content=\"980\" \/>\n\t<meta property=\"og:image:height\" content=\"735\" \/>\n\t<meta property=\"og:image:type\" content=\"image\/jpeg\" \/>\n<meta name=\"author\" content=\"Astrid Osenbr\u00fcck\" \/>\n<meta name=\"twitter:label1\" content=\"Verfasst von\" \/>\n\t<meta name=\"twitter:data1\" content=\"Astrid Osenbr\u00fcck\" \/>\n\t<meta name=\"twitter:label2\" content=\"Gesch\u00e4tzte Lesezeit\" \/>\n\t<meta name=\"twitter:data2\" content=\"2\u00a0Minuten\" \/>\n<script type=\"application\/ld+json\" class=\"yoast-schema-graph\">{\"@context\":\"https:\/\/schema.org\",\"@graph\":[{\"@type\":\"WebPage\",\"@id\":\"https:\/\/www.naturparkmagazin.de\/dahme-heideseen\/tag-des-offenen-denkmals-unter-dem-motto-sein-schein-in-geschichte-architektur-und-denkmalpflege-in-kolberg\/\",\"url\":\"https:\/\/www.naturparkmagazin.de\/dahme-heideseen\/tag-des-offenen-denkmals-unter-dem-motto-sein-schein-in-geschichte-architektur-und-denkmalpflege-in-kolberg\/\",\"name\":\"Tag des offenen Denkmals\u00ae unter dem Motto \u201cSein &amp; Schein \u2013 in Geschichte, Architektur und Denkmalpflege\\\" in Kolberg - Naturpark Dahme-Heideseen\",\"isPartOf\":{\"@id\":\"https:\/\/www.naturparkmagazin.de\/dahme-heideseen\/#website\"},\"datePublished\":\"2021-09-14T06:58:04+00:00\",\"dateModified\":\"2021-09-29T07:00:11+00:00\",\"author\":{\"@id\":\"https:\/\/www.naturparkmagazin.de\/dahme-heideseen\/#\/schema\/person\/a0510aafafdf8183c95fc98faf0c9f21\"},\"breadcrumb\":{\"@id\":\"https:\/\/www.naturparkmagazin.de\/dahme-heideseen\/tag-des-offenen-denkmals-unter-dem-motto-sein-schein-in-geschichte-architektur-und-denkmalpflege-in-kolberg\/#breadcrumb\"},\"inLanguage\":\"de\",\"potentialAction\":[{\"@type\":\"ReadAction\",\"target\":[\"https:\/\/www.naturparkmagazin.de\/dahme-heideseen\/tag-des-offenen-denkmals-unter-dem-motto-sein-schein-in-geschichte-architektur-und-denkmalpflege-in-kolberg\/\"]}]},{\"@type\":\"BreadcrumbList\",\"@id\":\"https:\/\/www.naturparkmagazin.de\/dahme-heideseen\/tag-des-offenen-denkmals-unter-dem-motto-sein-schein-in-geschichte-architektur-und-denkmalpflege-in-kolberg\/#breadcrumb\",\"itemListElement\":[{\"@type\":\"ListItem\",\"position\":1,\"name\":\"Home\",\"item\":\"https:\/\/www.naturparkmagazin.de\/dahme-heideseen\/\"},{\"@type\":\"ListItem\",\"position\":2,\"name\":\"Tag des offenen Denkmals\u00ae unter dem Motto \u201cSein &amp; Schein \u2013 in Geschichte, Architektur und Denkmalpflege&#8220; in Kolberg\"}]},{\"@type\":\"WebSite\",\"@id\":\"https:\/\/www.naturparkmagazin.de\/dahme-heideseen\/#website\",\"url\":\"https:\/\/www.naturparkmagazin.de\/dahme-heideseen\/\",\"name\":\"Naturpark Dahme-Heideseen\",\"description\":\"\",\"potentialAction\":[{\"@type\":\"SearchAction\",\"target\":{\"@type\":\"EntryPoint\",\"urlTemplate\":\"https:\/\/www.naturparkmagazin.de\/dahme-heideseen\/?s={search_term_string}\"},\"query-input\":\"required name=search_term_string\"}],\"inLanguage\":\"de\"},{\"@type\":\"Person\",\"@id\":\"https:\/\/www.naturparkmagazin.de\/dahme-heideseen\/#\/schema\/person\/a0510aafafdf8183c95fc98faf0c9f21\",\"name\":\"Astrid Osenbr\u00fcck\",\"sameAs\":[\"http:\/\/www.dahme-heideseen-naturpark.de\"],\"url\":\"https:\/\/www.naturparkmagazin.de\/dahme-heideseen\/author\/astridosenbrueck\/\"}]}<\/script>\n<!-- \/ Yoast SEO plugin. -->","yoast_head_json":{"title":"Tag des offenen Denkmals\u00ae unter dem Motto \u201cSein &amp; Schein \u2013 in Geschichte, Architektur und Denkmalpflege\" in Kolberg - Naturpark Dahme-Heideseen","robots":{"index":"index","follow":"follow","max-snippet":"max-snippet:-1","max-image-preview":"max-image-preview:large","max-video-preview":"max-video-preview:-1"},"canonical":"https:\/\/www.naturparkmagazin.de\/dahme-heideseen\/tag-des-offenen-denkmals-unter-dem-motto-sein-schein-in-geschichte-architektur-und-denkmalpflege-in-kolberg\/","og_locale":"de_DE","og_type":"article","og_title":"Tag des offenen Denkmals\u00ae unter dem Motto \u201cSein &amp; Schein \u2013 in Geschichte, Architektur und Denkmalpflege\" in Kolberg - Naturpark Dahme-Heideseen","og_description":"Zahlreiche interessierte Denkmalfreunde pilgerten am 12. September 2021 zum ehemalige Institut f\u00fcr Funktechnik auf den Kolberg. Ein kleiner R\u00fcckblick..","og_url":"https:\/\/www.naturparkmagazin.de\/dahme-heideseen\/tag-des-offenen-denkmals-unter-dem-motto-sein-schein-in-geschichte-architektur-und-denkmalpflege-in-kolberg\/","og_site_name":"Naturpark Dahme-Heideseen","article_published_time":"2021-09-14T06:58:04+00:00","article_modified_time":"2021-09-29T07:00:11+00:00","og_image":[{"width":980,"height":735,"url":"https:\/\/www.naturparkmagazin.de\/dahme-heideseen\/wp-content\/uploads\/sites\/37\/Maulbeerbaumpflanzung1.jpg","type":"image\/jpeg"}],"author":"Astrid Osenbr\u00fcck","twitter_misc":{"Verfasst von":"Astrid Osenbr\u00fcck","Gesch\u00e4tzte Lesezeit":"2\u00a0Minuten"},"schema":{"@context":"https:\/\/schema.org","@graph":[{"@type":"WebPage","@id":"https:\/\/www.naturparkmagazin.de\/dahme-heideseen\/tag-des-offenen-denkmals-unter-dem-motto-sein-schein-in-geschichte-architektur-und-denkmalpflege-in-kolberg\/","url":"https:\/\/www.naturparkmagazin.de\/dahme-heideseen\/tag-des-offenen-denkmals-unter-dem-motto-sein-schein-in-geschichte-architektur-und-denkmalpflege-in-kolberg\/","name":"Tag des offenen Denkmals\u00ae unter dem Motto \u201cSein &amp; Schein \u2013 in Geschichte, Architektur und Denkmalpflege\" in Kolberg - Naturpark Dahme-Heideseen","isPartOf":{"@id":"https:\/\/www.naturparkmagazin.de\/dahme-heideseen\/#website"},"datePublished":"2021-09-14T06:58:04+00:00","dateModified":"2021-09-29T07:00:11+00:00","author":{"@id":"https:\/\/www.naturparkmagazin.de\/dahme-heideseen\/#\/schema\/person\/a0510aafafdf8183c95fc98faf0c9f21"},"breadcrumb":{"@id":"https:\/\/www.naturparkmagazin.de\/dahme-heideseen\/tag-des-offenen-denkmals-unter-dem-motto-sein-schein-in-geschichte-architektur-und-denkmalpflege-in-kolberg\/#breadcrumb"},"inLanguage":"de","potentialAction":[{"@type":"ReadAction","target":["https:\/\/www.naturparkmagazin.de\/dahme-heideseen\/tag-des-offenen-denkmals-unter-dem-motto-sein-schein-in-geschichte-architektur-und-denkmalpflege-in-kolberg\/"]}]},{"@type":"BreadcrumbList","@id":"https:\/\/www.naturparkmagazin.de\/dahme-heideseen\/tag-des-offenen-denkmals-unter-dem-motto-sein-schein-in-geschichte-architektur-und-denkmalpflege-in-kolberg\/#breadcrumb","itemListElement":[{"@type":"ListItem","position":1,"name":"Home","item":"https:\/\/www.naturparkmagazin.de\/dahme-heideseen\/"},{"@type":"ListItem","position":2,"name":"Tag des offenen Denkmals\u00ae unter dem Motto \u201cSein &amp; Schein \u2013 in Geschichte, Architektur und Denkmalpflege&#8220; in Kolberg"}]},{"@type":"WebSite","@id":"https:\/\/www.naturparkmagazin.de\/dahme-heideseen\/#website","url":"https:\/\/www.naturparkmagazin.de\/dahme-heideseen\/","name":"Naturpark Dahme-Heideseen","description":"","potentialAction":[{"@type":"SearchAction","target":{"@type":"EntryPoint","urlTemplate":"https:\/\/www.naturparkmagazin.de\/dahme-heideseen\/?s={search_term_string}"},"query-input":"required name=search_term_string"}],"inLanguage":"de"},{"@type":"Person","@id":"https:\/\/www.naturparkmagazin.de\/dahme-heideseen\/#\/schema\/person\/a0510aafafdf8183c95fc98faf0c9f21","name":"Astrid Osenbr\u00fcck","sameAs":["http:\/\/www.dahme-heideseen-naturpark.de"],"url":"https:\/\/www.naturparkmagazin.de\/dahme-heideseen\/author\/astridosenbrueck\/"}]}},"_links":{"self":[{"href":"https:\/\/www.naturparkmagazin.de\/dahme-heideseen\/wp-json\/wp\/v2\/posts\/3906"}],"collection":[{"href":"https:\/\/www.naturparkmagazin.de\/dahme-heideseen\/wp-json\/wp\/v2\/posts"}],"about":[{"href":"https:\/\/www.naturparkmagazin.de\/dahme-heideseen\/wp-json\/wp\/v2\/types\/post"}],"author":[{"embeddable":true,"href":"https:\/\/www.naturparkmagazin.de\/dahme-heideseen\/wp-json\/wp\/v2\/users\/83"}],"replies":[{"embeddable":true,"href":"https:\/\/www.naturparkmagazin.de\/dahme-heideseen\/wp-json\/wp\/v2\/comments?post=3906"}],"version-history":[{"count":2,"href":"https:\/\/www.naturparkmagazin.de\/dahme-heideseen\/wp-json\/wp\/v2\/posts\/3906\/revisions"}],"predecessor-version":[{"id":3913,"href":"https:\/\/www.naturparkmagazin.de\/dahme-heideseen\/wp-json\/wp\/v2\/posts\/3906\/revisions\/3913"}],"wp:featuredmedia":[{"embeddable":true,"href":"https:\/\/www.naturparkmagazin.de\/dahme-heideseen\/wp-json\/wp\/v2\/media\/3910"}],"wp:attachment":[{"href":"https:\/\/www.naturparkmagazin.de\/dahme-heideseen\/wp-json\/wp\/v2\/media?parent=3906"}],"wp:term":[{"taxonomy":"category","embeddable":true,"href":"https:\/\/www.naturparkmagazin.de\/dahme-heideseen\/wp-json\/wp\/v2\/categories?post=3906"},{"taxonomy":"post_tag","embeddable":true,"href":"https:\/\/www.naturparkmagazin.de\/dahme-heideseen\/wp-json\/wp\/v2\/tags?post=3906"}],"curies":[{"name":"wp","href":"https:\/\/api.w.org\/{rel}","templated":true}]}}