{"id":3921,"date":"2021-10-04T14:36:01","date_gmt":"2021-10-04T12:36:01","guid":{"rendered":"https:\/\/www.naturparkmagazin.de\/dahme-heideseen\/?p=3921"},"modified":"2021-10-04T14:38:03","modified_gmt":"2021-10-04T12:38:03","slug":"fortbildungsmassnahmen-fuer-kitas-und-schulen-aus-dem-naturpark","status":"publish","type":"post","link":"https:\/\/www.naturparkmagazin.de\/dahme-heideseen\/fortbildungsmassnahmen-fuer-kitas-und-schulen-aus-dem-naturpark\/","title":{"rendered":"Fortbildungsma\u00dfnahmen f\u00fcr Kitas und Schulen aus dem Naturpark"},"content":{"rendered":"<p>Am 15. September fand eine Fortbildung f\u00fcr Kita-Erzieher*innen und am 29. September f\u00fcr die Lehrer*innen der Naturparks-Schule Prieros aus dem Naturpark Dahme-Heideseen zum Thema <strong>Bl\u00fchwiesen, Saatgut-Gewinnung und Saatgutkugel-Herstellung<\/strong> statt.\u00a0<a class=\"external-link-new-window\" title=\"Die kleine G\u00e4rtnerei - Franz Heitzendorfer\" href=\"http:\/\/www.kleine-gaertnerei.de\/\" target=\"_blank\">Franz Heitzendorfer<\/a>, ehemaliger Leiter des Biogartens Prieros, hat die Fortbildungen mit BNE-Aspekt (Bildung f\u00fcr nachhaltige Entwicklung) in Kooperation mit dem Naturpark Dahme-Heideseen angeboten.<\/p>\n<div id=\"attachment_3929\" style=\"width: 487px\" class=\"wp-caption alignnone\"><a href=\"https:\/\/www.naturparkmagazin.de\/dahme-heideseen\/wp-content\/uploads\/sites\/37\/Vortrag.jpg\"><img aria-describedby=\"caption-attachment-3929\" decoding=\"async\" loading=\"lazy\" class=\" wp-image-3929\" src=\"https:\/\/www.naturparkmagazin.de\/dahme-heideseen\/wp-content\/uploads\/sites\/37\/Vortrag-620x465.jpg\" alt=\"Franz Heitzendorfer gibt Tipps zur Bestimmung von heimischen Wildblumen (\u00a9 Teresa Zeuner)\" width=\"477\" height=\"358\" srcset=\"https:\/\/www.naturparkmagazin.de\/dahme-heideseen\/wp-content\/uploads\/sites\/37\/Vortrag-620x465.jpg 620w, https:\/\/www.naturparkmagazin.de\/dahme-heideseen\/wp-content\/uploads\/sites\/37\/Vortrag-300x225.jpg 300w, https:\/\/www.naturparkmagazin.de\/dahme-heideseen\/wp-content\/uploads\/sites\/37\/Vortrag-940x705.jpg 940w, https:\/\/www.naturparkmagazin.de\/dahme-heideseen\/wp-content\/uploads\/sites\/37\/Vortrag-580x435.jpg 580w, https:\/\/www.naturparkmagazin.de\/dahme-heideseen\/wp-content\/uploads\/sites\/37\/Vortrag-420x315.jpg 420w, https:\/\/www.naturparkmagazin.de\/dahme-heideseen\/wp-content\/uploads\/sites\/37\/Vortrag-180x135.jpg 180w, https:\/\/www.naturparkmagazin.de\/dahme-heideseen\/wp-content\/uploads\/sites\/37\/Vortrag-95x71.jpg 95w, https:\/\/www.naturparkmagazin.de\/dahme-heideseen\/wp-content\/uploads\/sites\/37\/Vortrag-670x502.jpg 670w, https:\/\/www.naturparkmagazin.de\/dahme-heideseen\/wp-content\/uploads\/sites\/37\/Vortrag-200x150.jpg 200w, https:\/\/www.naturparkmagazin.de\/dahme-heideseen\/wp-content\/uploads\/sites\/37\/Vortrag.jpg 1383w\" sizes=\"(max-width: 477px) 100vw, 477px\" \/><\/a><p id=\"caption-attachment-3929\" class=\"wp-caption-text\">Franz Heitzendorfer gibt Tipps zur Bestimmung von heimischen Wildblumen (\u00a9 Teresa Zeuner)<\/p><\/div>\n<p>Themen waren u.a. Tipps bei der Bestimmung von heimischen Wildblumen und im Praxisteil die gemeinsame Saatgutgewinnung und das Herstellen von Saatgut-Kugeln.<\/p>\n<p>Das Saatgut f\u00fcr die sogenannten Samenbomben kann individuell zusammengestellt werden. Die Samen stammten aus dem Biogarten Prieros und wurden von Franz Heitzendorfer an verschiedenen Orten im Naturpark gesammelt. Um das Saatgut zu lagern empfehlen sich Gl\u00e4ser oder Saatgutkoffer.<\/p>\n<div id=\"attachment_3924\" style=\"width: 242px\" class=\"wp-caption alignnone\"><a href=\"https:\/\/www.naturparkmagazin.de\/dahme-heideseen\/wp-content\/uploads\/sites\/37\/Saatgutgewinnung.jpg\"><img aria-describedby=\"caption-attachment-3924\" decoding=\"async\" loading=\"lazy\" class=\"wp-image-3924 \" src=\"https:\/\/www.naturparkmagazin.de\/dahme-heideseen\/wp-content\/uploads\/sites\/37\/Saatgutgewinnung-620x827.jpg\" alt=\"Saatgutgewinnung\" width=\"232\" height=\"310\" srcset=\"https:\/\/www.naturparkmagazin.de\/dahme-heideseen\/wp-content\/uploads\/sites\/37\/Saatgutgewinnung-620x827.jpg 620w, https:\/\/www.naturparkmagazin.de\/dahme-heideseen\/wp-content\/uploads\/sites\/37\/Saatgutgewinnung-300x400.jpg 300w, https:\/\/www.naturparkmagazin.de\/dahme-heideseen\/wp-content\/uploads\/sites\/37\/Saatgutgewinnung-500x667.jpg 500w, https:\/\/www.naturparkmagazin.de\/dahme-heideseen\/wp-content\/uploads\/sites\/37\/Saatgutgewinnung-420x560.jpg 420w, https:\/\/www.naturparkmagazin.de\/dahme-heideseen\/wp-content\/uploads\/sites\/37\/Saatgutgewinnung-135x180.jpg 135w, https:\/\/www.naturparkmagazin.de\/dahme-heideseen\/wp-content\/uploads\/sites\/37\/Saatgutgewinnung-53x71.jpg 53w, https:\/\/www.naturparkmagazin.de\/dahme-heideseen\/wp-content\/uploads\/sites\/37\/Saatgutgewinnung-670x893.jpg 670w, https:\/\/www.naturparkmagazin.de\/dahme-heideseen\/wp-content\/uploads\/sites\/37\/Saatgutgewinnung-200x267.jpg 200w, https:\/\/www.naturparkmagazin.de\/dahme-heideseen\/wp-content\/uploads\/sites\/37\/Saatgutgewinnung.jpg 735w\" sizes=\"(max-width: 232px) 100vw, 232px\" \/><\/a><p id=\"caption-attachment-3924\" class=\"wp-caption-text\">Saatgutgewinnung mit Sieb (\u00a9 Teresa Zeuner)<\/p><\/div>\n<div id=\"attachment_3927\" style=\"width: 311px\" class=\"wp-caption alignnone\"><a href=\"https:\/\/www.naturparkmagazin.de\/dahme-heideseen\/wp-content\/uploads\/sites\/37\/Mischung2.jpg\"><img aria-describedby=\"caption-attachment-3927\" decoding=\"async\" loading=\"lazy\" class=\"wp-image-3927\" src=\"https:\/\/www.naturparkmagazin.de\/dahme-heideseen\/wp-content\/uploads\/sites\/37\/Mischung2-620x449.jpg\" alt=\"Mischung2\" width=\"301\" height=\"218\" srcset=\"https:\/\/www.naturparkmagazin.de\/dahme-heideseen\/wp-content\/uploads\/sites\/37\/Mischung2-620x449.jpg 620w, https:\/\/www.naturparkmagazin.de\/dahme-heideseen\/wp-content\/uploads\/sites\/37\/Mischung2-300x217.jpg 300w, https:\/\/www.naturparkmagazin.de\/dahme-heideseen\/wp-content\/uploads\/sites\/37\/Mischung2-940x680.jpg 940w, https:\/\/www.naturparkmagazin.de\/dahme-heideseen\/wp-content\/uploads\/sites\/37\/Mischung2-670x485.jpg 670w, https:\/\/www.naturparkmagazin.de\/dahme-heideseen\/wp-content\/uploads\/sites\/37\/Mischung2-200x145.jpg 200w, https:\/\/www.naturparkmagazin.de\/dahme-heideseen\/wp-content\/uploads\/sites\/37\/Mischung2.jpg 980w\" sizes=\"(max-width: 301px) 100vw, 301px\" \/><\/a><p id=\"caption-attachment-3927\" class=\"wp-caption-text\">Trocken-Mischung aus Kalk, Sand, Komposterde und Samen f\u00fcr die Saatgutkugeln (\u00a9 Teresa Zeuner)<\/p><\/div>\n<div id=\"attachment_3922\" style=\"width: 316px\" class=\"wp-caption alignnone\"><a href=\"https:\/\/www.naturparkmagazin.de\/dahme-heideseen\/wp-content\/uploads\/sites\/37\/Mischung.jpg\"><img aria-describedby=\"caption-attachment-3922\" decoding=\"async\" loading=\"lazy\" class=\"wp-image-3922 \" src=\"https:\/\/www.naturparkmagazin.de\/dahme-heideseen\/wp-content\/uploads\/sites\/37\/Mischung-620x827.jpg\" alt=\"Mischung\" width=\"306\" height=\"409\" srcset=\"https:\/\/www.naturparkmagazin.de\/dahme-heideseen\/wp-content\/uploads\/sites\/37\/Mischung-620x827.jpg 620w, https:\/\/www.naturparkmagazin.de\/dahme-heideseen\/wp-content\/uploads\/sites\/37\/Mischung-300x400.jpg 300w, https:\/\/www.naturparkmagazin.de\/dahme-heideseen\/wp-content\/uploads\/sites\/37\/Mischung-500x667.jpg 500w, https:\/\/www.naturparkmagazin.de\/dahme-heideseen\/wp-content\/uploads\/sites\/37\/Mischung-420x560.jpg 420w, https:\/\/www.naturparkmagazin.de\/dahme-heideseen\/wp-content\/uploads\/sites\/37\/Mischung-135x180.jpg 135w, https:\/\/www.naturparkmagazin.de\/dahme-heideseen\/wp-content\/uploads\/sites\/37\/Mischung-53x71.jpg 53w, https:\/\/www.naturparkmagazin.de\/dahme-heideseen\/wp-content\/uploads\/sites\/37\/Mischung-670x893.jpg 670w, https:\/\/www.naturparkmagazin.de\/dahme-heideseen\/wp-content\/uploads\/sites\/37\/Mischung-200x267.jpg 200w, https:\/\/www.naturparkmagazin.de\/dahme-heideseen\/wp-content\/uploads\/sites\/37\/Mischung.jpg 735w\" sizes=\"(max-width: 306px) 100vw, 306px\" \/><\/a><p id=\"caption-attachment-3922\" class=\"wp-caption-text\">Franz Heitzendorfer erkl\u00e4rt die Bestandteile der Mischung f\u00fcr die Kugeln (\u00a9 Teresa Zeuner)<\/p><\/div>\n<p>Ein weiterer Aspekt dieser Fortbildungen war die <strong>Bedeutung von Bl\u00fchwiesen f\u00fcr den Artenschutz<\/strong>. Die P\u00e4dagogen haben im Anschluss einen Saatgutkoffer je Einrichtung und ein Handout mit den wichtigsten Punkten aus dem Theorie-Teil erhalten und konnten so hilfreiche Impulse f\u00fcr ihre Arbeit mit den Kindern mitnehmen.<\/p>\n<div id=\"attachment_3926\" style=\"width: 329px\" class=\"wp-caption alignnone\"><a href=\"https:\/\/www.naturparkmagazin.de\/dahme-heideseen\/wp-content\/uploads\/sites\/37\/Saatgutkugel.jpg\"><img aria-describedby=\"caption-attachment-3926\" decoding=\"async\" loading=\"lazy\" class=\"wp-image-3926\" src=\"https:\/\/www.naturparkmagazin.de\/dahme-heideseen\/wp-content\/uploads\/sites\/37\/Saatgutkugel-620x465.jpg\" alt=\"Saatgutkugel\" width=\"319\" height=\"239\" srcset=\"https:\/\/www.naturparkmagazin.de\/dahme-heideseen\/wp-content\/uploads\/sites\/37\/Saatgutkugel-620x465.jpg 620w, https:\/\/www.naturparkmagazin.de\/dahme-heideseen\/wp-content\/uploads\/sites\/37\/Saatgutkugel-300x225.jpg 300w, https:\/\/www.naturparkmagazin.de\/dahme-heideseen\/wp-content\/uploads\/sites\/37\/Saatgutkugel-940x705.jpg 940w, https:\/\/www.naturparkmagazin.de\/dahme-heideseen\/wp-content\/uploads\/sites\/37\/Saatgutkugel-580x435.jpg 580w, https:\/\/www.naturparkmagazin.de\/dahme-heideseen\/wp-content\/uploads\/sites\/37\/Saatgutkugel-420x315.jpg 420w, https:\/\/www.naturparkmagazin.de\/dahme-heideseen\/wp-content\/uploads\/sites\/37\/Saatgutkugel-180x135.jpg 180w, https:\/\/www.naturparkmagazin.de\/dahme-heideseen\/wp-content\/uploads\/sites\/37\/Saatgutkugel-95x71.jpg 95w, https:\/\/www.naturparkmagazin.de\/dahme-heideseen\/wp-content\/uploads\/sites\/37\/Saatgutkugel-670x503.jpg 670w, https:\/\/www.naturparkmagazin.de\/dahme-heideseen\/wp-content\/uploads\/sites\/37\/Saatgutkugel-200x150.jpg 200w, https:\/\/www.naturparkmagazin.de\/dahme-heideseen\/wp-content\/uploads\/sites\/37\/Saatgutkugel.jpg 980w\" sizes=\"(max-width: 319px) 100vw, 319px\" \/><\/a><p id=\"caption-attachment-3926\" class=\"wp-caption-text\">fertige Saatgutkugel (\u00a9 Teresa Zeuner)<\/p><\/div>\n<p>Da die Teilnehmer*innen begeistert und voller Inspirationen die Veranstaltungen verlassen haben, sind in Zukunft weitere Fortbildungsma\u00dfnahmen mit Franz Heitzendorfer und anderen Referent*innen zu Umweltbildungsthemen geplant.<\/p>\n<p>&nbsp;<\/p>\n<div id=\"attachment_3928\" style=\"width: 397px\" class=\"wp-caption alignnone\"><a href=\"https:\/\/www.naturparkmagazin.de\/dahme-heideseen\/wp-content\/uploads\/sites\/37\/Saatgutkoffer.jpg\"><img aria-describedby=\"caption-attachment-3928\" decoding=\"async\" loading=\"lazy\" class=\" wp-image-3928\" src=\"https:\/\/www.naturparkmagazin.de\/dahme-heideseen\/wp-content\/uploads\/sites\/37\/Saatgutkoffer-620x442.jpg\" alt=\"Saatgutkoffer zur Aufbewahrung f\u00fcr das trockene Saatgut (\u00a9 Teresa Zeuner)\" width=\"387\" height=\"276\" srcset=\"https:\/\/www.naturparkmagazin.de\/dahme-heideseen\/wp-content\/uploads\/sites\/37\/Saatgutkoffer-620x442.jpg 620w, https:\/\/www.naturparkmagazin.de\/dahme-heideseen\/wp-content\/uploads\/sites\/37\/Saatgutkoffer-300x214.jpg 300w, https:\/\/www.naturparkmagazin.de\/dahme-heideseen\/wp-content\/uploads\/sites\/37\/Saatgutkoffer-940x670.jpg 940w, https:\/\/www.naturparkmagazin.de\/dahme-heideseen\/wp-content\/uploads\/sites\/37\/Saatgutkoffer-670x477.jpg 670w, https:\/\/www.naturparkmagazin.de\/dahme-heideseen\/wp-content\/uploads\/sites\/37\/Saatgutkoffer-200x142.jpg 200w, https:\/\/www.naturparkmagazin.de\/dahme-heideseen\/wp-content\/uploads\/sites\/37\/Saatgutkoffer.jpg 980w\" sizes=\"(max-width: 387px) 100vw, 387px\" \/><\/a><p id=\"caption-attachment-3928\" class=\"wp-caption-text\">Saatgutkoffer zur Aufbewahrung f\u00fcr das trockene Saatgut (\u00a9 Teresa Zeuner)<\/p><\/div>\n<p>&nbsp;<\/p>\n<p><strong><i>Zum Hintergrund:<\/i><\/strong><\/p>\n<p>Neugierig geworden? <a href=\"http:\/\/Franz Heitzendorfer gibt Tipps zur Bestimmung von heimischen Wildblumen (\u00a9 Teresa Zeuner)\" target=\"_blank\">Eine Anleitung um selbst Samenbomben oder Saatgutkugeln herzustellen finden Sie hier.<\/a><\/p>\n<p>Samenbomben sind runde Erdkugeln voller Samen, aus denen bunte Blumenwiesen entstehen. Die bl\u00fchenden Wiesen dienen zahlreichen Insekten als Nahrungsquelle. Durch die Intensivierung der Landwirtschaft, Zerst\u00f6rung von Lebensr\u00e4umen und weiteren Gr\u00fcnden finden Insekten in unserer Landschaft h\u00e4ufig nicht mehr ausreichend Nahrung. Mit den Saatgutkugeln wird die regionale Artenvielfalt unterst\u00fctzt. Doch Samenbomben d\u00fcrfen nicht in die freie Landschaft gestreut werden. Ihre Verwendung ist nur im eigenen Garten oder auf dem eigenen Balkon erlaubt.<\/p>\n<p>Das vom\u00a0<a class=\"external-link-new-window\" title=\"Informationen zum Konzept Naturpark-Schulen\" href=\"https:\/\/www.naturparke.de\/aufgaben-ziele\/bildung\/naturpark-schulen.html\" target=\"_blank\">Verband Deutscher Naturparke e. V.<\/a>(VDN) ins Leben gerufene Netzwerk der Naturpark-Schulen und\u00a0<a class=\"external-link-new-window\" title=\"Informationen zum Konzept Naturpark-Kita\" href=\"https:\/\/www.naturparke.de\/aufgaben-ziele\/bildung\/naturpark-kita.html\" target=\"_blank\">-Kitas<\/a>\u00a0f\u00f6rdert eine feste, dauerhafte Kooperation zwischen Naturparken und Schulen bzw. Kitas. Ausgezeichnete Naturpark-Schulen und-Kitas verpflichten sich, Themen der Bildung f\u00fcr nachhaltige Entwicklung (BNE) regelm\u00e4\u00dfig im Unterricht bzw. Kita-Alltag zu verankern. So soll den Sch\u00fcler*innen und Kindern aus dem Naturpark die Region als vielf\u00e4ltiger Lern- und Erfahrungsort nahegebracht und sie f\u00fcr die Besonderheiten ihrer Heimat sensibilisiert werden. Dass in den umgebenden W\u00e4ldern die gr\u00f6\u00dften K\u00e4ferarten Deutschlands, der Hirschk\u00e4fer und der Heldbock, vorkommen, wissen die meisten Kinder bereits von klein auf. Die Naturpark-Schule bzw. -Kita soll weitere direkte Erfahrungen mit Natur und Kultur im Umfeld f\u00f6rdern und einen Beitrag zur nachhaltigen Entwicklung leisten.Das Naturpark-Team unterst\u00fctzt die P\u00e4dagogen gerne bei dieser Aufgabe und wird weiterhin regelm\u00e4\u00dfige Veranstaltungen anbieten.<\/p>\n","protected":false},"excerpt":{"rendered":"<p>Franz Heitzendorfer hat in Kooperation mit dem Naturpark Dahme-Heideseen Fortbildungen f\u00fcr Kita-Erzieher*innen und Lehrer*innen aus dem Naturpark Dahme-Heideseen zum Thema Bl\u00fchwiesen, Saatgut-Gewinnung und Saatgutkugel-Herstellung angeboten.<\/p>\n","protected":false},"author":83,"featured_media":3929,"comment_status":"open","ping_status":"open","sticky":false,"template":"","format":"standard","meta":[],"categories":[7],"tags":[],"yoast_head":"<!-- This site is optimized with the Yoast SEO plugin v19.10 - https:\/\/yoast.com\/wordpress\/plugins\/seo\/ -->\n<title>Fortbildungsma\u00dfnahmen f\u00fcr Kitas und Schulen aus dem Naturpark - Naturpark Dahme-Heideseen<\/title>\n<meta name=\"robots\" content=\"index, follow, max-snippet:-1, max-image-preview:large, max-video-preview:-1\" \/>\n<link rel=\"canonical\" href=\"https:\/\/www.naturparkmagazin.de\/dahme-heideseen\/fortbildungsmassnahmen-fuer-kitas-und-schulen-aus-dem-naturpark\/\" \/>\n<meta property=\"og:locale\" content=\"de_DE\" \/>\n<meta property=\"og:type\" content=\"article\" \/>\n<meta property=\"og:title\" content=\"Fortbildungsma\u00dfnahmen f\u00fcr Kitas und Schulen aus dem Naturpark - Naturpark Dahme-Heideseen\" \/>\n<meta property=\"og:description\" content=\"Franz Heitzendorfer hat in Kooperation mit dem Naturpark Dahme-Heideseen Fortbildungen f\u00fcr Kita-Erzieher*innen und Lehrer*innen aus dem Naturpark Dahme-Heideseen zum Thema Bl\u00fchwiesen, Saatgut-Gewinnung und Saatgutkugel-Herstellung angeboten.\" \/>\n<meta property=\"og:url\" content=\"https:\/\/www.naturparkmagazin.de\/dahme-heideseen\/fortbildungsmassnahmen-fuer-kitas-und-schulen-aus-dem-naturpark\/\" \/>\n<meta property=\"og:site_name\" content=\"Naturpark Dahme-Heideseen\" \/>\n<meta property=\"article:published_time\" content=\"2021-10-04T12:36:01+00:00\" \/>\n<meta property=\"article:modified_time\" content=\"2021-10-04T12:38:03+00:00\" \/>\n<meta property=\"og:image\" content=\"https:\/\/www.naturparkmagazin.de\/dahme-heideseen\/wp-content\/uploads\/sites\/37\/Vortrag.jpg\" \/>\n\t<meta property=\"og:image:width\" content=\"1383\" \/>\n\t<meta property=\"og:image:height\" content=\"1037\" \/>\n\t<meta property=\"og:image:type\" content=\"image\/jpeg\" \/>\n<meta name=\"author\" content=\"Astrid Osenbr\u00fcck\" \/>\n<meta name=\"twitter:label1\" content=\"Verfasst von\" \/>\n\t<meta name=\"twitter:data1\" content=\"Astrid Osenbr\u00fcck\" \/>\n\t<meta name=\"twitter:label2\" content=\"Gesch\u00e4tzte Lesezeit\" \/>\n\t<meta name=\"twitter:data2\" content=\"3\u00a0Minuten\" \/>\n<script type=\"application\/ld+json\" class=\"yoast-schema-graph\">{\"@context\":\"https:\/\/schema.org\",\"@graph\":[{\"@type\":\"WebPage\",\"@id\":\"https:\/\/www.naturparkmagazin.de\/dahme-heideseen\/fortbildungsmassnahmen-fuer-kitas-und-schulen-aus-dem-naturpark\/\",\"url\":\"https:\/\/www.naturparkmagazin.de\/dahme-heideseen\/fortbildungsmassnahmen-fuer-kitas-und-schulen-aus-dem-naturpark\/\",\"name\":\"Fortbildungsma\u00dfnahmen f\u00fcr Kitas und Schulen aus dem Naturpark - Naturpark Dahme-Heideseen\",\"isPartOf\":{\"@id\":\"https:\/\/www.naturparkmagazin.de\/dahme-heideseen\/#website\"},\"datePublished\":\"2021-10-04T12:36:01+00:00\",\"dateModified\":\"2021-10-04T12:38:03+00:00\",\"author\":{\"@id\":\"https:\/\/www.naturparkmagazin.de\/dahme-heideseen\/#\/schema\/person\/a0510aafafdf8183c95fc98faf0c9f21\"},\"breadcrumb\":{\"@id\":\"https:\/\/www.naturparkmagazin.de\/dahme-heideseen\/fortbildungsmassnahmen-fuer-kitas-und-schulen-aus-dem-naturpark\/#breadcrumb\"},\"inLanguage\":\"de\",\"potentialAction\":[{\"@type\":\"ReadAction\",\"target\":[\"https:\/\/www.naturparkmagazin.de\/dahme-heideseen\/fortbildungsmassnahmen-fuer-kitas-und-schulen-aus-dem-naturpark\/\"]}]},{\"@type\":\"BreadcrumbList\",\"@id\":\"https:\/\/www.naturparkmagazin.de\/dahme-heideseen\/fortbildungsmassnahmen-fuer-kitas-und-schulen-aus-dem-naturpark\/#breadcrumb\",\"itemListElement\":[{\"@type\":\"ListItem\",\"position\":1,\"name\":\"Home\",\"item\":\"https:\/\/www.naturparkmagazin.de\/dahme-heideseen\/\"},{\"@type\":\"ListItem\",\"position\":2,\"name\":\"Fortbildungsma\u00dfnahmen f\u00fcr Kitas und Schulen aus dem Naturpark\"}]},{\"@type\":\"WebSite\",\"@id\":\"https:\/\/www.naturparkmagazin.de\/dahme-heideseen\/#website\",\"url\":\"https:\/\/www.naturparkmagazin.de\/dahme-heideseen\/\",\"name\":\"Naturpark Dahme-Heideseen\",\"description\":\"\",\"potentialAction\":[{\"@type\":\"SearchAction\",\"target\":{\"@type\":\"EntryPoint\",\"urlTemplate\":\"https:\/\/www.naturparkmagazin.de\/dahme-heideseen\/?s={search_term_string}\"},\"query-input\":\"required name=search_term_string\"}],\"inLanguage\":\"de\"},{\"@type\":\"Person\",\"@id\":\"https:\/\/www.naturparkmagazin.de\/dahme-heideseen\/#\/schema\/person\/a0510aafafdf8183c95fc98faf0c9f21\",\"name\":\"Astrid Osenbr\u00fcck\",\"sameAs\":[\"http:\/\/www.dahme-heideseen-naturpark.de\"],\"url\":\"https:\/\/www.naturparkmagazin.de\/dahme-heideseen\/author\/astridosenbrueck\/\"}]}<\/script>\n<!-- \/ Yoast SEO plugin. -->","yoast_head_json":{"title":"Fortbildungsma\u00dfnahmen f\u00fcr Kitas und Schulen aus dem Naturpark - Naturpark Dahme-Heideseen","robots":{"index":"index","follow":"follow","max-snippet":"max-snippet:-1","max-image-preview":"max-image-preview:large","max-video-preview":"max-video-preview:-1"},"canonical":"https:\/\/www.naturparkmagazin.de\/dahme-heideseen\/fortbildungsmassnahmen-fuer-kitas-und-schulen-aus-dem-naturpark\/","og_locale":"de_DE","og_type":"article","og_title":"Fortbildungsma\u00dfnahmen f\u00fcr Kitas und Schulen aus dem Naturpark - Naturpark Dahme-Heideseen","og_description":"Franz Heitzendorfer hat in Kooperation mit dem Naturpark Dahme-Heideseen Fortbildungen f\u00fcr Kita-Erzieher*innen und Lehrer*innen aus dem Naturpark Dahme-Heideseen zum Thema Bl\u00fchwiesen, Saatgut-Gewinnung und Saatgutkugel-Herstellung angeboten.","og_url":"https:\/\/www.naturparkmagazin.de\/dahme-heideseen\/fortbildungsmassnahmen-fuer-kitas-und-schulen-aus-dem-naturpark\/","og_site_name":"Naturpark Dahme-Heideseen","article_published_time":"2021-10-04T12:36:01+00:00","article_modified_time":"2021-10-04T12:38:03+00:00","og_image":[{"width":1383,"height":1037,"url":"https:\/\/www.naturparkmagazin.de\/dahme-heideseen\/wp-content\/uploads\/sites\/37\/Vortrag.jpg","type":"image\/jpeg"}],"author":"Astrid Osenbr\u00fcck","twitter_misc":{"Verfasst von":"Astrid Osenbr\u00fcck","Gesch\u00e4tzte Lesezeit":"3\u00a0Minuten"},"schema":{"@context":"https:\/\/schema.org","@graph":[{"@type":"WebPage","@id":"https:\/\/www.naturparkmagazin.de\/dahme-heideseen\/fortbildungsmassnahmen-fuer-kitas-und-schulen-aus-dem-naturpark\/","url":"https:\/\/www.naturparkmagazin.de\/dahme-heideseen\/fortbildungsmassnahmen-fuer-kitas-und-schulen-aus-dem-naturpark\/","name":"Fortbildungsma\u00dfnahmen f\u00fcr Kitas und Schulen aus dem Naturpark - Naturpark Dahme-Heideseen","isPartOf":{"@id":"https:\/\/www.naturparkmagazin.de\/dahme-heideseen\/#website"},"datePublished":"2021-10-04T12:36:01+00:00","dateModified":"2021-10-04T12:38:03+00:00","author":{"@id":"https:\/\/www.naturparkmagazin.de\/dahme-heideseen\/#\/schema\/person\/a0510aafafdf8183c95fc98faf0c9f21"},"breadcrumb":{"@id":"https:\/\/www.naturparkmagazin.de\/dahme-heideseen\/fortbildungsmassnahmen-fuer-kitas-und-schulen-aus-dem-naturpark\/#breadcrumb"},"inLanguage":"de","potentialAction":[{"@type":"ReadAction","target":["https:\/\/www.naturparkmagazin.de\/dahme-heideseen\/fortbildungsmassnahmen-fuer-kitas-und-schulen-aus-dem-naturpark\/"]}]},{"@type":"BreadcrumbList","@id":"https:\/\/www.naturparkmagazin.de\/dahme-heideseen\/fortbildungsmassnahmen-fuer-kitas-und-schulen-aus-dem-naturpark\/#breadcrumb","itemListElement":[{"@type":"ListItem","position":1,"name":"Home","item":"https:\/\/www.naturparkmagazin.de\/dahme-heideseen\/"},{"@type":"ListItem","position":2,"name":"Fortbildungsma\u00dfnahmen f\u00fcr Kitas und Schulen aus dem Naturpark"}]},{"@type":"WebSite","@id":"https:\/\/www.naturparkmagazin.de\/dahme-heideseen\/#website","url":"https:\/\/www.naturparkmagazin.de\/dahme-heideseen\/","name":"Naturpark Dahme-Heideseen","description":"","potentialAction":[{"@type":"SearchAction","target":{"@type":"EntryPoint","urlTemplate":"https:\/\/www.naturparkmagazin.de\/dahme-heideseen\/?s={search_term_string}"},"query-input":"required name=search_term_string"}],"inLanguage":"de"},{"@type":"Person","@id":"https:\/\/www.naturparkmagazin.de\/dahme-heideseen\/#\/schema\/person\/a0510aafafdf8183c95fc98faf0c9f21","name":"Astrid Osenbr\u00fcck","sameAs":["http:\/\/www.dahme-heideseen-naturpark.de"],"url":"https:\/\/www.naturparkmagazin.de\/dahme-heideseen\/author\/astridosenbrueck\/"}]}},"_links":{"self":[{"href":"https:\/\/www.naturparkmagazin.de\/dahme-heideseen\/wp-json\/wp\/v2\/posts\/3921"}],"collection":[{"href":"https:\/\/www.naturparkmagazin.de\/dahme-heideseen\/wp-json\/wp\/v2\/posts"}],"about":[{"href":"https:\/\/www.naturparkmagazin.de\/dahme-heideseen\/wp-json\/wp\/v2\/types\/post"}],"author":[{"embeddable":true,"href":"https:\/\/www.naturparkmagazin.de\/dahme-heideseen\/wp-json\/wp\/v2\/users\/83"}],"replies":[{"embeddable":true,"href":"https:\/\/www.naturparkmagazin.de\/dahme-heideseen\/wp-json\/wp\/v2\/comments?post=3921"}],"version-history":[{"count":1,"href":"https:\/\/www.naturparkmagazin.de\/dahme-heideseen\/wp-json\/wp\/v2\/posts\/3921\/revisions"}],"predecessor-version":[{"id":3930,"href":"https:\/\/www.naturparkmagazin.de\/dahme-heideseen\/wp-json\/wp\/v2\/posts\/3921\/revisions\/3930"}],"wp:featuredmedia":[{"embeddable":true,"href":"https:\/\/www.naturparkmagazin.de\/dahme-heideseen\/wp-json\/wp\/v2\/media\/3929"}],"wp:attachment":[{"href":"https:\/\/www.naturparkmagazin.de\/dahme-heideseen\/wp-json\/wp\/v2\/media?parent=3921"}],"wp:term":[{"taxonomy":"category","embeddable":true,"href":"https:\/\/www.naturparkmagazin.de\/dahme-heideseen\/wp-json\/wp\/v2\/categories?post=3921"},{"taxonomy":"post_tag","embeddable":true,"href":"https:\/\/www.naturparkmagazin.de\/dahme-heideseen\/wp-json\/wp\/v2\/tags?post=3921"}],"curies":[{"name":"wp","href":"https:\/\/api.w.org\/{rel}","templated":true}]}}