{"id":3936,"date":"2021-10-28T10:17:13","date_gmt":"2021-10-28T08:17:13","guid":{"rendered":"https:\/\/www.naturparkmagazin.de\/dahme-heideseen\/?p=3936"},"modified":"2021-10-28T14:32:46","modified_gmt":"2021-10-28T12:32:46","slug":"foto-ausstellung-lieblingsplaetze-im-naturpark","status":"publish","type":"post","link":"https:\/\/www.naturparkmagazin.de\/dahme-heideseen\/foto-ausstellung-lieblingsplaetze-im-naturpark\/","title":{"rendered":"Foto-Ausstellung Lieblingspl\u00e4tze im Naturpark"},"content":{"rendered":"<h4>Foto-Ausstellung Mein Lieblingsplatz im Naturpark<\/h4>\n<p>Fast einen Monat lang k\u00f6nnen Interessierte im Tourismuszentrum Prieros Fotos zu Lieblingspl\u00e4tzen im Naturpark Dahme-Heideseen bewundern. Die Fotos stammen vom Fotowettbewerb zum diesj\u00e4hrigen JahreBuch des Naturparks.<\/p>\n<p>Der NABU Dahmeland und Naturpark hatten Anfang des Jahres dazu aufgerufen, Fotos f\u00fcr das JahreBuch einzureichen. Zahlreiche Fotograf*innen sind dem Aufruf gefolgt und erfreuten die Jury mit traumhaften Fotos. Da die Qualit\u00e4t und Vielfalt der eingesandten Fotos sehr hoch war, sollen nun alle Fotograf*innen mit der Ausstellung geehrt werden.<\/p>\n<p>Die Ausstellung f\u00fchrt durch den Naturpark, zu versteckten Ecken und bekannten Sehensw\u00fcrdigkeiten.<\/p>\n<h4>\u00d6ffnungszeiten<\/h4>\n<p>Die Ausstellung ist unregelm\u00e4\u00dfig ge\u00f6ffnet und kann in Absprache mit dem Tourismusb\u00fcro Prieros besichtigt werden. Nach einer telefonischen Voranmeldung kann die Ausstellung Mo., Mi., Do. und Sa. zwischen 10 und 16 Uhr besichtigt werden.<\/p>\n<p>Anmeldungen bitte unter: 033768 208930<\/p>\n<h4>Finissage und JahreBuch-Vorstellung<\/h4>\n<p>Am 27. November findet die offizielle Finissage der Ausstellung statt. Ab15 Uhr findet diese im Rahmen der JahreBuch-Vorstellung statt, bei der ausgew\u00e4hlte Autor*innen ihre Beitr\u00e4ge vorstellen und die Fotograf*innen geehrt werden.<\/p>\n<p>Anmeldungen bis 25. November an: <a class=\"mail\" title=\"Opens window for sending email\">NP-Dahme-Heideseen@LfU.Brandenburg.de<\/a><\/p>\n<p>&nbsp;<\/p>\n","protected":false},"excerpt":{"rendered":"<p>Vom 1. bis 27. November k\u00f6nnen Naturbegeisterte traumhafte Fotografien aus dem Naturpark Dahme-Heideseen im Tourismuszentrum Prieros bewundern. Die Fotos zeigen verschiedene, teilweise verstecke Ecken des Naturparks und stammen vom diesj\u00e4hrigen Fotowettbewerb zum JahreBuch des Naturparks.<\/p>\n","protected":false},"author":83,"featured_media":3950,"comment_status":"open","ping_status":"open","sticky":false,"template":"","format":"standard","meta":[],"categories":[7],"tags":[],"yoast_head":"<!-- This site is optimized with the Yoast SEO plugin v19.10 - https:\/\/yoast.com\/wordpress\/plugins\/seo\/ -->\n<title>Foto-Ausstellung Lieblingspl\u00e4tze im Naturpark - Naturpark Dahme-Heideseen<\/title>\n<meta name=\"robots\" content=\"index, follow, max-snippet:-1, max-image-preview:large, max-video-preview:-1\" \/>\n<link rel=\"canonical\" href=\"https:\/\/www.naturparkmagazin.de\/dahme-heideseen\/foto-ausstellung-lieblingsplaetze-im-naturpark\/\" \/>\n<meta property=\"og:locale\" content=\"de_DE\" \/>\n<meta property=\"og:type\" content=\"article\" \/>\n<meta property=\"og:title\" content=\"Foto-Ausstellung Lieblingspl\u00e4tze im Naturpark - Naturpark Dahme-Heideseen\" \/>\n<meta property=\"og:description\" content=\"Vom 1. bis 27. November k\u00f6nnen Naturbegeisterte traumhafte Fotografien aus dem Naturpark Dahme-Heideseen im Tourismuszentrum Prieros bewundern. Die Fotos zeigen verschiedene, teilweise verstecke Ecken des Naturparks und stammen vom diesj\u00e4hrigen Fotowettbewerb zum JahreBuch des Naturparks.\" \/>\n<meta property=\"og:url\" content=\"https:\/\/www.naturparkmagazin.de\/dahme-heideseen\/foto-ausstellung-lieblingsplaetze-im-naturpark\/\" \/>\n<meta property=\"og:site_name\" content=\"Naturpark Dahme-Heideseen\" \/>\n<meta property=\"article:published_time\" content=\"2021-10-28T08:17:13+00:00\" \/>\n<meta property=\"article:modified_time\" content=\"2021-10-28T12:32:46+00:00\" \/>\n<meta property=\"og:image\" content=\"https:\/\/www.naturparkmagazin.de\/dahme-heideseen\/wp-content\/uploads\/sites\/37\/Foto-Ausstellung_Osenbr\u00fcck.jpg\" \/>\n\t<meta property=\"og:image:width\" content=\"2304\" \/>\n\t<meta property=\"og:image:height\" content=\"1728\" \/>\n\t<meta property=\"og:image:type\" content=\"image\/jpeg\" \/>\n<meta name=\"author\" content=\"Astrid Osenbr\u00fcck\" \/>\n<meta name=\"twitter:label1\" content=\"Verfasst von\" \/>\n\t<meta name=\"twitter:data1\" content=\"Astrid Osenbr\u00fcck\" \/>\n\t<meta name=\"twitter:label2\" content=\"Gesch\u00e4tzte Lesezeit\" \/>\n\t<meta name=\"twitter:data2\" content=\"1\u00a0Minute\" \/>\n<script type=\"application\/ld+json\" class=\"yoast-schema-graph\">{\"@context\":\"https:\/\/schema.org\",\"@graph\":[{\"@type\":\"WebPage\",\"@id\":\"https:\/\/www.naturparkmagazin.de\/dahme-heideseen\/foto-ausstellung-lieblingsplaetze-im-naturpark\/\",\"url\":\"https:\/\/www.naturparkmagazin.de\/dahme-heideseen\/foto-ausstellung-lieblingsplaetze-im-naturpark\/\",\"name\":\"Foto-Ausstellung Lieblingspl\u00e4tze im Naturpark - Naturpark Dahme-Heideseen\",\"isPartOf\":{\"@id\":\"https:\/\/www.naturparkmagazin.de\/dahme-heideseen\/#website\"},\"datePublished\":\"2021-10-28T08:17:13+00:00\",\"dateModified\":\"2021-10-28T12:32:46+00:00\",\"author\":{\"@id\":\"https:\/\/www.naturparkmagazin.de\/dahme-heideseen\/#\/schema\/person\/a0510aafafdf8183c95fc98faf0c9f21\"},\"breadcrumb\":{\"@id\":\"https:\/\/www.naturparkmagazin.de\/dahme-heideseen\/foto-ausstellung-lieblingsplaetze-im-naturpark\/#breadcrumb\"},\"inLanguage\":\"de\",\"potentialAction\":[{\"@type\":\"ReadAction\",\"target\":[\"https:\/\/www.naturparkmagazin.de\/dahme-heideseen\/foto-ausstellung-lieblingsplaetze-im-naturpark\/\"]}]},{\"@type\":\"BreadcrumbList\",\"@id\":\"https:\/\/www.naturparkmagazin.de\/dahme-heideseen\/foto-ausstellung-lieblingsplaetze-im-naturpark\/#breadcrumb\",\"itemListElement\":[{\"@type\":\"ListItem\",\"position\":1,\"name\":\"Home\",\"item\":\"https:\/\/www.naturparkmagazin.de\/dahme-heideseen\/\"},{\"@type\":\"ListItem\",\"position\":2,\"name\":\"Foto-Ausstellung Lieblingspl\u00e4tze im Naturpark\"}]},{\"@type\":\"WebSite\",\"@id\":\"https:\/\/www.naturparkmagazin.de\/dahme-heideseen\/#website\",\"url\":\"https:\/\/www.naturparkmagazin.de\/dahme-heideseen\/\",\"name\":\"Naturpark Dahme-Heideseen\",\"description\":\"\",\"potentialAction\":[{\"@type\":\"SearchAction\",\"target\":{\"@type\":\"EntryPoint\",\"urlTemplate\":\"https:\/\/www.naturparkmagazin.de\/dahme-heideseen\/?s={search_term_string}\"},\"query-input\":\"required name=search_term_string\"}],\"inLanguage\":\"de\"},{\"@type\":\"Person\",\"@id\":\"https:\/\/www.naturparkmagazin.de\/dahme-heideseen\/#\/schema\/person\/a0510aafafdf8183c95fc98faf0c9f21\",\"name\":\"Astrid Osenbr\u00fcck\",\"sameAs\":[\"http:\/\/www.dahme-heideseen-naturpark.de\"],\"url\":\"https:\/\/www.naturparkmagazin.de\/dahme-heideseen\/author\/astridosenbrueck\/\"}]}<\/script>\n<!-- \/ Yoast SEO plugin. -->","yoast_head_json":{"title":"Foto-Ausstellung Lieblingspl\u00e4tze im Naturpark - Naturpark Dahme-Heideseen","robots":{"index":"index","follow":"follow","max-snippet":"max-snippet:-1","max-image-preview":"max-image-preview:large","max-video-preview":"max-video-preview:-1"},"canonical":"https:\/\/www.naturparkmagazin.de\/dahme-heideseen\/foto-ausstellung-lieblingsplaetze-im-naturpark\/","og_locale":"de_DE","og_type":"article","og_title":"Foto-Ausstellung Lieblingspl\u00e4tze im Naturpark - Naturpark Dahme-Heideseen","og_description":"Vom 1. bis 27. November k\u00f6nnen Naturbegeisterte traumhafte Fotografien aus dem Naturpark Dahme-Heideseen im Tourismuszentrum Prieros bewundern. Die Fotos zeigen verschiedene, teilweise verstecke Ecken des Naturparks und stammen vom diesj\u00e4hrigen Fotowettbewerb zum JahreBuch des Naturparks.","og_url":"https:\/\/www.naturparkmagazin.de\/dahme-heideseen\/foto-ausstellung-lieblingsplaetze-im-naturpark\/","og_site_name":"Naturpark Dahme-Heideseen","article_published_time":"2021-10-28T08:17:13+00:00","article_modified_time":"2021-10-28T12:32:46+00:00","og_image":[{"width":2304,"height":1728,"url":"https:\/\/www.naturparkmagazin.de\/dahme-heideseen\/wp-content\/uploads\/sites\/37\/Foto-Ausstellung_Osenbr\u00fcck.jpg","type":"image\/jpeg"}],"author":"Astrid Osenbr\u00fcck","twitter_misc":{"Verfasst von":"Astrid Osenbr\u00fcck","Gesch\u00e4tzte Lesezeit":"1\u00a0Minute"},"schema":{"@context":"https:\/\/schema.org","@graph":[{"@type":"WebPage","@id":"https:\/\/www.naturparkmagazin.de\/dahme-heideseen\/foto-ausstellung-lieblingsplaetze-im-naturpark\/","url":"https:\/\/www.naturparkmagazin.de\/dahme-heideseen\/foto-ausstellung-lieblingsplaetze-im-naturpark\/","name":"Foto-Ausstellung Lieblingspl\u00e4tze im Naturpark - Naturpark Dahme-Heideseen","isPartOf":{"@id":"https:\/\/www.naturparkmagazin.de\/dahme-heideseen\/#website"},"datePublished":"2021-10-28T08:17:13+00:00","dateModified":"2021-10-28T12:32:46+00:00","author":{"@id":"https:\/\/www.naturparkmagazin.de\/dahme-heideseen\/#\/schema\/person\/a0510aafafdf8183c95fc98faf0c9f21"},"breadcrumb":{"@id":"https:\/\/www.naturparkmagazin.de\/dahme-heideseen\/foto-ausstellung-lieblingsplaetze-im-naturpark\/#breadcrumb"},"inLanguage":"de","potentialAction":[{"@type":"ReadAction","target":["https:\/\/www.naturparkmagazin.de\/dahme-heideseen\/foto-ausstellung-lieblingsplaetze-im-naturpark\/"]}]},{"@type":"BreadcrumbList","@id":"https:\/\/www.naturparkmagazin.de\/dahme-heideseen\/foto-ausstellung-lieblingsplaetze-im-naturpark\/#breadcrumb","itemListElement":[{"@type":"ListItem","position":1,"name":"Home","item":"https:\/\/www.naturparkmagazin.de\/dahme-heideseen\/"},{"@type":"ListItem","position":2,"name":"Foto-Ausstellung Lieblingspl\u00e4tze im Naturpark"}]},{"@type":"WebSite","@id":"https:\/\/www.naturparkmagazin.de\/dahme-heideseen\/#website","url":"https:\/\/www.naturparkmagazin.de\/dahme-heideseen\/","name":"Naturpark Dahme-Heideseen","description":"","potentialAction":[{"@type":"SearchAction","target":{"@type":"EntryPoint","urlTemplate":"https:\/\/www.naturparkmagazin.de\/dahme-heideseen\/?s={search_term_string}"},"query-input":"required name=search_term_string"}],"inLanguage":"de"},{"@type":"Person","@id":"https:\/\/www.naturparkmagazin.de\/dahme-heideseen\/#\/schema\/person\/a0510aafafdf8183c95fc98faf0c9f21","name":"Astrid Osenbr\u00fcck","sameAs":["http:\/\/www.dahme-heideseen-naturpark.de"],"url":"https:\/\/www.naturparkmagazin.de\/dahme-heideseen\/author\/astridosenbrueck\/"}]}},"_links":{"self":[{"href":"https:\/\/www.naturparkmagazin.de\/dahme-heideseen\/wp-json\/wp\/v2\/posts\/3936"}],"collection":[{"href":"https:\/\/www.naturparkmagazin.de\/dahme-heideseen\/wp-json\/wp\/v2\/posts"}],"about":[{"href":"https:\/\/www.naturparkmagazin.de\/dahme-heideseen\/wp-json\/wp\/v2\/types\/post"}],"author":[{"embeddable":true,"href":"https:\/\/www.naturparkmagazin.de\/dahme-heideseen\/wp-json\/wp\/v2\/users\/83"}],"replies":[{"embeddable":true,"href":"https:\/\/www.naturparkmagazin.de\/dahme-heideseen\/wp-json\/wp\/v2\/comments?post=3936"}],"version-history":[{"count":1,"href":"https:\/\/www.naturparkmagazin.de\/dahme-heideseen\/wp-json\/wp\/v2\/posts\/3936\/revisions"}],"predecessor-version":[{"id":3938,"href":"https:\/\/www.naturparkmagazin.de\/dahme-heideseen\/wp-json\/wp\/v2\/posts\/3936\/revisions\/3938"}],"wp:featuredmedia":[{"embeddable":true,"href":"https:\/\/www.naturparkmagazin.de\/dahme-heideseen\/wp-json\/wp\/v2\/media\/3950"}],"wp:attachment":[{"href":"https:\/\/www.naturparkmagazin.de\/dahme-heideseen\/wp-json\/wp\/v2\/media?parent=3936"}],"wp:term":[{"taxonomy":"category","embeddable":true,"href":"https:\/\/www.naturparkmagazin.de\/dahme-heideseen\/wp-json\/wp\/v2\/categories?post=3936"},{"taxonomy":"post_tag","embeddable":true,"href":"https:\/\/www.naturparkmagazin.de\/dahme-heideseen\/wp-json\/wp\/v2\/tags?post=3936"}],"curies":[{"name":"wp","href":"https:\/\/api.w.org\/{rel}","templated":true}]}}