{"id":3941,"date":"2021-10-28T14:30:36","date_gmt":"2021-10-28T12:30:36","guid":{"rendered":"https:\/\/www.naturparkmagazin.de\/dahme-heideseen\/?p=3941"},"modified":"2021-11-25T11:12:30","modified_gmt":"2021-11-25T10:12:30","slug":"jahrebuch-vorstellung-und-finissage-foto-ausstellung","status":"publish","type":"post","link":"https:\/\/www.naturparkmagazin.de\/dahme-heideseen\/jahrebuch-vorstellung-und-finissage-foto-ausstellung\/","title":{"rendered":"Abgesagt: JahreBuch-Vorstellung und Finissage Foto-Ausstellung"},"content":{"rendered":"<p>Seit mehr als 20 Jahren geh\u00f6rt das JahreBuch zum Naturpark Dahme-Heideseen. Jedes Jahr tragen zahlreiche Autor*innen mit interessanten Geschichten rund um den Naturpark zu einem lesenswerten Werk bei. Dieses Jahr fand erstmalig ein Foto-Wettbewerb f\u00fcr den einleitenden Kalenderteil statt. Die Teilnahme war \u00fcberw\u00e4ltigend und zahlreiche Fotograf*innen sandten Fotos von ihren ganz pers\u00f6nlichen Lieblingspl\u00e4tze im Naturpark ein. Um nun alle Teilnehmer*innen zu ehren, haben NABU Dahmeland und Naturpark Dahme-Heideseen eine Ausstellung im Tourismuszentrum Prieros ins Leben gerufen.<\/p>\n<p>Die JahreBuch-Vorstellung findet aufgrund der aktuellen Situation nicht statt. Das aktuelle JahreBuch kann jedoch ab sofort erworden werden. Aktuelle Inofrmationen dazu finden Sie hier:\u00a0 <a href=\"http:\/\/www.dahme-heideseen-naturpark.de\">www.dahme-heideseen-naturpark.de<\/a><\/p>\n","protected":false},"excerpt":{"rendered":"<p>Die Veranstaltung ist aufgrund der aktuellen Situation abgesagt.<\/p>\n","protected":false},"author":83,"featured_media":3937,"comment_status":"open","ping_status":"open","sticky":false,"template":"","format":"standard","meta":[],"categories":[7],"tags":[],"yoast_head":"<!-- This site is optimized with the Yoast SEO plugin v19.10 - https:\/\/yoast.com\/wordpress\/plugins\/seo\/ -->\n<title>Abgesagt: JahreBuch-Vorstellung und Finissage Foto-Ausstellung - Naturpark Dahme-Heideseen<\/title>\n<meta name=\"robots\" content=\"index, follow, max-snippet:-1, max-image-preview:large, max-video-preview:-1\" \/>\n<link rel=\"canonical\" href=\"https:\/\/www.naturparkmagazin.de\/dahme-heideseen\/jahrebuch-vorstellung-und-finissage-foto-ausstellung\/\" \/>\n<meta property=\"og:locale\" content=\"de_DE\" \/>\n<meta property=\"og:type\" content=\"article\" \/>\n<meta property=\"og:title\" content=\"Abgesagt: JahreBuch-Vorstellung und Finissage Foto-Ausstellung - Naturpark Dahme-Heideseen\" \/>\n<meta property=\"og:description\" content=\"Die Veranstaltung ist aufgrund der aktuellen Situation abgesagt.\" \/>\n<meta property=\"og:url\" content=\"https:\/\/www.naturparkmagazin.de\/dahme-heideseen\/jahrebuch-vorstellung-und-finissage-foto-ausstellung\/\" \/>\n<meta property=\"og:site_name\" content=\"Naturpark Dahme-Heideseen\" \/>\n<meta property=\"article:published_time\" content=\"2021-10-28T12:30:36+00:00\" \/>\n<meta property=\"article:modified_time\" content=\"2021-11-25T10:12:30+00:00\" \/>\n<meta property=\"og:image\" content=\"https:\/\/www.naturparkmagazin.de\/dahme-heideseen\/wp-content\/uploads\/sites\/37\/stietensee-Reinhard-Baer.jpg\" \/>\n\t<meta property=\"og:image:width\" content=\"1475\" \/>\n\t<meta property=\"og:image:height\" content=\"986\" \/>\n\t<meta property=\"og:image:type\" content=\"image\/jpeg\" \/>\n<meta name=\"author\" content=\"Astrid Osenbr\u00fcck\" \/>\n<meta name=\"twitter:label1\" content=\"Verfasst von\" \/>\n\t<meta name=\"twitter:data1\" content=\"Astrid Osenbr\u00fcck\" \/>\n\t<meta name=\"twitter:label2\" content=\"Gesch\u00e4tzte Lesezeit\" \/>\n\t<meta name=\"twitter:data2\" content=\"1\u00a0Minute\" \/>\n<script type=\"application\/ld+json\" class=\"yoast-schema-graph\">{\"@context\":\"https:\/\/schema.org\",\"@graph\":[{\"@type\":\"WebPage\",\"@id\":\"https:\/\/www.naturparkmagazin.de\/dahme-heideseen\/jahrebuch-vorstellung-und-finissage-foto-ausstellung\/\",\"url\":\"https:\/\/www.naturparkmagazin.de\/dahme-heideseen\/jahrebuch-vorstellung-und-finissage-foto-ausstellung\/\",\"name\":\"Abgesagt: JahreBuch-Vorstellung und Finissage Foto-Ausstellung - Naturpark Dahme-Heideseen\",\"isPartOf\":{\"@id\":\"https:\/\/www.naturparkmagazin.de\/dahme-heideseen\/#website\"},\"datePublished\":\"2021-10-28T12:30:36+00:00\",\"dateModified\":\"2021-11-25T10:12:30+00:00\",\"author\":{\"@id\":\"https:\/\/www.naturparkmagazin.de\/dahme-heideseen\/#\/schema\/person\/a0510aafafdf8183c95fc98faf0c9f21\"},\"breadcrumb\":{\"@id\":\"https:\/\/www.naturparkmagazin.de\/dahme-heideseen\/jahrebuch-vorstellung-und-finissage-foto-ausstellung\/#breadcrumb\"},\"inLanguage\":\"de\",\"potentialAction\":[{\"@type\":\"ReadAction\",\"target\":[\"https:\/\/www.naturparkmagazin.de\/dahme-heideseen\/jahrebuch-vorstellung-und-finissage-foto-ausstellung\/\"]}]},{\"@type\":\"BreadcrumbList\",\"@id\":\"https:\/\/www.naturparkmagazin.de\/dahme-heideseen\/jahrebuch-vorstellung-und-finissage-foto-ausstellung\/#breadcrumb\",\"itemListElement\":[{\"@type\":\"ListItem\",\"position\":1,\"name\":\"Home\",\"item\":\"https:\/\/www.naturparkmagazin.de\/dahme-heideseen\/\"},{\"@type\":\"ListItem\",\"position\":2,\"name\":\"Abgesagt: JahreBuch-Vorstellung und Finissage Foto-Ausstellung\"}]},{\"@type\":\"WebSite\",\"@id\":\"https:\/\/www.naturparkmagazin.de\/dahme-heideseen\/#website\",\"url\":\"https:\/\/www.naturparkmagazin.de\/dahme-heideseen\/\",\"name\":\"Naturpark Dahme-Heideseen\",\"description\":\"\",\"potentialAction\":[{\"@type\":\"SearchAction\",\"target\":{\"@type\":\"EntryPoint\",\"urlTemplate\":\"https:\/\/www.naturparkmagazin.de\/dahme-heideseen\/?s={search_term_string}\"},\"query-input\":\"required name=search_term_string\"}],\"inLanguage\":\"de\"},{\"@type\":\"Person\",\"@id\":\"https:\/\/www.naturparkmagazin.de\/dahme-heideseen\/#\/schema\/person\/a0510aafafdf8183c95fc98faf0c9f21\",\"name\":\"Astrid Osenbr\u00fcck\",\"sameAs\":[\"http:\/\/www.dahme-heideseen-naturpark.de\"],\"url\":\"https:\/\/www.naturparkmagazin.de\/dahme-heideseen\/author\/astridosenbrueck\/\"}]}<\/script>\n<!-- \/ Yoast SEO plugin. -->","yoast_head_json":{"title":"Abgesagt: JahreBuch-Vorstellung und Finissage Foto-Ausstellung - Naturpark Dahme-Heideseen","robots":{"index":"index","follow":"follow","max-snippet":"max-snippet:-1","max-image-preview":"max-image-preview:large","max-video-preview":"max-video-preview:-1"},"canonical":"https:\/\/www.naturparkmagazin.de\/dahme-heideseen\/jahrebuch-vorstellung-und-finissage-foto-ausstellung\/","og_locale":"de_DE","og_type":"article","og_title":"Abgesagt: JahreBuch-Vorstellung und Finissage Foto-Ausstellung - Naturpark Dahme-Heideseen","og_description":"Die Veranstaltung ist aufgrund der aktuellen Situation abgesagt.","og_url":"https:\/\/www.naturparkmagazin.de\/dahme-heideseen\/jahrebuch-vorstellung-und-finissage-foto-ausstellung\/","og_site_name":"Naturpark Dahme-Heideseen","article_published_time":"2021-10-28T12:30:36+00:00","article_modified_time":"2021-11-25T10:12:30+00:00","og_image":[{"width":1475,"height":986,"url":"https:\/\/www.naturparkmagazin.de\/dahme-heideseen\/wp-content\/uploads\/sites\/37\/stietensee-Reinhard-Baer.jpg","type":"image\/jpeg"}],"author":"Astrid Osenbr\u00fcck","twitter_misc":{"Verfasst von":"Astrid Osenbr\u00fcck","Gesch\u00e4tzte Lesezeit":"1\u00a0Minute"},"schema":{"@context":"https:\/\/schema.org","@graph":[{"@type":"WebPage","@id":"https:\/\/www.naturparkmagazin.de\/dahme-heideseen\/jahrebuch-vorstellung-und-finissage-foto-ausstellung\/","url":"https:\/\/www.naturparkmagazin.de\/dahme-heideseen\/jahrebuch-vorstellung-und-finissage-foto-ausstellung\/","name":"Abgesagt: JahreBuch-Vorstellung und Finissage Foto-Ausstellung - Naturpark Dahme-Heideseen","isPartOf":{"@id":"https:\/\/www.naturparkmagazin.de\/dahme-heideseen\/#website"},"datePublished":"2021-10-28T12:30:36+00:00","dateModified":"2021-11-25T10:12:30+00:00","author":{"@id":"https:\/\/www.naturparkmagazin.de\/dahme-heideseen\/#\/schema\/person\/a0510aafafdf8183c95fc98faf0c9f21"},"breadcrumb":{"@id":"https:\/\/www.naturparkmagazin.de\/dahme-heideseen\/jahrebuch-vorstellung-und-finissage-foto-ausstellung\/#breadcrumb"},"inLanguage":"de","potentialAction":[{"@type":"ReadAction","target":["https:\/\/www.naturparkmagazin.de\/dahme-heideseen\/jahrebuch-vorstellung-und-finissage-foto-ausstellung\/"]}]},{"@type":"BreadcrumbList","@id":"https:\/\/www.naturparkmagazin.de\/dahme-heideseen\/jahrebuch-vorstellung-und-finissage-foto-ausstellung\/#breadcrumb","itemListElement":[{"@type":"ListItem","position":1,"name":"Home","item":"https:\/\/www.naturparkmagazin.de\/dahme-heideseen\/"},{"@type":"ListItem","position":2,"name":"Abgesagt: JahreBuch-Vorstellung und Finissage Foto-Ausstellung"}]},{"@type":"WebSite","@id":"https:\/\/www.naturparkmagazin.de\/dahme-heideseen\/#website","url":"https:\/\/www.naturparkmagazin.de\/dahme-heideseen\/","name":"Naturpark Dahme-Heideseen","description":"","potentialAction":[{"@type":"SearchAction","target":{"@type":"EntryPoint","urlTemplate":"https:\/\/www.naturparkmagazin.de\/dahme-heideseen\/?s={search_term_string}"},"query-input":"required name=search_term_string"}],"inLanguage":"de"},{"@type":"Person","@id":"https:\/\/www.naturparkmagazin.de\/dahme-heideseen\/#\/schema\/person\/a0510aafafdf8183c95fc98faf0c9f21","name":"Astrid Osenbr\u00fcck","sameAs":["http:\/\/www.dahme-heideseen-naturpark.de"],"url":"https:\/\/www.naturparkmagazin.de\/dahme-heideseen\/author\/astridosenbrueck\/"}]}},"_links":{"self":[{"href":"https:\/\/www.naturparkmagazin.de\/dahme-heideseen\/wp-json\/wp\/v2\/posts\/3941"}],"collection":[{"href":"https:\/\/www.naturparkmagazin.de\/dahme-heideseen\/wp-json\/wp\/v2\/posts"}],"about":[{"href":"https:\/\/www.naturparkmagazin.de\/dahme-heideseen\/wp-json\/wp\/v2\/types\/post"}],"author":[{"embeddable":true,"href":"https:\/\/www.naturparkmagazin.de\/dahme-heideseen\/wp-json\/wp\/v2\/users\/83"}],"replies":[{"embeddable":true,"href":"https:\/\/www.naturparkmagazin.de\/dahme-heideseen\/wp-json\/wp\/v2\/comments?post=3941"}],"version-history":[{"count":3,"href":"https:\/\/www.naturparkmagazin.de\/dahme-heideseen\/wp-json\/wp\/v2\/posts\/3941\/revisions"}],"predecessor-version":[{"id":3962,"href":"https:\/\/www.naturparkmagazin.de\/dahme-heideseen\/wp-json\/wp\/v2\/posts\/3941\/revisions\/3962"}],"wp:featuredmedia":[{"embeddable":true,"href":"https:\/\/www.naturparkmagazin.de\/dahme-heideseen\/wp-json\/wp\/v2\/media\/3937"}],"wp:attachment":[{"href":"https:\/\/www.naturparkmagazin.de\/dahme-heideseen\/wp-json\/wp\/v2\/media?parent=3941"}],"wp:term":[{"taxonomy":"category","embeddable":true,"href":"https:\/\/www.naturparkmagazin.de\/dahme-heideseen\/wp-json\/wp\/v2\/categories?post=3941"},{"taxonomy":"post_tag","embeddable":true,"href":"https:\/\/www.naturparkmagazin.de\/dahme-heideseen\/wp-json\/wp\/v2\/tags?post=3941"}],"curies":[{"name":"wp","href":"https:\/\/api.w.org\/{rel}","templated":true}]}}