{"id":3943,"date":"2025-10-17T08:08:41","date_gmt":"2025-10-17T06:08:41","guid":{"rendered":"https:\/\/www.naturparkmagazin.de\/dahme-heideseen\/?p=3943"},"modified":"2025-10-22T10:38:50","modified_gmt":"2025-10-22T08:38:50","slug":"obstbaumschnitt-an-jungbaeumen-tipps-vom-profi","status":"publish","type":"post","link":"https:\/\/www.naturparkmagazin.de\/dahme-heideseen\/obstbaumschnitt-an-jungbaeumen-tipps-vom-profi\/","title":{"rendered":"Du und Dein Garten im Naturpark: Obstbaumschnitt an Jungb\u00e4umen (Theorieseminar)"},"content":{"rendered":"<p>Seminar mit Franz Heitzendorfer<\/p>\n<p>&nbsp;<\/p>\n<p>Baumformen, Schnittgesetze, Pflanz- und Erziehungsschnitt, Baumgesundheit, Bodenpflege, Sortenwahl<\/p>\n<p>&nbsp;<\/p>\n<p>Kosten: 8 \u20ac \/\u00a0pro Person<\/p>\n<p>Dauer: 2 h<\/p>\n<p>&nbsp;<\/p>\n<p><u>Begrenzte Teilnehmerzahl:<\/u> Tickets k\u00f6nnen in der G\u00e4ste-Info auf der Burg Storkow erworben werden oder unter folgendem Link (dieser f\u00fchrt zu Eventfrog, unsere Online Ticket Verkaufsplattform.)<\/p>\n<p><a href=\"https:\/\/eventfrog.de\/de\/p\/kurse-seminare\/freizeit-hobby\/obstbaumschnitt-an-jungbaeumen-theorieseminar-7305930781481826398.html\" target=\"_blank\" rel=\"noopener noreferrer\">online Tickets f\u00fcr Baumschnitt Theorie-Seminar<\/a><\/p>\n<h3>Veranstaltungsort<\/h3>\n<p><strong>Burg Storkow \/ Kleiner Saal<\/strong>\nBIZ\nSchlo\u00dfstra\u00dfe 6\n15859 Storkow (Mark)<\/p>\n<dl class=\"contact\">\n<dt class=\"phone\"><span class=\"accessibility\">Telefon <\/span>033678 &#8211; 73108<\/dt>\n<dt class=\"mail\"><span class=\"accessibility\">E-Mail<\/span><a href=\"https:\/\/www.dahme-heideseen-naturpark.de\/service\/kontakt\/?tx_snmlugv_pi6%5Bcontact%5D=21863&amp;tx_snmlugv_pi6%5Bdate%5D=1&amp;cHash=26d7a106f1a83dab140de6ed4dc92cb3\"> besucherzentrum(at)storkow(dot)de <\/a><\/dt>\n<dt class=\"www\"><span class=\"accessibility\">Internet <\/span><a href=\"https:\/\/www.dahme-heideseen-naturpark.de\/erleben-lernen\/info-ausstellung\/besucherzentrum-burg-storkow\/\" target=\"_blank\" rel=\"noopener\">https:\/\/www.dahme-heideseen-naturpark.de\/erleben-lernen\/info-ausstellung\/besucherzentrum-burg-storkow\/<\/a><\/dt>\n<\/dl>\n","protected":false},"excerpt":{"rendered":"<p>Theorieseminar mit Franz Heitzendorfer<\/p>\n","protected":false},"author":83,"featured_media":3944,"comment_status":"open","ping_status":"open","sticky":false,"template":"","format":"standard","meta":[],"categories":[11],"tags":[],"yoast_head":"<!-- This site is optimized with the Yoast SEO plugin v19.10 - https:\/\/yoast.com\/wordpress\/plugins\/seo\/ -->\n<title>Du und Dein Garten im Naturpark: Obstbaumschnitt an Jungb\u00e4umen (Theorieseminar) - Naturpark Dahme-Heideseen<\/title>\n<meta name=\"robots\" content=\"index, follow, max-snippet:-1, max-image-preview:large, max-video-preview:-1\" \/>\n<link rel=\"canonical\" href=\"https:\/\/www.naturparkmagazin.de\/dahme-heideseen\/obstbaumschnitt-an-jungbaeumen-tipps-vom-profi\/\" \/>\n<meta property=\"og:locale\" content=\"de_DE\" \/>\n<meta property=\"og:type\" content=\"article\" \/>\n<meta property=\"og:title\" content=\"Du und Dein Garten im Naturpark: Obstbaumschnitt an Jungb\u00e4umen (Theorieseminar) - Naturpark Dahme-Heideseen\" \/>\n<meta property=\"og:description\" content=\"Theorieseminar mit Franz Heitzendorfer\" \/>\n<meta property=\"og:url\" content=\"https:\/\/www.naturparkmagazin.de\/dahme-heideseen\/obstbaumschnitt-an-jungbaeumen-tipps-vom-profi\/\" \/>\n<meta property=\"og:site_name\" content=\"Naturpark Dahme-Heideseen\" \/>\n<meta property=\"article:published_time\" content=\"2025-10-17T06:08:41+00:00\" \/>\n<meta property=\"article:modified_time\" content=\"2025-10-22T08:38:50+00:00\" \/>\n<meta property=\"og:image\" content=\"https:\/\/www.naturparkmagazin.de\/dahme-heideseen\/wp-content\/uploads\/sites\/37\/Jungbaumschnitt_FH.jpg\" \/>\n\t<meta property=\"og:image:width\" content=\"1162\" \/>\n\t<meta property=\"og:image:height\" content=\"778\" \/>\n\t<meta property=\"og:image:type\" content=\"image\/jpeg\" \/>\n<meta name=\"author\" content=\"Astrid Osenbr\u00fcck\" \/>\n<meta name=\"twitter:label1\" content=\"Verfasst von\" \/>\n\t<meta name=\"twitter:data1\" content=\"Astrid Osenbr\u00fcck\" \/>\n\t<meta name=\"twitter:label2\" content=\"Gesch\u00e4tzte Lesezeit\" \/>\n\t<meta name=\"twitter:data2\" content=\"1\u00a0Minute\" \/>\n<script type=\"application\/ld+json\" class=\"yoast-schema-graph\">{\"@context\":\"https:\/\/schema.org\",\"@graph\":[{\"@type\":\"WebPage\",\"@id\":\"https:\/\/www.naturparkmagazin.de\/dahme-heideseen\/obstbaumschnitt-an-jungbaeumen-tipps-vom-profi\/\",\"url\":\"https:\/\/www.naturparkmagazin.de\/dahme-heideseen\/obstbaumschnitt-an-jungbaeumen-tipps-vom-profi\/\",\"name\":\"Du und Dein Garten im Naturpark: Obstbaumschnitt an Jungb\u00e4umen (Theorieseminar) - Naturpark Dahme-Heideseen\",\"isPartOf\":{\"@id\":\"https:\/\/www.naturparkmagazin.de\/dahme-heideseen\/#website\"},\"datePublished\":\"2025-10-17T06:08:41+00:00\",\"dateModified\":\"2025-10-22T08:38:50+00:00\",\"author\":{\"@id\":\"https:\/\/www.naturparkmagazin.de\/dahme-heideseen\/#\/schema\/person\/a0510aafafdf8183c95fc98faf0c9f21\"},\"breadcrumb\":{\"@id\":\"https:\/\/www.naturparkmagazin.de\/dahme-heideseen\/obstbaumschnitt-an-jungbaeumen-tipps-vom-profi\/#breadcrumb\"},\"inLanguage\":\"de\",\"potentialAction\":[{\"@type\":\"ReadAction\",\"target\":[\"https:\/\/www.naturparkmagazin.de\/dahme-heideseen\/obstbaumschnitt-an-jungbaeumen-tipps-vom-profi\/\"]}]},{\"@type\":\"BreadcrumbList\",\"@id\":\"https:\/\/www.naturparkmagazin.de\/dahme-heideseen\/obstbaumschnitt-an-jungbaeumen-tipps-vom-profi\/#breadcrumb\",\"itemListElement\":[{\"@type\":\"ListItem\",\"position\":1,\"name\":\"Home\",\"item\":\"https:\/\/www.naturparkmagazin.de\/dahme-heideseen\/\"},{\"@type\":\"ListItem\",\"position\":2,\"name\":\"Du und Dein Garten im Naturpark: Obstbaumschnitt an Jungb\u00e4umen (Theorieseminar)\"}]},{\"@type\":\"WebSite\",\"@id\":\"https:\/\/www.naturparkmagazin.de\/dahme-heideseen\/#website\",\"url\":\"https:\/\/www.naturparkmagazin.de\/dahme-heideseen\/\",\"name\":\"Naturpark Dahme-Heideseen\",\"description\":\"\",\"potentialAction\":[{\"@type\":\"SearchAction\",\"target\":{\"@type\":\"EntryPoint\",\"urlTemplate\":\"https:\/\/www.naturparkmagazin.de\/dahme-heideseen\/?s={search_term_string}\"},\"query-input\":\"required name=search_term_string\"}],\"inLanguage\":\"de\"},{\"@type\":\"Person\",\"@id\":\"https:\/\/www.naturparkmagazin.de\/dahme-heideseen\/#\/schema\/person\/a0510aafafdf8183c95fc98faf0c9f21\",\"name\":\"Astrid Osenbr\u00fcck\",\"sameAs\":[\"http:\/\/www.dahme-heideseen-naturpark.de\"],\"url\":\"https:\/\/www.naturparkmagazin.de\/dahme-heideseen\/author\/astridosenbrueck\/\"}]}<\/script>\n<!-- \/ Yoast SEO plugin. -->","yoast_head_json":{"title":"Du und Dein Garten im Naturpark: Obstbaumschnitt an Jungb\u00e4umen (Theorieseminar) - Naturpark Dahme-Heideseen","robots":{"index":"index","follow":"follow","max-snippet":"max-snippet:-1","max-image-preview":"max-image-preview:large","max-video-preview":"max-video-preview:-1"},"canonical":"https:\/\/www.naturparkmagazin.de\/dahme-heideseen\/obstbaumschnitt-an-jungbaeumen-tipps-vom-profi\/","og_locale":"de_DE","og_type":"article","og_title":"Du und Dein Garten im Naturpark: Obstbaumschnitt an Jungb\u00e4umen (Theorieseminar) - Naturpark Dahme-Heideseen","og_description":"Theorieseminar mit Franz Heitzendorfer","og_url":"https:\/\/www.naturparkmagazin.de\/dahme-heideseen\/obstbaumschnitt-an-jungbaeumen-tipps-vom-profi\/","og_site_name":"Naturpark Dahme-Heideseen","article_published_time":"2025-10-17T06:08:41+00:00","article_modified_time":"2025-10-22T08:38:50+00:00","og_image":[{"width":1162,"height":778,"url":"https:\/\/www.naturparkmagazin.de\/dahme-heideseen\/wp-content\/uploads\/sites\/37\/Jungbaumschnitt_FH.jpg","type":"image\/jpeg"}],"author":"Astrid Osenbr\u00fcck","twitter_misc":{"Verfasst von":"Astrid Osenbr\u00fcck","Gesch\u00e4tzte Lesezeit":"1\u00a0Minute"},"schema":{"@context":"https:\/\/schema.org","@graph":[{"@type":"WebPage","@id":"https:\/\/www.naturparkmagazin.de\/dahme-heideseen\/obstbaumschnitt-an-jungbaeumen-tipps-vom-profi\/","url":"https:\/\/www.naturparkmagazin.de\/dahme-heideseen\/obstbaumschnitt-an-jungbaeumen-tipps-vom-profi\/","name":"Du und Dein Garten im Naturpark: Obstbaumschnitt an Jungb\u00e4umen (Theorieseminar) - Naturpark Dahme-Heideseen","isPartOf":{"@id":"https:\/\/www.naturparkmagazin.de\/dahme-heideseen\/#website"},"datePublished":"2025-10-17T06:08:41+00:00","dateModified":"2025-10-22T08:38:50+00:00","author":{"@id":"https:\/\/www.naturparkmagazin.de\/dahme-heideseen\/#\/schema\/person\/a0510aafafdf8183c95fc98faf0c9f21"},"breadcrumb":{"@id":"https:\/\/www.naturparkmagazin.de\/dahme-heideseen\/obstbaumschnitt-an-jungbaeumen-tipps-vom-profi\/#breadcrumb"},"inLanguage":"de","potentialAction":[{"@type":"ReadAction","target":["https:\/\/www.naturparkmagazin.de\/dahme-heideseen\/obstbaumschnitt-an-jungbaeumen-tipps-vom-profi\/"]}]},{"@type":"BreadcrumbList","@id":"https:\/\/www.naturparkmagazin.de\/dahme-heideseen\/obstbaumschnitt-an-jungbaeumen-tipps-vom-profi\/#breadcrumb","itemListElement":[{"@type":"ListItem","position":1,"name":"Home","item":"https:\/\/www.naturparkmagazin.de\/dahme-heideseen\/"},{"@type":"ListItem","position":2,"name":"Du und Dein Garten im Naturpark: Obstbaumschnitt an Jungb\u00e4umen (Theorieseminar)"}]},{"@type":"WebSite","@id":"https:\/\/www.naturparkmagazin.de\/dahme-heideseen\/#website","url":"https:\/\/www.naturparkmagazin.de\/dahme-heideseen\/","name":"Naturpark Dahme-Heideseen","description":"","potentialAction":[{"@type":"SearchAction","target":{"@type":"EntryPoint","urlTemplate":"https:\/\/www.naturparkmagazin.de\/dahme-heideseen\/?s={search_term_string}"},"query-input":"required name=search_term_string"}],"inLanguage":"de"},{"@type":"Person","@id":"https:\/\/www.naturparkmagazin.de\/dahme-heideseen\/#\/schema\/person\/a0510aafafdf8183c95fc98faf0c9f21","name":"Astrid Osenbr\u00fcck","sameAs":["http:\/\/www.dahme-heideseen-naturpark.de"],"url":"https:\/\/www.naturparkmagazin.de\/dahme-heideseen\/author\/astridosenbrueck\/"}]}},"_links":{"self":[{"href":"https:\/\/www.naturparkmagazin.de\/dahme-heideseen\/wp-json\/wp\/v2\/posts\/3943"}],"collection":[{"href":"https:\/\/www.naturparkmagazin.de\/dahme-heideseen\/wp-json\/wp\/v2\/posts"}],"about":[{"href":"https:\/\/www.naturparkmagazin.de\/dahme-heideseen\/wp-json\/wp\/v2\/types\/post"}],"author":[{"embeddable":true,"href":"https:\/\/www.naturparkmagazin.de\/dahme-heideseen\/wp-json\/wp\/v2\/users\/83"}],"replies":[{"embeddable":true,"href":"https:\/\/www.naturparkmagazin.de\/dahme-heideseen\/wp-json\/wp\/v2\/comments?post=3943"}],"version-history":[{"count":7,"href":"https:\/\/www.naturparkmagazin.de\/dahme-heideseen\/wp-json\/wp\/v2\/posts\/3943\/revisions"}],"predecessor-version":[{"id":7565,"href":"https:\/\/www.naturparkmagazin.de\/dahme-heideseen\/wp-json\/wp\/v2\/posts\/3943\/revisions\/7565"}],"wp:featuredmedia":[{"embeddable":true,"href":"https:\/\/www.naturparkmagazin.de\/dahme-heideseen\/wp-json\/wp\/v2\/media\/3944"}],"wp:attachment":[{"href":"https:\/\/www.naturparkmagazin.de\/dahme-heideseen\/wp-json\/wp\/v2\/media?parent=3943"}],"wp:term":[{"taxonomy":"category","embeddable":true,"href":"https:\/\/www.naturparkmagazin.de\/dahme-heideseen\/wp-json\/wp\/v2\/categories?post=3943"},{"taxonomy":"post_tag","embeddable":true,"href":"https:\/\/www.naturparkmagazin.de\/dahme-heideseen\/wp-json\/wp\/v2\/tags?post=3943"}],"curies":[{"name":"wp","href":"https:\/\/api.w.org\/{rel}","templated":true}]}}