{"id":3947,"date":"2021-10-28T11:22:38","date_gmt":"2021-10-28T09:22:38","guid":{"rendered":"https:\/\/www.naturparkmagazin.de\/dahme-heideseen\/?p=3947"},"modified":"2021-10-28T11:24:55","modified_gmt":"2021-10-28T09:24:55","slug":"liebe-leserin-lieber-leser-13","status":"publish","type":"post","link":"https:\/\/www.naturparkmagazin.de\/dahme-heideseen\/liebe-leserin-lieber-leser-13\/","title":{"rendered":"Liebe Leserinnen, liebe Leser,"},"content":{"rendered":"<p>auch im Herbst gibt es im Naturpark Dahme-Heideseen Einiges zu entdecken. So findet im November im\u00a0Tourismuszentrum Prieros eine Ausstellung mit Fotos rund um Lieblingspl\u00e4tze im Naturpark statt. Hier k\u00f6nnen Sie versteckte Ecken, wundersch\u00f6ne Seen und traumhafte W\u00e4lder bestaunen. Vielleicht entdecken Sie auch eine Inspiration f\u00fcr\u00a0Ihren n\u00e4chsten Ausflug?! Bei Wind und Wetter, herrlichem Sonnenschein und bunt verf\u00e4rbten Laubb\u00e4umen ist es besonders sch\u00f6n, die Region zu erkunden. Wie w\u00e4re es z.B. mal mit einer kleinen Wanderung durch Prieros, vorbei am Biogarten und an der Dahme entlang?<\/p>\n<p>Auch das Besucherzentrum des Naturparks bietet herbstliche Aktionen an. So l\u00e4dt z.B. ein Obstbaumschnitt-Seminar dazu ein, die eigenen Obstb\u00e4ume fachgerecht zu pflegen und somit lange zu erhalten.<\/p>\n<p>Wir w\u00fcnschen Ihnen einen wunderbaren bunten Herbst!<\/p>\n<p>Viel Freude beim Lesen w\u00fcnscht<\/p>\n<p>Ihr Naturpark-Team<\/p>\n","protected":false},"excerpt":{"rendered":"<p>auch im Herbst gibt es im Naturpark Dahme-Heideseen Einiges zu entdecken. So findet im November im\u00a0Tourismuszentrum Prieros eine Ausstellung mit Fotos rund um Lieblingspl\u00e4tze im Naturpark statt. Hier k\u00f6nnen Sie versteckte Ecken, wundersch\u00f6ne Seen und traumhafte W\u00e4lder bestaunen. Vielleicht entdecken Sie auch eine Inspiration f\u00fcr\u00a0Ihren n\u00e4chsten Ausflug?! Bei Wind und Wetter, herrlichem Sonnenschein und bunt<\/p>\n","protected":false},"author":83,"featured_media":0,"comment_status":"open","ping_status":"open","sticky":false,"template":"","format":"standard","meta":[],"categories":[52],"tags":[],"yoast_head":"<!-- This site is optimized with the Yoast SEO plugin v19.10 - https:\/\/yoast.com\/wordpress\/plugins\/seo\/ -->\n<title>Liebe Leserinnen, liebe Leser, - Naturpark Dahme-Heideseen<\/title>\n<meta name=\"robots\" content=\"index, follow, max-snippet:-1, max-image-preview:large, max-video-preview:-1\" \/>\n<link rel=\"canonical\" href=\"https:\/\/www.naturparkmagazin.de\/dahme-heideseen\/liebe-leserin-lieber-leser-13\/\" \/>\n<meta property=\"og:locale\" content=\"de_DE\" \/>\n<meta property=\"og:type\" content=\"article\" \/>\n<meta property=\"og:title\" content=\"Liebe Leserinnen, liebe Leser, - Naturpark Dahme-Heideseen\" \/>\n<meta property=\"og:description\" content=\"auch im Herbst gibt es im Naturpark Dahme-Heideseen Einiges zu entdecken. So findet im November im\u00a0Tourismuszentrum Prieros eine Ausstellung mit Fotos rund um Lieblingspl\u00e4tze im Naturpark statt. Hier k\u00f6nnen Sie versteckte Ecken, wundersch\u00f6ne Seen und traumhafte W\u00e4lder bestaunen. Vielleicht entdecken Sie auch eine Inspiration f\u00fcr\u00a0Ihren n\u00e4chsten Ausflug?! Bei Wind und Wetter, herrlichem Sonnenschein und bunt\" \/>\n<meta property=\"og:url\" content=\"https:\/\/www.naturparkmagazin.de\/dahme-heideseen\/liebe-leserin-lieber-leser-13\/\" \/>\n<meta property=\"og:site_name\" content=\"Naturpark Dahme-Heideseen\" \/>\n<meta property=\"article:published_time\" content=\"2021-10-28T09:22:38+00:00\" \/>\n<meta property=\"article:modified_time\" content=\"2021-10-28T09:24:55+00:00\" \/>\n<meta name=\"author\" content=\"Astrid Osenbr\u00fcck\" \/>\n<meta name=\"twitter:label1\" content=\"Verfasst von\" \/>\n\t<meta name=\"twitter:data1\" content=\"Astrid Osenbr\u00fcck\" \/>\n\t<meta name=\"twitter:label2\" content=\"Gesch\u00e4tzte Lesezeit\" \/>\n\t<meta name=\"twitter:data2\" content=\"1\u00a0Minute\" \/>\n<script type=\"application\/ld+json\" class=\"yoast-schema-graph\">{\"@context\":\"https:\/\/schema.org\",\"@graph\":[{\"@type\":\"WebPage\",\"@id\":\"https:\/\/www.naturparkmagazin.de\/dahme-heideseen\/liebe-leserin-lieber-leser-13\/\",\"url\":\"https:\/\/www.naturparkmagazin.de\/dahme-heideseen\/liebe-leserin-lieber-leser-13\/\",\"name\":\"Liebe Leserinnen, liebe Leser, - Naturpark Dahme-Heideseen\",\"isPartOf\":{\"@id\":\"https:\/\/www.naturparkmagazin.de\/dahme-heideseen\/#website\"},\"datePublished\":\"2021-10-28T09:22:38+00:00\",\"dateModified\":\"2021-10-28T09:24:55+00:00\",\"author\":{\"@id\":\"https:\/\/www.naturparkmagazin.de\/dahme-heideseen\/#\/schema\/person\/a0510aafafdf8183c95fc98faf0c9f21\"},\"breadcrumb\":{\"@id\":\"https:\/\/www.naturparkmagazin.de\/dahme-heideseen\/liebe-leserin-lieber-leser-13\/#breadcrumb\"},\"inLanguage\":\"de\",\"potentialAction\":[{\"@type\":\"ReadAction\",\"target\":[\"https:\/\/www.naturparkmagazin.de\/dahme-heideseen\/liebe-leserin-lieber-leser-13\/\"]}]},{\"@type\":\"BreadcrumbList\",\"@id\":\"https:\/\/www.naturparkmagazin.de\/dahme-heideseen\/liebe-leserin-lieber-leser-13\/#breadcrumb\",\"itemListElement\":[{\"@type\":\"ListItem\",\"position\":1,\"name\":\"Home\",\"item\":\"https:\/\/www.naturparkmagazin.de\/dahme-heideseen\/\"},{\"@type\":\"ListItem\",\"position\":2,\"name\":\"Liebe Leserinnen, liebe Leser,\"}]},{\"@type\":\"WebSite\",\"@id\":\"https:\/\/www.naturparkmagazin.de\/dahme-heideseen\/#website\",\"url\":\"https:\/\/www.naturparkmagazin.de\/dahme-heideseen\/\",\"name\":\"Naturpark Dahme-Heideseen\",\"description\":\"\",\"potentialAction\":[{\"@type\":\"SearchAction\",\"target\":{\"@type\":\"EntryPoint\",\"urlTemplate\":\"https:\/\/www.naturparkmagazin.de\/dahme-heideseen\/?s={search_term_string}\"},\"query-input\":\"required name=search_term_string\"}],\"inLanguage\":\"de\"},{\"@type\":\"Person\",\"@id\":\"https:\/\/www.naturparkmagazin.de\/dahme-heideseen\/#\/schema\/person\/a0510aafafdf8183c95fc98faf0c9f21\",\"name\":\"Astrid Osenbr\u00fcck\",\"sameAs\":[\"http:\/\/www.dahme-heideseen-naturpark.de\"],\"url\":\"https:\/\/www.naturparkmagazin.de\/dahme-heideseen\/author\/astridosenbrueck\/\"}]}<\/script>\n<!-- \/ Yoast SEO plugin. -->","yoast_head_json":{"title":"Liebe Leserinnen, liebe Leser, - Naturpark Dahme-Heideseen","robots":{"index":"index","follow":"follow","max-snippet":"max-snippet:-1","max-image-preview":"max-image-preview:large","max-video-preview":"max-video-preview:-1"},"canonical":"https:\/\/www.naturparkmagazin.de\/dahme-heideseen\/liebe-leserin-lieber-leser-13\/","og_locale":"de_DE","og_type":"article","og_title":"Liebe Leserinnen, liebe Leser, - Naturpark Dahme-Heideseen","og_description":"auch im Herbst gibt es im Naturpark Dahme-Heideseen Einiges zu entdecken. So findet im November im\u00a0Tourismuszentrum Prieros eine Ausstellung mit Fotos rund um Lieblingspl\u00e4tze im Naturpark statt. Hier k\u00f6nnen Sie versteckte Ecken, wundersch\u00f6ne Seen und traumhafte W\u00e4lder bestaunen. Vielleicht entdecken Sie auch eine Inspiration f\u00fcr\u00a0Ihren n\u00e4chsten Ausflug?! Bei Wind und Wetter, herrlichem Sonnenschein und bunt","og_url":"https:\/\/www.naturparkmagazin.de\/dahme-heideseen\/liebe-leserin-lieber-leser-13\/","og_site_name":"Naturpark Dahme-Heideseen","article_published_time":"2021-10-28T09:22:38+00:00","article_modified_time":"2021-10-28T09:24:55+00:00","author":"Astrid Osenbr\u00fcck","twitter_misc":{"Verfasst von":"Astrid Osenbr\u00fcck","Gesch\u00e4tzte Lesezeit":"1\u00a0Minute"},"schema":{"@context":"https:\/\/schema.org","@graph":[{"@type":"WebPage","@id":"https:\/\/www.naturparkmagazin.de\/dahme-heideseen\/liebe-leserin-lieber-leser-13\/","url":"https:\/\/www.naturparkmagazin.de\/dahme-heideseen\/liebe-leserin-lieber-leser-13\/","name":"Liebe Leserinnen, liebe Leser, - Naturpark Dahme-Heideseen","isPartOf":{"@id":"https:\/\/www.naturparkmagazin.de\/dahme-heideseen\/#website"},"datePublished":"2021-10-28T09:22:38+00:00","dateModified":"2021-10-28T09:24:55+00:00","author":{"@id":"https:\/\/www.naturparkmagazin.de\/dahme-heideseen\/#\/schema\/person\/a0510aafafdf8183c95fc98faf0c9f21"},"breadcrumb":{"@id":"https:\/\/www.naturparkmagazin.de\/dahme-heideseen\/liebe-leserin-lieber-leser-13\/#breadcrumb"},"inLanguage":"de","potentialAction":[{"@type":"ReadAction","target":["https:\/\/www.naturparkmagazin.de\/dahme-heideseen\/liebe-leserin-lieber-leser-13\/"]}]},{"@type":"BreadcrumbList","@id":"https:\/\/www.naturparkmagazin.de\/dahme-heideseen\/liebe-leserin-lieber-leser-13\/#breadcrumb","itemListElement":[{"@type":"ListItem","position":1,"name":"Home","item":"https:\/\/www.naturparkmagazin.de\/dahme-heideseen\/"},{"@type":"ListItem","position":2,"name":"Liebe Leserinnen, liebe Leser,"}]},{"@type":"WebSite","@id":"https:\/\/www.naturparkmagazin.de\/dahme-heideseen\/#website","url":"https:\/\/www.naturparkmagazin.de\/dahme-heideseen\/","name":"Naturpark Dahme-Heideseen","description":"","potentialAction":[{"@type":"SearchAction","target":{"@type":"EntryPoint","urlTemplate":"https:\/\/www.naturparkmagazin.de\/dahme-heideseen\/?s={search_term_string}"},"query-input":"required name=search_term_string"}],"inLanguage":"de"},{"@type":"Person","@id":"https:\/\/www.naturparkmagazin.de\/dahme-heideseen\/#\/schema\/person\/a0510aafafdf8183c95fc98faf0c9f21","name":"Astrid Osenbr\u00fcck","sameAs":["http:\/\/www.dahme-heideseen-naturpark.de"],"url":"https:\/\/www.naturparkmagazin.de\/dahme-heideseen\/author\/astridosenbrueck\/"}]}},"_links":{"self":[{"href":"https:\/\/www.naturparkmagazin.de\/dahme-heideseen\/wp-json\/wp\/v2\/posts\/3947"}],"collection":[{"href":"https:\/\/www.naturparkmagazin.de\/dahme-heideseen\/wp-json\/wp\/v2\/posts"}],"about":[{"href":"https:\/\/www.naturparkmagazin.de\/dahme-heideseen\/wp-json\/wp\/v2\/types\/post"}],"author":[{"embeddable":true,"href":"https:\/\/www.naturparkmagazin.de\/dahme-heideseen\/wp-json\/wp\/v2\/users\/83"}],"replies":[{"embeddable":true,"href":"https:\/\/www.naturparkmagazin.de\/dahme-heideseen\/wp-json\/wp\/v2\/comments?post=3947"}],"version-history":[{"count":2,"href":"https:\/\/www.naturparkmagazin.de\/dahme-heideseen\/wp-json\/wp\/v2\/posts\/3947\/revisions"}],"predecessor-version":[{"id":3949,"href":"https:\/\/www.naturparkmagazin.de\/dahme-heideseen\/wp-json\/wp\/v2\/posts\/3947\/revisions\/3949"}],"wp:attachment":[{"href":"https:\/\/www.naturparkmagazin.de\/dahme-heideseen\/wp-json\/wp\/v2\/media?parent=3947"}],"wp:term":[{"taxonomy":"category","embeddable":true,"href":"https:\/\/www.naturparkmagazin.de\/dahme-heideseen\/wp-json\/wp\/v2\/categories?post=3947"},{"taxonomy":"post_tag","embeddable":true,"href":"https:\/\/www.naturparkmagazin.de\/dahme-heideseen\/wp-json\/wp\/v2\/tags?post=3947"}],"curies":[{"name":"wp","href":"https:\/\/api.w.org\/{rel}","templated":true}]}}