{"id":3956,"date":"2021-11-20T11:06:56","date_gmt":"2021-11-20T10:06:56","guid":{"rendered":"https:\/\/www.naturparkmagazin.de\/dahme-heideseen\/?p=3956"},"modified":"2021-11-25T15:00:20","modified_gmt":"2021-11-25T14:00:20","slug":"ein-weihnachtsbaum-fuer-den-bundestag","status":"publish","type":"post","link":"https:\/\/www.naturparkmagazin.de\/dahme-heideseen\/ein-weihnachtsbaum-fuer-den-bundestag\/","title":{"rendered":"Ein Weihnachtsbaum f\u00fcr den Bundestag"},"content":{"rendered":"<p>Zum wiederholten Male darf der <a href=\"https:\/\/www.dahme-heideseen-naturpark.de\" target=\"_blank\">Naturpark Dahme-Heideseen<\/a> einen Weihnachtsbaum f\u00fcr den Deutschen Bundestag bereitstellen. Naturparkleiter Carsten Preu\u00df hat gemeinsam mit Bundestagsabgeordneter Sylvia Lehmann und Naturwacht-Leiter Thomas Mertke in passendes Exemplar aus den heimischen Forsten ausgew\u00e4hlt. Bei der Vorauswahl half Tim Ness von der Oberf\u00f6rsterei Hammer, so dass am 24. November die kleine Jury den sch\u00f6nsten Baum f\u00fcr den Bundestag besorgen konnte.<\/p>\n<div id=\"attachment_3959\" style=\"width: 329px\" class=\"wp-caption alignnone\"><a href=\"https:\/\/www.naturparkmagazin.de\/dahme-heideseen\/wp-content\/uploads\/sites\/37\/Weihnachtsbaumschlagen-Bundestag-2021-j-002.jpg\"><img aria-describedby=\"caption-attachment-3959\" decoding=\"async\" loading=\"lazy\" class=\"wp-image-3959\" src=\"https:\/\/www.naturparkmagazin.de\/dahme-heideseen\/wp-content\/uploads\/sites\/37\/Weihnachtsbaumschlagen-Bundestag-2021-j-002-620x931.jpg\" alt=\"\" width=\"319\" height=\"479\" srcset=\"https:\/\/www.naturparkmagazin.de\/dahme-heideseen\/wp-content\/uploads\/sites\/37\/Weihnachtsbaumschlagen-Bundestag-2021-j-002-620x931.jpg 620w, https:\/\/www.naturparkmagazin.de\/dahme-heideseen\/wp-content\/uploads\/sites\/37\/Weihnachtsbaumschlagen-Bundestag-2021-j-002-300x450.jpg 300w, https:\/\/www.naturparkmagazin.de\/dahme-heideseen\/wp-content\/uploads\/sites\/37\/Weihnachtsbaumschlagen-Bundestag-2021-j-002-940x1411.jpg 940w, https:\/\/www.naturparkmagazin.de\/dahme-heideseen\/wp-content\/uploads\/sites\/37\/Weihnachtsbaumschlagen-Bundestag-2021-j-002-670x1006.jpg 670w, https:\/\/www.naturparkmagazin.de\/dahme-heideseen\/wp-content\/uploads\/sites\/37\/Weihnachtsbaumschlagen-Bundestag-2021-j-002-200x300.jpg 200w, https:\/\/www.naturparkmagazin.de\/dahme-heideseen\/wp-content\/uploads\/sites\/37\/Weihnachtsbaumschlagen-Bundestag-2021-j-002.jpg 1154w\" sizes=\"(max-width: 319px) 100vw, 319px\" \/><\/a><p id=\"caption-attachment-3959\" class=\"wp-caption-text\">Weihnachtsbaumschlagen f\u00fcr den Bundestag 2021 (\u00a9 Teresa Zeuner)<\/p><\/div>\n<div id=\"attachment_3958\" style=\"width: 630px\" class=\"wp-caption alignnone\"><a href=\"https:\/\/www.naturparkmagazin.de\/dahme-heideseen\/wp-content\/uploads\/sites\/37\/Weihnachtsbaumschlagen-Bundestag-2021-a-004.jpg\"><img aria-describedby=\"caption-attachment-3958\" decoding=\"async\" loading=\"lazy\" class=\"wp-image-3958 size-medium\" src=\"https:\/\/www.naturparkmagazin.de\/dahme-heideseen\/wp-content\/uploads\/sites\/37\/Weihnachtsbaumschlagen-Bundestag-2021-a-004-620x413.jpg\" alt=\"Weihnachtsbaumschlagen f\u00fcr den Bundestag 2021 (\u00a9 Teresa Zeuner)\" width=\"620\" height=\"413\" srcset=\"https:\/\/www.naturparkmagazin.de\/dahme-heideseen\/wp-content\/uploads\/sites\/37\/Weihnachtsbaumschlagen-Bundestag-2021-a-004-620x413.jpg 620w, https:\/\/www.naturparkmagazin.de\/dahme-heideseen\/wp-content\/uploads\/sites\/37\/Weihnachtsbaumschlagen-Bundestag-2021-a-004-300x200.jpg 300w, https:\/\/www.naturparkmagazin.de\/dahme-heideseen\/wp-content\/uploads\/sites\/37\/Weihnachtsbaumschlagen-Bundestag-2021-a-004-940x626.jpg 940w, https:\/\/www.naturparkmagazin.de\/dahme-heideseen\/wp-content\/uploads\/sites\/37\/Weihnachtsbaumschlagen-Bundestag-2021-a-004-670x446.jpg 670w, https:\/\/www.naturparkmagazin.de\/dahme-heideseen\/wp-content\/uploads\/sites\/37\/Weihnachtsbaumschlagen-Bundestag-2021-a-004-200x133.jpg 200w, https:\/\/www.naturparkmagazin.de\/dahme-heideseen\/wp-content\/uploads\/sites\/37\/Weihnachtsbaumschlagen-Bundestag-2021-a-004.jpg 1732w\" sizes=\"(max-width: 620px) 100vw, 620px\" \/><\/a><p id=\"caption-attachment-3958\" class=\"wp-caption-text\">Thomas Mertke, Sylvia Lehmann (MdB), Forstwirtschaftsmeister Michael Schulz und Naturparkleiter Carsten Preu\u00df ( \u00a9 Teresa Zeuner)<\/p><\/div>\n<p>Die knapp f\u00fcnf Meter hohe Tanne wird am 2. Dezember im Paul-L\u00f6be-Haus aufgestellt.<\/p>\n<p>&nbsp;<\/p>\n<p>Der Baumschmuck stammt von der <a href=\"http:\/\/www.grundschule-halbe.de\/\" target=\"_blank\">Naturpark-Schule Halbe \/ Elisabeth-von-Schlieben-Grundschule<\/a>. Die Sch\u00fclerinnen und Sch\u00fcler stellen Weihnachtsschmuck aus Naturmaterialien her. Dieser repr\u00e4sentiert neben dem Naturpark Dahme-Heideseen auch die zehn weiteren Naturparke Brandenburgs.<\/p>\n<p>&nbsp;<\/p>\n<p>Erm\u00f6glicht wird die Aktion durch den <a href=\"https:\/\/www.naturparke.de\/\" target=\"_blank\">Verband deutscher Naturparke (VDN)<\/a>. Seit dem Jahr 2002 stellt j\u00e4hrlich ein Naturpark gemeinsam mit dem VDN einen Weihnachtsbaum f\u00fcr die Mitglieder und Mitarbeitenden des Deutschen Bundestags auf.<\/p>\n","protected":false},"excerpt":{"rendered":"<p>Zum wiederholten Male darf der Naturpark Dahme-Heideseen einen Weihnachtsbaum f\u00fcr den Deutschen Bundestag bereitstellen. Letzten Mittwoch wurde ein passendes Exemplar aus den heimischen Forsten ausgew\u00e4hlt.<\/p>\n","protected":false},"author":83,"featured_media":3957,"comment_status":"open","ping_status":"open","sticky":false,"template":"","format":"standard","meta":[],"categories":[7],"tags":[],"yoast_head":"<!-- This site is optimized with the Yoast SEO plugin v19.10 - https:\/\/yoast.com\/wordpress\/plugins\/seo\/ -->\n<title>Ein Weihnachtsbaum f\u00fcr den Bundestag - Naturpark Dahme-Heideseen<\/title>\n<meta name=\"robots\" content=\"index, follow, max-snippet:-1, max-image-preview:large, max-video-preview:-1\" \/>\n<link rel=\"canonical\" href=\"https:\/\/www.naturparkmagazin.de\/dahme-heideseen\/ein-weihnachtsbaum-fuer-den-bundestag\/\" \/>\n<meta property=\"og:locale\" content=\"de_DE\" \/>\n<meta property=\"og:type\" content=\"article\" \/>\n<meta property=\"og:title\" content=\"Ein Weihnachtsbaum f\u00fcr den Bundestag - Naturpark Dahme-Heideseen\" \/>\n<meta property=\"og:description\" content=\"Zum wiederholten Male darf der Naturpark Dahme-Heideseen einen Weihnachtsbaum f\u00fcr den Deutschen Bundestag bereitstellen. Letzten Mittwoch wurde ein passendes Exemplar aus den heimischen Forsten ausgew\u00e4hlt.\" \/>\n<meta property=\"og:url\" content=\"https:\/\/www.naturparkmagazin.de\/dahme-heideseen\/ein-weihnachtsbaum-fuer-den-bundestag\/\" \/>\n<meta property=\"og:site_name\" content=\"Naturpark Dahme-Heideseen\" \/>\n<meta property=\"article:published_time\" content=\"2021-11-20T10:06:56+00:00\" \/>\n<meta property=\"article:modified_time\" content=\"2021-11-25T14:00:20+00:00\" \/>\n<meta property=\"og:image\" content=\"https:\/\/www.naturparkmagazin.de\/dahme-heideseen\/wp-content\/uploads\/sites\/37\/Weihnachtsbaumschlagen-Bundestag-2021-l2-002.jpg\" \/>\n\t<meta property=\"og:image:width\" content=\"1731\" \/>\n\t<meta property=\"og:image:height\" content=\"1154\" \/>\n\t<meta property=\"og:image:type\" content=\"image\/jpeg\" \/>\n<meta name=\"author\" content=\"Astrid Osenbr\u00fcck\" \/>\n<meta name=\"twitter:label1\" content=\"Verfasst von\" \/>\n\t<meta name=\"twitter:data1\" content=\"Astrid Osenbr\u00fcck\" \/>\n\t<meta name=\"twitter:label2\" content=\"Gesch\u00e4tzte Lesezeit\" \/>\n\t<meta name=\"twitter:data2\" content=\"1\u00a0Minute\" \/>\n<script type=\"application\/ld+json\" class=\"yoast-schema-graph\">{\"@context\":\"https:\/\/schema.org\",\"@graph\":[{\"@type\":\"WebPage\",\"@id\":\"https:\/\/www.naturparkmagazin.de\/dahme-heideseen\/ein-weihnachtsbaum-fuer-den-bundestag\/\",\"url\":\"https:\/\/www.naturparkmagazin.de\/dahme-heideseen\/ein-weihnachtsbaum-fuer-den-bundestag\/\",\"name\":\"Ein Weihnachtsbaum f\u00fcr den Bundestag - Naturpark Dahme-Heideseen\",\"isPartOf\":{\"@id\":\"https:\/\/www.naturparkmagazin.de\/dahme-heideseen\/#website\"},\"datePublished\":\"2021-11-20T10:06:56+00:00\",\"dateModified\":\"2021-11-25T14:00:20+00:00\",\"author\":{\"@id\":\"https:\/\/www.naturparkmagazin.de\/dahme-heideseen\/#\/schema\/person\/a0510aafafdf8183c95fc98faf0c9f21\"},\"breadcrumb\":{\"@id\":\"https:\/\/www.naturparkmagazin.de\/dahme-heideseen\/ein-weihnachtsbaum-fuer-den-bundestag\/#breadcrumb\"},\"inLanguage\":\"de\",\"potentialAction\":[{\"@type\":\"ReadAction\",\"target\":[\"https:\/\/www.naturparkmagazin.de\/dahme-heideseen\/ein-weihnachtsbaum-fuer-den-bundestag\/\"]}]},{\"@type\":\"BreadcrumbList\",\"@id\":\"https:\/\/www.naturparkmagazin.de\/dahme-heideseen\/ein-weihnachtsbaum-fuer-den-bundestag\/#breadcrumb\",\"itemListElement\":[{\"@type\":\"ListItem\",\"position\":1,\"name\":\"Home\",\"item\":\"https:\/\/www.naturparkmagazin.de\/dahme-heideseen\/\"},{\"@type\":\"ListItem\",\"position\":2,\"name\":\"Ein Weihnachtsbaum f\u00fcr den Bundestag\"}]},{\"@type\":\"WebSite\",\"@id\":\"https:\/\/www.naturparkmagazin.de\/dahme-heideseen\/#website\",\"url\":\"https:\/\/www.naturparkmagazin.de\/dahme-heideseen\/\",\"name\":\"Naturpark Dahme-Heideseen\",\"description\":\"\",\"potentialAction\":[{\"@type\":\"SearchAction\",\"target\":{\"@type\":\"EntryPoint\",\"urlTemplate\":\"https:\/\/www.naturparkmagazin.de\/dahme-heideseen\/?s={search_term_string}\"},\"query-input\":\"required name=search_term_string\"}],\"inLanguage\":\"de\"},{\"@type\":\"Person\",\"@id\":\"https:\/\/www.naturparkmagazin.de\/dahme-heideseen\/#\/schema\/person\/a0510aafafdf8183c95fc98faf0c9f21\",\"name\":\"Astrid Osenbr\u00fcck\",\"sameAs\":[\"http:\/\/www.dahme-heideseen-naturpark.de\"],\"url\":\"https:\/\/www.naturparkmagazin.de\/dahme-heideseen\/author\/astridosenbrueck\/\"}]}<\/script>\n<!-- \/ Yoast SEO plugin. -->","yoast_head_json":{"title":"Ein Weihnachtsbaum f\u00fcr den Bundestag - Naturpark Dahme-Heideseen","robots":{"index":"index","follow":"follow","max-snippet":"max-snippet:-1","max-image-preview":"max-image-preview:large","max-video-preview":"max-video-preview:-1"},"canonical":"https:\/\/www.naturparkmagazin.de\/dahme-heideseen\/ein-weihnachtsbaum-fuer-den-bundestag\/","og_locale":"de_DE","og_type":"article","og_title":"Ein Weihnachtsbaum f\u00fcr den Bundestag - Naturpark Dahme-Heideseen","og_description":"Zum wiederholten Male darf der Naturpark Dahme-Heideseen einen Weihnachtsbaum f\u00fcr den Deutschen Bundestag bereitstellen. Letzten Mittwoch wurde ein passendes Exemplar aus den heimischen Forsten ausgew\u00e4hlt.","og_url":"https:\/\/www.naturparkmagazin.de\/dahme-heideseen\/ein-weihnachtsbaum-fuer-den-bundestag\/","og_site_name":"Naturpark Dahme-Heideseen","article_published_time":"2021-11-20T10:06:56+00:00","article_modified_time":"2021-11-25T14:00:20+00:00","og_image":[{"width":1731,"height":1154,"url":"https:\/\/www.naturparkmagazin.de\/dahme-heideseen\/wp-content\/uploads\/sites\/37\/Weihnachtsbaumschlagen-Bundestag-2021-l2-002.jpg","type":"image\/jpeg"}],"author":"Astrid Osenbr\u00fcck","twitter_misc":{"Verfasst von":"Astrid Osenbr\u00fcck","Gesch\u00e4tzte Lesezeit":"1\u00a0Minute"},"schema":{"@context":"https:\/\/schema.org","@graph":[{"@type":"WebPage","@id":"https:\/\/www.naturparkmagazin.de\/dahme-heideseen\/ein-weihnachtsbaum-fuer-den-bundestag\/","url":"https:\/\/www.naturparkmagazin.de\/dahme-heideseen\/ein-weihnachtsbaum-fuer-den-bundestag\/","name":"Ein Weihnachtsbaum f\u00fcr den Bundestag - Naturpark Dahme-Heideseen","isPartOf":{"@id":"https:\/\/www.naturparkmagazin.de\/dahme-heideseen\/#website"},"datePublished":"2021-11-20T10:06:56+00:00","dateModified":"2021-11-25T14:00:20+00:00","author":{"@id":"https:\/\/www.naturparkmagazin.de\/dahme-heideseen\/#\/schema\/person\/a0510aafafdf8183c95fc98faf0c9f21"},"breadcrumb":{"@id":"https:\/\/www.naturparkmagazin.de\/dahme-heideseen\/ein-weihnachtsbaum-fuer-den-bundestag\/#breadcrumb"},"inLanguage":"de","potentialAction":[{"@type":"ReadAction","target":["https:\/\/www.naturparkmagazin.de\/dahme-heideseen\/ein-weihnachtsbaum-fuer-den-bundestag\/"]}]},{"@type":"BreadcrumbList","@id":"https:\/\/www.naturparkmagazin.de\/dahme-heideseen\/ein-weihnachtsbaum-fuer-den-bundestag\/#breadcrumb","itemListElement":[{"@type":"ListItem","position":1,"name":"Home","item":"https:\/\/www.naturparkmagazin.de\/dahme-heideseen\/"},{"@type":"ListItem","position":2,"name":"Ein Weihnachtsbaum f\u00fcr den Bundestag"}]},{"@type":"WebSite","@id":"https:\/\/www.naturparkmagazin.de\/dahme-heideseen\/#website","url":"https:\/\/www.naturparkmagazin.de\/dahme-heideseen\/","name":"Naturpark Dahme-Heideseen","description":"","potentialAction":[{"@type":"SearchAction","target":{"@type":"EntryPoint","urlTemplate":"https:\/\/www.naturparkmagazin.de\/dahme-heideseen\/?s={search_term_string}"},"query-input":"required name=search_term_string"}],"inLanguage":"de"},{"@type":"Person","@id":"https:\/\/www.naturparkmagazin.de\/dahme-heideseen\/#\/schema\/person\/a0510aafafdf8183c95fc98faf0c9f21","name":"Astrid Osenbr\u00fcck","sameAs":["http:\/\/www.dahme-heideseen-naturpark.de"],"url":"https:\/\/www.naturparkmagazin.de\/dahme-heideseen\/author\/astridosenbrueck\/"}]}},"_links":{"self":[{"href":"https:\/\/www.naturparkmagazin.de\/dahme-heideseen\/wp-json\/wp\/v2\/posts\/3956"}],"collection":[{"href":"https:\/\/www.naturparkmagazin.de\/dahme-heideseen\/wp-json\/wp\/v2\/posts"}],"about":[{"href":"https:\/\/www.naturparkmagazin.de\/dahme-heideseen\/wp-json\/wp\/v2\/types\/post"}],"author":[{"embeddable":true,"href":"https:\/\/www.naturparkmagazin.de\/dahme-heideseen\/wp-json\/wp\/v2\/users\/83"}],"replies":[{"embeddable":true,"href":"https:\/\/www.naturparkmagazin.de\/dahme-heideseen\/wp-json\/wp\/v2\/comments?post=3956"}],"version-history":[{"count":4,"href":"https:\/\/www.naturparkmagazin.de\/dahme-heideseen\/wp-json\/wp\/v2\/posts\/3956\/revisions"}],"predecessor-version":[{"id":3965,"href":"https:\/\/www.naturparkmagazin.de\/dahme-heideseen\/wp-json\/wp\/v2\/posts\/3956\/revisions\/3965"}],"wp:featuredmedia":[{"embeddable":true,"href":"https:\/\/www.naturparkmagazin.de\/dahme-heideseen\/wp-json\/wp\/v2\/media\/3957"}],"wp:attachment":[{"href":"https:\/\/www.naturparkmagazin.de\/dahme-heideseen\/wp-json\/wp\/v2\/media?parent=3956"}],"wp:term":[{"taxonomy":"category","embeddable":true,"href":"https:\/\/www.naturparkmagazin.de\/dahme-heideseen\/wp-json\/wp\/v2\/categories?post=3956"},{"taxonomy":"post_tag","embeddable":true,"href":"https:\/\/www.naturparkmagazin.de\/dahme-heideseen\/wp-json\/wp\/v2\/tags?post=3956"}],"curies":[{"name":"wp","href":"https:\/\/api.w.org\/{rel}","templated":true}]}}