{"id":3978,"date":"2021-12-14T11:27:19","date_gmt":"2021-12-14T10:27:19","guid":{"rendered":"https:\/\/www.naturparkmagazin.de\/dahme-heideseen\/?p=3978"},"modified":"2021-12-14T11:29:08","modified_gmt":"2021-12-14T10:29:08","slug":"naturpark-taler","status":"publish","type":"post","link":"https:\/\/www.naturparkmagazin.de\/dahme-heideseen\/naturpark-taler\/","title":{"rendered":"Naturpark Taler"},"content":{"rendered":"<p class=\"tinyp\">Als Dankesch\u00f6n f\u00fcr das gro\u00dfe Engagement der Sch\u00fclerinnen und Sch\u00fcler der <a href=\"http:\/\/www.grundschule-halbe.de\" target=\"_blank\">Naturparkschule Halbe<\/a> \u00fcberbrachte am Montag Naturpark-Leiter Carsten Preu\u00df leckere Naturpark Taler. Die Kinder hatten den Baumschmuck f\u00fcr den diesj\u00e4hrigen <a href=\"https:\/\/www.naturparkmagazin.de\/dahme-heideseen\/ein-weihnachtsbaum-fuer-den-bundestag\/\" target=\"_blank\">Weihnachtsbaum <\/a>im Paul-L\u00f6be-Haus (Bundestag) gefertigt.<\/p>\n<div id=\"attachment_3980\" style=\"width: 364px\" class=\"wp-caption alignnone\"><a href=\"https:\/\/www.naturparkmagazin.de\/dahme-heideseen\/wp-content\/uploads\/sites\/37\/Naturpark-DH-Pl\u00e4tzchen-a2.jpg\"><img aria-describedby=\"caption-attachment-3980\" decoding=\"async\" loading=\"lazy\" class=\" wp-image-3980\" src=\"https:\/\/www.naturparkmagazin.de\/dahme-heideseen\/wp-content\/uploads\/sites\/37\/Naturpark-DH-Pl\u00e4tzchen-a2-620x827.jpg\" alt=\"Naturpark Taler ( \u00a9 Carsten Preu\u00df)\" width=\"354\" height=\"472\" srcset=\"https:\/\/www.naturparkmagazin.de\/dahme-heideseen\/wp-content\/uploads\/sites\/37\/Naturpark-DH-Pl\u00e4tzchen-a2-620x827.jpg 620w, https:\/\/www.naturparkmagazin.de\/dahme-heideseen\/wp-content\/uploads\/sites\/37\/Naturpark-DH-Pl\u00e4tzchen-a2-300x400.jpg 300w, https:\/\/www.naturparkmagazin.de\/dahme-heideseen\/wp-content\/uploads\/sites\/37\/Naturpark-DH-Pl\u00e4tzchen-a2-940x1253.jpg 940w, https:\/\/www.naturparkmagazin.de\/dahme-heideseen\/wp-content\/uploads\/sites\/37\/Naturpark-DH-Pl\u00e4tzchen-a2-500x667.jpg 500w, https:\/\/www.naturparkmagazin.de\/dahme-heideseen\/wp-content\/uploads\/sites\/37\/Naturpark-DH-Pl\u00e4tzchen-a2-420x560.jpg 420w, https:\/\/www.naturparkmagazin.de\/dahme-heideseen\/wp-content\/uploads\/sites\/37\/Naturpark-DH-Pl\u00e4tzchen-a2-135x180.jpg 135w, https:\/\/www.naturparkmagazin.de\/dahme-heideseen\/wp-content\/uploads\/sites\/37\/Naturpark-DH-Pl\u00e4tzchen-a2-53x71.jpg 53w, https:\/\/www.naturparkmagazin.de\/dahme-heideseen\/wp-content\/uploads\/sites\/37\/Naturpark-DH-Pl\u00e4tzchen-a2-670x893.jpg 670w, https:\/\/www.naturparkmagazin.de\/dahme-heideseen\/wp-content\/uploads\/sites\/37\/Naturpark-DH-Pl\u00e4tzchen-a2-200x267.jpg 200w, https:\/\/www.naturparkmagazin.de\/dahme-heideseen\/wp-content\/uploads\/sites\/37\/Naturpark-DH-Pl\u00e4tzchen-a2.jpg 2012w\" sizes=\"(max-width: 354px) 100vw, 354px\" \/><\/a><p id=\"caption-attachment-3980\" class=\"wp-caption-text\">Naturpark Taler ( \u00a9 Carsten Preu\u00df)<\/p><\/div>\n<p>B\u00e4ckermeister Holger Sch\u00fcren vom <a href=\"https:\/\/zum-brotsommelier.eatbu.com\/\" target=\"_blank\">Brotsommelier Gr\u00e4bendorf<\/a> hat die Kekse im Logo-Design des Naturparks gestaltet und uns sogar die Zutaten f\u00fcr die Nascherei verraten:<\/p>\n<ul>\n<li>1kg Zucker<\/li>\n<li>2kg Butter<\/li>\n<li>3kg Mehl<\/li>\n<li>30g Backpulver<\/li>\n<li>30g Vanillen Zucker<\/li>\n<li>\u00a0Lebensmittelfarben: Spirula Alge, Chlorella Alge<\/li>\n<\/ul>\n<p><em>Selbstverst\u00e4ndlich gelten die Mengenangaben f\u00fcr 200 Kekse und sind beim Nach-Backen entsprechend anzupassen..<\/em><\/p>\n<div id=\"attachment_3981\" style=\"width: 630px\" class=\"wp-caption alignnone\"><a href=\"https:\/\/www.naturparkmagazin.de\/dahme-heideseen\/wp-content\/uploads\/sites\/37\/Naturpark-DH-Pl\u00e4tzchen-b.jpg\"><img aria-describedby=\"caption-attachment-3981\" decoding=\"async\" loading=\"lazy\" class=\"size-medium wp-image-3981\" src=\"https:\/\/www.naturparkmagazin.de\/dahme-heideseen\/wp-content\/uploads\/sites\/37\/Naturpark-DH-Pl\u00e4tzchen-b-620x465.jpg\" alt=\"B\u00e4ckermeister Holger Sch\u00fcren mit seinen Naturpark Talern ( \u00a9 Carsten Preu\u00df)\" width=\"620\" height=\"465\" srcset=\"https:\/\/www.naturparkmagazin.de\/dahme-heideseen\/wp-content\/uploads\/sites\/37\/Naturpark-DH-Pl\u00e4tzchen-b-620x465.jpg 620w, https:\/\/www.naturparkmagazin.de\/dahme-heideseen\/wp-content\/uploads\/sites\/37\/Naturpark-DH-Pl\u00e4tzchen-b-300x225.jpg 300w, https:\/\/www.naturparkmagazin.de\/dahme-heideseen\/wp-content\/uploads\/sites\/37\/Naturpark-DH-Pl\u00e4tzchen-b-940x705.jpg 940w, https:\/\/www.naturparkmagazin.de\/dahme-heideseen\/wp-content\/uploads\/sites\/37\/Naturpark-DH-Pl\u00e4tzchen-b-580x435.jpg 580w, https:\/\/www.naturparkmagazin.de\/dahme-heideseen\/wp-content\/uploads\/sites\/37\/Naturpark-DH-Pl\u00e4tzchen-b-420x315.jpg 420w, https:\/\/www.naturparkmagazin.de\/dahme-heideseen\/wp-content\/uploads\/sites\/37\/Naturpark-DH-Pl\u00e4tzchen-b-180x135.jpg 180w, https:\/\/www.naturparkmagazin.de\/dahme-heideseen\/wp-content\/uploads\/sites\/37\/Naturpark-DH-Pl\u00e4tzchen-b-95x71.jpg 95w, https:\/\/www.naturparkmagazin.de\/dahme-heideseen\/wp-content\/uploads\/sites\/37\/Naturpark-DH-Pl\u00e4tzchen-b-670x503.jpg 670w, https:\/\/www.naturparkmagazin.de\/dahme-heideseen\/wp-content\/uploads\/sites\/37\/Naturpark-DH-Pl\u00e4tzchen-b-200x150.jpg 200w\" sizes=\"(max-width: 620px) 100vw, 620px\" \/><\/a><p id=\"caption-attachment-3981\" class=\"wp-caption-text\">B\u00e4ckermeister Holger Sch\u00fcren mit seinen Naturpark Talern ( \u00a9 Carsten Preu\u00df)<\/p><\/div>\n<p>Wir w\u00fcnschen viel Freude beim Backen und Genie\u00dfen!<\/p>\n","protected":false},"excerpt":{"rendered":"<p>Als Dankesch\u00f6n f\u00fcr das gro\u00dfe Engagement der Sch\u00fclerinnen und Sch\u00fcler der Naturparkschule Halbe \u00fcberbrachte am Montag Naturpark-Leiter Carsten Preu\u00df leckere Naturpark Taler. B\u00e4ckermeister Holger Sch\u00fcren verr\u00e4t hier die Zutaten f\u00fcr die Nascherei:<\/p>\n","protected":false},"author":83,"featured_media":3981,"comment_status":"open","ping_status":"open","sticky":false,"template":"","format":"standard","meta":[],"categories":[14],"tags":[],"yoast_head":"<!-- This site is optimized with the Yoast SEO plugin v19.10 - https:\/\/yoast.com\/wordpress\/plugins\/seo\/ -->\n<title>Naturpark Taler - Naturpark Dahme-Heideseen<\/title>\n<meta name=\"robots\" content=\"index, follow, max-snippet:-1, max-image-preview:large, max-video-preview:-1\" \/>\n<link rel=\"canonical\" href=\"https:\/\/www.naturparkmagazin.de\/dahme-heideseen\/naturpark-taler\/\" \/>\n<meta property=\"og:locale\" content=\"de_DE\" \/>\n<meta property=\"og:type\" content=\"article\" \/>\n<meta property=\"og:title\" content=\"Naturpark Taler - Naturpark Dahme-Heideseen\" \/>\n<meta property=\"og:description\" content=\"Als Dankesch\u00f6n f\u00fcr das gro\u00dfe Engagement der Sch\u00fclerinnen und Sch\u00fcler der Naturparkschule Halbe \u00fcberbrachte am Montag Naturpark-Leiter Carsten Preu\u00df leckere Naturpark Taler. B\u00e4ckermeister Holger Sch\u00fcren verr\u00e4t hier die Zutaten f\u00fcr die Nascherei:\" \/>\n<meta property=\"og:url\" content=\"https:\/\/www.naturparkmagazin.de\/dahme-heideseen\/naturpark-taler\/\" \/>\n<meta property=\"og:site_name\" content=\"Naturpark Dahme-Heideseen\" \/>\n<meta property=\"article:published_time\" content=\"2021-12-14T10:27:19+00:00\" \/>\n<meta property=\"article:modified_time\" content=\"2021-12-14T10:29:08+00:00\" \/>\n<meta property=\"og:image\" content=\"https:\/\/www.naturparkmagazin.de\/dahme-heideseen\/wp-content\/uploads\/sites\/37\/Naturpark-DH-Pl\u00e4tzchen-b.jpg\" \/>\n\t<meta property=\"og:image:width\" content=\"3264\" \/>\n\t<meta property=\"og:image:height\" content=\"2448\" \/>\n\t<meta property=\"og:image:type\" content=\"image\/jpeg\" \/>\n<meta name=\"author\" content=\"Astrid Osenbr\u00fcck\" \/>\n<meta name=\"twitter:label1\" content=\"Verfasst von\" \/>\n\t<meta name=\"twitter:data1\" content=\"Astrid Osenbr\u00fcck\" \/>\n\t<meta name=\"twitter:label2\" content=\"Gesch\u00e4tzte Lesezeit\" \/>\n\t<meta name=\"twitter:data2\" content=\"1\u00a0Minute\" \/>\n<script type=\"application\/ld+json\" class=\"yoast-schema-graph\">{\"@context\":\"https:\/\/schema.org\",\"@graph\":[{\"@type\":\"WebPage\",\"@id\":\"https:\/\/www.naturparkmagazin.de\/dahme-heideseen\/naturpark-taler\/\",\"url\":\"https:\/\/www.naturparkmagazin.de\/dahme-heideseen\/naturpark-taler\/\",\"name\":\"Naturpark Taler - Naturpark Dahme-Heideseen\",\"isPartOf\":{\"@id\":\"https:\/\/www.naturparkmagazin.de\/dahme-heideseen\/#website\"},\"datePublished\":\"2021-12-14T10:27:19+00:00\",\"dateModified\":\"2021-12-14T10:29:08+00:00\",\"author\":{\"@id\":\"https:\/\/www.naturparkmagazin.de\/dahme-heideseen\/#\/schema\/person\/a0510aafafdf8183c95fc98faf0c9f21\"},\"breadcrumb\":{\"@id\":\"https:\/\/www.naturparkmagazin.de\/dahme-heideseen\/naturpark-taler\/#breadcrumb\"},\"inLanguage\":\"de\",\"potentialAction\":[{\"@type\":\"ReadAction\",\"target\":[\"https:\/\/www.naturparkmagazin.de\/dahme-heideseen\/naturpark-taler\/\"]}]},{\"@type\":\"BreadcrumbList\",\"@id\":\"https:\/\/www.naturparkmagazin.de\/dahme-heideseen\/naturpark-taler\/#breadcrumb\",\"itemListElement\":[{\"@type\":\"ListItem\",\"position\":1,\"name\":\"Home\",\"item\":\"https:\/\/www.naturparkmagazin.de\/dahme-heideseen\/\"},{\"@type\":\"ListItem\",\"position\":2,\"name\":\"Naturpark Taler\"}]},{\"@type\":\"WebSite\",\"@id\":\"https:\/\/www.naturparkmagazin.de\/dahme-heideseen\/#website\",\"url\":\"https:\/\/www.naturparkmagazin.de\/dahme-heideseen\/\",\"name\":\"Naturpark Dahme-Heideseen\",\"description\":\"\",\"potentialAction\":[{\"@type\":\"SearchAction\",\"target\":{\"@type\":\"EntryPoint\",\"urlTemplate\":\"https:\/\/www.naturparkmagazin.de\/dahme-heideseen\/?s={search_term_string}\"},\"query-input\":\"required name=search_term_string\"}],\"inLanguage\":\"de\"},{\"@type\":\"Person\",\"@id\":\"https:\/\/www.naturparkmagazin.de\/dahme-heideseen\/#\/schema\/person\/a0510aafafdf8183c95fc98faf0c9f21\",\"name\":\"Astrid Osenbr\u00fcck\",\"sameAs\":[\"http:\/\/www.dahme-heideseen-naturpark.de\"],\"url\":\"https:\/\/www.naturparkmagazin.de\/dahme-heideseen\/author\/astridosenbrueck\/\"}]}<\/script>\n<!-- \/ Yoast SEO plugin. -->","yoast_head_json":{"title":"Naturpark Taler - Naturpark Dahme-Heideseen","robots":{"index":"index","follow":"follow","max-snippet":"max-snippet:-1","max-image-preview":"max-image-preview:large","max-video-preview":"max-video-preview:-1"},"canonical":"https:\/\/www.naturparkmagazin.de\/dahme-heideseen\/naturpark-taler\/","og_locale":"de_DE","og_type":"article","og_title":"Naturpark Taler - Naturpark Dahme-Heideseen","og_description":"Als Dankesch\u00f6n f\u00fcr das gro\u00dfe Engagement der Sch\u00fclerinnen und Sch\u00fcler der Naturparkschule Halbe \u00fcberbrachte am Montag Naturpark-Leiter Carsten Preu\u00df leckere Naturpark Taler. B\u00e4ckermeister Holger Sch\u00fcren verr\u00e4t hier die Zutaten f\u00fcr die Nascherei:","og_url":"https:\/\/www.naturparkmagazin.de\/dahme-heideseen\/naturpark-taler\/","og_site_name":"Naturpark Dahme-Heideseen","article_published_time":"2021-12-14T10:27:19+00:00","article_modified_time":"2021-12-14T10:29:08+00:00","og_image":[{"width":3264,"height":2448,"url":"https:\/\/www.naturparkmagazin.de\/dahme-heideseen\/wp-content\/uploads\/sites\/37\/Naturpark-DH-Pl\u00e4tzchen-b.jpg","type":"image\/jpeg"}],"author":"Astrid Osenbr\u00fcck","twitter_misc":{"Verfasst von":"Astrid Osenbr\u00fcck","Gesch\u00e4tzte Lesezeit":"1\u00a0Minute"},"schema":{"@context":"https:\/\/schema.org","@graph":[{"@type":"WebPage","@id":"https:\/\/www.naturparkmagazin.de\/dahme-heideseen\/naturpark-taler\/","url":"https:\/\/www.naturparkmagazin.de\/dahme-heideseen\/naturpark-taler\/","name":"Naturpark Taler - Naturpark Dahme-Heideseen","isPartOf":{"@id":"https:\/\/www.naturparkmagazin.de\/dahme-heideseen\/#website"},"datePublished":"2021-12-14T10:27:19+00:00","dateModified":"2021-12-14T10:29:08+00:00","author":{"@id":"https:\/\/www.naturparkmagazin.de\/dahme-heideseen\/#\/schema\/person\/a0510aafafdf8183c95fc98faf0c9f21"},"breadcrumb":{"@id":"https:\/\/www.naturparkmagazin.de\/dahme-heideseen\/naturpark-taler\/#breadcrumb"},"inLanguage":"de","potentialAction":[{"@type":"ReadAction","target":["https:\/\/www.naturparkmagazin.de\/dahme-heideseen\/naturpark-taler\/"]}]},{"@type":"BreadcrumbList","@id":"https:\/\/www.naturparkmagazin.de\/dahme-heideseen\/naturpark-taler\/#breadcrumb","itemListElement":[{"@type":"ListItem","position":1,"name":"Home","item":"https:\/\/www.naturparkmagazin.de\/dahme-heideseen\/"},{"@type":"ListItem","position":2,"name":"Naturpark Taler"}]},{"@type":"WebSite","@id":"https:\/\/www.naturparkmagazin.de\/dahme-heideseen\/#website","url":"https:\/\/www.naturparkmagazin.de\/dahme-heideseen\/","name":"Naturpark Dahme-Heideseen","description":"","potentialAction":[{"@type":"SearchAction","target":{"@type":"EntryPoint","urlTemplate":"https:\/\/www.naturparkmagazin.de\/dahme-heideseen\/?s={search_term_string}"},"query-input":"required name=search_term_string"}],"inLanguage":"de"},{"@type":"Person","@id":"https:\/\/www.naturparkmagazin.de\/dahme-heideseen\/#\/schema\/person\/a0510aafafdf8183c95fc98faf0c9f21","name":"Astrid Osenbr\u00fcck","sameAs":["http:\/\/www.dahme-heideseen-naturpark.de"],"url":"https:\/\/www.naturparkmagazin.de\/dahme-heideseen\/author\/astridosenbrueck\/"}]}},"_links":{"self":[{"href":"https:\/\/www.naturparkmagazin.de\/dahme-heideseen\/wp-json\/wp\/v2\/posts\/3978"}],"collection":[{"href":"https:\/\/www.naturparkmagazin.de\/dahme-heideseen\/wp-json\/wp\/v2\/posts"}],"about":[{"href":"https:\/\/www.naturparkmagazin.de\/dahme-heideseen\/wp-json\/wp\/v2\/types\/post"}],"author":[{"embeddable":true,"href":"https:\/\/www.naturparkmagazin.de\/dahme-heideseen\/wp-json\/wp\/v2\/users\/83"}],"replies":[{"embeddable":true,"href":"https:\/\/www.naturparkmagazin.de\/dahme-heideseen\/wp-json\/wp\/v2\/comments?post=3978"}],"version-history":[{"count":3,"href":"https:\/\/www.naturparkmagazin.de\/dahme-heideseen\/wp-json\/wp\/v2\/posts\/3978\/revisions"}],"predecessor-version":[{"id":3984,"href":"https:\/\/www.naturparkmagazin.de\/dahme-heideseen\/wp-json\/wp\/v2\/posts\/3978\/revisions\/3984"}],"wp:featuredmedia":[{"embeddable":true,"href":"https:\/\/www.naturparkmagazin.de\/dahme-heideseen\/wp-json\/wp\/v2\/media\/3981"}],"wp:attachment":[{"href":"https:\/\/www.naturparkmagazin.de\/dahme-heideseen\/wp-json\/wp\/v2\/media?parent=3978"}],"wp:term":[{"taxonomy":"category","embeddable":true,"href":"https:\/\/www.naturparkmagazin.de\/dahme-heideseen\/wp-json\/wp\/v2\/categories?post=3978"},{"taxonomy":"post_tag","embeddable":true,"href":"https:\/\/www.naturparkmagazin.de\/dahme-heideseen\/wp-json\/wp\/v2\/tags?post=3978"}],"curies":[{"name":"wp","href":"https:\/\/api.w.org\/{rel}","templated":true}]}}