{"id":3985,"date":"2021-12-14T11:38:15","date_gmt":"2021-12-14T10:38:15","guid":{"rendered":"https:\/\/www.naturparkmagazin.de\/dahme-heideseen\/?p=3985"},"modified":"2021-12-14T11:38:15","modified_gmt":"2021-12-14T10:38:15","slug":"weihnachtsbaeume-aus-dem-naturpark-dahme-heideseen","status":"publish","type":"post","link":"https:\/\/www.naturparkmagazin.de\/dahme-heideseen\/weihnachtsbaeume-aus-dem-naturpark-dahme-heideseen\/","title":{"rendered":"Weihnachtsb\u00e4ume aus dem Naturpark Dahme-Heideseen"},"content":{"rendered":"<p>Auch f\u00fcr Weihnachtsb\u00e4ume gilt: regional statt weit gereist.<\/p>\n<p>Mit Weihnachtsb\u00e4umen aus der Region k\u00f6nnen lange Transportwege vermieden werden. Der Kauf war am Wochenende m\u00f6glich auf dem Hof des historischen Geb\u00e4udeensembles der <a href=\"https:\/\/forst.brandenburg.de\/lfb\/de\/ueber-uns\/landeswaldoberfoerstereien\/landeswaldoberfoersterei-hammer\/#\" target=\"_blank\">Oberf\u00f6rsterei Hammer<\/a>.<\/p>\n<p>Neben den Weihnachtsb\u00e4umen gab es leckeres vom Wild aus den hiesigen W\u00e4ldern sowie selbstgemachte Kalender und Karten von<a href=\"http:\/\/www.traumwerker.de\/inka\/\" target=\"_blank\"> Inka Lumer<\/a>.<\/p>\n<p>&nbsp;<\/p>\n<div id=\"attachment_3987\" style=\"width: 630px\" class=\"wp-caption alignnone\"><a href=\"https:\/\/www.naturparkmagazin.de\/dahme-heideseen\/wp-content\/uploads\/sites\/37\/weihnachtsbaume-DH-Hammer-2.jpg\"><img aria-describedby=\"caption-attachment-3987\" decoding=\"async\" loading=\"lazy\" class=\"size-medium wp-image-3987\" src=\"https:\/\/www.naturparkmagazin.de\/dahme-heideseen\/wp-content\/uploads\/sites\/37\/weihnachtsbaume-DH-Hammer-2-620x465.jpg\" alt=\"Waldweihnacht in Hammer (\u00a9 Carsten Preu\u00df)\" width=\"620\" height=\"465\" srcset=\"https:\/\/www.naturparkmagazin.de\/dahme-heideseen\/wp-content\/uploads\/sites\/37\/weihnachtsbaume-DH-Hammer-2-620x465.jpg 620w, https:\/\/www.naturparkmagazin.de\/dahme-heideseen\/wp-content\/uploads\/sites\/37\/weihnachtsbaume-DH-Hammer-2-300x225.jpg 300w, https:\/\/www.naturparkmagazin.de\/dahme-heideseen\/wp-content\/uploads\/sites\/37\/weihnachtsbaume-DH-Hammer-2-940x705.jpg 940w, https:\/\/www.naturparkmagazin.de\/dahme-heideseen\/wp-content\/uploads\/sites\/37\/weihnachtsbaume-DH-Hammer-2-580x435.jpg 580w, https:\/\/www.naturparkmagazin.de\/dahme-heideseen\/wp-content\/uploads\/sites\/37\/weihnachtsbaume-DH-Hammer-2-420x315.jpg 420w, https:\/\/www.naturparkmagazin.de\/dahme-heideseen\/wp-content\/uploads\/sites\/37\/weihnachtsbaume-DH-Hammer-2-180x135.jpg 180w, https:\/\/www.naturparkmagazin.de\/dahme-heideseen\/wp-content\/uploads\/sites\/37\/weihnachtsbaume-DH-Hammer-2-95x71.jpg 95w, https:\/\/www.naturparkmagazin.de\/dahme-heideseen\/wp-content\/uploads\/sites\/37\/weihnachtsbaume-DH-Hammer-2-670x503.jpg 670w, https:\/\/www.naturparkmagazin.de\/dahme-heideseen\/wp-content\/uploads\/sites\/37\/weihnachtsbaume-DH-Hammer-2-200x150.jpg 200w, https:\/\/www.naturparkmagazin.de\/dahme-heideseen\/wp-content\/uploads\/sites\/37\/weihnachtsbaume-DH-Hammer-2.jpg 2040w\" sizes=\"(max-width: 620px) 100vw, 620px\" \/><\/a><p id=\"caption-attachment-3987\" class=\"wp-caption-text\">Waldweihnacht in Hammer (\u00a9 Carsten Preu\u00df)<\/p><\/div>\n<p>Es war zwar nicht die beliebte traditionelle Waldweihnacht mit kleinem Weihnachtsmarkt, Wildschweinbraten, Gl\u00fchwein und Bl\u00e4serquartett, aber dennoch lag &#8211; dank eines gro\u00dfen Lagerfeuers &#8211; ein Hauch von Weihnachtsstimmung \u00fcber dem Hof.<\/p>\n<p>Die reichlich gef\u00fcllte Wildkammer erfreute sich wie auch die Weihnachtsb\u00e4ume gro\u00dfer Beliebtheit.<\/p>\n<p>&nbsp;<\/p>\n","protected":false},"excerpt":{"rendered":"<p>Die traditionelle Waldweihnacht auf dem Hof der Oberf\u00f6rsterei Hammer fand in diesem Jahr wieder als Weihnachtsbaum- und Wildverkauf statt. Ein kurzer Bericht..<\/p>\n","protected":false},"author":83,"featured_media":3986,"comment_status":"open","ping_status":"open","sticky":false,"template":"","format":"standard","meta":[],"categories":[7],"tags":[],"yoast_head":"<!-- This site is optimized with the Yoast SEO plugin v19.10 - https:\/\/yoast.com\/wordpress\/plugins\/seo\/ -->\n<title>Weihnachtsb\u00e4ume aus dem Naturpark Dahme-Heideseen - Naturpark Dahme-Heideseen<\/title>\n<meta name=\"robots\" content=\"index, follow, max-snippet:-1, max-image-preview:large, max-video-preview:-1\" \/>\n<link rel=\"canonical\" href=\"https:\/\/www.naturparkmagazin.de\/dahme-heideseen\/weihnachtsbaeume-aus-dem-naturpark-dahme-heideseen\/\" \/>\n<meta property=\"og:locale\" content=\"de_DE\" \/>\n<meta property=\"og:type\" content=\"article\" \/>\n<meta property=\"og:title\" content=\"Weihnachtsb\u00e4ume aus dem Naturpark Dahme-Heideseen - Naturpark Dahme-Heideseen\" \/>\n<meta property=\"og:description\" content=\"Die traditionelle Waldweihnacht auf dem Hof der Oberf\u00f6rsterei Hammer fand in diesem Jahr wieder als Weihnachtsbaum- und Wildverkauf statt. Ein kurzer Bericht..\" \/>\n<meta property=\"og:url\" content=\"https:\/\/www.naturparkmagazin.de\/dahme-heideseen\/weihnachtsbaeume-aus-dem-naturpark-dahme-heideseen\/\" \/>\n<meta property=\"og:site_name\" content=\"Naturpark Dahme-Heideseen\" \/>\n<meta property=\"article:published_time\" content=\"2021-12-14T10:38:15+00:00\" \/>\n<meta property=\"og:image\" content=\"https:\/\/www.naturparkmagazin.de\/dahme-heideseen\/wp-content\/uploads\/sites\/37\/weihnachtsbaume-DH-Hammer-1.jpg\" \/>\n\t<meta property=\"og:image:width\" content=\"1872\" \/>\n\t<meta property=\"og:image:height\" content=\"1404\" \/>\n\t<meta property=\"og:image:type\" content=\"image\/jpeg\" \/>\n<meta name=\"author\" content=\"Astrid Osenbr\u00fcck\" \/>\n<meta name=\"twitter:label1\" content=\"Verfasst von\" \/>\n\t<meta name=\"twitter:data1\" content=\"Astrid Osenbr\u00fcck\" \/>\n\t<meta name=\"twitter:label2\" content=\"Gesch\u00e4tzte Lesezeit\" \/>\n\t<meta name=\"twitter:data2\" content=\"1\u00a0Minute\" \/>\n<script type=\"application\/ld+json\" class=\"yoast-schema-graph\">{\"@context\":\"https:\/\/schema.org\",\"@graph\":[{\"@type\":\"WebPage\",\"@id\":\"https:\/\/www.naturparkmagazin.de\/dahme-heideseen\/weihnachtsbaeume-aus-dem-naturpark-dahme-heideseen\/\",\"url\":\"https:\/\/www.naturparkmagazin.de\/dahme-heideseen\/weihnachtsbaeume-aus-dem-naturpark-dahme-heideseen\/\",\"name\":\"Weihnachtsb\u00e4ume aus dem Naturpark Dahme-Heideseen - Naturpark Dahme-Heideseen\",\"isPartOf\":{\"@id\":\"https:\/\/www.naturparkmagazin.de\/dahme-heideseen\/#website\"},\"datePublished\":\"2021-12-14T10:38:15+00:00\",\"dateModified\":\"2021-12-14T10:38:15+00:00\",\"author\":{\"@id\":\"https:\/\/www.naturparkmagazin.de\/dahme-heideseen\/#\/schema\/person\/a0510aafafdf8183c95fc98faf0c9f21\"},\"breadcrumb\":{\"@id\":\"https:\/\/www.naturparkmagazin.de\/dahme-heideseen\/weihnachtsbaeume-aus-dem-naturpark-dahme-heideseen\/#breadcrumb\"},\"inLanguage\":\"de\",\"potentialAction\":[{\"@type\":\"ReadAction\",\"target\":[\"https:\/\/www.naturparkmagazin.de\/dahme-heideseen\/weihnachtsbaeume-aus-dem-naturpark-dahme-heideseen\/\"]}]},{\"@type\":\"BreadcrumbList\",\"@id\":\"https:\/\/www.naturparkmagazin.de\/dahme-heideseen\/weihnachtsbaeume-aus-dem-naturpark-dahme-heideseen\/#breadcrumb\",\"itemListElement\":[{\"@type\":\"ListItem\",\"position\":1,\"name\":\"Home\",\"item\":\"https:\/\/www.naturparkmagazin.de\/dahme-heideseen\/\"},{\"@type\":\"ListItem\",\"position\":2,\"name\":\"Weihnachtsb\u00e4ume aus dem Naturpark Dahme-Heideseen\"}]},{\"@type\":\"WebSite\",\"@id\":\"https:\/\/www.naturparkmagazin.de\/dahme-heideseen\/#website\",\"url\":\"https:\/\/www.naturparkmagazin.de\/dahme-heideseen\/\",\"name\":\"Naturpark Dahme-Heideseen\",\"description\":\"\",\"potentialAction\":[{\"@type\":\"SearchAction\",\"target\":{\"@type\":\"EntryPoint\",\"urlTemplate\":\"https:\/\/www.naturparkmagazin.de\/dahme-heideseen\/?s={search_term_string}\"},\"query-input\":\"required name=search_term_string\"}],\"inLanguage\":\"de\"},{\"@type\":\"Person\",\"@id\":\"https:\/\/www.naturparkmagazin.de\/dahme-heideseen\/#\/schema\/person\/a0510aafafdf8183c95fc98faf0c9f21\",\"name\":\"Astrid Osenbr\u00fcck\",\"sameAs\":[\"http:\/\/www.dahme-heideseen-naturpark.de\"],\"url\":\"https:\/\/www.naturparkmagazin.de\/dahme-heideseen\/author\/astridosenbrueck\/\"}]}<\/script>\n<!-- \/ Yoast SEO plugin. -->","yoast_head_json":{"title":"Weihnachtsb\u00e4ume aus dem Naturpark Dahme-Heideseen - Naturpark Dahme-Heideseen","robots":{"index":"index","follow":"follow","max-snippet":"max-snippet:-1","max-image-preview":"max-image-preview:large","max-video-preview":"max-video-preview:-1"},"canonical":"https:\/\/www.naturparkmagazin.de\/dahme-heideseen\/weihnachtsbaeume-aus-dem-naturpark-dahme-heideseen\/","og_locale":"de_DE","og_type":"article","og_title":"Weihnachtsb\u00e4ume aus dem Naturpark Dahme-Heideseen - Naturpark Dahme-Heideseen","og_description":"Die traditionelle Waldweihnacht auf dem Hof der Oberf\u00f6rsterei Hammer fand in diesem Jahr wieder als Weihnachtsbaum- und Wildverkauf statt. Ein kurzer Bericht..","og_url":"https:\/\/www.naturparkmagazin.de\/dahme-heideseen\/weihnachtsbaeume-aus-dem-naturpark-dahme-heideseen\/","og_site_name":"Naturpark Dahme-Heideseen","article_published_time":"2021-12-14T10:38:15+00:00","og_image":[{"width":1872,"height":1404,"url":"https:\/\/www.naturparkmagazin.de\/dahme-heideseen\/wp-content\/uploads\/sites\/37\/weihnachtsbaume-DH-Hammer-1.jpg","type":"image\/jpeg"}],"author":"Astrid Osenbr\u00fcck","twitter_misc":{"Verfasst von":"Astrid Osenbr\u00fcck","Gesch\u00e4tzte Lesezeit":"1\u00a0Minute"},"schema":{"@context":"https:\/\/schema.org","@graph":[{"@type":"WebPage","@id":"https:\/\/www.naturparkmagazin.de\/dahme-heideseen\/weihnachtsbaeume-aus-dem-naturpark-dahme-heideseen\/","url":"https:\/\/www.naturparkmagazin.de\/dahme-heideseen\/weihnachtsbaeume-aus-dem-naturpark-dahme-heideseen\/","name":"Weihnachtsb\u00e4ume aus dem Naturpark Dahme-Heideseen - Naturpark Dahme-Heideseen","isPartOf":{"@id":"https:\/\/www.naturparkmagazin.de\/dahme-heideseen\/#website"},"datePublished":"2021-12-14T10:38:15+00:00","dateModified":"2021-12-14T10:38:15+00:00","author":{"@id":"https:\/\/www.naturparkmagazin.de\/dahme-heideseen\/#\/schema\/person\/a0510aafafdf8183c95fc98faf0c9f21"},"breadcrumb":{"@id":"https:\/\/www.naturparkmagazin.de\/dahme-heideseen\/weihnachtsbaeume-aus-dem-naturpark-dahme-heideseen\/#breadcrumb"},"inLanguage":"de","potentialAction":[{"@type":"ReadAction","target":["https:\/\/www.naturparkmagazin.de\/dahme-heideseen\/weihnachtsbaeume-aus-dem-naturpark-dahme-heideseen\/"]}]},{"@type":"BreadcrumbList","@id":"https:\/\/www.naturparkmagazin.de\/dahme-heideseen\/weihnachtsbaeume-aus-dem-naturpark-dahme-heideseen\/#breadcrumb","itemListElement":[{"@type":"ListItem","position":1,"name":"Home","item":"https:\/\/www.naturparkmagazin.de\/dahme-heideseen\/"},{"@type":"ListItem","position":2,"name":"Weihnachtsb\u00e4ume aus dem Naturpark Dahme-Heideseen"}]},{"@type":"WebSite","@id":"https:\/\/www.naturparkmagazin.de\/dahme-heideseen\/#website","url":"https:\/\/www.naturparkmagazin.de\/dahme-heideseen\/","name":"Naturpark Dahme-Heideseen","description":"","potentialAction":[{"@type":"SearchAction","target":{"@type":"EntryPoint","urlTemplate":"https:\/\/www.naturparkmagazin.de\/dahme-heideseen\/?s={search_term_string}"},"query-input":"required name=search_term_string"}],"inLanguage":"de"},{"@type":"Person","@id":"https:\/\/www.naturparkmagazin.de\/dahme-heideseen\/#\/schema\/person\/a0510aafafdf8183c95fc98faf0c9f21","name":"Astrid Osenbr\u00fcck","sameAs":["http:\/\/www.dahme-heideseen-naturpark.de"],"url":"https:\/\/www.naturparkmagazin.de\/dahme-heideseen\/author\/astridosenbrueck\/"}]}},"_links":{"self":[{"href":"https:\/\/www.naturparkmagazin.de\/dahme-heideseen\/wp-json\/wp\/v2\/posts\/3985"}],"collection":[{"href":"https:\/\/www.naturparkmagazin.de\/dahme-heideseen\/wp-json\/wp\/v2\/posts"}],"about":[{"href":"https:\/\/www.naturparkmagazin.de\/dahme-heideseen\/wp-json\/wp\/v2\/types\/post"}],"author":[{"embeddable":true,"href":"https:\/\/www.naturparkmagazin.de\/dahme-heideseen\/wp-json\/wp\/v2\/users\/83"}],"replies":[{"embeddable":true,"href":"https:\/\/www.naturparkmagazin.de\/dahme-heideseen\/wp-json\/wp\/v2\/comments?post=3985"}],"version-history":[{"count":1,"href":"https:\/\/www.naturparkmagazin.de\/dahme-heideseen\/wp-json\/wp\/v2\/posts\/3985\/revisions"}],"predecessor-version":[{"id":3989,"href":"https:\/\/www.naturparkmagazin.de\/dahme-heideseen\/wp-json\/wp\/v2\/posts\/3985\/revisions\/3989"}],"wp:featuredmedia":[{"embeddable":true,"href":"https:\/\/www.naturparkmagazin.de\/dahme-heideseen\/wp-json\/wp\/v2\/media\/3986"}],"wp:attachment":[{"href":"https:\/\/www.naturparkmagazin.de\/dahme-heideseen\/wp-json\/wp\/v2\/media?parent=3985"}],"wp:term":[{"taxonomy":"category","embeddable":true,"href":"https:\/\/www.naturparkmagazin.de\/dahme-heideseen\/wp-json\/wp\/v2\/categories?post=3985"},{"taxonomy":"post_tag","embeddable":true,"href":"https:\/\/www.naturparkmagazin.de\/dahme-heideseen\/wp-json\/wp\/v2\/tags?post=3985"}],"curies":[{"name":"wp","href":"https:\/\/api.w.org\/{rel}","templated":true}]}}