{"id":4004,"date":"2021-12-14T12:01:44","date_gmt":"2021-12-14T11:01:44","guid":{"rendered":"https:\/\/www.naturparkmagazin.de\/dahme-heideseen\/?p=4004"},"modified":"2021-12-16T10:02:06","modified_gmt":"2021-12-16T09:02:06","slug":"umweltbildungsprojekte-an-den-naturpark-schulen-halbe-und-prieros","status":"publish","type":"post","link":"https:\/\/www.naturparkmagazin.de\/dahme-heideseen\/umweltbildungsprojekte-an-den-naturpark-schulen-halbe-und-prieros\/","title":{"rendered":"Umweltbildungsprojekte an den Naturpark-Schulen Halbe und Prieros"},"content":{"rendered":"<p>Im November und Dezember fanden einige BNE-Umweltbildungsangebote in den Naturparkschulen in Halbe (<a href=\"http:\/\/www.grundschule-halbe.de\" target=\"_blank\">Elisabeth-von-Schlieben-Grundschule<\/a>) und Prieros (<a href=\"https:\/\/www.grundschule-prieros.de\/\" target=\"_blank\">Grundschule Prieros<\/a>) statt. Stolz trugen alle dabei die Naturpark-Entdeckerwesten.<\/p>\n<div id=\"attachment_4018\" style=\"width: 507px\" class=\"wp-caption alignnone\"><a href=\"https:\/\/www.naturparkmagazin.de\/dahme-heideseen\/wp-content\/uploads\/sites\/37\/Futterzapfen41.jpg\"><img aria-describedby=\"caption-attachment-4018\" decoding=\"async\" loading=\"lazy\" class=\"wp-image-4018\" src=\"https:\/\/www.naturparkmagazin.de\/dahme-heideseen\/wp-content\/uploads\/sites\/37\/Futterzapfen41-620x465.jpg\" alt=\"Futterzapfen4\" width=\"497\" height=\"373\" srcset=\"https:\/\/www.naturparkmagazin.de\/dahme-heideseen\/wp-content\/uploads\/sites\/37\/Futterzapfen41-620x465.jpg 620w, https:\/\/www.naturparkmagazin.de\/dahme-heideseen\/wp-content\/uploads\/sites\/37\/Futterzapfen41-300x225.jpg 300w, https:\/\/www.naturparkmagazin.de\/dahme-heideseen\/wp-content\/uploads\/sites\/37\/Futterzapfen41-940x705.jpg 940w, https:\/\/www.naturparkmagazin.de\/dahme-heideseen\/wp-content\/uploads\/sites\/37\/Futterzapfen41-580x435.jpg 580w, https:\/\/www.naturparkmagazin.de\/dahme-heideseen\/wp-content\/uploads\/sites\/37\/Futterzapfen41-420x315.jpg 420w, https:\/\/www.naturparkmagazin.de\/dahme-heideseen\/wp-content\/uploads\/sites\/37\/Futterzapfen41-180x135.jpg 180w, https:\/\/www.naturparkmagazin.de\/dahme-heideseen\/wp-content\/uploads\/sites\/37\/Futterzapfen41-95x71.jpg 95w, https:\/\/www.naturparkmagazin.de\/dahme-heideseen\/wp-content\/uploads\/sites\/37\/Futterzapfen41-670x503.jpg 670w, https:\/\/www.naturparkmagazin.de\/dahme-heideseen\/wp-content\/uploads\/sites\/37\/Futterzapfen41-200x150.jpg 200w, https:\/\/www.naturparkmagazin.de\/dahme-heideseen\/wp-content\/uploads\/sites\/37\/Futterzapfen41.jpg 1210w\" sizes=\"(max-width: 497px) 100vw, 497px\" \/><\/a><p id=\"caption-attachment-4018\" class=\"wp-caption-text\">Umweltbildung im Gr\u00fcnen Klassenzimmer (\u00a9 Teresa Zeuner)<\/p><\/div>\n<p>&nbsp;<\/p>\n<p>Die ersten und zweiten Klassen beider Schulen erfuhren Wissenswertes \u00fcber die Winterv\u00f6gel in unserem Naturpark. In Prieros konnte die Veranstaltung sogar im Gr\u00fcnen Klassenzimmer stattfinden. Die Kinder durften <strong>Futterzapfen selbst herstellen<\/strong> und anschlie\u00dfend im Wald einen geeigenten Platz zum Aufh\u00e4ngen finden. Eine <a href=\"https:\/\/www.naturparkmagazin.de\/dahme-heideseen\/vogelfutter-selbst-machen\/\" target=\"_blank\">Anleitung zum Herstellen von Wintervogelfutter <\/a>gibt es hier.<\/p>\n<div id=\"attachment_4024\" style=\"width: 615px\" class=\"wp-caption alignnone\"><a href=\"https:\/\/www.naturparkmagazin.de\/dahme-heideseen\/wp-content\/uploads\/sites\/37\/InkedFutterzapfen3_LI.jpg\"><img aria-describedby=\"caption-attachment-4024\" decoding=\"async\" loading=\"lazy\" class=\"wp-image-4024 size-full\" src=\"https:\/\/www.naturparkmagazin.de\/dahme-heideseen\/wp-content\/uploads\/sites\/37\/InkedFutterzapfen3_LI.jpg\" alt=\"InkedFutterzapfen3_LI\" width=\"605\" height=\"454\" srcset=\"https:\/\/www.naturparkmagazin.de\/dahme-heideseen\/wp-content\/uploads\/sites\/37\/InkedFutterzapfen3_LI.jpg 605w, https:\/\/www.naturparkmagazin.de\/dahme-heideseen\/wp-content\/uploads\/sites\/37\/InkedFutterzapfen3_LI-300x225.jpg 300w, https:\/\/www.naturparkmagazin.de\/dahme-heideseen\/wp-content\/uploads\/sites\/37\/InkedFutterzapfen3_LI-580x435.jpg 580w, https:\/\/www.naturparkmagazin.de\/dahme-heideseen\/wp-content\/uploads\/sites\/37\/InkedFutterzapfen3_LI-420x315.jpg 420w, https:\/\/www.naturparkmagazin.de\/dahme-heideseen\/wp-content\/uploads\/sites\/37\/InkedFutterzapfen3_LI-180x135.jpg 180w, https:\/\/www.naturparkmagazin.de\/dahme-heideseen\/wp-content\/uploads\/sites\/37\/InkedFutterzapfen3_LI-95x71.jpg 95w, https:\/\/www.naturparkmagazin.de\/dahme-heideseen\/wp-content\/uploads\/sites\/37\/InkedFutterzapfen3_LI-200x150.jpg 200w\" sizes=\"(max-width: 605px) 100vw, 605px\" \/><\/a><p id=\"caption-attachment-4024\" class=\"wp-caption-text\">Umweltbildung im Gr\u00fcnen Klassenzimmer (\u00a9 Teresa Zeuner)<\/p><\/div>\n<div id=\"attachment_4006\" style=\"width: 491px\" class=\"wp-caption alignnone\"><a href=\"https:\/\/www.naturparkmagazin.de\/dahme-heideseen\/wp-content\/uploads\/sites\/37\/Futterzapfen7.jpg\"><img aria-describedby=\"caption-attachment-4006\" decoding=\"async\" loading=\"lazy\" class=\"wp-image-4006\" src=\"https:\/\/www.naturparkmagazin.de\/dahme-heideseen\/wp-content\/uploads\/sites\/37\/Futterzapfen7.jpg\" alt=\"Futterzapfen (\u00a9 Teresa Zeuner)\" width=\"481\" height=\"642\" srcset=\"https:\/\/www.naturparkmagazin.de\/dahme-heideseen\/wp-content\/uploads\/sites\/37\/Futterzapfen7.jpg 605w, https:\/\/www.naturparkmagazin.de\/dahme-heideseen\/wp-content\/uploads\/sites\/37\/Futterzapfen7-300x400.jpg 300w, https:\/\/www.naturparkmagazin.de\/dahme-heideseen\/wp-content\/uploads\/sites\/37\/Futterzapfen7-500x667.jpg 500w, https:\/\/www.naturparkmagazin.de\/dahme-heideseen\/wp-content\/uploads\/sites\/37\/Futterzapfen7-420x560.jpg 420w, https:\/\/www.naturparkmagazin.de\/dahme-heideseen\/wp-content\/uploads\/sites\/37\/Futterzapfen7-135x180.jpg 135w, https:\/\/www.naturparkmagazin.de\/dahme-heideseen\/wp-content\/uploads\/sites\/37\/Futterzapfen7-53x71.jpg 53w, https:\/\/www.naturparkmagazin.de\/dahme-heideseen\/wp-content\/uploads\/sites\/37\/Futterzapfen7-200x267.jpg 200w\" sizes=\"(max-width: 481px) 100vw, 481px\" \/><\/a><p id=\"caption-attachment-4006\" class=\"wp-caption-text\">Futterzapfen (\u00a9 Teresa Zeuner)<\/p><\/div>\n<p>&nbsp;<\/p>\n<p>Die M\u00e4dchen und Jungen der Klassen 3 und 4 der Naturparkschule Halbe waren mit dem F\u00e4hrtenleser <a href=\"http:\/\/www.wildniszeit.com\/\" target=\"_blank\">Frank Jermis (Wildniszeit)<\/a> und einer Mitarbeiterin des Naturparks unterwegs auf den <strong>Spuren der Wildtiere<\/strong>. Im Rahmen dieses Projekttages haben die Kinder in der N\u00e4he einer Spurenfalle gelernt Spuren zu identifizieren und Zeichen zu lesen. Im Mittelpunkt standen alle einheimischen Waldbewohner, aber auch der Wolf. Als H\u00f6hepunkt wurde sogar eine Wolfsspur ausgegossen.<\/p>\n<div id=\"attachment_4025\" style=\"width: 511px\" class=\"wp-caption alignnone\"><a href=\"https:\/\/www.naturparkmagazin.de\/dahme-heideseen\/wp-content\/uploads\/sites\/37\/Spuren.jpg\"><img aria-describedby=\"caption-attachment-4025\" decoding=\"async\" loading=\"lazy\" class=\"wp-image-4025 \" src=\"https:\/\/www.naturparkmagazin.de\/dahme-heideseen\/wp-content\/uploads\/sites\/37\/Spuren-620x826.jpg\" alt=\"Spuren\" width=\"501\" height=\"667\" srcset=\"https:\/\/www.naturparkmagazin.de\/dahme-heideseen\/wp-content\/uploads\/sites\/37\/Spuren-620x826.jpg 620w, https:\/\/www.naturparkmagazin.de\/dahme-heideseen\/wp-content\/uploads\/sites\/37\/Spuren-300x400.jpg 300w, https:\/\/www.naturparkmagazin.de\/dahme-heideseen\/wp-content\/uploads\/sites\/37\/Spuren-940x1253.jpg 940w, https:\/\/www.naturparkmagazin.de\/dahme-heideseen\/wp-content\/uploads\/sites\/37\/Spuren-500x667.jpg 500w, https:\/\/www.naturparkmagazin.de\/dahme-heideseen\/wp-content\/uploads\/sites\/37\/Spuren-420x560.jpg 420w, https:\/\/www.naturparkmagazin.de\/dahme-heideseen\/wp-content\/uploads\/sites\/37\/Spuren-135x180.jpg 135w, https:\/\/www.naturparkmagazin.de\/dahme-heideseen\/wp-content\/uploads\/sites\/37\/Spuren-53x71.jpg 53w, https:\/\/www.naturparkmagazin.de\/dahme-heideseen\/wp-content\/uploads\/sites\/37\/Spuren-670x893.jpg 670w, https:\/\/www.naturparkmagazin.de\/dahme-heideseen\/wp-content\/uploads\/sites\/37\/Spuren-200x267.jpg 200w, https:\/\/www.naturparkmagazin.de\/dahme-heideseen\/wp-content\/uploads\/sites\/37\/Spuren.jpg 1200w\" sizes=\"(max-width: 501px) 100vw, 501px\" \/><\/a><p id=\"caption-attachment-4025\" class=\"wp-caption-text\">Natur-Entdecker auf Spurensuche (\u00a9 Astrid Osenbr\u00fcck)<\/p><\/div>\n<p>&nbsp;<\/p>\n<p>Wir freuen uns auf weitere <strong>Umweltbildungsangebote im Jahr 2022<\/strong>.<\/p>\n","protected":false},"excerpt":{"rendered":"<p>Im November und Dezember fanden einige BNE-Umweltbildungsangebote in den Naturparkschulen statt. Wir berichten \u00fcber Vogel-Experten und Spurenleser&#8230;<\/p>\n","protected":false},"author":83,"featured_media":4026,"comment_status":"open","ping_status":"open","sticky":false,"template":"","format":"standard","meta":[],"categories":[7],"tags":[],"yoast_head":"<!-- This site is optimized with the Yoast SEO plugin v19.10 - https:\/\/yoast.com\/wordpress\/plugins\/seo\/ -->\n<title>Umweltbildungsprojekte an den Naturpark-Schulen Halbe und Prieros - Naturpark Dahme-Heideseen<\/title>\n<meta name=\"robots\" content=\"index, follow, max-snippet:-1, max-image-preview:large, max-video-preview:-1\" \/>\n<link rel=\"canonical\" href=\"https:\/\/www.naturparkmagazin.de\/dahme-heideseen\/umweltbildungsprojekte-an-den-naturpark-schulen-halbe-und-prieros\/\" \/>\n<meta property=\"og:locale\" content=\"de_DE\" \/>\n<meta property=\"og:type\" content=\"article\" \/>\n<meta property=\"og:title\" content=\"Umweltbildungsprojekte an den Naturpark-Schulen Halbe und Prieros - Naturpark Dahme-Heideseen\" \/>\n<meta property=\"og:description\" content=\"Im November und Dezember fanden einige BNE-Umweltbildungsangebote in den Naturparkschulen statt. Wir berichten \u00fcber Vogel-Experten und Spurenleser...\" \/>\n<meta property=\"og:url\" content=\"https:\/\/www.naturparkmagazin.de\/dahme-heideseen\/umweltbildungsprojekte-an-den-naturpark-schulen-halbe-und-prieros\/\" \/>\n<meta property=\"og:site_name\" content=\"Naturpark Dahme-Heideseen\" \/>\n<meta property=\"article:published_time\" content=\"2021-12-14T11:01:44+00:00\" \/>\n<meta property=\"article:modified_time\" content=\"2021-12-16T09:02:06+00:00\" \/>\n<meta property=\"og:image\" content=\"https:\/\/www.naturparkmagazin.de\/dahme-heideseen\/wp-content\/uploads\/sites\/37\/Futterzapfen81.jpg\" \/>\n\t<meta property=\"og:image:width\" content=\"692\" \/>\n\t<meta property=\"og:image:height\" content=\"922\" \/>\n\t<meta property=\"og:image:type\" content=\"image\/jpeg\" \/>\n<meta name=\"author\" content=\"Astrid Osenbr\u00fcck\" \/>\n<meta name=\"twitter:label1\" content=\"Verfasst von\" \/>\n\t<meta name=\"twitter:data1\" content=\"Astrid Osenbr\u00fcck\" \/>\n\t<meta name=\"twitter:label2\" content=\"Gesch\u00e4tzte Lesezeit\" \/>\n\t<meta name=\"twitter:data2\" content=\"1\u00a0Minute\" \/>\n<script type=\"application\/ld+json\" class=\"yoast-schema-graph\">{\"@context\":\"https:\/\/schema.org\",\"@graph\":[{\"@type\":\"WebPage\",\"@id\":\"https:\/\/www.naturparkmagazin.de\/dahme-heideseen\/umweltbildungsprojekte-an-den-naturpark-schulen-halbe-und-prieros\/\",\"url\":\"https:\/\/www.naturparkmagazin.de\/dahme-heideseen\/umweltbildungsprojekte-an-den-naturpark-schulen-halbe-und-prieros\/\",\"name\":\"Umweltbildungsprojekte an den Naturpark-Schulen Halbe und Prieros - Naturpark Dahme-Heideseen\",\"isPartOf\":{\"@id\":\"https:\/\/www.naturparkmagazin.de\/dahme-heideseen\/#website\"},\"datePublished\":\"2021-12-14T11:01:44+00:00\",\"dateModified\":\"2021-12-16T09:02:06+00:00\",\"author\":{\"@id\":\"https:\/\/www.naturparkmagazin.de\/dahme-heideseen\/#\/schema\/person\/a0510aafafdf8183c95fc98faf0c9f21\"},\"breadcrumb\":{\"@id\":\"https:\/\/www.naturparkmagazin.de\/dahme-heideseen\/umweltbildungsprojekte-an-den-naturpark-schulen-halbe-und-prieros\/#breadcrumb\"},\"inLanguage\":\"de\",\"potentialAction\":[{\"@type\":\"ReadAction\",\"target\":[\"https:\/\/www.naturparkmagazin.de\/dahme-heideseen\/umweltbildungsprojekte-an-den-naturpark-schulen-halbe-und-prieros\/\"]}]},{\"@type\":\"BreadcrumbList\",\"@id\":\"https:\/\/www.naturparkmagazin.de\/dahme-heideseen\/umweltbildungsprojekte-an-den-naturpark-schulen-halbe-und-prieros\/#breadcrumb\",\"itemListElement\":[{\"@type\":\"ListItem\",\"position\":1,\"name\":\"Home\",\"item\":\"https:\/\/www.naturparkmagazin.de\/dahme-heideseen\/\"},{\"@type\":\"ListItem\",\"position\":2,\"name\":\"Umweltbildungsprojekte an den Naturpark-Schulen Halbe und Prieros\"}]},{\"@type\":\"WebSite\",\"@id\":\"https:\/\/www.naturparkmagazin.de\/dahme-heideseen\/#website\",\"url\":\"https:\/\/www.naturparkmagazin.de\/dahme-heideseen\/\",\"name\":\"Naturpark Dahme-Heideseen\",\"description\":\"\",\"potentialAction\":[{\"@type\":\"SearchAction\",\"target\":{\"@type\":\"EntryPoint\",\"urlTemplate\":\"https:\/\/www.naturparkmagazin.de\/dahme-heideseen\/?s={search_term_string}\"},\"query-input\":\"required name=search_term_string\"}],\"inLanguage\":\"de\"},{\"@type\":\"Person\",\"@id\":\"https:\/\/www.naturparkmagazin.de\/dahme-heideseen\/#\/schema\/person\/a0510aafafdf8183c95fc98faf0c9f21\",\"name\":\"Astrid Osenbr\u00fcck\",\"sameAs\":[\"http:\/\/www.dahme-heideseen-naturpark.de\"],\"url\":\"https:\/\/www.naturparkmagazin.de\/dahme-heideseen\/author\/astridosenbrueck\/\"}]}<\/script>\n<!-- \/ Yoast SEO plugin. -->","yoast_head_json":{"title":"Umweltbildungsprojekte an den Naturpark-Schulen Halbe und Prieros - Naturpark Dahme-Heideseen","robots":{"index":"index","follow":"follow","max-snippet":"max-snippet:-1","max-image-preview":"max-image-preview:large","max-video-preview":"max-video-preview:-1"},"canonical":"https:\/\/www.naturparkmagazin.de\/dahme-heideseen\/umweltbildungsprojekte-an-den-naturpark-schulen-halbe-und-prieros\/","og_locale":"de_DE","og_type":"article","og_title":"Umweltbildungsprojekte an den Naturpark-Schulen Halbe und Prieros - Naturpark Dahme-Heideseen","og_description":"Im November und Dezember fanden einige BNE-Umweltbildungsangebote in den Naturparkschulen statt. Wir berichten \u00fcber Vogel-Experten und Spurenleser...","og_url":"https:\/\/www.naturparkmagazin.de\/dahme-heideseen\/umweltbildungsprojekte-an-den-naturpark-schulen-halbe-und-prieros\/","og_site_name":"Naturpark Dahme-Heideseen","article_published_time":"2021-12-14T11:01:44+00:00","article_modified_time":"2021-12-16T09:02:06+00:00","og_image":[{"width":692,"height":922,"url":"https:\/\/www.naturparkmagazin.de\/dahme-heideseen\/wp-content\/uploads\/sites\/37\/Futterzapfen81.jpg","type":"image\/jpeg"}],"author":"Astrid Osenbr\u00fcck","twitter_misc":{"Verfasst von":"Astrid Osenbr\u00fcck","Gesch\u00e4tzte Lesezeit":"1\u00a0Minute"},"schema":{"@context":"https:\/\/schema.org","@graph":[{"@type":"WebPage","@id":"https:\/\/www.naturparkmagazin.de\/dahme-heideseen\/umweltbildungsprojekte-an-den-naturpark-schulen-halbe-und-prieros\/","url":"https:\/\/www.naturparkmagazin.de\/dahme-heideseen\/umweltbildungsprojekte-an-den-naturpark-schulen-halbe-und-prieros\/","name":"Umweltbildungsprojekte an den Naturpark-Schulen Halbe und Prieros - Naturpark Dahme-Heideseen","isPartOf":{"@id":"https:\/\/www.naturparkmagazin.de\/dahme-heideseen\/#website"},"datePublished":"2021-12-14T11:01:44+00:00","dateModified":"2021-12-16T09:02:06+00:00","author":{"@id":"https:\/\/www.naturparkmagazin.de\/dahme-heideseen\/#\/schema\/person\/a0510aafafdf8183c95fc98faf0c9f21"},"breadcrumb":{"@id":"https:\/\/www.naturparkmagazin.de\/dahme-heideseen\/umweltbildungsprojekte-an-den-naturpark-schulen-halbe-und-prieros\/#breadcrumb"},"inLanguage":"de","potentialAction":[{"@type":"ReadAction","target":["https:\/\/www.naturparkmagazin.de\/dahme-heideseen\/umweltbildungsprojekte-an-den-naturpark-schulen-halbe-und-prieros\/"]}]},{"@type":"BreadcrumbList","@id":"https:\/\/www.naturparkmagazin.de\/dahme-heideseen\/umweltbildungsprojekte-an-den-naturpark-schulen-halbe-und-prieros\/#breadcrumb","itemListElement":[{"@type":"ListItem","position":1,"name":"Home","item":"https:\/\/www.naturparkmagazin.de\/dahme-heideseen\/"},{"@type":"ListItem","position":2,"name":"Umweltbildungsprojekte an den Naturpark-Schulen Halbe und Prieros"}]},{"@type":"WebSite","@id":"https:\/\/www.naturparkmagazin.de\/dahme-heideseen\/#website","url":"https:\/\/www.naturparkmagazin.de\/dahme-heideseen\/","name":"Naturpark Dahme-Heideseen","description":"","potentialAction":[{"@type":"SearchAction","target":{"@type":"EntryPoint","urlTemplate":"https:\/\/www.naturparkmagazin.de\/dahme-heideseen\/?s={search_term_string}"},"query-input":"required name=search_term_string"}],"inLanguage":"de"},{"@type":"Person","@id":"https:\/\/www.naturparkmagazin.de\/dahme-heideseen\/#\/schema\/person\/a0510aafafdf8183c95fc98faf0c9f21","name":"Astrid Osenbr\u00fcck","sameAs":["http:\/\/www.dahme-heideseen-naturpark.de"],"url":"https:\/\/www.naturparkmagazin.de\/dahme-heideseen\/author\/astridosenbrueck\/"}]}},"_links":{"self":[{"href":"https:\/\/www.naturparkmagazin.de\/dahme-heideseen\/wp-json\/wp\/v2\/posts\/4004"}],"collection":[{"href":"https:\/\/www.naturparkmagazin.de\/dahme-heideseen\/wp-json\/wp\/v2\/posts"}],"about":[{"href":"https:\/\/www.naturparkmagazin.de\/dahme-heideseen\/wp-json\/wp\/v2\/types\/post"}],"author":[{"embeddable":true,"href":"https:\/\/www.naturparkmagazin.de\/dahme-heideseen\/wp-json\/wp\/v2\/users\/83"}],"replies":[{"embeddable":true,"href":"https:\/\/www.naturparkmagazin.de\/dahme-heideseen\/wp-json\/wp\/v2\/comments?post=4004"}],"version-history":[{"count":4,"href":"https:\/\/www.naturparkmagazin.de\/dahme-heideseen\/wp-json\/wp\/v2\/posts\/4004\/revisions"}],"predecessor-version":[{"id":4027,"href":"https:\/\/www.naturparkmagazin.de\/dahme-heideseen\/wp-json\/wp\/v2\/posts\/4004\/revisions\/4027"}],"wp:featuredmedia":[{"embeddable":true,"href":"https:\/\/www.naturparkmagazin.de\/dahme-heideseen\/wp-json\/wp\/v2\/media\/4026"}],"wp:attachment":[{"href":"https:\/\/www.naturparkmagazin.de\/dahme-heideseen\/wp-json\/wp\/v2\/media?parent=4004"}],"wp:term":[{"taxonomy":"category","embeddable":true,"href":"https:\/\/www.naturparkmagazin.de\/dahme-heideseen\/wp-json\/wp\/v2\/categories?post=4004"},{"taxonomy":"post_tag","embeddable":true,"href":"https:\/\/www.naturparkmagazin.de\/dahme-heideseen\/wp-json\/wp\/v2\/tags?post=4004"}],"curies":[{"name":"wp","href":"https:\/\/api.w.org\/{rel}","templated":true}]}}