{"id":4036,"date":"2022-01-18T09:32:03","date_gmt":"2022-01-18T08:32:03","guid":{"rendered":"https:\/\/www.naturparkmagazin.de\/dahme-heideseen\/?p=4036"},"modified":"2022-01-20T11:49:58","modified_gmt":"2022-01-20T10:49:58","slug":"nabu-pflegeeinsaetze-mit-erstem-termin-erfolgreich-gestartet","status":"publish","type":"post","link":"https:\/\/www.naturparkmagazin.de\/dahme-heideseen\/nabu-pflegeeinsaetze-mit-erstem-termin-erfolgreich-gestartet\/","title":{"rendered":"NABU Pflegeeins\u00e4tze mit erstem Termin erfolgreich gestartet"},"content":{"rendered":"<p>Der erste Pflegeeinsatz des NABU Dahmeland im neuen Jahr fand auf einer Feuchtwiese im NSG \u201eM\u00fchlenflie\u00df-S\u00e4gebach\u201c bei Teupitz im Naturpark Dahme-Heideseen statt.<\/p>\n<p>Der NABU Dahmeland e.V. f\u00fchrt seit gut 30 Jahren regelm\u00e4\u00dfig Pflegeeins\u00e4tze auf wertvollen Feuchtwiesen durch. Feuchtwiesen sind durch die T\u00e4tigkeit des Menschen entstanden. \u00dcblicherweise wurden und werden die Feuchtwiesen reicher Standorte zweimal im Jahr zur Gewinnung von frischem Gras oder Heu gem\u00e4ht. Nicht entw\u00e4sserte, extensiv bewirtschaftete Feuchtwiesen geh\u00f6ren zu den artenreichsten Pflanzengesellschaften, auf denen viele seltene und gef\u00e4hrdete Arten vorkommen.<\/p>\n<p>Die Pflegefl\u00e4che im Naturschutzgebiet \u201eM\u00fchlenflie\u00df-S\u00e4gebach\u201c beherbergt einige gef\u00e4hrdete Arten wie die Schwarzschopf-Segge, den Sumpf-Pippau, die Graugr\u00fcne Sternmiere oder den Sumpf-Storchschnabel. Der eigentliche Grund f\u00fcr die Pflege der Fl\u00e4che ist das einzige als nat\u00fcrliche anzunehmende Vorkommen der Herbstzeitlose (Colchicum autumnale) im Naturpark Dahme-Heideseen. Mit sieben Personen und einem Hund konnten wir eine Fl\u00e4che von ca. 2.000 m\u00b2 m\u00e4hen und ber\u00e4umen.<\/p>\n","protected":false},"excerpt":{"rendered":"<p>Der erste Pflegeeinsatz des NABU Dahmeland im neuen Jahr fand auf einer Feuchtwiese im NSG \u201eM\u00fchlenflie\u00df-S\u00e4gebach\u201c bei Teupitz im Naturpark Dahme-Heideseen statt. Ein kurzer Bericht..<\/p>\n","protected":false},"author":83,"featured_media":4054,"comment_status":"open","ping_status":"open","sticky":false,"template":"","format":"standard","meta":[],"categories":[7],"tags":[],"yoast_head":"<!-- This site is optimized with the Yoast SEO plugin v19.10 - https:\/\/yoast.com\/wordpress\/plugins\/seo\/ -->\n<title>NABU Pflegeeins\u00e4tze mit erstem Termin erfolgreich gestartet - Naturpark Dahme-Heideseen<\/title>\n<meta name=\"robots\" content=\"index, follow, max-snippet:-1, max-image-preview:large, max-video-preview:-1\" \/>\n<link rel=\"canonical\" href=\"https:\/\/www.naturparkmagazin.de\/dahme-heideseen\/nabu-pflegeeinsaetze-mit-erstem-termin-erfolgreich-gestartet\/\" \/>\n<meta property=\"og:locale\" content=\"de_DE\" \/>\n<meta property=\"og:type\" content=\"article\" \/>\n<meta property=\"og:title\" content=\"NABU Pflegeeins\u00e4tze mit erstem Termin erfolgreich gestartet - Naturpark Dahme-Heideseen\" \/>\n<meta property=\"og:description\" content=\"Der erste Pflegeeinsatz des NABU Dahmeland im neuen Jahr fand auf einer Feuchtwiese im NSG \u201eM\u00fchlenflie\u00df-S\u00e4gebach\u201c bei Teupitz im Naturpark Dahme-Heideseen statt. Ein kurzer Bericht..\" \/>\n<meta property=\"og:url\" content=\"https:\/\/www.naturparkmagazin.de\/dahme-heideseen\/nabu-pflegeeinsaetze-mit-erstem-termin-erfolgreich-gestartet\/\" \/>\n<meta property=\"og:site_name\" content=\"Naturpark Dahme-Heideseen\" \/>\n<meta property=\"article:published_time\" content=\"2022-01-18T08:32:03+00:00\" \/>\n<meta property=\"article:modified_time\" content=\"2022-01-20T10:49:58+00:00\" \/>\n<meta property=\"og:image\" content=\"https:\/\/www.naturparkmagazin.de\/dahme-heideseen\/wp-content\/uploads\/sites\/37\/pflegeeinsatz-teupitz-01-2022-d-2.jpg\" \/>\n\t<meta property=\"og:image:width\" content=\"509\" \/>\n\t<meta property=\"og:image:height\" content=\"382\" \/>\n\t<meta property=\"og:image:type\" content=\"image\/jpeg\" \/>\n<meta name=\"author\" content=\"Astrid Osenbr\u00fcck\" \/>\n<meta name=\"twitter:label1\" content=\"Verfasst von\" \/>\n\t<meta name=\"twitter:data1\" content=\"Astrid Osenbr\u00fcck\" \/>\n\t<meta name=\"twitter:label2\" content=\"Gesch\u00e4tzte Lesezeit\" \/>\n\t<meta name=\"twitter:data2\" content=\"1\u00a0Minute\" \/>\n<script type=\"application\/ld+json\" class=\"yoast-schema-graph\">{\"@context\":\"https:\/\/schema.org\",\"@graph\":[{\"@type\":\"WebPage\",\"@id\":\"https:\/\/www.naturparkmagazin.de\/dahme-heideseen\/nabu-pflegeeinsaetze-mit-erstem-termin-erfolgreich-gestartet\/\",\"url\":\"https:\/\/www.naturparkmagazin.de\/dahme-heideseen\/nabu-pflegeeinsaetze-mit-erstem-termin-erfolgreich-gestartet\/\",\"name\":\"NABU Pflegeeins\u00e4tze mit erstem Termin erfolgreich gestartet - Naturpark Dahme-Heideseen\",\"isPartOf\":{\"@id\":\"https:\/\/www.naturparkmagazin.de\/dahme-heideseen\/#website\"},\"datePublished\":\"2022-01-18T08:32:03+00:00\",\"dateModified\":\"2022-01-20T10:49:58+00:00\",\"author\":{\"@id\":\"https:\/\/www.naturparkmagazin.de\/dahme-heideseen\/#\/schema\/person\/a0510aafafdf8183c95fc98faf0c9f21\"},\"breadcrumb\":{\"@id\":\"https:\/\/www.naturparkmagazin.de\/dahme-heideseen\/nabu-pflegeeinsaetze-mit-erstem-termin-erfolgreich-gestartet\/#breadcrumb\"},\"inLanguage\":\"de\",\"potentialAction\":[{\"@type\":\"ReadAction\",\"target\":[\"https:\/\/www.naturparkmagazin.de\/dahme-heideseen\/nabu-pflegeeinsaetze-mit-erstem-termin-erfolgreich-gestartet\/\"]}]},{\"@type\":\"BreadcrumbList\",\"@id\":\"https:\/\/www.naturparkmagazin.de\/dahme-heideseen\/nabu-pflegeeinsaetze-mit-erstem-termin-erfolgreich-gestartet\/#breadcrumb\",\"itemListElement\":[{\"@type\":\"ListItem\",\"position\":1,\"name\":\"Home\",\"item\":\"https:\/\/www.naturparkmagazin.de\/dahme-heideseen\/\"},{\"@type\":\"ListItem\",\"position\":2,\"name\":\"NABU Pflegeeins\u00e4tze mit erstem Termin erfolgreich gestartet\"}]},{\"@type\":\"WebSite\",\"@id\":\"https:\/\/www.naturparkmagazin.de\/dahme-heideseen\/#website\",\"url\":\"https:\/\/www.naturparkmagazin.de\/dahme-heideseen\/\",\"name\":\"Naturpark Dahme-Heideseen\",\"description\":\"\",\"potentialAction\":[{\"@type\":\"SearchAction\",\"target\":{\"@type\":\"EntryPoint\",\"urlTemplate\":\"https:\/\/www.naturparkmagazin.de\/dahme-heideseen\/?s={search_term_string}\"},\"query-input\":\"required name=search_term_string\"}],\"inLanguage\":\"de\"},{\"@type\":\"Person\",\"@id\":\"https:\/\/www.naturparkmagazin.de\/dahme-heideseen\/#\/schema\/person\/a0510aafafdf8183c95fc98faf0c9f21\",\"name\":\"Astrid Osenbr\u00fcck\",\"sameAs\":[\"http:\/\/www.dahme-heideseen-naturpark.de\"],\"url\":\"https:\/\/www.naturparkmagazin.de\/dahme-heideseen\/author\/astridosenbrueck\/\"}]}<\/script>\n<!-- \/ Yoast SEO plugin. -->","yoast_head_json":{"title":"NABU Pflegeeins\u00e4tze mit erstem Termin erfolgreich gestartet - Naturpark Dahme-Heideseen","robots":{"index":"index","follow":"follow","max-snippet":"max-snippet:-1","max-image-preview":"max-image-preview:large","max-video-preview":"max-video-preview:-1"},"canonical":"https:\/\/www.naturparkmagazin.de\/dahme-heideseen\/nabu-pflegeeinsaetze-mit-erstem-termin-erfolgreich-gestartet\/","og_locale":"de_DE","og_type":"article","og_title":"NABU Pflegeeins\u00e4tze mit erstem Termin erfolgreich gestartet - Naturpark Dahme-Heideseen","og_description":"Der erste Pflegeeinsatz des NABU Dahmeland im neuen Jahr fand auf einer Feuchtwiese im NSG \u201eM\u00fchlenflie\u00df-S\u00e4gebach\u201c bei Teupitz im Naturpark Dahme-Heideseen statt. Ein kurzer Bericht..","og_url":"https:\/\/www.naturparkmagazin.de\/dahme-heideseen\/nabu-pflegeeinsaetze-mit-erstem-termin-erfolgreich-gestartet\/","og_site_name":"Naturpark Dahme-Heideseen","article_published_time":"2022-01-18T08:32:03+00:00","article_modified_time":"2022-01-20T10:49:58+00:00","og_image":[{"width":509,"height":382,"url":"https:\/\/www.naturparkmagazin.de\/dahme-heideseen\/wp-content\/uploads\/sites\/37\/pflegeeinsatz-teupitz-01-2022-d-2.jpg","type":"image\/jpeg"}],"author":"Astrid Osenbr\u00fcck","twitter_misc":{"Verfasst von":"Astrid Osenbr\u00fcck","Gesch\u00e4tzte Lesezeit":"1\u00a0Minute"},"schema":{"@context":"https:\/\/schema.org","@graph":[{"@type":"WebPage","@id":"https:\/\/www.naturparkmagazin.de\/dahme-heideseen\/nabu-pflegeeinsaetze-mit-erstem-termin-erfolgreich-gestartet\/","url":"https:\/\/www.naturparkmagazin.de\/dahme-heideseen\/nabu-pflegeeinsaetze-mit-erstem-termin-erfolgreich-gestartet\/","name":"NABU Pflegeeins\u00e4tze mit erstem Termin erfolgreich gestartet - Naturpark Dahme-Heideseen","isPartOf":{"@id":"https:\/\/www.naturparkmagazin.de\/dahme-heideseen\/#website"},"datePublished":"2022-01-18T08:32:03+00:00","dateModified":"2022-01-20T10:49:58+00:00","author":{"@id":"https:\/\/www.naturparkmagazin.de\/dahme-heideseen\/#\/schema\/person\/a0510aafafdf8183c95fc98faf0c9f21"},"breadcrumb":{"@id":"https:\/\/www.naturparkmagazin.de\/dahme-heideseen\/nabu-pflegeeinsaetze-mit-erstem-termin-erfolgreich-gestartet\/#breadcrumb"},"inLanguage":"de","potentialAction":[{"@type":"ReadAction","target":["https:\/\/www.naturparkmagazin.de\/dahme-heideseen\/nabu-pflegeeinsaetze-mit-erstem-termin-erfolgreich-gestartet\/"]}]},{"@type":"BreadcrumbList","@id":"https:\/\/www.naturparkmagazin.de\/dahme-heideseen\/nabu-pflegeeinsaetze-mit-erstem-termin-erfolgreich-gestartet\/#breadcrumb","itemListElement":[{"@type":"ListItem","position":1,"name":"Home","item":"https:\/\/www.naturparkmagazin.de\/dahme-heideseen\/"},{"@type":"ListItem","position":2,"name":"NABU Pflegeeins\u00e4tze mit erstem Termin erfolgreich gestartet"}]},{"@type":"WebSite","@id":"https:\/\/www.naturparkmagazin.de\/dahme-heideseen\/#website","url":"https:\/\/www.naturparkmagazin.de\/dahme-heideseen\/","name":"Naturpark Dahme-Heideseen","description":"","potentialAction":[{"@type":"SearchAction","target":{"@type":"EntryPoint","urlTemplate":"https:\/\/www.naturparkmagazin.de\/dahme-heideseen\/?s={search_term_string}"},"query-input":"required name=search_term_string"}],"inLanguage":"de"},{"@type":"Person","@id":"https:\/\/www.naturparkmagazin.de\/dahme-heideseen\/#\/schema\/person\/a0510aafafdf8183c95fc98faf0c9f21","name":"Astrid Osenbr\u00fcck","sameAs":["http:\/\/www.dahme-heideseen-naturpark.de"],"url":"https:\/\/www.naturparkmagazin.de\/dahme-heideseen\/author\/astridosenbrueck\/"}]}},"_links":{"self":[{"href":"https:\/\/www.naturparkmagazin.de\/dahme-heideseen\/wp-json\/wp\/v2\/posts\/4036"}],"collection":[{"href":"https:\/\/www.naturparkmagazin.de\/dahme-heideseen\/wp-json\/wp\/v2\/posts"}],"about":[{"href":"https:\/\/www.naturparkmagazin.de\/dahme-heideseen\/wp-json\/wp\/v2\/types\/post"}],"author":[{"embeddable":true,"href":"https:\/\/www.naturparkmagazin.de\/dahme-heideseen\/wp-json\/wp\/v2\/users\/83"}],"replies":[{"embeddable":true,"href":"https:\/\/www.naturparkmagazin.de\/dahme-heideseen\/wp-json\/wp\/v2\/comments?post=4036"}],"version-history":[{"count":1,"href":"https:\/\/www.naturparkmagazin.de\/dahme-heideseen\/wp-json\/wp\/v2\/posts\/4036\/revisions"}],"predecessor-version":[{"id":4037,"href":"https:\/\/www.naturparkmagazin.de\/dahme-heideseen\/wp-json\/wp\/v2\/posts\/4036\/revisions\/4037"}],"wp:featuredmedia":[{"embeddable":true,"href":"https:\/\/www.naturparkmagazin.de\/dahme-heideseen\/wp-json\/wp\/v2\/media\/4054"}],"wp:attachment":[{"href":"https:\/\/www.naturparkmagazin.de\/dahme-heideseen\/wp-json\/wp\/v2\/media?parent=4036"}],"wp:term":[{"taxonomy":"category","embeddable":true,"href":"https:\/\/www.naturparkmagazin.de\/dahme-heideseen\/wp-json\/wp\/v2\/categories?post=4036"},{"taxonomy":"post_tag","embeddable":true,"href":"https:\/\/www.naturparkmagazin.de\/dahme-heideseen\/wp-json\/wp\/v2\/tags?post=4036"}],"curies":[{"name":"wp","href":"https:\/\/api.w.org\/{rel}","templated":true}]}}