{"id":4038,"date":"2022-01-18T09:43:57","date_gmt":"2022-01-18T08:43:57","guid":{"rendered":"https:\/\/www.naturparkmagazin.de\/dahme-heideseen\/?p=4038"},"modified":"2022-01-20T11:53:42","modified_gmt":"2022-01-20T10:53:42","slug":"wanderausstellung-willkommen-im-garten-der-alten-sorten-eroeffnet","status":"publish","type":"post","link":"https:\/\/www.naturparkmagazin.de\/dahme-heideseen\/wanderausstellung-willkommen-im-garten-der-alten-sorten-eroeffnet\/","title":{"rendered":"Wanderausstellung \u201eWillkommen im Garten der alten Sorten\u201c er\u00f6ffnet"},"content":{"rendered":"<p>Die <a href=\"https:\/\/www.dahme-heideseen-naturpark.de\/veranstaltungen\/neue-wanderausstellung-von-vern-auf-der-burg-storkow\/\" target=\"_blank\">Wanderausstellung \u201eWillkommen im Garten der alten Sorten\u201c<\/a> wurde am Montag 10.01.2022 er\u00f6ffnet und ist <strong>noch bis Dienstag 15.03.2022 auf der Burg Storkow<\/strong> zu finden. Die Ausstellung gibt Einblick in die Zeitreise der Nutzpflanzen und ihrer Vielfalt und will Neugier auf alte Sorten wecken.<\/p>\n<div id=\"attachment_4056\" style=\"width: 426px\" class=\"wp-caption alignnone\"><a href=\"https:\/\/www.naturparkmagazin.de\/dahme-heideseen\/wp-content\/uploads\/sites\/37\/Teresa-Zeuner_Ausstellung-Garten-der-alten-Sorten-2-1.jpg\"><img aria-describedby=\"caption-attachment-4056\" decoding=\"async\" loading=\"lazy\" class=\" wp-image-4056\" src=\"https:\/\/www.naturparkmagazin.de\/dahme-heideseen\/wp-content\/uploads\/sites\/37\/Teresa-Zeuner_Ausstellung-Garten-der-alten-Sorten-2-1.jpg\" alt=\"Franziska Kowalsky vom BIZ der Burg Storkow f\u00fchrt am Er\u00f6ffnungstag durch die Ausstellung (\u00a9 Teresa Zeuner)\" width=\"416\" height=\"337\" srcset=\"https:\/\/www.naturparkmagazin.de\/dahme-heideseen\/wp-content\/uploads\/sites\/37\/Teresa-Zeuner_Ausstellung-Garten-der-alten-Sorten-2-1.jpg 566w, https:\/\/www.naturparkmagazin.de\/dahme-heideseen\/wp-content\/uploads\/sites\/37\/Teresa-Zeuner_Ausstellung-Garten-der-alten-Sorten-2-1-300x243.jpg 300w, https:\/\/www.naturparkmagazin.de\/dahme-heideseen\/wp-content\/uploads\/sites\/37\/Teresa-Zeuner_Ausstellung-Garten-der-alten-Sorten-2-1-200x162.jpg 200w\" sizes=\"(max-width: 416px) 100vw, 416px\" \/><\/a><p id=\"caption-attachment-4056\" class=\"wp-caption-text\">Franziska Kowalsky vom BIZ der Burg Storkow f\u00fchrt am Er\u00f6ffnungstag durch die Ausstellung (\u00a9 Teresa Zeuner)<\/p><\/div>\n<div id=\"attachment_4061\" style=\"width: 432px\" class=\"wp-caption alignnone\"><a href=\"https:\/\/www.naturparkmagazin.de\/dahme-heideseen\/wp-content\/uploads\/sites\/37\/Teresa-Zeuner_Ausstellung-Garten-der-alten-Sorten-Zeitreise-1.jpg\"><img aria-describedby=\"caption-attachment-4061\" decoding=\"async\" loading=\"lazy\" class=\"wp-image-4061\" src=\"https:\/\/www.naturparkmagazin.de\/dahme-heideseen\/wp-content\/uploads\/sites\/37\/Teresa-Zeuner_Ausstellung-Garten-der-alten-Sorten-Zeitreise-1-620x827.jpg\" alt=\" (\u00a9 Teresa Zeuner)\" width=\"422\" height=\"563\" srcset=\"https:\/\/www.naturparkmagazin.de\/dahme-heideseen\/wp-content\/uploads\/sites\/37\/Teresa-Zeuner_Ausstellung-Garten-der-alten-Sorten-Zeitreise-1-620x827.jpg 620w, https:\/\/www.naturparkmagazin.de\/dahme-heideseen\/wp-content\/uploads\/sites\/37\/Teresa-Zeuner_Ausstellung-Garten-der-alten-Sorten-Zeitreise-1-300x400.jpg 300w, https:\/\/www.naturparkmagazin.de\/dahme-heideseen\/wp-content\/uploads\/sites\/37\/Teresa-Zeuner_Ausstellung-Garten-der-alten-Sorten-Zeitreise-1-500x667.jpg 500w, https:\/\/www.naturparkmagazin.de\/dahme-heideseen\/wp-content\/uploads\/sites\/37\/Teresa-Zeuner_Ausstellung-Garten-der-alten-Sorten-Zeitreise-1-420x560.jpg 420w, https:\/\/www.naturparkmagazin.de\/dahme-heideseen\/wp-content\/uploads\/sites\/37\/Teresa-Zeuner_Ausstellung-Garten-der-alten-Sorten-Zeitreise-1-135x180.jpg 135w, https:\/\/www.naturparkmagazin.de\/dahme-heideseen\/wp-content\/uploads\/sites\/37\/Teresa-Zeuner_Ausstellung-Garten-der-alten-Sorten-Zeitreise-1-53x71.jpg 53w, https:\/\/www.naturparkmagazin.de\/dahme-heideseen\/wp-content\/uploads\/sites\/37\/Teresa-Zeuner_Ausstellung-Garten-der-alten-Sorten-Zeitreise-1-670x893.jpg 670w, https:\/\/www.naturparkmagazin.de\/dahme-heideseen\/wp-content\/uploads\/sites\/37\/Teresa-Zeuner_Ausstellung-Garten-der-alten-Sorten-Zeitreise-1-200x267.jpg 200w, https:\/\/www.naturparkmagazin.de\/dahme-heideseen\/wp-content\/uploads\/sites\/37\/Teresa-Zeuner_Ausstellung-Garten-der-alten-Sorten-Zeitreise-1.jpg 735w\" sizes=\"(max-width: 422px) 100vw, 422px\" \/><\/a><p id=\"caption-attachment-4061\" class=\"wp-caption-text\">Zeitreise der Nutzpflanzen (\u00a9 Teresa Zeuner)<\/p><\/div>\n<p>&nbsp;<\/p>\n<p>Im <strong>BurgLaden<\/strong> der Burg Storkow k\u00f6nnen im Anschluss Saatgut-T\u00fctchen gef\u00e4hrdeter Sorten erworben werden. Interessierte G\u00e4rtner*innen k\u00f6nnen so einen Beitrag f\u00fcr den Erhalt alter Sorten leisten.<\/p>\n<div id=\"attachment_4041\" style=\"width: 329px\" class=\"wp-caption alignnone\"><a href=\"https:\/\/www.naturparkmagazin.de\/dahme-heideseen\/wp-content\/uploads\/sites\/37\/Teresa-Zeuner_alte-Sorten-Saatgut.jpg\"><img aria-describedby=\"caption-attachment-4041\" decoding=\"async\" loading=\"lazy\" class=\" wp-image-4041\" src=\"https:\/\/www.naturparkmagazin.de\/dahme-heideseen\/wp-content\/uploads\/sites\/37\/Teresa-Zeuner_alte-Sorten-Saatgut.jpg\" alt=\"Saatgut alter Sorten kann im BurgLaden erworben werden. (\u00a9 Teresa Zeuner)\" width=\"319\" height=\"425\" srcset=\"https:\/\/www.naturparkmagazin.de\/dahme-heideseen\/wp-content\/uploads\/sites\/37\/Teresa-Zeuner_alte-Sorten-Saatgut.jpg 545w, https:\/\/www.naturparkmagazin.de\/dahme-heideseen\/wp-content\/uploads\/sites\/37\/Teresa-Zeuner_alte-Sorten-Saatgut-300x400.jpg 300w, https:\/\/www.naturparkmagazin.de\/dahme-heideseen\/wp-content\/uploads\/sites\/37\/Teresa-Zeuner_alte-Sorten-Saatgut-500x667.jpg 500w, https:\/\/www.naturparkmagazin.de\/dahme-heideseen\/wp-content\/uploads\/sites\/37\/Teresa-Zeuner_alte-Sorten-Saatgut-420x560.jpg 420w, https:\/\/www.naturparkmagazin.de\/dahme-heideseen\/wp-content\/uploads\/sites\/37\/Teresa-Zeuner_alte-Sorten-Saatgut-135x180.jpg 135w, https:\/\/www.naturparkmagazin.de\/dahme-heideseen\/wp-content\/uploads\/sites\/37\/Teresa-Zeuner_alte-Sorten-Saatgut-53x71.jpg 53w, https:\/\/www.naturparkmagazin.de\/dahme-heideseen\/wp-content\/uploads\/sites\/37\/Teresa-Zeuner_alte-Sorten-Saatgut-200x266.jpg 200w\" sizes=\"(max-width: 319px) 100vw, 319px\" \/><\/a><p id=\"caption-attachment-4041\" class=\"wp-caption-text\">Saatgut alter Sorten kann im BurgLaden erworben werden. (\u00a9 Teresa Zeuner)<\/p><\/div>\n<p>&nbsp;<\/p>\n","protected":false},"excerpt":{"rendered":"<p>Die Wanderausstellung \u201eWillkommen im Garten der alten Sorten\u201c wurde am Montag 10.01.2022 er\u00f6ffnet und ist noch bis Dienstag 15.03.2022 auf der Burg Storkow zu finden. Die Ausstellung gibt Einblick in die Zeitreise der Nutzpflanzen und ihrer Vielfalt und will Neugier auf alte Sorten wecken.<\/p>\n","protected":false},"author":83,"featured_media":4039,"comment_status":"open","ping_status":"open","sticky":false,"template":"","format":"standard","meta":[],"categories":[7],"tags":[],"yoast_head":"<!-- This site is optimized with the Yoast SEO plugin v19.10 - https:\/\/yoast.com\/wordpress\/plugins\/seo\/ -->\n<title>Wanderausstellung \u201eWillkommen im Garten der alten Sorten\u201c er\u00f6ffnet - Naturpark Dahme-Heideseen<\/title>\n<meta name=\"robots\" content=\"index, follow, max-snippet:-1, max-image-preview:large, max-video-preview:-1\" \/>\n<link rel=\"canonical\" href=\"https:\/\/www.naturparkmagazin.de\/dahme-heideseen\/wanderausstellung-willkommen-im-garten-der-alten-sorten-eroeffnet\/\" \/>\n<meta property=\"og:locale\" content=\"de_DE\" \/>\n<meta property=\"og:type\" content=\"article\" \/>\n<meta property=\"og:title\" content=\"Wanderausstellung \u201eWillkommen im Garten der alten Sorten\u201c er\u00f6ffnet - Naturpark Dahme-Heideseen\" \/>\n<meta property=\"og:description\" content=\"Die Wanderausstellung \u201eWillkommen im Garten der alten Sorten\u201c wurde am Montag 10.01.2022 er\u00f6ffnet und ist noch bis Dienstag 15.03.2022 auf der Burg Storkow zu finden. Die Ausstellung gibt Einblick in die Zeitreise der Nutzpflanzen und ihrer Vielfalt und will Neugier auf alte Sorten wecken.\" \/>\n<meta property=\"og:url\" content=\"https:\/\/www.naturparkmagazin.de\/dahme-heideseen\/wanderausstellung-willkommen-im-garten-der-alten-sorten-eroeffnet\/\" \/>\n<meta property=\"og:site_name\" content=\"Naturpark Dahme-Heideseen\" \/>\n<meta property=\"article:published_time\" content=\"2022-01-18T08:43:57+00:00\" \/>\n<meta property=\"article:modified_time\" content=\"2022-01-20T10:53:42+00:00\" \/>\n<meta property=\"og:image\" content=\"https:\/\/www.naturparkmagazin.de\/dahme-heideseen\/wp-content\/uploads\/sites\/37\/Teresa-Zeuner_Ausstellung-Garten-der-alten-Sorten-Nahaufnahme-2-.jpg\" \/>\n\t<meta property=\"og:image:width\" content=\"569\" \/>\n\t<meta property=\"og:image:height\" content=\"427\" \/>\n\t<meta property=\"og:image:type\" content=\"image\/jpeg\" \/>\n<meta name=\"author\" content=\"Astrid Osenbr\u00fcck\" \/>\n<meta name=\"twitter:label1\" content=\"Verfasst von\" \/>\n\t<meta name=\"twitter:data1\" content=\"Astrid Osenbr\u00fcck\" \/>\n\t<meta name=\"twitter:label2\" content=\"Gesch\u00e4tzte Lesezeit\" \/>\n\t<meta name=\"twitter:data2\" content=\"1\u00a0Minute\" \/>\n<script type=\"application\/ld+json\" class=\"yoast-schema-graph\">{\"@context\":\"https:\/\/schema.org\",\"@graph\":[{\"@type\":\"WebPage\",\"@id\":\"https:\/\/www.naturparkmagazin.de\/dahme-heideseen\/wanderausstellung-willkommen-im-garten-der-alten-sorten-eroeffnet\/\",\"url\":\"https:\/\/www.naturparkmagazin.de\/dahme-heideseen\/wanderausstellung-willkommen-im-garten-der-alten-sorten-eroeffnet\/\",\"name\":\"Wanderausstellung \u201eWillkommen im Garten der alten Sorten\u201c er\u00f6ffnet - Naturpark Dahme-Heideseen\",\"isPartOf\":{\"@id\":\"https:\/\/www.naturparkmagazin.de\/dahme-heideseen\/#website\"},\"datePublished\":\"2022-01-18T08:43:57+00:00\",\"dateModified\":\"2022-01-20T10:53:42+00:00\",\"author\":{\"@id\":\"https:\/\/www.naturparkmagazin.de\/dahme-heideseen\/#\/schema\/person\/a0510aafafdf8183c95fc98faf0c9f21\"},\"breadcrumb\":{\"@id\":\"https:\/\/www.naturparkmagazin.de\/dahme-heideseen\/wanderausstellung-willkommen-im-garten-der-alten-sorten-eroeffnet\/#breadcrumb\"},\"inLanguage\":\"de\",\"potentialAction\":[{\"@type\":\"ReadAction\",\"target\":[\"https:\/\/www.naturparkmagazin.de\/dahme-heideseen\/wanderausstellung-willkommen-im-garten-der-alten-sorten-eroeffnet\/\"]}]},{\"@type\":\"BreadcrumbList\",\"@id\":\"https:\/\/www.naturparkmagazin.de\/dahme-heideseen\/wanderausstellung-willkommen-im-garten-der-alten-sorten-eroeffnet\/#breadcrumb\",\"itemListElement\":[{\"@type\":\"ListItem\",\"position\":1,\"name\":\"Home\",\"item\":\"https:\/\/www.naturparkmagazin.de\/dahme-heideseen\/\"},{\"@type\":\"ListItem\",\"position\":2,\"name\":\"Wanderausstellung \u201eWillkommen im Garten der alten Sorten\u201c er\u00f6ffnet\"}]},{\"@type\":\"WebSite\",\"@id\":\"https:\/\/www.naturparkmagazin.de\/dahme-heideseen\/#website\",\"url\":\"https:\/\/www.naturparkmagazin.de\/dahme-heideseen\/\",\"name\":\"Naturpark Dahme-Heideseen\",\"description\":\"\",\"potentialAction\":[{\"@type\":\"SearchAction\",\"target\":{\"@type\":\"EntryPoint\",\"urlTemplate\":\"https:\/\/www.naturparkmagazin.de\/dahme-heideseen\/?s={search_term_string}\"},\"query-input\":\"required name=search_term_string\"}],\"inLanguage\":\"de\"},{\"@type\":\"Person\",\"@id\":\"https:\/\/www.naturparkmagazin.de\/dahme-heideseen\/#\/schema\/person\/a0510aafafdf8183c95fc98faf0c9f21\",\"name\":\"Astrid Osenbr\u00fcck\",\"sameAs\":[\"http:\/\/www.dahme-heideseen-naturpark.de\"],\"url\":\"https:\/\/www.naturparkmagazin.de\/dahme-heideseen\/author\/astridosenbrueck\/\"}]}<\/script>\n<!-- \/ Yoast SEO plugin. -->","yoast_head_json":{"title":"Wanderausstellung \u201eWillkommen im Garten der alten Sorten\u201c er\u00f6ffnet - Naturpark Dahme-Heideseen","robots":{"index":"index","follow":"follow","max-snippet":"max-snippet:-1","max-image-preview":"max-image-preview:large","max-video-preview":"max-video-preview:-1"},"canonical":"https:\/\/www.naturparkmagazin.de\/dahme-heideseen\/wanderausstellung-willkommen-im-garten-der-alten-sorten-eroeffnet\/","og_locale":"de_DE","og_type":"article","og_title":"Wanderausstellung \u201eWillkommen im Garten der alten Sorten\u201c er\u00f6ffnet - Naturpark Dahme-Heideseen","og_description":"Die Wanderausstellung \u201eWillkommen im Garten der alten Sorten\u201c wurde am Montag 10.01.2022 er\u00f6ffnet und ist noch bis Dienstag 15.03.2022 auf der Burg Storkow zu finden. Die Ausstellung gibt Einblick in die Zeitreise der Nutzpflanzen und ihrer Vielfalt und will Neugier auf alte Sorten wecken.","og_url":"https:\/\/www.naturparkmagazin.de\/dahme-heideseen\/wanderausstellung-willkommen-im-garten-der-alten-sorten-eroeffnet\/","og_site_name":"Naturpark Dahme-Heideseen","article_published_time":"2022-01-18T08:43:57+00:00","article_modified_time":"2022-01-20T10:53:42+00:00","og_image":[{"width":569,"height":427,"url":"https:\/\/www.naturparkmagazin.de\/dahme-heideseen\/wp-content\/uploads\/sites\/37\/Teresa-Zeuner_Ausstellung-Garten-der-alten-Sorten-Nahaufnahme-2-.jpg","type":"image\/jpeg"}],"author":"Astrid Osenbr\u00fcck","twitter_misc":{"Verfasst von":"Astrid Osenbr\u00fcck","Gesch\u00e4tzte Lesezeit":"1\u00a0Minute"},"schema":{"@context":"https:\/\/schema.org","@graph":[{"@type":"WebPage","@id":"https:\/\/www.naturparkmagazin.de\/dahme-heideseen\/wanderausstellung-willkommen-im-garten-der-alten-sorten-eroeffnet\/","url":"https:\/\/www.naturparkmagazin.de\/dahme-heideseen\/wanderausstellung-willkommen-im-garten-der-alten-sorten-eroeffnet\/","name":"Wanderausstellung \u201eWillkommen im Garten der alten Sorten\u201c er\u00f6ffnet - Naturpark Dahme-Heideseen","isPartOf":{"@id":"https:\/\/www.naturparkmagazin.de\/dahme-heideseen\/#website"},"datePublished":"2022-01-18T08:43:57+00:00","dateModified":"2022-01-20T10:53:42+00:00","author":{"@id":"https:\/\/www.naturparkmagazin.de\/dahme-heideseen\/#\/schema\/person\/a0510aafafdf8183c95fc98faf0c9f21"},"breadcrumb":{"@id":"https:\/\/www.naturparkmagazin.de\/dahme-heideseen\/wanderausstellung-willkommen-im-garten-der-alten-sorten-eroeffnet\/#breadcrumb"},"inLanguage":"de","potentialAction":[{"@type":"ReadAction","target":["https:\/\/www.naturparkmagazin.de\/dahme-heideseen\/wanderausstellung-willkommen-im-garten-der-alten-sorten-eroeffnet\/"]}]},{"@type":"BreadcrumbList","@id":"https:\/\/www.naturparkmagazin.de\/dahme-heideseen\/wanderausstellung-willkommen-im-garten-der-alten-sorten-eroeffnet\/#breadcrumb","itemListElement":[{"@type":"ListItem","position":1,"name":"Home","item":"https:\/\/www.naturparkmagazin.de\/dahme-heideseen\/"},{"@type":"ListItem","position":2,"name":"Wanderausstellung \u201eWillkommen im Garten der alten Sorten\u201c er\u00f6ffnet"}]},{"@type":"WebSite","@id":"https:\/\/www.naturparkmagazin.de\/dahme-heideseen\/#website","url":"https:\/\/www.naturparkmagazin.de\/dahme-heideseen\/","name":"Naturpark Dahme-Heideseen","description":"","potentialAction":[{"@type":"SearchAction","target":{"@type":"EntryPoint","urlTemplate":"https:\/\/www.naturparkmagazin.de\/dahme-heideseen\/?s={search_term_string}"},"query-input":"required name=search_term_string"}],"inLanguage":"de"},{"@type":"Person","@id":"https:\/\/www.naturparkmagazin.de\/dahme-heideseen\/#\/schema\/person\/a0510aafafdf8183c95fc98faf0c9f21","name":"Astrid Osenbr\u00fcck","sameAs":["http:\/\/www.dahme-heideseen-naturpark.de"],"url":"https:\/\/www.naturparkmagazin.de\/dahme-heideseen\/author\/astridosenbrueck\/"}]}},"_links":{"self":[{"href":"https:\/\/www.naturparkmagazin.de\/dahme-heideseen\/wp-json\/wp\/v2\/posts\/4038"}],"collection":[{"href":"https:\/\/www.naturparkmagazin.de\/dahme-heideseen\/wp-json\/wp\/v2\/posts"}],"about":[{"href":"https:\/\/www.naturparkmagazin.de\/dahme-heideseen\/wp-json\/wp\/v2\/types\/post"}],"author":[{"embeddable":true,"href":"https:\/\/www.naturparkmagazin.de\/dahme-heideseen\/wp-json\/wp\/v2\/users\/83"}],"replies":[{"embeddable":true,"href":"https:\/\/www.naturparkmagazin.de\/dahme-heideseen\/wp-json\/wp\/v2\/comments?post=4038"}],"version-history":[{"count":3,"href":"https:\/\/www.naturparkmagazin.de\/dahme-heideseen\/wp-json\/wp\/v2\/posts\/4038\/revisions"}],"predecessor-version":[{"id":4063,"href":"https:\/\/www.naturparkmagazin.de\/dahme-heideseen\/wp-json\/wp\/v2\/posts\/4038\/revisions\/4063"}],"wp:featuredmedia":[{"embeddable":true,"href":"https:\/\/www.naturparkmagazin.de\/dahme-heideseen\/wp-json\/wp\/v2\/media\/4039"}],"wp:attachment":[{"href":"https:\/\/www.naturparkmagazin.de\/dahme-heideseen\/wp-json\/wp\/v2\/media?parent=4038"}],"wp:term":[{"taxonomy":"category","embeddable":true,"href":"https:\/\/www.naturparkmagazin.de\/dahme-heideseen\/wp-json\/wp\/v2\/categories?post=4038"},{"taxonomy":"post_tag","embeddable":true,"href":"https:\/\/www.naturparkmagazin.de\/dahme-heideseen\/wp-json\/wp\/v2\/tags?post=4038"}],"curies":[{"name":"wp","href":"https:\/\/api.w.org\/{rel}","templated":true}]}}