{"id":4064,"date":"2022-01-20T12:02:02","date_gmt":"2022-01-20T11:02:02","guid":{"rendered":"https:\/\/www.naturparkmagazin.de\/dahme-heideseen\/?p=4064"},"modified":"2022-01-25T11:09:43","modified_gmt":"2022-01-25T10:09:43","slug":"ein-kraut-fuer-die-sinne-tee-und-aufguesse-aus-heimischen-kraeutern","status":"publish","type":"post","link":"https:\/\/www.naturparkmagazin.de\/dahme-heideseen\/ein-kraut-fuer-die-sinne-tee-und-aufguesse-aus-heimischen-kraeutern\/","title":{"rendered":"Du und Dein Garten im Naturpark: &#8222;Ein Kraut f\u00fcr die Sinne&#8220; Tee und Aufg\u00fcsse aus heimischen Kr\u00e4utern"},"content":{"rendered":"<p>In diesem Kr\u00e4uterseminar werden gemeinsam mit Kr\u00e4uterexpertin Regina Jubitz-M\u00fcller unterschiedliche Tees und Aufg\u00fcsse aus heimischen Kr\u00e4utern hergestellt.<\/p>\n","protected":false},"excerpt":{"rendered":"<p>In diesem Kr\u00e4uterseminar werden gemeinsam mit Kr\u00e4uterexpertin Regina Jubitz-M\u00fcller unterschiedliche Tees und Aufg\u00fcsse aus heimischen Kr\u00e4utern hergestellt.<\/p>\n","protected":false},"author":83,"featured_media":4065,"comment_status":"open","ping_status":"open","sticky":false,"template":"","format":"standard","meta":[],"categories":[11],"tags":[],"yoast_head":"<!-- This site is optimized with the Yoast SEO plugin v19.10 - https:\/\/yoast.com\/wordpress\/plugins\/seo\/ -->\n<title>Du und Dein Garten im Naturpark: &quot;Ein Kraut f\u00fcr die Sinne&quot; Tee und Aufg\u00fcsse aus heimischen Kr\u00e4utern - Naturpark Dahme-Heideseen<\/title>\n<meta name=\"robots\" content=\"index, follow, max-snippet:-1, max-image-preview:large, max-video-preview:-1\" \/>\n<link rel=\"canonical\" href=\"https:\/\/www.naturparkmagazin.de\/dahme-heideseen\/ein-kraut-fuer-die-sinne-tee-und-aufguesse-aus-heimischen-kraeutern\/\" \/>\n<meta property=\"og:locale\" content=\"de_DE\" \/>\n<meta property=\"og:type\" content=\"article\" \/>\n<meta property=\"og:title\" content=\"Du und Dein Garten im Naturpark: &quot;Ein Kraut f\u00fcr die Sinne&quot; Tee und Aufg\u00fcsse aus heimischen Kr\u00e4utern - Naturpark Dahme-Heideseen\" \/>\n<meta property=\"og:description\" content=\"In diesem Kr\u00e4uterseminar werden gemeinsam mit Kr\u00e4uterexpertin Regina Jubitz-M\u00fcller unterschiedliche Tees und Aufg\u00fcsse aus heimischen Kr\u00e4utern hergestellt.\" \/>\n<meta property=\"og:url\" content=\"https:\/\/www.naturparkmagazin.de\/dahme-heideseen\/ein-kraut-fuer-die-sinne-tee-und-aufguesse-aus-heimischen-kraeutern\/\" \/>\n<meta property=\"og:site_name\" content=\"Naturpark Dahme-Heideseen\" \/>\n<meta property=\"article:published_time\" content=\"2022-01-20T11:02:02+00:00\" \/>\n<meta property=\"article:modified_time\" content=\"2022-01-25T10:09:43+00:00\" \/>\n<meta property=\"og:image\" content=\"https:\/\/www.naturparkmagazin.de\/dahme-heideseen\/wp-content\/uploads\/sites\/37\/tea-g1f4040419_640.jpg\" \/>\n\t<meta property=\"og:image:width\" content=\"640\" \/>\n\t<meta property=\"og:image:height\" content=\"426\" \/>\n\t<meta property=\"og:image:type\" content=\"image\/jpeg\" \/>\n<meta name=\"author\" content=\"Astrid Osenbr\u00fcck\" \/>\n<meta name=\"twitter:label1\" content=\"Verfasst von\" \/>\n\t<meta name=\"twitter:data1\" content=\"Astrid Osenbr\u00fcck\" \/>\n<script type=\"application\/ld+json\" class=\"yoast-schema-graph\">{\"@context\":\"https:\/\/schema.org\",\"@graph\":[{\"@type\":\"WebPage\",\"@id\":\"https:\/\/www.naturparkmagazin.de\/dahme-heideseen\/ein-kraut-fuer-die-sinne-tee-und-aufguesse-aus-heimischen-kraeutern\/\",\"url\":\"https:\/\/www.naturparkmagazin.de\/dahme-heideseen\/ein-kraut-fuer-die-sinne-tee-und-aufguesse-aus-heimischen-kraeutern\/\",\"name\":\"Du und Dein Garten im Naturpark: \\\"Ein Kraut f\u00fcr die Sinne\\\" Tee und Aufg\u00fcsse aus heimischen Kr\u00e4utern - Naturpark Dahme-Heideseen\",\"isPartOf\":{\"@id\":\"https:\/\/www.naturparkmagazin.de\/dahme-heideseen\/#website\"},\"datePublished\":\"2022-01-20T11:02:02+00:00\",\"dateModified\":\"2022-01-25T10:09:43+00:00\",\"author\":{\"@id\":\"https:\/\/www.naturparkmagazin.de\/dahme-heideseen\/#\/schema\/person\/a0510aafafdf8183c95fc98faf0c9f21\"},\"breadcrumb\":{\"@id\":\"https:\/\/www.naturparkmagazin.de\/dahme-heideseen\/ein-kraut-fuer-die-sinne-tee-und-aufguesse-aus-heimischen-kraeutern\/#breadcrumb\"},\"inLanguage\":\"de\",\"potentialAction\":[{\"@type\":\"ReadAction\",\"target\":[\"https:\/\/www.naturparkmagazin.de\/dahme-heideseen\/ein-kraut-fuer-die-sinne-tee-und-aufguesse-aus-heimischen-kraeutern\/\"]}]},{\"@type\":\"BreadcrumbList\",\"@id\":\"https:\/\/www.naturparkmagazin.de\/dahme-heideseen\/ein-kraut-fuer-die-sinne-tee-und-aufguesse-aus-heimischen-kraeutern\/#breadcrumb\",\"itemListElement\":[{\"@type\":\"ListItem\",\"position\":1,\"name\":\"Home\",\"item\":\"https:\/\/www.naturparkmagazin.de\/dahme-heideseen\/\"},{\"@type\":\"ListItem\",\"position\":2,\"name\":\"Du und Dein Garten im Naturpark: &#8222;Ein Kraut f\u00fcr die Sinne&#8220; Tee und Aufg\u00fcsse aus heimischen Kr\u00e4utern\"}]},{\"@type\":\"WebSite\",\"@id\":\"https:\/\/www.naturparkmagazin.de\/dahme-heideseen\/#website\",\"url\":\"https:\/\/www.naturparkmagazin.de\/dahme-heideseen\/\",\"name\":\"Naturpark Dahme-Heideseen\",\"description\":\"\",\"potentialAction\":[{\"@type\":\"SearchAction\",\"target\":{\"@type\":\"EntryPoint\",\"urlTemplate\":\"https:\/\/www.naturparkmagazin.de\/dahme-heideseen\/?s={search_term_string}\"},\"query-input\":\"required name=search_term_string\"}],\"inLanguage\":\"de\"},{\"@type\":\"Person\",\"@id\":\"https:\/\/www.naturparkmagazin.de\/dahme-heideseen\/#\/schema\/person\/a0510aafafdf8183c95fc98faf0c9f21\",\"name\":\"Astrid Osenbr\u00fcck\",\"sameAs\":[\"http:\/\/www.dahme-heideseen-naturpark.de\"],\"url\":\"https:\/\/www.naturparkmagazin.de\/dahme-heideseen\/author\/astridosenbrueck\/\"}]}<\/script>\n<!-- \/ Yoast SEO plugin. -->","yoast_head_json":{"title":"Du und Dein Garten im Naturpark: \"Ein Kraut f\u00fcr die Sinne\" Tee und Aufg\u00fcsse aus heimischen Kr\u00e4utern - Naturpark Dahme-Heideseen","robots":{"index":"index","follow":"follow","max-snippet":"max-snippet:-1","max-image-preview":"max-image-preview:large","max-video-preview":"max-video-preview:-1"},"canonical":"https:\/\/www.naturparkmagazin.de\/dahme-heideseen\/ein-kraut-fuer-die-sinne-tee-und-aufguesse-aus-heimischen-kraeutern\/","og_locale":"de_DE","og_type":"article","og_title":"Du und Dein Garten im Naturpark: \"Ein Kraut f\u00fcr die Sinne\" Tee und Aufg\u00fcsse aus heimischen Kr\u00e4utern - Naturpark Dahme-Heideseen","og_description":"In diesem Kr\u00e4uterseminar werden gemeinsam mit Kr\u00e4uterexpertin Regina Jubitz-M\u00fcller unterschiedliche Tees und Aufg\u00fcsse aus heimischen Kr\u00e4utern hergestellt.","og_url":"https:\/\/www.naturparkmagazin.de\/dahme-heideseen\/ein-kraut-fuer-die-sinne-tee-und-aufguesse-aus-heimischen-kraeutern\/","og_site_name":"Naturpark Dahme-Heideseen","article_published_time":"2022-01-20T11:02:02+00:00","article_modified_time":"2022-01-25T10:09:43+00:00","og_image":[{"width":640,"height":426,"url":"https:\/\/www.naturparkmagazin.de\/dahme-heideseen\/wp-content\/uploads\/sites\/37\/tea-g1f4040419_640.jpg","type":"image\/jpeg"}],"author":"Astrid Osenbr\u00fcck","twitter_misc":{"Verfasst von":"Astrid Osenbr\u00fcck"},"schema":{"@context":"https:\/\/schema.org","@graph":[{"@type":"WebPage","@id":"https:\/\/www.naturparkmagazin.de\/dahme-heideseen\/ein-kraut-fuer-die-sinne-tee-und-aufguesse-aus-heimischen-kraeutern\/","url":"https:\/\/www.naturparkmagazin.de\/dahme-heideseen\/ein-kraut-fuer-die-sinne-tee-und-aufguesse-aus-heimischen-kraeutern\/","name":"Du und Dein Garten im Naturpark: \"Ein Kraut f\u00fcr die Sinne\" Tee und Aufg\u00fcsse aus heimischen Kr\u00e4utern - Naturpark Dahme-Heideseen","isPartOf":{"@id":"https:\/\/www.naturparkmagazin.de\/dahme-heideseen\/#website"},"datePublished":"2022-01-20T11:02:02+00:00","dateModified":"2022-01-25T10:09:43+00:00","author":{"@id":"https:\/\/www.naturparkmagazin.de\/dahme-heideseen\/#\/schema\/person\/a0510aafafdf8183c95fc98faf0c9f21"},"breadcrumb":{"@id":"https:\/\/www.naturparkmagazin.de\/dahme-heideseen\/ein-kraut-fuer-die-sinne-tee-und-aufguesse-aus-heimischen-kraeutern\/#breadcrumb"},"inLanguage":"de","potentialAction":[{"@type":"ReadAction","target":["https:\/\/www.naturparkmagazin.de\/dahme-heideseen\/ein-kraut-fuer-die-sinne-tee-und-aufguesse-aus-heimischen-kraeutern\/"]}]},{"@type":"BreadcrumbList","@id":"https:\/\/www.naturparkmagazin.de\/dahme-heideseen\/ein-kraut-fuer-die-sinne-tee-und-aufguesse-aus-heimischen-kraeutern\/#breadcrumb","itemListElement":[{"@type":"ListItem","position":1,"name":"Home","item":"https:\/\/www.naturparkmagazin.de\/dahme-heideseen\/"},{"@type":"ListItem","position":2,"name":"Du und Dein Garten im Naturpark: &#8222;Ein Kraut f\u00fcr die Sinne&#8220; Tee und Aufg\u00fcsse aus heimischen Kr\u00e4utern"}]},{"@type":"WebSite","@id":"https:\/\/www.naturparkmagazin.de\/dahme-heideseen\/#website","url":"https:\/\/www.naturparkmagazin.de\/dahme-heideseen\/","name":"Naturpark Dahme-Heideseen","description":"","potentialAction":[{"@type":"SearchAction","target":{"@type":"EntryPoint","urlTemplate":"https:\/\/www.naturparkmagazin.de\/dahme-heideseen\/?s={search_term_string}"},"query-input":"required name=search_term_string"}],"inLanguage":"de"},{"@type":"Person","@id":"https:\/\/www.naturparkmagazin.de\/dahme-heideseen\/#\/schema\/person\/a0510aafafdf8183c95fc98faf0c9f21","name":"Astrid Osenbr\u00fcck","sameAs":["http:\/\/www.dahme-heideseen-naturpark.de"],"url":"https:\/\/www.naturparkmagazin.de\/dahme-heideseen\/author\/astridosenbrueck\/"}]}},"_links":{"self":[{"href":"https:\/\/www.naturparkmagazin.de\/dahme-heideseen\/wp-json\/wp\/v2\/posts\/4064"}],"collection":[{"href":"https:\/\/www.naturparkmagazin.de\/dahme-heideseen\/wp-json\/wp\/v2\/posts"}],"about":[{"href":"https:\/\/www.naturparkmagazin.de\/dahme-heideseen\/wp-json\/wp\/v2\/types\/post"}],"author":[{"embeddable":true,"href":"https:\/\/www.naturparkmagazin.de\/dahme-heideseen\/wp-json\/wp\/v2\/users\/83"}],"replies":[{"embeddable":true,"href":"https:\/\/www.naturparkmagazin.de\/dahme-heideseen\/wp-json\/wp\/v2\/comments?post=4064"}],"version-history":[{"count":2,"href":"https:\/\/www.naturparkmagazin.de\/dahme-heideseen\/wp-json\/wp\/v2\/posts\/4064\/revisions"}],"predecessor-version":[{"id":4118,"href":"https:\/\/www.naturparkmagazin.de\/dahme-heideseen\/wp-json\/wp\/v2\/posts\/4064\/revisions\/4118"}],"wp:featuredmedia":[{"embeddable":true,"href":"https:\/\/www.naturparkmagazin.de\/dahme-heideseen\/wp-json\/wp\/v2\/media\/4065"}],"wp:attachment":[{"href":"https:\/\/www.naturparkmagazin.de\/dahme-heideseen\/wp-json\/wp\/v2\/media?parent=4064"}],"wp:term":[{"taxonomy":"category","embeddable":true,"href":"https:\/\/www.naturparkmagazin.de\/dahme-heideseen\/wp-json\/wp\/v2\/categories?post=4064"},{"taxonomy":"post_tag","embeddable":true,"href":"https:\/\/www.naturparkmagazin.de\/dahme-heideseen\/wp-json\/wp\/v2\/tags?post=4064"}],"curies":[{"name":"wp","href":"https:\/\/api.w.org\/{rel}","templated":true}]}}