{"id":4069,"date":"2022-01-18T09:21:19","date_gmt":"2022-01-18T08:21:19","guid":{"rendered":"https:\/\/www.naturparkmagazin.de\/dahme-heideseen\/?p=4069"},"modified":"2022-01-24T13:17:41","modified_gmt":"2022-01-24T12:17:41","slug":"mit-dem-biber-leben","status":"publish","type":"post","link":"https:\/\/www.naturparkmagazin.de\/dahme-heideseen\/mit-dem-biber-leben\/","title":{"rendered":"Mit dem Biber leben!"},"content":{"rendered":"<p>Europas gr\u00f6\u00dftes Nagetier ist bekannt als Wasserbaumeister. Gerade die wasserbaulichen Ambitionen des nach europ\u00e4ischem und deutschem Naturschutzrecht streng gesch\u00fctzten Gro\u00dfnagers k\u00f6nnen an den Gew\u00e4ssern und den umliegenden landwirtschaftlichen Fl\u00e4chen zu Sch\u00e4den f\u00fchren und damit zu Konflikten zwischen Biber und Landnutzern.<\/p>\n<p>Mit Hilfe von erprobten Methoden k\u00f6nnen Biber-Konflikte jedoch einged\u00e4mmt oder g\u00e4nzlich vermieden werden. Ziel ist es, einen ma\u00dfvollen Ausgleich zwischen den Belangen des Naturschutzes und der Landnutzung zu schaffen.<\/p>\n<p>Auf Einladung eines Landwirtschaftsbetriebes trafen sich in der letzten Woche Vertreter der Kreisverwaltung, der Naturparkverwaltung und des Wasser- und Bodenverbandes in der Dahmeniederung um die Auswirkungen der Biberaktivit\u00e4ten in Augenschein zu nehmen.<\/p>\n<div id=\"attachment_4070\" style=\"width: 630px\" class=\"wp-caption alignnone\"><a href=\"https:\/\/www.naturparkmagazin.de\/dahme-heideseen\/wp-content\/uploads\/sites\/37\/Dahme-Niederung-Biber-januar2022-k.jpg\"><img aria-describedby=\"caption-attachment-4070\" decoding=\"async\" loading=\"lazy\" class=\"size-medium wp-image-4070\" src=\"https:\/\/www.naturparkmagazin.de\/dahme-heideseen\/wp-content\/uploads\/sites\/37\/Dahme-Niederung-Biber-januar2022-k-620x465.jpg\" alt=\"Biberaktivit\u00e4ten an der Dahmeniederung (\u00a9 Carsten Preu\u00df)\" width=\"620\" height=\"465\" srcset=\"https:\/\/www.naturparkmagazin.de\/dahme-heideseen\/wp-content\/uploads\/sites\/37\/Dahme-Niederung-Biber-januar2022-k-620x465.jpg 620w, https:\/\/www.naturparkmagazin.de\/dahme-heideseen\/wp-content\/uploads\/sites\/37\/Dahme-Niederung-Biber-januar2022-k-300x225.jpg 300w, https:\/\/www.naturparkmagazin.de\/dahme-heideseen\/wp-content\/uploads\/sites\/37\/Dahme-Niederung-Biber-januar2022-k-940x705.jpg 940w, https:\/\/www.naturparkmagazin.de\/dahme-heideseen\/wp-content\/uploads\/sites\/37\/Dahme-Niederung-Biber-januar2022-k-580x435.jpg 580w, https:\/\/www.naturparkmagazin.de\/dahme-heideseen\/wp-content\/uploads\/sites\/37\/Dahme-Niederung-Biber-januar2022-k-420x315.jpg 420w, https:\/\/www.naturparkmagazin.de\/dahme-heideseen\/wp-content\/uploads\/sites\/37\/Dahme-Niederung-Biber-januar2022-k-180x135.jpg 180w, https:\/\/www.naturparkmagazin.de\/dahme-heideseen\/wp-content\/uploads\/sites\/37\/Dahme-Niederung-Biber-januar2022-k-95x71.jpg 95w, https:\/\/www.naturparkmagazin.de\/dahme-heideseen\/wp-content\/uploads\/sites\/37\/Dahme-Niederung-Biber-januar2022-k-670x503.jpg 670w, https:\/\/www.naturparkmagazin.de\/dahme-heideseen\/wp-content\/uploads\/sites\/37\/Dahme-Niederung-Biber-januar2022-k-200x150.jpg 200w, https:\/\/www.naturparkmagazin.de\/dahme-heideseen\/wp-content\/uploads\/sites\/37\/Dahme-Niederung-Biber-januar2022-k.jpg 980w\" sizes=\"(max-width: 620px) 100vw, 620px\" \/><\/a><p id=\"caption-attachment-4070\" class=\"wp-caption-text\">Biberaktivit\u00e4ten an der Dahmeniederung (\u00a9 Carsten Preu\u00df)<\/p><\/div>\n<p>Insbesondere einige unter Wasser stehende landwirtschaftliche Fl\u00e4chen sollen zum Fr\u00fchjahr wieder nutzbar sein. Dazu wurden verschiedene Ma\u00dfnahmen diskutiert und weitere regelm\u00e4\u00dfige Kontrollg\u00e4nge vereinbart. F\u00fcr notwendige Pr\u00e4ventionsma\u00dfnahmen k\u00f6nnen F\u00f6rdermittel des Landes genutzt werden.<\/p>\n<p><a href=\"https:\/\/mluk.brandenburg.de\/mluk\/de\/umwelt\/wasser\/gewaesser-und-anlagenunterhaltung\/bibermanagement\/#\" target=\"_blank\">7-Punkte-Programm Bibermanagement in Brandenburg<\/a><\/p>\n","protected":false},"excerpt":{"rendered":"<p>Auf Einladung eines Landwirtschaftsbetriebes trafen sich in der letzten Woche Vertreter der Kreisverwaltung, der Naturparkverwaltung und des Wasser- und Bodenverbandes in der Dahmeniederung um die Auswirkungen der Biberaktivit\u00e4ten in Augenschein zu nehmen.<\/p>\n","protected":false},"author":83,"featured_media":4074,"comment_status":"open","ping_status":"open","sticky":false,"template":"","format":"standard","meta":[],"categories":[7],"tags":[],"yoast_head":"<!-- This site is optimized with the Yoast SEO plugin v19.10 - https:\/\/yoast.com\/wordpress\/plugins\/seo\/ -->\n<title>Mit dem Biber leben! - Naturpark Dahme-Heideseen<\/title>\n<meta name=\"robots\" content=\"index, follow, max-snippet:-1, max-image-preview:large, max-video-preview:-1\" \/>\n<link rel=\"canonical\" href=\"https:\/\/www.naturparkmagazin.de\/dahme-heideseen\/mit-dem-biber-leben\/\" \/>\n<meta property=\"og:locale\" content=\"de_DE\" \/>\n<meta property=\"og:type\" content=\"article\" \/>\n<meta property=\"og:title\" content=\"Mit dem Biber leben! - Naturpark Dahme-Heideseen\" \/>\n<meta property=\"og:description\" content=\"Auf Einladung eines Landwirtschaftsbetriebes trafen sich in der letzten Woche Vertreter der Kreisverwaltung, der Naturparkverwaltung und des Wasser- und Bodenverbandes in der Dahmeniederung um die Auswirkungen der Biberaktivit\u00e4ten in Augenschein zu nehmen.\" \/>\n<meta property=\"og:url\" content=\"https:\/\/www.naturparkmagazin.de\/dahme-heideseen\/mit-dem-biber-leben\/\" \/>\n<meta property=\"og:site_name\" content=\"Naturpark Dahme-Heideseen\" \/>\n<meta property=\"article:published_time\" content=\"2022-01-18T08:21:19+00:00\" \/>\n<meta property=\"article:modified_time\" content=\"2022-01-24T12:17:41+00:00\" \/>\n<meta property=\"og:image\" content=\"https:\/\/www.naturparkmagazin.de\/dahme-heideseen\/wp-content\/uploads\/sites\/37\/beaver-g641b13ba9_640.jpg\" \/>\n\t<meta property=\"og:image:width\" content=\"640\" \/>\n\t<meta property=\"og:image:height\" content=\"426\" \/>\n\t<meta property=\"og:image:type\" content=\"image\/jpeg\" \/>\n<meta name=\"author\" content=\"Astrid Osenbr\u00fcck\" \/>\n<meta name=\"twitter:label1\" content=\"Verfasst von\" \/>\n\t<meta name=\"twitter:data1\" content=\"Astrid Osenbr\u00fcck\" \/>\n\t<meta name=\"twitter:label2\" content=\"Gesch\u00e4tzte Lesezeit\" \/>\n\t<meta name=\"twitter:data2\" content=\"1\u00a0Minute\" \/>\n<script type=\"application\/ld+json\" class=\"yoast-schema-graph\">{\"@context\":\"https:\/\/schema.org\",\"@graph\":[{\"@type\":\"WebPage\",\"@id\":\"https:\/\/www.naturparkmagazin.de\/dahme-heideseen\/mit-dem-biber-leben\/\",\"url\":\"https:\/\/www.naturparkmagazin.de\/dahme-heideseen\/mit-dem-biber-leben\/\",\"name\":\"Mit dem Biber leben! - Naturpark Dahme-Heideseen\",\"isPartOf\":{\"@id\":\"https:\/\/www.naturparkmagazin.de\/dahme-heideseen\/#website\"},\"datePublished\":\"2022-01-18T08:21:19+00:00\",\"dateModified\":\"2022-01-24T12:17:41+00:00\",\"author\":{\"@id\":\"https:\/\/www.naturparkmagazin.de\/dahme-heideseen\/#\/schema\/person\/a0510aafafdf8183c95fc98faf0c9f21\"},\"breadcrumb\":{\"@id\":\"https:\/\/www.naturparkmagazin.de\/dahme-heideseen\/mit-dem-biber-leben\/#breadcrumb\"},\"inLanguage\":\"de\",\"potentialAction\":[{\"@type\":\"ReadAction\",\"target\":[\"https:\/\/www.naturparkmagazin.de\/dahme-heideseen\/mit-dem-biber-leben\/\"]}]},{\"@type\":\"BreadcrumbList\",\"@id\":\"https:\/\/www.naturparkmagazin.de\/dahme-heideseen\/mit-dem-biber-leben\/#breadcrumb\",\"itemListElement\":[{\"@type\":\"ListItem\",\"position\":1,\"name\":\"Home\",\"item\":\"https:\/\/www.naturparkmagazin.de\/dahme-heideseen\/\"},{\"@type\":\"ListItem\",\"position\":2,\"name\":\"Mit dem Biber leben!\"}]},{\"@type\":\"WebSite\",\"@id\":\"https:\/\/www.naturparkmagazin.de\/dahme-heideseen\/#website\",\"url\":\"https:\/\/www.naturparkmagazin.de\/dahme-heideseen\/\",\"name\":\"Naturpark Dahme-Heideseen\",\"description\":\"\",\"potentialAction\":[{\"@type\":\"SearchAction\",\"target\":{\"@type\":\"EntryPoint\",\"urlTemplate\":\"https:\/\/www.naturparkmagazin.de\/dahme-heideseen\/?s={search_term_string}\"},\"query-input\":\"required name=search_term_string\"}],\"inLanguage\":\"de\"},{\"@type\":\"Person\",\"@id\":\"https:\/\/www.naturparkmagazin.de\/dahme-heideseen\/#\/schema\/person\/a0510aafafdf8183c95fc98faf0c9f21\",\"name\":\"Astrid Osenbr\u00fcck\",\"sameAs\":[\"http:\/\/www.dahme-heideseen-naturpark.de\"],\"url\":\"https:\/\/www.naturparkmagazin.de\/dahme-heideseen\/author\/astridosenbrueck\/\"}]}<\/script>\n<!-- \/ Yoast SEO plugin. -->","yoast_head_json":{"title":"Mit dem Biber leben! - Naturpark Dahme-Heideseen","robots":{"index":"index","follow":"follow","max-snippet":"max-snippet:-1","max-image-preview":"max-image-preview:large","max-video-preview":"max-video-preview:-1"},"canonical":"https:\/\/www.naturparkmagazin.de\/dahme-heideseen\/mit-dem-biber-leben\/","og_locale":"de_DE","og_type":"article","og_title":"Mit dem Biber leben! - Naturpark Dahme-Heideseen","og_description":"Auf Einladung eines Landwirtschaftsbetriebes trafen sich in der letzten Woche Vertreter der Kreisverwaltung, der Naturparkverwaltung und des Wasser- und Bodenverbandes in der Dahmeniederung um die Auswirkungen der Biberaktivit\u00e4ten in Augenschein zu nehmen.","og_url":"https:\/\/www.naturparkmagazin.de\/dahme-heideseen\/mit-dem-biber-leben\/","og_site_name":"Naturpark Dahme-Heideseen","article_published_time":"2022-01-18T08:21:19+00:00","article_modified_time":"2022-01-24T12:17:41+00:00","og_image":[{"width":640,"height":426,"url":"https:\/\/www.naturparkmagazin.de\/dahme-heideseen\/wp-content\/uploads\/sites\/37\/beaver-g641b13ba9_640.jpg","type":"image\/jpeg"}],"author":"Astrid Osenbr\u00fcck","twitter_misc":{"Verfasst von":"Astrid Osenbr\u00fcck","Gesch\u00e4tzte Lesezeit":"1\u00a0Minute"},"schema":{"@context":"https:\/\/schema.org","@graph":[{"@type":"WebPage","@id":"https:\/\/www.naturparkmagazin.de\/dahme-heideseen\/mit-dem-biber-leben\/","url":"https:\/\/www.naturparkmagazin.de\/dahme-heideseen\/mit-dem-biber-leben\/","name":"Mit dem Biber leben! - Naturpark Dahme-Heideseen","isPartOf":{"@id":"https:\/\/www.naturparkmagazin.de\/dahme-heideseen\/#website"},"datePublished":"2022-01-18T08:21:19+00:00","dateModified":"2022-01-24T12:17:41+00:00","author":{"@id":"https:\/\/www.naturparkmagazin.de\/dahme-heideseen\/#\/schema\/person\/a0510aafafdf8183c95fc98faf0c9f21"},"breadcrumb":{"@id":"https:\/\/www.naturparkmagazin.de\/dahme-heideseen\/mit-dem-biber-leben\/#breadcrumb"},"inLanguage":"de","potentialAction":[{"@type":"ReadAction","target":["https:\/\/www.naturparkmagazin.de\/dahme-heideseen\/mit-dem-biber-leben\/"]}]},{"@type":"BreadcrumbList","@id":"https:\/\/www.naturparkmagazin.de\/dahme-heideseen\/mit-dem-biber-leben\/#breadcrumb","itemListElement":[{"@type":"ListItem","position":1,"name":"Home","item":"https:\/\/www.naturparkmagazin.de\/dahme-heideseen\/"},{"@type":"ListItem","position":2,"name":"Mit dem Biber leben!"}]},{"@type":"WebSite","@id":"https:\/\/www.naturparkmagazin.de\/dahme-heideseen\/#website","url":"https:\/\/www.naturparkmagazin.de\/dahme-heideseen\/","name":"Naturpark Dahme-Heideseen","description":"","potentialAction":[{"@type":"SearchAction","target":{"@type":"EntryPoint","urlTemplate":"https:\/\/www.naturparkmagazin.de\/dahme-heideseen\/?s={search_term_string}"},"query-input":"required name=search_term_string"}],"inLanguage":"de"},{"@type":"Person","@id":"https:\/\/www.naturparkmagazin.de\/dahme-heideseen\/#\/schema\/person\/a0510aafafdf8183c95fc98faf0c9f21","name":"Astrid Osenbr\u00fcck","sameAs":["http:\/\/www.dahme-heideseen-naturpark.de"],"url":"https:\/\/www.naturparkmagazin.de\/dahme-heideseen\/author\/astridosenbrueck\/"}]}},"_links":{"self":[{"href":"https:\/\/www.naturparkmagazin.de\/dahme-heideseen\/wp-json\/wp\/v2\/posts\/4069"}],"collection":[{"href":"https:\/\/www.naturparkmagazin.de\/dahme-heideseen\/wp-json\/wp\/v2\/posts"}],"about":[{"href":"https:\/\/www.naturparkmagazin.de\/dahme-heideseen\/wp-json\/wp\/v2\/types\/post"}],"author":[{"embeddable":true,"href":"https:\/\/www.naturparkmagazin.de\/dahme-heideseen\/wp-json\/wp\/v2\/users\/83"}],"replies":[{"embeddable":true,"href":"https:\/\/www.naturparkmagazin.de\/dahme-heideseen\/wp-json\/wp\/v2\/comments?post=4069"}],"version-history":[{"count":3,"href":"https:\/\/www.naturparkmagazin.de\/dahme-heideseen\/wp-json\/wp\/v2\/posts\/4069\/revisions"}],"predecessor-version":[{"id":4073,"href":"https:\/\/www.naturparkmagazin.de\/dahme-heideseen\/wp-json\/wp\/v2\/posts\/4069\/revisions\/4073"}],"wp:featuredmedia":[{"embeddable":true,"href":"https:\/\/www.naturparkmagazin.de\/dahme-heideseen\/wp-json\/wp\/v2\/media\/4074"}],"wp:attachment":[{"href":"https:\/\/www.naturparkmagazin.de\/dahme-heideseen\/wp-json\/wp\/v2\/media?parent=4069"}],"wp:term":[{"taxonomy":"category","embeddable":true,"href":"https:\/\/www.naturparkmagazin.de\/dahme-heideseen\/wp-json\/wp\/v2\/categories?post=4069"},{"taxonomy":"post_tag","embeddable":true,"href":"https:\/\/www.naturparkmagazin.de\/dahme-heideseen\/wp-json\/wp\/v2\/tags?post=4069"}],"curies":[{"name":"wp","href":"https:\/\/api.w.org\/{rel}","templated":true}]}}