{"id":4079,"date":"2022-01-19T10:11:01","date_gmt":"2022-01-19T09:11:01","guid":{"rendered":"https:\/\/www.naturparkmagazin.de\/dahme-heideseen\/?p=4079"},"modified":"2022-01-25T11:10:27","modified_gmt":"2022-01-25T10:10:27","slug":"onlineveranstaltung-storkow-blueht-auftaktveranstaltung-zum-bluehflaechenkonzept-der-stadt-storkow-mark","status":"publish","type":"post","link":"https:\/\/www.naturparkmagazin.de\/dahme-heideseen\/onlineveranstaltung-storkow-blueht-auftaktveranstaltung-zum-bluehflaechenkonzept-der-stadt-storkow-mark\/","title":{"rendered":"Mach mit im Naturpark: Storkow bl\u00fcht &#8211; Auftaktveranstaltung zum Bl\u00fchfl\u00e4chenkonzept der Stadt Storkow (Mark)"},"content":{"rendered":"<p class=\"tiny_p\"><strong>Mach mit im Naturpark: Storkow schafft Raum f\u00fcr Insekten<\/strong><\/p>\n<p><em>Online Veranstaltung mit Melanie Wagner vom Naturpark Dahme-Heideseen: <\/em>&#8222;Storkow bl\u00fcht &#8211; Auftaktveranstaltung zum Bl\u00fchfl\u00e4chenkonzept der Stadt Storkow (Mark)&#8220;<\/p>\n<ul>\n<li class=\"tiny_p\">Vorstellung der Insektenschutzfl\u00e4chen der Gemeinde Storkow<\/li>\n<li class=\"tiny_p\"><a href=\"https:\/\/www.dahme-heideseen-naturpark.de\/hier-leben\/mitmachen\/netzwerk-insektenflaechen\/\" target=\"_blank\">Weitere Informationen zum Netzwerk Insektenfl\u00e4chen und Pflegekonzepte f\u00fcr Bl\u00fchfl\u00e4chen finden Sie hier.<\/a><\/li>\n<\/ul>\n<p>&nbsp;<\/p>\n<p>Die <strong>Anmeldung erfolgt per E-Mail<\/strong> an besucherzentrum@storkow.de und danach erhalten Sie Ihren Zugangslink f\u00fcr die Online-Veranstaltung.<\/p>\n<p>&nbsp;<\/p>\n<div id=\"attachment_4080\" style=\"width: 410px\" class=\"wp-caption alignnone\"><a href=\"https:\/\/www.naturparkmagazin.de\/dahme-heideseen\/wp-content\/uploads\/sites\/37\/DSC_0199.jpg\"><img aria-describedby=\"caption-attachment-4080\" decoding=\"async\" loading=\"lazy\" class=\"size-full wp-image-4080\" src=\"https:\/\/www.naturparkmagazin.de\/dahme-heideseen\/wp-content\/uploads\/sites\/37\/DSC_0199.jpg\" alt=\"\u00a9 BIZ Burg Storkow\" width=\"400\" height=\"268\" srcset=\"https:\/\/www.naturparkmagazin.de\/dahme-heideseen\/wp-content\/uploads\/sites\/37\/DSC_0199.jpg 400w, https:\/\/www.naturparkmagazin.de\/dahme-heideseen\/wp-content\/uploads\/sites\/37\/DSC_0199-300x201.jpg 300w, https:\/\/www.naturparkmagazin.de\/dahme-heideseen\/wp-content\/uploads\/sites\/37\/DSC_0199-200x134.jpg 200w\" sizes=\"(max-width: 400px) 100vw, 400px\" \/><\/a><p id=\"caption-attachment-4080\" class=\"wp-caption-text\">\u00a9 BIZ Burg Storkow<\/p><\/div>\n<p class=\"tiny_p\">\n","protected":false},"excerpt":{"rendered":"<p>Erhalten Sie in diesem Online Informations-Seminar einen Einblick in das Bl\u00fchfl\u00e4chenkonzept der Stadt Storkow (Mark).<\/p>\n","protected":false},"author":83,"featured_media":4080,"comment_status":"open","ping_status":"open","sticky":false,"template":"","format":"standard","meta":[],"categories":[11],"tags":[],"yoast_head":"<!-- This site is optimized with the Yoast SEO plugin v19.10 - https:\/\/yoast.com\/wordpress\/plugins\/seo\/ -->\n<title>Mach mit im Naturpark: Storkow bl\u00fcht - Auftaktveranstaltung zum Bl\u00fchfl\u00e4chenkonzept der Stadt Storkow (Mark) - Naturpark Dahme-Heideseen<\/title>\n<meta name=\"robots\" content=\"index, follow, max-snippet:-1, max-image-preview:large, max-video-preview:-1\" \/>\n<link rel=\"canonical\" href=\"https:\/\/www.naturparkmagazin.de\/dahme-heideseen\/onlineveranstaltung-storkow-blueht-auftaktveranstaltung-zum-bluehflaechenkonzept-der-stadt-storkow-mark\/\" \/>\n<meta property=\"og:locale\" content=\"de_DE\" \/>\n<meta property=\"og:type\" content=\"article\" \/>\n<meta property=\"og:title\" content=\"Mach mit im Naturpark: Storkow bl\u00fcht - Auftaktveranstaltung zum Bl\u00fchfl\u00e4chenkonzept der Stadt Storkow (Mark) - Naturpark Dahme-Heideseen\" \/>\n<meta property=\"og:description\" content=\"Erhalten Sie in diesem Online Informations-Seminar einen Einblick in das Bl\u00fchfl\u00e4chenkonzept der Stadt Storkow (Mark).\" \/>\n<meta property=\"og:url\" content=\"https:\/\/www.naturparkmagazin.de\/dahme-heideseen\/onlineveranstaltung-storkow-blueht-auftaktveranstaltung-zum-bluehflaechenkonzept-der-stadt-storkow-mark\/\" \/>\n<meta property=\"og:site_name\" content=\"Naturpark Dahme-Heideseen\" \/>\n<meta property=\"article:published_time\" content=\"2022-01-19T09:11:01+00:00\" \/>\n<meta property=\"article:modified_time\" content=\"2022-01-25T10:10:27+00:00\" \/>\n<meta property=\"og:image\" content=\"https:\/\/www.naturparkmagazin.de\/dahme-heideseen\/wp-content\/uploads\/sites\/37\/DSC_0199.jpg\" \/>\n\t<meta property=\"og:image:width\" content=\"400\" \/>\n\t<meta property=\"og:image:height\" content=\"268\" \/>\n\t<meta property=\"og:image:type\" content=\"image\/jpeg\" \/>\n<meta name=\"author\" content=\"Astrid Osenbr\u00fcck\" \/>\n<meta name=\"twitter:label1\" content=\"Verfasst von\" \/>\n\t<meta name=\"twitter:data1\" content=\"Astrid Osenbr\u00fcck\" \/>\n<script type=\"application\/ld+json\" class=\"yoast-schema-graph\">{\"@context\":\"https:\/\/schema.org\",\"@graph\":[{\"@type\":\"WebPage\",\"@id\":\"https:\/\/www.naturparkmagazin.de\/dahme-heideseen\/onlineveranstaltung-storkow-blueht-auftaktveranstaltung-zum-bluehflaechenkonzept-der-stadt-storkow-mark\/\",\"url\":\"https:\/\/www.naturparkmagazin.de\/dahme-heideseen\/onlineveranstaltung-storkow-blueht-auftaktveranstaltung-zum-bluehflaechenkonzept-der-stadt-storkow-mark\/\",\"name\":\"Mach mit im Naturpark: Storkow bl\u00fcht - Auftaktveranstaltung zum Bl\u00fchfl\u00e4chenkonzept der Stadt Storkow (Mark) - Naturpark Dahme-Heideseen\",\"isPartOf\":{\"@id\":\"https:\/\/www.naturparkmagazin.de\/dahme-heideseen\/#website\"},\"datePublished\":\"2022-01-19T09:11:01+00:00\",\"dateModified\":\"2022-01-25T10:10:27+00:00\",\"author\":{\"@id\":\"https:\/\/www.naturparkmagazin.de\/dahme-heideseen\/#\/schema\/person\/a0510aafafdf8183c95fc98faf0c9f21\"},\"breadcrumb\":{\"@id\":\"https:\/\/www.naturparkmagazin.de\/dahme-heideseen\/onlineveranstaltung-storkow-blueht-auftaktveranstaltung-zum-bluehflaechenkonzept-der-stadt-storkow-mark\/#breadcrumb\"},\"inLanguage\":\"de\",\"potentialAction\":[{\"@type\":\"ReadAction\",\"target\":[\"https:\/\/www.naturparkmagazin.de\/dahme-heideseen\/onlineveranstaltung-storkow-blueht-auftaktveranstaltung-zum-bluehflaechenkonzept-der-stadt-storkow-mark\/\"]}]},{\"@type\":\"BreadcrumbList\",\"@id\":\"https:\/\/www.naturparkmagazin.de\/dahme-heideseen\/onlineveranstaltung-storkow-blueht-auftaktveranstaltung-zum-bluehflaechenkonzept-der-stadt-storkow-mark\/#breadcrumb\",\"itemListElement\":[{\"@type\":\"ListItem\",\"position\":1,\"name\":\"Home\",\"item\":\"https:\/\/www.naturparkmagazin.de\/dahme-heideseen\/\"},{\"@type\":\"ListItem\",\"position\":2,\"name\":\"Mach mit im Naturpark: Storkow bl\u00fcht &#8211; Auftaktveranstaltung zum Bl\u00fchfl\u00e4chenkonzept der Stadt Storkow (Mark)\"}]},{\"@type\":\"WebSite\",\"@id\":\"https:\/\/www.naturparkmagazin.de\/dahme-heideseen\/#website\",\"url\":\"https:\/\/www.naturparkmagazin.de\/dahme-heideseen\/\",\"name\":\"Naturpark Dahme-Heideseen\",\"description\":\"\",\"potentialAction\":[{\"@type\":\"SearchAction\",\"target\":{\"@type\":\"EntryPoint\",\"urlTemplate\":\"https:\/\/www.naturparkmagazin.de\/dahme-heideseen\/?s={search_term_string}\"},\"query-input\":\"required name=search_term_string\"}],\"inLanguage\":\"de\"},{\"@type\":\"Person\",\"@id\":\"https:\/\/www.naturparkmagazin.de\/dahme-heideseen\/#\/schema\/person\/a0510aafafdf8183c95fc98faf0c9f21\",\"name\":\"Astrid Osenbr\u00fcck\",\"sameAs\":[\"http:\/\/www.dahme-heideseen-naturpark.de\"],\"url\":\"https:\/\/www.naturparkmagazin.de\/dahme-heideseen\/author\/astridosenbrueck\/\"}]}<\/script>\n<!-- \/ Yoast SEO plugin. -->","yoast_head_json":{"title":"Mach mit im Naturpark: Storkow bl\u00fcht - Auftaktveranstaltung zum Bl\u00fchfl\u00e4chenkonzept der Stadt Storkow (Mark) - Naturpark Dahme-Heideseen","robots":{"index":"index","follow":"follow","max-snippet":"max-snippet:-1","max-image-preview":"max-image-preview:large","max-video-preview":"max-video-preview:-1"},"canonical":"https:\/\/www.naturparkmagazin.de\/dahme-heideseen\/onlineveranstaltung-storkow-blueht-auftaktveranstaltung-zum-bluehflaechenkonzept-der-stadt-storkow-mark\/","og_locale":"de_DE","og_type":"article","og_title":"Mach mit im Naturpark: Storkow bl\u00fcht - Auftaktveranstaltung zum Bl\u00fchfl\u00e4chenkonzept der Stadt Storkow (Mark) - Naturpark Dahme-Heideseen","og_description":"Erhalten Sie in diesem Online Informations-Seminar einen Einblick in das Bl\u00fchfl\u00e4chenkonzept der Stadt Storkow (Mark).","og_url":"https:\/\/www.naturparkmagazin.de\/dahme-heideseen\/onlineveranstaltung-storkow-blueht-auftaktveranstaltung-zum-bluehflaechenkonzept-der-stadt-storkow-mark\/","og_site_name":"Naturpark Dahme-Heideseen","article_published_time":"2022-01-19T09:11:01+00:00","article_modified_time":"2022-01-25T10:10:27+00:00","og_image":[{"width":400,"height":268,"url":"https:\/\/www.naturparkmagazin.de\/dahme-heideseen\/wp-content\/uploads\/sites\/37\/DSC_0199.jpg","type":"image\/jpeg"}],"author":"Astrid Osenbr\u00fcck","twitter_misc":{"Verfasst von":"Astrid Osenbr\u00fcck"},"schema":{"@context":"https:\/\/schema.org","@graph":[{"@type":"WebPage","@id":"https:\/\/www.naturparkmagazin.de\/dahme-heideseen\/onlineveranstaltung-storkow-blueht-auftaktveranstaltung-zum-bluehflaechenkonzept-der-stadt-storkow-mark\/","url":"https:\/\/www.naturparkmagazin.de\/dahme-heideseen\/onlineveranstaltung-storkow-blueht-auftaktveranstaltung-zum-bluehflaechenkonzept-der-stadt-storkow-mark\/","name":"Mach mit im Naturpark: Storkow bl\u00fcht - Auftaktveranstaltung zum Bl\u00fchfl\u00e4chenkonzept der Stadt Storkow (Mark) - Naturpark Dahme-Heideseen","isPartOf":{"@id":"https:\/\/www.naturparkmagazin.de\/dahme-heideseen\/#website"},"datePublished":"2022-01-19T09:11:01+00:00","dateModified":"2022-01-25T10:10:27+00:00","author":{"@id":"https:\/\/www.naturparkmagazin.de\/dahme-heideseen\/#\/schema\/person\/a0510aafafdf8183c95fc98faf0c9f21"},"breadcrumb":{"@id":"https:\/\/www.naturparkmagazin.de\/dahme-heideseen\/onlineveranstaltung-storkow-blueht-auftaktveranstaltung-zum-bluehflaechenkonzept-der-stadt-storkow-mark\/#breadcrumb"},"inLanguage":"de","potentialAction":[{"@type":"ReadAction","target":["https:\/\/www.naturparkmagazin.de\/dahme-heideseen\/onlineveranstaltung-storkow-blueht-auftaktveranstaltung-zum-bluehflaechenkonzept-der-stadt-storkow-mark\/"]}]},{"@type":"BreadcrumbList","@id":"https:\/\/www.naturparkmagazin.de\/dahme-heideseen\/onlineveranstaltung-storkow-blueht-auftaktveranstaltung-zum-bluehflaechenkonzept-der-stadt-storkow-mark\/#breadcrumb","itemListElement":[{"@type":"ListItem","position":1,"name":"Home","item":"https:\/\/www.naturparkmagazin.de\/dahme-heideseen\/"},{"@type":"ListItem","position":2,"name":"Mach mit im Naturpark: Storkow bl\u00fcht &#8211; Auftaktveranstaltung zum Bl\u00fchfl\u00e4chenkonzept der Stadt Storkow (Mark)"}]},{"@type":"WebSite","@id":"https:\/\/www.naturparkmagazin.de\/dahme-heideseen\/#website","url":"https:\/\/www.naturparkmagazin.de\/dahme-heideseen\/","name":"Naturpark Dahme-Heideseen","description":"","potentialAction":[{"@type":"SearchAction","target":{"@type":"EntryPoint","urlTemplate":"https:\/\/www.naturparkmagazin.de\/dahme-heideseen\/?s={search_term_string}"},"query-input":"required name=search_term_string"}],"inLanguage":"de"},{"@type":"Person","@id":"https:\/\/www.naturparkmagazin.de\/dahme-heideseen\/#\/schema\/person\/a0510aafafdf8183c95fc98faf0c9f21","name":"Astrid Osenbr\u00fcck","sameAs":["http:\/\/www.dahme-heideseen-naturpark.de"],"url":"https:\/\/www.naturparkmagazin.de\/dahme-heideseen\/author\/astridosenbrueck\/"}]}},"_links":{"self":[{"href":"https:\/\/www.naturparkmagazin.de\/dahme-heideseen\/wp-json\/wp\/v2\/posts\/4079"}],"collection":[{"href":"https:\/\/www.naturparkmagazin.de\/dahme-heideseen\/wp-json\/wp\/v2\/posts"}],"about":[{"href":"https:\/\/www.naturparkmagazin.de\/dahme-heideseen\/wp-json\/wp\/v2\/types\/post"}],"author":[{"embeddable":true,"href":"https:\/\/www.naturparkmagazin.de\/dahme-heideseen\/wp-json\/wp\/v2\/users\/83"}],"replies":[{"embeddable":true,"href":"https:\/\/www.naturparkmagazin.de\/dahme-heideseen\/wp-json\/wp\/v2\/comments?post=4079"}],"version-history":[{"count":4,"href":"https:\/\/www.naturparkmagazin.de\/dahme-heideseen\/wp-json\/wp\/v2\/posts\/4079\/revisions"}],"predecessor-version":[{"id":4119,"href":"https:\/\/www.naturparkmagazin.de\/dahme-heideseen\/wp-json\/wp\/v2\/posts\/4079\/revisions\/4119"}],"wp:featuredmedia":[{"embeddable":true,"href":"https:\/\/www.naturparkmagazin.de\/dahme-heideseen\/wp-json\/wp\/v2\/media\/4080"}],"wp:attachment":[{"href":"https:\/\/www.naturparkmagazin.de\/dahme-heideseen\/wp-json\/wp\/v2\/media?parent=4079"}],"wp:term":[{"taxonomy":"category","embeddable":true,"href":"https:\/\/www.naturparkmagazin.de\/dahme-heideseen\/wp-json\/wp\/v2\/categories?post=4079"},{"taxonomy":"post_tag","embeddable":true,"href":"https:\/\/www.naturparkmagazin.de\/dahme-heideseen\/wp-json\/wp\/v2\/tags?post=4079"}],"curies":[{"name":"wp","href":"https:\/\/api.w.org\/{rel}","templated":true}]}}