{"id":4098,"date":"2022-01-19T11:34:08","date_gmt":"2022-01-19T10:34:08","guid":{"rendered":"https:\/\/www.naturparkmagazin.de\/dahme-heideseen\/?p=4098"},"modified":"2022-01-25T11:08:55","modified_gmt":"2022-01-25T10:08:55","slug":"praxisseminar-baumschnitt-an-altbaeumen","status":"publish","type":"post","link":"https:\/\/www.naturparkmagazin.de\/dahme-heideseen\/praxisseminar-baumschnitt-an-altbaeumen\/","title":{"rendered":"Du und Dein Garten im Naturpark: Baumschnitt an Altb\u00e4umen (Praxisseminar)"},"content":{"rendered":"<p>Veranstaltungsreihe &#8222;Du und Dein Garten im Naturpark&#8220;<\/p>\n<p>Praxisseminar: Baumschnitt an Altb\u00e4umen<\/p>\n<p>Bei dem Praxisseminar zur Kunst des Baumschnitts zeigt der Gartenbauingenieur und ehemalige g\u00e4rtnerische Leiter des Biogarten Prieros, Franz Heitzendorfer, Erhaltungs- und Verj\u00fcngungsschnitte an alten B\u00e4umen. Es werden die\u00a0wichtigsten Schnittregeln, Schnitttechniken und Werkzeuge gezeigt.<\/p>\n<p>Anmeldungen bitte bis sp\u00e4testens einen Tag vor der Veranstaltung. <a href=\"https:\/\/www.storkow-mark.de\/veranstaltungen\/index.php\" target=\"_blank\">Alle Informationen zur Veranstaltung hier.<\/a><\/p>\n<p><strong>Termin<\/strong>\nSo., 26. Februar, 10 Uhr<\/p>\n<p><strong>Veranstalter<\/strong>\nBesucherinformationszentrum Naturpark Dahme-Heideseen\nSchlo\u00dfstra\u00dfe 6\n15859 Storkow (Mark)\n033678\/73228\nbesucherzentrum@storkow.de\nwww.storkow.de<\/p>\n","protected":false},"excerpt":{"rendered":"<p>Bei dem Praxisseminar zur Kunst des Baumschnitts zeigt der Gartenbauingenieur und ehemalige g\u00e4rtnerische Leiter des Biogarten Prieros, Franz Heitzendorfer, Erziehungs- und Erhaltungsschnitte an alten B\u00e4umen. Es werden die wichtigsten Schnittregeln, Schnitttechniken und Werkzeuge gezeigt.<\/p>\n","protected":false},"author":83,"featured_media":4099,"comment_status":"open","ping_status":"open","sticky":false,"template":"","format":"standard","meta":[],"categories":[11],"tags":[],"yoast_head":"<!-- This site is optimized with the Yoast SEO plugin v19.10 - https:\/\/yoast.com\/wordpress\/plugins\/seo\/ -->\n<title>Du und Dein Garten im Naturpark: Baumschnitt an Altb\u00e4umen (Praxisseminar) - Naturpark Dahme-Heideseen<\/title>\n<meta name=\"robots\" content=\"index, follow, max-snippet:-1, max-image-preview:large, max-video-preview:-1\" \/>\n<link rel=\"canonical\" href=\"https:\/\/www.naturparkmagazin.de\/dahme-heideseen\/praxisseminar-baumschnitt-an-altbaeumen\/\" \/>\n<meta property=\"og:locale\" content=\"de_DE\" \/>\n<meta property=\"og:type\" content=\"article\" \/>\n<meta property=\"og:title\" content=\"Du und Dein Garten im Naturpark: Baumschnitt an Altb\u00e4umen (Praxisseminar) - Naturpark Dahme-Heideseen\" \/>\n<meta property=\"og:description\" content=\"Bei dem Praxisseminar zur Kunst des Baumschnitts zeigt der Gartenbauingenieur und ehemalige g\u00e4rtnerische Leiter des Biogarten Prieros, Franz Heitzendorfer, Erziehungs- und Erhaltungsschnitte an alten B\u00e4umen. Es werden die wichtigsten Schnittregeln, Schnitttechniken und Werkzeuge gezeigt.\" \/>\n<meta property=\"og:url\" content=\"https:\/\/www.naturparkmagazin.de\/dahme-heideseen\/praxisseminar-baumschnitt-an-altbaeumen\/\" \/>\n<meta property=\"og:site_name\" content=\"Naturpark Dahme-Heideseen\" \/>\n<meta property=\"article:published_time\" content=\"2022-01-19T10:34:08+00:00\" \/>\n<meta property=\"article:modified_time\" content=\"2022-01-25T10:08:55+00:00\" \/>\n<meta property=\"og:image\" content=\"https:\/\/www.naturparkmagazin.de\/dahme-heideseen\/wp-content\/uploads\/sites\/37\/garden-g4b835992f_640.jpg\" \/>\n\t<meta property=\"og:image:width\" content=\"640\" \/>\n\t<meta property=\"og:image:height\" content=\"426\" \/>\n\t<meta property=\"og:image:type\" content=\"image\/jpeg\" \/>\n<meta name=\"author\" content=\"Astrid Osenbr\u00fcck\" \/>\n<meta name=\"twitter:label1\" content=\"Verfasst von\" \/>\n\t<meta name=\"twitter:data1\" content=\"Astrid Osenbr\u00fcck\" \/>\n<script type=\"application\/ld+json\" class=\"yoast-schema-graph\">{\"@context\":\"https:\/\/schema.org\",\"@graph\":[{\"@type\":\"WebPage\",\"@id\":\"https:\/\/www.naturparkmagazin.de\/dahme-heideseen\/praxisseminar-baumschnitt-an-altbaeumen\/\",\"url\":\"https:\/\/www.naturparkmagazin.de\/dahme-heideseen\/praxisseminar-baumschnitt-an-altbaeumen\/\",\"name\":\"Du und Dein Garten im Naturpark: Baumschnitt an Altb\u00e4umen (Praxisseminar) - Naturpark Dahme-Heideseen\",\"isPartOf\":{\"@id\":\"https:\/\/www.naturparkmagazin.de\/dahme-heideseen\/#website\"},\"datePublished\":\"2022-01-19T10:34:08+00:00\",\"dateModified\":\"2022-01-25T10:08:55+00:00\",\"author\":{\"@id\":\"https:\/\/www.naturparkmagazin.de\/dahme-heideseen\/#\/schema\/person\/a0510aafafdf8183c95fc98faf0c9f21\"},\"breadcrumb\":{\"@id\":\"https:\/\/www.naturparkmagazin.de\/dahme-heideseen\/praxisseminar-baumschnitt-an-altbaeumen\/#breadcrumb\"},\"inLanguage\":\"de\",\"potentialAction\":[{\"@type\":\"ReadAction\",\"target\":[\"https:\/\/www.naturparkmagazin.de\/dahme-heideseen\/praxisseminar-baumschnitt-an-altbaeumen\/\"]}]},{\"@type\":\"BreadcrumbList\",\"@id\":\"https:\/\/www.naturparkmagazin.de\/dahme-heideseen\/praxisseminar-baumschnitt-an-altbaeumen\/#breadcrumb\",\"itemListElement\":[{\"@type\":\"ListItem\",\"position\":1,\"name\":\"Home\",\"item\":\"https:\/\/www.naturparkmagazin.de\/dahme-heideseen\/\"},{\"@type\":\"ListItem\",\"position\":2,\"name\":\"Du und Dein Garten im Naturpark: Baumschnitt an Altb\u00e4umen (Praxisseminar)\"}]},{\"@type\":\"WebSite\",\"@id\":\"https:\/\/www.naturparkmagazin.de\/dahme-heideseen\/#website\",\"url\":\"https:\/\/www.naturparkmagazin.de\/dahme-heideseen\/\",\"name\":\"Naturpark Dahme-Heideseen\",\"description\":\"\",\"potentialAction\":[{\"@type\":\"SearchAction\",\"target\":{\"@type\":\"EntryPoint\",\"urlTemplate\":\"https:\/\/www.naturparkmagazin.de\/dahme-heideseen\/?s={search_term_string}\"},\"query-input\":\"required name=search_term_string\"}],\"inLanguage\":\"de\"},{\"@type\":\"Person\",\"@id\":\"https:\/\/www.naturparkmagazin.de\/dahme-heideseen\/#\/schema\/person\/a0510aafafdf8183c95fc98faf0c9f21\",\"name\":\"Astrid Osenbr\u00fcck\",\"sameAs\":[\"http:\/\/www.dahme-heideseen-naturpark.de\"],\"url\":\"https:\/\/www.naturparkmagazin.de\/dahme-heideseen\/author\/astridosenbrueck\/\"}]}<\/script>\n<!-- \/ Yoast SEO plugin. -->","yoast_head_json":{"title":"Du und Dein Garten im Naturpark: Baumschnitt an Altb\u00e4umen (Praxisseminar) - Naturpark Dahme-Heideseen","robots":{"index":"index","follow":"follow","max-snippet":"max-snippet:-1","max-image-preview":"max-image-preview:large","max-video-preview":"max-video-preview:-1"},"canonical":"https:\/\/www.naturparkmagazin.de\/dahme-heideseen\/praxisseminar-baumschnitt-an-altbaeumen\/","og_locale":"de_DE","og_type":"article","og_title":"Du und Dein Garten im Naturpark: Baumschnitt an Altb\u00e4umen (Praxisseminar) - Naturpark Dahme-Heideseen","og_description":"Bei dem Praxisseminar zur Kunst des Baumschnitts zeigt der Gartenbauingenieur und ehemalige g\u00e4rtnerische Leiter des Biogarten Prieros, Franz Heitzendorfer, Erziehungs- und Erhaltungsschnitte an alten B\u00e4umen. Es werden die wichtigsten Schnittregeln, Schnitttechniken und Werkzeuge gezeigt.","og_url":"https:\/\/www.naturparkmagazin.de\/dahme-heideseen\/praxisseminar-baumschnitt-an-altbaeumen\/","og_site_name":"Naturpark Dahme-Heideseen","article_published_time":"2022-01-19T10:34:08+00:00","article_modified_time":"2022-01-25T10:08:55+00:00","og_image":[{"width":640,"height":426,"url":"https:\/\/www.naturparkmagazin.de\/dahme-heideseen\/wp-content\/uploads\/sites\/37\/garden-g4b835992f_640.jpg","type":"image\/jpeg"}],"author":"Astrid Osenbr\u00fcck","twitter_misc":{"Verfasst von":"Astrid Osenbr\u00fcck"},"schema":{"@context":"https:\/\/schema.org","@graph":[{"@type":"WebPage","@id":"https:\/\/www.naturparkmagazin.de\/dahme-heideseen\/praxisseminar-baumschnitt-an-altbaeumen\/","url":"https:\/\/www.naturparkmagazin.de\/dahme-heideseen\/praxisseminar-baumschnitt-an-altbaeumen\/","name":"Du und Dein Garten im Naturpark: Baumschnitt an Altb\u00e4umen (Praxisseminar) - Naturpark Dahme-Heideseen","isPartOf":{"@id":"https:\/\/www.naturparkmagazin.de\/dahme-heideseen\/#website"},"datePublished":"2022-01-19T10:34:08+00:00","dateModified":"2022-01-25T10:08:55+00:00","author":{"@id":"https:\/\/www.naturparkmagazin.de\/dahme-heideseen\/#\/schema\/person\/a0510aafafdf8183c95fc98faf0c9f21"},"breadcrumb":{"@id":"https:\/\/www.naturparkmagazin.de\/dahme-heideseen\/praxisseminar-baumschnitt-an-altbaeumen\/#breadcrumb"},"inLanguage":"de","potentialAction":[{"@type":"ReadAction","target":["https:\/\/www.naturparkmagazin.de\/dahme-heideseen\/praxisseminar-baumschnitt-an-altbaeumen\/"]}]},{"@type":"BreadcrumbList","@id":"https:\/\/www.naturparkmagazin.de\/dahme-heideseen\/praxisseminar-baumschnitt-an-altbaeumen\/#breadcrumb","itemListElement":[{"@type":"ListItem","position":1,"name":"Home","item":"https:\/\/www.naturparkmagazin.de\/dahme-heideseen\/"},{"@type":"ListItem","position":2,"name":"Du und Dein Garten im Naturpark: Baumschnitt an Altb\u00e4umen (Praxisseminar)"}]},{"@type":"WebSite","@id":"https:\/\/www.naturparkmagazin.de\/dahme-heideseen\/#website","url":"https:\/\/www.naturparkmagazin.de\/dahme-heideseen\/","name":"Naturpark Dahme-Heideseen","description":"","potentialAction":[{"@type":"SearchAction","target":{"@type":"EntryPoint","urlTemplate":"https:\/\/www.naturparkmagazin.de\/dahme-heideseen\/?s={search_term_string}"},"query-input":"required name=search_term_string"}],"inLanguage":"de"},{"@type":"Person","@id":"https:\/\/www.naturparkmagazin.de\/dahme-heideseen\/#\/schema\/person\/a0510aafafdf8183c95fc98faf0c9f21","name":"Astrid Osenbr\u00fcck","sameAs":["http:\/\/www.dahme-heideseen-naturpark.de"],"url":"https:\/\/www.naturparkmagazin.de\/dahme-heideseen\/author\/astridosenbrueck\/"}]}},"_links":{"self":[{"href":"https:\/\/www.naturparkmagazin.de\/dahme-heideseen\/wp-json\/wp\/v2\/posts\/4098"}],"collection":[{"href":"https:\/\/www.naturparkmagazin.de\/dahme-heideseen\/wp-json\/wp\/v2\/posts"}],"about":[{"href":"https:\/\/www.naturparkmagazin.de\/dahme-heideseen\/wp-json\/wp\/v2\/types\/post"}],"author":[{"embeddable":true,"href":"https:\/\/www.naturparkmagazin.de\/dahme-heideseen\/wp-json\/wp\/v2\/users\/83"}],"replies":[{"embeddable":true,"href":"https:\/\/www.naturparkmagazin.de\/dahme-heideseen\/wp-json\/wp\/v2\/comments?post=4098"}],"version-history":[{"count":5,"href":"https:\/\/www.naturparkmagazin.de\/dahme-heideseen\/wp-json\/wp\/v2\/posts\/4098\/revisions"}],"predecessor-version":[{"id":4116,"href":"https:\/\/www.naturparkmagazin.de\/dahme-heideseen\/wp-json\/wp\/v2\/posts\/4098\/revisions\/4116"}],"wp:featuredmedia":[{"embeddable":true,"href":"https:\/\/www.naturparkmagazin.de\/dahme-heideseen\/wp-json\/wp\/v2\/media\/4099"}],"wp:attachment":[{"href":"https:\/\/www.naturparkmagazin.de\/dahme-heideseen\/wp-json\/wp\/v2\/media?parent=4098"}],"wp:term":[{"taxonomy":"category","embeddable":true,"href":"https:\/\/www.naturparkmagazin.de\/dahme-heideseen\/wp-json\/wp\/v2\/categories?post=4098"},{"taxonomy":"post_tag","embeddable":true,"href":"https:\/\/www.naturparkmagazin.de\/dahme-heideseen\/wp-json\/wp\/v2\/tags?post=4098"}],"curies":[{"name":"wp","href":"https:\/\/api.w.org\/{rel}","templated":true}]}}