{"id":4137,"date":"2022-02-22T10:41:57","date_gmt":"2022-02-22T09:41:57","guid":{"rendered":"https:\/\/www.naturparkmagazin.de\/dahme-heideseen\/?p=4137"},"modified":"2022-02-22T10:41:57","modified_gmt":"2022-02-22T09:41:57","slug":"monitoring-von-winterquartieren-fuer-fledermaeuse-im-naturpark-dahme-heideseen-abgeschlossen","status":"publish","type":"post","link":"https:\/\/www.naturparkmagazin.de\/dahme-heideseen\/monitoring-von-winterquartieren-fuer-fledermaeuse-im-naturpark-dahme-heideseen-abgeschlossen\/","title":{"rendered":"Monitoring von Winterquartieren f\u00fcr Flederm\u00e4use im Naturpark Dahme-Heideseen abgeschlossen"},"content":{"rendered":"<p><a href=\"https:\/\/www.dahme-heideseen-naturpark.de\/unser-auftrag\/natura-2000\/tier-und-pflanzenarten-der-ffh-richtlinie\/\" target=\"_blank\">Flederm\u00e4use<\/a> ern\u00e4hren sich von Insekten, die viele Arten im Flug erbeuten. In den Wintermonaten finden sie kaum Nahrung, deshalb suchen sie zeitig im Herbst Quartiere, um ungest\u00f6rt den Winter zu verschlafen. Die meisten Flederm\u00e4use fliegen in den S\u00fcden &#8211; zum Beispiel in die vielen Bergh\u00f6hlen. Aber auch bei uns k\u00f6nnen Flederm\u00e4use in Eiskellern, ehemaligen Bunkern oder Brunnenh\u00e4usern \u00fcberwintern.<\/p>\n<p>&nbsp;<\/p>\n<div id=\"attachment_4139\" style=\"width: 630px\" class=\"wp-caption alignnone\"><a href=\"https:\/\/www.naturparkmagazin.de\/dahme-heideseen\/wp-content\/uploads\/sites\/37\/Fledermausmonitoring-Bundesforst-2022-09-02-x1b.jpg\"><img aria-describedby=\"caption-attachment-4139\" decoding=\"async\" loading=\"lazy\" class=\"size-medium wp-image-4139\" src=\"https:\/\/www.naturparkmagazin.de\/dahme-heideseen\/wp-content\/uploads\/sites\/37\/Fledermausmonitoring-Bundesforst-2022-09-02-x1b-620x414.jpg\" alt=\"Kontrolle der Winterquartiere der Flederm\u00e4use im Naturpark (\u00a9 Carsten Preu\u00df)\" width=\"620\" height=\"414\" srcset=\"https:\/\/www.naturparkmagazin.de\/dahme-heideseen\/wp-content\/uploads\/sites\/37\/Fledermausmonitoring-Bundesforst-2022-09-02-x1b-620x414.jpg 620w, https:\/\/www.naturparkmagazin.de\/dahme-heideseen\/wp-content\/uploads\/sites\/37\/Fledermausmonitoring-Bundesforst-2022-09-02-x1b-300x200.jpg 300w, https:\/\/www.naturparkmagazin.de\/dahme-heideseen\/wp-content\/uploads\/sites\/37\/Fledermausmonitoring-Bundesforst-2022-09-02-x1b-940x627.jpg 940w, https:\/\/www.naturparkmagazin.de\/dahme-heideseen\/wp-content\/uploads\/sites\/37\/Fledermausmonitoring-Bundesforst-2022-09-02-x1b-670x447.jpg 670w, https:\/\/www.naturparkmagazin.de\/dahme-heideseen\/wp-content\/uploads\/sites\/37\/Fledermausmonitoring-Bundesforst-2022-09-02-x1b-200x133.jpg 200w, https:\/\/www.naturparkmagazin.de\/dahme-heideseen\/wp-content\/uploads\/sites\/37\/Fledermausmonitoring-Bundesforst-2022-09-02-x1b.jpg 1037w\" sizes=\"(max-width: 620px) 100vw, 620px\" \/><\/a><p id=\"caption-attachment-4139\" class=\"wp-caption-text\">Kontrolle der Winterquartiere der Flederm\u00e4use im Naturpark (\u00a9 Carsten Preu\u00df)<\/p><\/div>\n<p>Jeden Winter werden die bekannten Fledermauswinterquartiere im Naturpark Dahme-Heideseen kontrolliert. Dabei wird das Artenspektrum und die Anzahl der \u00fcberwinternden Flederm\u00e4use erfasst. In diesem Jahr begleiten auch Bundesfreiwillige des Naturparks und Bundesf\u00f6rsterInnen den Experten Tobias Teige bei den Kontrollen auf durch den Bundesforstbetrieb Havel-Oder-Spree betreuten Fl\u00e4chen. Oft sind es Kirchen und alte Gew\u00f6lbekeller in denen die Tiere die nahrungsarme Zeit \u00fcberdauern. Sie h\u00e4ngen dabei keinesfalls immer frei an der Decke, sondern schlafen in kleinsten Mauerritzen und sind nur schwer zu entdecken.<\/p>\n<p>&nbsp;<\/p>\n<p>In diesem Jahr sind es in einigen Quartieren etwas weniger Tiere, was wohl auf den warmen Winter zur\u00fcckzuf\u00fchren ist. Bei milder Witterung sind sie drau\u00dfen aktiv und wechseln zwischen den Quartieren. In sogenannten Zwischenquartieren wie Baumh\u00f6hlen oder Geb\u00e4uden, verbringen sie w\u00e4rmeren Phasen. Wird es wieder k\u00e4lter, fliegen die Nachtj\u00e4ger zur\u00fcck in ihre frostsicheren Quartiere.<\/p>\n<p>Dabei wurde am h\u00e4ufigsten das Braune Langohr gez\u00e4hlt und die nicht so h\u00e4ufige Mopsfledermaus. Der kleine Bestand der Mopsfledermaus ist sogar gr\u00f6\u00dfer geworden. Zudem wurden die Fransenfledermaus und drei weitere Arten festgestellt. Damit wird deutlich, dass neben der Sicherung von Sommerquartieren und Wochenstuben auch Winterquartiere eine wichtige Rolle im Fledermausschutz spielen.<\/p>\n<p>Von den 25 Fledermausarten die in Deutschland leben, kommen 18 auch in Brandenburg vor. Im Naturpark Dahme-Heideseen sind es 16.<\/p>\n","protected":false},"excerpt":{"rendered":"<p>Jeden Winter werden die bekannten Fledermauswinterquartiere im Naturpark Dahme-Heideseen kontrolliert. Dabei wird das Artenspektrum und die Anzahl der \u00fcberwinternden Flederm\u00e4use erfasst. <\/p>\n","protected":false},"author":83,"featured_media":4138,"comment_status":"open","ping_status":"open","sticky":false,"template":"","format":"standard","meta":[],"categories":[7],"tags":[1213],"yoast_head":"<!-- This site is optimized with the Yoast SEO plugin v19.10 - https:\/\/yoast.com\/wordpress\/plugins\/seo\/ -->\n<title>Monitoring von Winterquartieren f\u00fcr Flederm\u00e4use im Naturpark Dahme-Heideseen abgeschlossen - Naturpark Dahme-Heideseen<\/title>\n<meta name=\"robots\" content=\"index, follow, max-snippet:-1, max-image-preview:large, max-video-preview:-1\" \/>\n<link rel=\"canonical\" href=\"https:\/\/www.naturparkmagazin.de\/dahme-heideseen\/monitoring-von-winterquartieren-fuer-fledermaeuse-im-naturpark-dahme-heideseen-abgeschlossen\/\" \/>\n<meta property=\"og:locale\" content=\"de_DE\" \/>\n<meta property=\"og:type\" content=\"article\" \/>\n<meta property=\"og:title\" content=\"Monitoring von Winterquartieren f\u00fcr Flederm\u00e4use im Naturpark Dahme-Heideseen abgeschlossen - Naturpark Dahme-Heideseen\" \/>\n<meta property=\"og:description\" content=\"Jeden Winter werden die bekannten Fledermauswinterquartiere im Naturpark Dahme-Heideseen kontrolliert. Dabei wird das Artenspektrum und die Anzahl der \u00fcberwinternden Flederm\u00e4use erfasst.\" \/>\n<meta property=\"og:url\" content=\"https:\/\/www.naturparkmagazin.de\/dahme-heideseen\/monitoring-von-winterquartieren-fuer-fledermaeuse-im-naturpark-dahme-heideseen-abgeschlossen\/\" \/>\n<meta property=\"og:site_name\" content=\"Naturpark Dahme-Heideseen\" \/>\n<meta property=\"article:published_time\" content=\"2022-02-22T09:41:57+00:00\" \/>\n<meta property=\"og:image\" content=\"https:\/\/www.naturparkmagazin.de\/dahme-heideseen\/wp-content\/uploads\/sites\/37\/Fledermausmonitoring-Bundesforst-2022-09-02-o10.jpg\" \/>\n\t<meta property=\"og:image:width\" content=\"1347\" \/>\n\t<meta property=\"og:image:height\" content=\"898\" \/>\n\t<meta property=\"og:image:type\" content=\"image\/jpeg\" \/>\n<meta name=\"author\" content=\"Astrid Osenbr\u00fcck\" \/>\n<meta name=\"twitter:label1\" content=\"Verfasst von\" \/>\n\t<meta name=\"twitter:data1\" content=\"Astrid Osenbr\u00fcck\" \/>\n\t<meta name=\"twitter:label2\" content=\"Gesch\u00e4tzte Lesezeit\" \/>\n\t<meta name=\"twitter:data2\" content=\"2\u00a0Minuten\" \/>\n<script type=\"application\/ld+json\" class=\"yoast-schema-graph\">{\"@context\":\"https:\/\/schema.org\",\"@graph\":[{\"@type\":\"WebPage\",\"@id\":\"https:\/\/www.naturparkmagazin.de\/dahme-heideseen\/monitoring-von-winterquartieren-fuer-fledermaeuse-im-naturpark-dahme-heideseen-abgeschlossen\/\",\"url\":\"https:\/\/www.naturparkmagazin.de\/dahme-heideseen\/monitoring-von-winterquartieren-fuer-fledermaeuse-im-naturpark-dahme-heideseen-abgeschlossen\/\",\"name\":\"Monitoring von Winterquartieren f\u00fcr Flederm\u00e4use im Naturpark Dahme-Heideseen abgeschlossen - Naturpark Dahme-Heideseen\",\"isPartOf\":{\"@id\":\"https:\/\/www.naturparkmagazin.de\/dahme-heideseen\/#website\"},\"datePublished\":\"2022-02-22T09:41:57+00:00\",\"dateModified\":\"2022-02-22T09:41:57+00:00\",\"author\":{\"@id\":\"https:\/\/www.naturparkmagazin.de\/dahme-heideseen\/#\/schema\/person\/a0510aafafdf8183c95fc98faf0c9f21\"},\"breadcrumb\":{\"@id\":\"https:\/\/www.naturparkmagazin.de\/dahme-heideseen\/monitoring-von-winterquartieren-fuer-fledermaeuse-im-naturpark-dahme-heideseen-abgeschlossen\/#breadcrumb\"},\"inLanguage\":\"de\",\"potentialAction\":[{\"@type\":\"ReadAction\",\"target\":[\"https:\/\/www.naturparkmagazin.de\/dahme-heideseen\/monitoring-von-winterquartieren-fuer-fledermaeuse-im-naturpark-dahme-heideseen-abgeschlossen\/\"]}]},{\"@type\":\"BreadcrumbList\",\"@id\":\"https:\/\/www.naturparkmagazin.de\/dahme-heideseen\/monitoring-von-winterquartieren-fuer-fledermaeuse-im-naturpark-dahme-heideseen-abgeschlossen\/#breadcrumb\",\"itemListElement\":[{\"@type\":\"ListItem\",\"position\":1,\"name\":\"Home\",\"item\":\"https:\/\/www.naturparkmagazin.de\/dahme-heideseen\/\"},{\"@type\":\"ListItem\",\"position\":2,\"name\":\"Monitoring von Winterquartieren f\u00fcr Flederm\u00e4use im Naturpark Dahme-Heideseen abgeschlossen\"}]},{\"@type\":\"WebSite\",\"@id\":\"https:\/\/www.naturparkmagazin.de\/dahme-heideseen\/#website\",\"url\":\"https:\/\/www.naturparkmagazin.de\/dahme-heideseen\/\",\"name\":\"Naturpark Dahme-Heideseen\",\"description\":\"\",\"potentialAction\":[{\"@type\":\"SearchAction\",\"target\":{\"@type\":\"EntryPoint\",\"urlTemplate\":\"https:\/\/www.naturparkmagazin.de\/dahme-heideseen\/?s={search_term_string}\"},\"query-input\":\"required name=search_term_string\"}],\"inLanguage\":\"de\"},{\"@type\":\"Person\",\"@id\":\"https:\/\/www.naturparkmagazin.de\/dahme-heideseen\/#\/schema\/person\/a0510aafafdf8183c95fc98faf0c9f21\",\"name\":\"Astrid Osenbr\u00fcck\",\"sameAs\":[\"http:\/\/www.dahme-heideseen-naturpark.de\"],\"url\":\"https:\/\/www.naturparkmagazin.de\/dahme-heideseen\/author\/astridosenbrueck\/\"}]}<\/script>\n<!-- \/ Yoast SEO plugin. -->","yoast_head_json":{"title":"Monitoring von Winterquartieren f\u00fcr Flederm\u00e4use im Naturpark Dahme-Heideseen abgeschlossen - Naturpark Dahme-Heideseen","robots":{"index":"index","follow":"follow","max-snippet":"max-snippet:-1","max-image-preview":"max-image-preview:large","max-video-preview":"max-video-preview:-1"},"canonical":"https:\/\/www.naturparkmagazin.de\/dahme-heideseen\/monitoring-von-winterquartieren-fuer-fledermaeuse-im-naturpark-dahme-heideseen-abgeschlossen\/","og_locale":"de_DE","og_type":"article","og_title":"Monitoring von Winterquartieren f\u00fcr Flederm\u00e4use im Naturpark Dahme-Heideseen abgeschlossen - Naturpark Dahme-Heideseen","og_description":"Jeden Winter werden die bekannten Fledermauswinterquartiere im Naturpark Dahme-Heideseen kontrolliert. Dabei wird das Artenspektrum und die Anzahl der \u00fcberwinternden Flederm\u00e4use erfasst.","og_url":"https:\/\/www.naturparkmagazin.de\/dahme-heideseen\/monitoring-von-winterquartieren-fuer-fledermaeuse-im-naturpark-dahme-heideseen-abgeschlossen\/","og_site_name":"Naturpark Dahme-Heideseen","article_published_time":"2022-02-22T09:41:57+00:00","og_image":[{"width":1347,"height":898,"url":"https:\/\/www.naturparkmagazin.de\/dahme-heideseen\/wp-content\/uploads\/sites\/37\/Fledermausmonitoring-Bundesforst-2022-09-02-o10.jpg","type":"image\/jpeg"}],"author":"Astrid Osenbr\u00fcck","twitter_misc":{"Verfasst von":"Astrid Osenbr\u00fcck","Gesch\u00e4tzte Lesezeit":"2\u00a0Minuten"},"schema":{"@context":"https:\/\/schema.org","@graph":[{"@type":"WebPage","@id":"https:\/\/www.naturparkmagazin.de\/dahme-heideseen\/monitoring-von-winterquartieren-fuer-fledermaeuse-im-naturpark-dahme-heideseen-abgeschlossen\/","url":"https:\/\/www.naturparkmagazin.de\/dahme-heideseen\/monitoring-von-winterquartieren-fuer-fledermaeuse-im-naturpark-dahme-heideseen-abgeschlossen\/","name":"Monitoring von Winterquartieren f\u00fcr Flederm\u00e4use im Naturpark Dahme-Heideseen abgeschlossen - Naturpark Dahme-Heideseen","isPartOf":{"@id":"https:\/\/www.naturparkmagazin.de\/dahme-heideseen\/#website"},"datePublished":"2022-02-22T09:41:57+00:00","dateModified":"2022-02-22T09:41:57+00:00","author":{"@id":"https:\/\/www.naturparkmagazin.de\/dahme-heideseen\/#\/schema\/person\/a0510aafafdf8183c95fc98faf0c9f21"},"breadcrumb":{"@id":"https:\/\/www.naturparkmagazin.de\/dahme-heideseen\/monitoring-von-winterquartieren-fuer-fledermaeuse-im-naturpark-dahme-heideseen-abgeschlossen\/#breadcrumb"},"inLanguage":"de","potentialAction":[{"@type":"ReadAction","target":["https:\/\/www.naturparkmagazin.de\/dahme-heideseen\/monitoring-von-winterquartieren-fuer-fledermaeuse-im-naturpark-dahme-heideseen-abgeschlossen\/"]}]},{"@type":"BreadcrumbList","@id":"https:\/\/www.naturparkmagazin.de\/dahme-heideseen\/monitoring-von-winterquartieren-fuer-fledermaeuse-im-naturpark-dahme-heideseen-abgeschlossen\/#breadcrumb","itemListElement":[{"@type":"ListItem","position":1,"name":"Home","item":"https:\/\/www.naturparkmagazin.de\/dahme-heideseen\/"},{"@type":"ListItem","position":2,"name":"Monitoring von Winterquartieren f\u00fcr Flederm\u00e4use im Naturpark Dahme-Heideseen abgeschlossen"}]},{"@type":"WebSite","@id":"https:\/\/www.naturparkmagazin.de\/dahme-heideseen\/#website","url":"https:\/\/www.naturparkmagazin.de\/dahme-heideseen\/","name":"Naturpark Dahme-Heideseen","description":"","potentialAction":[{"@type":"SearchAction","target":{"@type":"EntryPoint","urlTemplate":"https:\/\/www.naturparkmagazin.de\/dahme-heideseen\/?s={search_term_string}"},"query-input":"required name=search_term_string"}],"inLanguage":"de"},{"@type":"Person","@id":"https:\/\/www.naturparkmagazin.de\/dahme-heideseen\/#\/schema\/person\/a0510aafafdf8183c95fc98faf0c9f21","name":"Astrid Osenbr\u00fcck","sameAs":["http:\/\/www.dahme-heideseen-naturpark.de"],"url":"https:\/\/www.naturparkmagazin.de\/dahme-heideseen\/author\/astridosenbrueck\/"}]}},"_links":{"self":[{"href":"https:\/\/www.naturparkmagazin.de\/dahme-heideseen\/wp-json\/wp\/v2\/posts\/4137"}],"collection":[{"href":"https:\/\/www.naturparkmagazin.de\/dahme-heideseen\/wp-json\/wp\/v2\/posts"}],"about":[{"href":"https:\/\/www.naturparkmagazin.de\/dahme-heideseen\/wp-json\/wp\/v2\/types\/post"}],"author":[{"embeddable":true,"href":"https:\/\/www.naturparkmagazin.de\/dahme-heideseen\/wp-json\/wp\/v2\/users\/83"}],"replies":[{"embeddable":true,"href":"https:\/\/www.naturparkmagazin.de\/dahme-heideseen\/wp-json\/wp\/v2\/comments?post=4137"}],"version-history":[{"count":1,"href":"https:\/\/www.naturparkmagazin.de\/dahme-heideseen\/wp-json\/wp\/v2\/posts\/4137\/revisions"}],"predecessor-version":[{"id":4140,"href":"https:\/\/www.naturparkmagazin.de\/dahme-heideseen\/wp-json\/wp\/v2\/posts\/4137\/revisions\/4140"}],"wp:featuredmedia":[{"embeddable":true,"href":"https:\/\/www.naturparkmagazin.de\/dahme-heideseen\/wp-json\/wp\/v2\/media\/4138"}],"wp:attachment":[{"href":"https:\/\/www.naturparkmagazin.de\/dahme-heideseen\/wp-json\/wp\/v2\/media?parent=4137"}],"wp:term":[{"taxonomy":"category","embeddable":true,"href":"https:\/\/www.naturparkmagazin.de\/dahme-heideseen\/wp-json\/wp\/v2\/categories?post=4137"},{"taxonomy":"post_tag","embeddable":true,"href":"https:\/\/www.naturparkmagazin.de\/dahme-heideseen\/wp-json\/wp\/v2\/tags?post=4137"}],"curies":[{"name":"wp","href":"https:\/\/api.w.org\/{rel}","templated":true}]}}