{"id":4154,"date":"2022-02-22T13:07:16","date_gmt":"2022-02-22T12:07:16","guid":{"rendered":"https:\/\/www.naturparkmagazin.de\/dahme-heideseen\/?p=4154"},"modified":"2022-02-22T13:07:16","modified_gmt":"2022-02-22T12:07:16","slug":"erste-kraeuterschaetze-der-natur","status":"publish","type":"post","link":"https:\/\/www.naturparkmagazin.de\/dahme-heideseen\/erste-kraeuterschaetze-der-natur\/","title":{"rendered":"Erste Kr\u00e4utersch\u00e4tze der Natur"},"content":{"rendered":"<h4>Zu diesem Kurs<\/h4>\n<p>welche Kr\u00e4uter gibt es schon zum Genie\u00dfen und um unsere Gesundheit nach dem langen Winter zu kr\u00e4ftigen?\nZusammen bohren wir eine Birke (vor der Bl\u00fcte) an und kosten ein paar Tropfen des gesch\u00e4tzten Birkenwassers, erfahren \u00fcber Anwendung und zu Beachtendes beim selber zapfen.\nW\u00e4hrend wir auf das Birkenwasser warten, bereiten wir einen Fr\u00fchlingskr\u00e4uter-Frischk\u00e4se zu und genie\u00dfen ihn bei einem kleinen Picknick.<\/p>\n<p>Bitte mitbringen: einen Becher, ein K\u00fcchentrockentuch, ein Gef\u00e4\u00df zum Sammeln, ein kleines scharfes Messer (ideal: Keramik oder Kupfer), ein Brettchen, etwas Meersalz (ca 1 TL), Lieblings-Frischk\u00e4se (natur), Lieblings-Brot, ein kleines Schraubglas. Es empfiehlt sich, etwas zu Trinken und eine Kleinigkeit zu essen mitzubringen sowie gegebenenfalls einen warmen Tee und eine kleine Sitzunterlage.<\/p>\n<p>Referentin: Sophie Hauk<\/p>\n<h4>Kursort: <a class=\"link\" title=\"Details zum Geb\u00e4ude\" href=\"https:\/\/vhs-dahme-spreewald.de\/index.php?id=111&amp;kathaupt=215\">Biogarten Prieros<\/a> M\u00fchlendamm 14 | 15754 Heidesee\/OT Prieros<\/h4>\n","protected":false},"excerpt":{"rendered":"<p>Welche Kr\u00e4uter gibt es schon zum Genie\u00dfen und um unsere Gesundheit nach dem langen Winter zu kr\u00e4ftigen? Ein Praxis-Seminar im Biogarten Prieros.<\/p>\n","protected":false},"author":83,"featured_media":4155,"comment_status":"open","ping_status":"open","sticky":false,"template":"","format":"standard","meta":[],"categories":[11],"tags":[],"yoast_head":"<!-- This site is optimized with the Yoast SEO plugin v19.10 - https:\/\/yoast.com\/wordpress\/plugins\/seo\/ -->\n<title>Erste Kr\u00e4utersch\u00e4tze der Natur - Naturpark Dahme-Heideseen<\/title>\n<meta name=\"robots\" content=\"index, follow, max-snippet:-1, max-image-preview:large, max-video-preview:-1\" \/>\n<link rel=\"canonical\" href=\"https:\/\/www.naturparkmagazin.de\/dahme-heideseen\/erste-kraeuterschaetze-der-natur\/\" \/>\n<meta property=\"og:locale\" content=\"de_DE\" \/>\n<meta property=\"og:type\" content=\"article\" \/>\n<meta property=\"og:title\" content=\"Erste Kr\u00e4utersch\u00e4tze der Natur - Naturpark Dahme-Heideseen\" \/>\n<meta property=\"og:description\" content=\"Welche Kr\u00e4uter gibt es schon zum Genie\u00dfen und um unsere Gesundheit nach dem langen Winter zu kr\u00e4ftigen? Ein Praxis-Seminar im Biogarten Prieros.\" \/>\n<meta property=\"og:url\" content=\"https:\/\/www.naturparkmagazin.de\/dahme-heideseen\/erste-kraeuterschaetze-der-natur\/\" \/>\n<meta property=\"og:site_name\" content=\"Naturpark Dahme-Heideseen\" \/>\n<meta property=\"article:published_time\" content=\"2022-02-22T12:07:16+00:00\" \/>\n<meta property=\"og:image\" content=\"https:\/\/www.naturparkmagazin.de\/dahme-heideseen\/wp-content\/uploads\/sites\/37\/Birke.jpg\" \/>\n\t<meta property=\"og:image:width\" content=\"883\" \/>\n\t<meta property=\"og:image:height\" content=\"768\" \/>\n\t<meta property=\"og:image:type\" content=\"image\/jpeg\" \/>\n<meta name=\"author\" content=\"Astrid Osenbr\u00fcck\" \/>\n<meta name=\"twitter:label1\" content=\"Verfasst von\" \/>\n\t<meta name=\"twitter:data1\" content=\"Astrid Osenbr\u00fcck\" \/>\n\t<meta name=\"twitter:label2\" content=\"Gesch\u00e4tzte Lesezeit\" \/>\n\t<meta name=\"twitter:data2\" content=\"1\u00a0Minute\" \/>\n<script type=\"application\/ld+json\" class=\"yoast-schema-graph\">{\"@context\":\"https:\/\/schema.org\",\"@graph\":[{\"@type\":\"WebPage\",\"@id\":\"https:\/\/www.naturparkmagazin.de\/dahme-heideseen\/erste-kraeuterschaetze-der-natur\/\",\"url\":\"https:\/\/www.naturparkmagazin.de\/dahme-heideseen\/erste-kraeuterschaetze-der-natur\/\",\"name\":\"Erste Kr\u00e4utersch\u00e4tze der Natur - Naturpark Dahme-Heideseen\",\"isPartOf\":{\"@id\":\"https:\/\/www.naturparkmagazin.de\/dahme-heideseen\/#website\"},\"datePublished\":\"2022-02-22T12:07:16+00:00\",\"dateModified\":\"2022-02-22T12:07:16+00:00\",\"author\":{\"@id\":\"https:\/\/www.naturparkmagazin.de\/dahme-heideseen\/#\/schema\/person\/a0510aafafdf8183c95fc98faf0c9f21\"},\"breadcrumb\":{\"@id\":\"https:\/\/www.naturparkmagazin.de\/dahme-heideseen\/erste-kraeuterschaetze-der-natur\/#breadcrumb\"},\"inLanguage\":\"de\",\"potentialAction\":[{\"@type\":\"ReadAction\",\"target\":[\"https:\/\/www.naturparkmagazin.de\/dahme-heideseen\/erste-kraeuterschaetze-der-natur\/\"]}]},{\"@type\":\"BreadcrumbList\",\"@id\":\"https:\/\/www.naturparkmagazin.de\/dahme-heideseen\/erste-kraeuterschaetze-der-natur\/#breadcrumb\",\"itemListElement\":[{\"@type\":\"ListItem\",\"position\":1,\"name\":\"Home\",\"item\":\"https:\/\/www.naturparkmagazin.de\/dahme-heideseen\/\"},{\"@type\":\"ListItem\",\"position\":2,\"name\":\"Erste Kr\u00e4utersch\u00e4tze der Natur\"}]},{\"@type\":\"WebSite\",\"@id\":\"https:\/\/www.naturparkmagazin.de\/dahme-heideseen\/#website\",\"url\":\"https:\/\/www.naturparkmagazin.de\/dahme-heideseen\/\",\"name\":\"Naturpark Dahme-Heideseen\",\"description\":\"\",\"potentialAction\":[{\"@type\":\"SearchAction\",\"target\":{\"@type\":\"EntryPoint\",\"urlTemplate\":\"https:\/\/www.naturparkmagazin.de\/dahme-heideseen\/?s={search_term_string}\"},\"query-input\":\"required name=search_term_string\"}],\"inLanguage\":\"de\"},{\"@type\":\"Person\",\"@id\":\"https:\/\/www.naturparkmagazin.de\/dahme-heideseen\/#\/schema\/person\/a0510aafafdf8183c95fc98faf0c9f21\",\"name\":\"Astrid Osenbr\u00fcck\",\"sameAs\":[\"http:\/\/www.dahme-heideseen-naturpark.de\"],\"url\":\"https:\/\/www.naturparkmagazin.de\/dahme-heideseen\/author\/astridosenbrueck\/\"}]}<\/script>\n<!-- \/ Yoast SEO plugin. -->","yoast_head_json":{"title":"Erste Kr\u00e4utersch\u00e4tze der Natur - Naturpark Dahme-Heideseen","robots":{"index":"index","follow":"follow","max-snippet":"max-snippet:-1","max-image-preview":"max-image-preview:large","max-video-preview":"max-video-preview:-1"},"canonical":"https:\/\/www.naturparkmagazin.de\/dahme-heideseen\/erste-kraeuterschaetze-der-natur\/","og_locale":"de_DE","og_type":"article","og_title":"Erste Kr\u00e4utersch\u00e4tze der Natur - Naturpark Dahme-Heideseen","og_description":"Welche Kr\u00e4uter gibt es schon zum Genie\u00dfen und um unsere Gesundheit nach dem langen Winter zu kr\u00e4ftigen? Ein Praxis-Seminar im Biogarten Prieros.","og_url":"https:\/\/www.naturparkmagazin.de\/dahme-heideseen\/erste-kraeuterschaetze-der-natur\/","og_site_name":"Naturpark Dahme-Heideseen","article_published_time":"2022-02-22T12:07:16+00:00","og_image":[{"width":883,"height":768,"url":"https:\/\/www.naturparkmagazin.de\/dahme-heideseen\/wp-content\/uploads\/sites\/37\/Birke.jpg","type":"image\/jpeg"}],"author":"Astrid Osenbr\u00fcck","twitter_misc":{"Verfasst von":"Astrid Osenbr\u00fcck","Gesch\u00e4tzte Lesezeit":"1\u00a0Minute"},"schema":{"@context":"https:\/\/schema.org","@graph":[{"@type":"WebPage","@id":"https:\/\/www.naturparkmagazin.de\/dahme-heideseen\/erste-kraeuterschaetze-der-natur\/","url":"https:\/\/www.naturparkmagazin.de\/dahme-heideseen\/erste-kraeuterschaetze-der-natur\/","name":"Erste Kr\u00e4utersch\u00e4tze der Natur - Naturpark Dahme-Heideseen","isPartOf":{"@id":"https:\/\/www.naturparkmagazin.de\/dahme-heideseen\/#website"},"datePublished":"2022-02-22T12:07:16+00:00","dateModified":"2022-02-22T12:07:16+00:00","author":{"@id":"https:\/\/www.naturparkmagazin.de\/dahme-heideseen\/#\/schema\/person\/a0510aafafdf8183c95fc98faf0c9f21"},"breadcrumb":{"@id":"https:\/\/www.naturparkmagazin.de\/dahme-heideseen\/erste-kraeuterschaetze-der-natur\/#breadcrumb"},"inLanguage":"de","potentialAction":[{"@type":"ReadAction","target":["https:\/\/www.naturparkmagazin.de\/dahme-heideseen\/erste-kraeuterschaetze-der-natur\/"]}]},{"@type":"BreadcrumbList","@id":"https:\/\/www.naturparkmagazin.de\/dahme-heideseen\/erste-kraeuterschaetze-der-natur\/#breadcrumb","itemListElement":[{"@type":"ListItem","position":1,"name":"Home","item":"https:\/\/www.naturparkmagazin.de\/dahme-heideseen\/"},{"@type":"ListItem","position":2,"name":"Erste Kr\u00e4utersch\u00e4tze der Natur"}]},{"@type":"WebSite","@id":"https:\/\/www.naturparkmagazin.de\/dahme-heideseen\/#website","url":"https:\/\/www.naturparkmagazin.de\/dahme-heideseen\/","name":"Naturpark Dahme-Heideseen","description":"","potentialAction":[{"@type":"SearchAction","target":{"@type":"EntryPoint","urlTemplate":"https:\/\/www.naturparkmagazin.de\/dahme-heideseen\/?s={search_term_string}"},"query-input":"required name=search_term_string"}],"inLanguage":"de"},{"@type":"Person","@id":"https:\/\/www.naturparkmagazin.de\/dahme-heideseen\/#\/schema\/person\/a0510aafafdf8183c95fc98faf0c9f21","name":"Astrid Osenbr\u00fcck","sameAs":["http:\/\/www.dahme-heideseen-naturpark.de"],"url":"https:\/\/www.naturparkmagazin.de\/dahme-heideseen\/author\/astridosenbrueck\/"}]}},"_links":{"self":[{"href":"https:\/\/www.naturparkmagazin.de\/dahme-heideseen\/wp-json\/wp\/v2\/posts\/4154"}],"collection":[{"href":"https:\/\/www.naturparkmagazin.de\/dahme-heideseen\/wp-json\/wp\/v2\/posts"}],"about":[{"href":"https:\/\/www.naturparkmagazin.de\/dahme-heideseen\/wp-json\/wp\/v2\/types\/post"}],"author":[{"embeddable":true,"href":"https:\/\/www.naturparkmagazin.de\/dahme-heideseen\/wp-json\/wp\/v2\/users\/83"}],"replies":[{"embeddable":true,"href":"https:\/\/www.naturparkmagazin.de\/dahme-heideseen\/wp-json\/wp\/v2\/comments?post=4154"}],"version-history":[{"count":1,"href":"https:\/\/www.naturparkmagazin.de\/dahme-heideseen\/wp-json\/wp\/v2\/posts\/4154\/revisions"}],"predecessor-version":[{"id":4156,"href":"https:\/\/www.naturparkmagazin.de\/dahme-heideseen\/wp-json\/wp\/v2\/posts\/4154\/revisions\/4156"}],"wp:featuredmedia":[{"embeddable":true,"href":"https:\/\/www.naturparkmagazin.de\/dahme-heideseen\/wp-json\/wp\/v2\/media\/4155"}],"wp:attachment":[{"href":"https:\/\/www.naturparkmagazin.de\/dahme-heideseen\/wp-json\/wp\/v2\/media?parent=4154"}],"wp:term":[{"taxonomy":"category","embeddable":true,"href":"https:\/\/www.naturparkmagazin.de\/dahme-heideseen\/wp-json\/wp\/v2\/categories?post=4154"},{"taxonomy":"post_tag","embeddable":true,"href":"https:\/\/www.naturparkmagazin.de\/dahme-heideseen\/wp-json\/wp\/v2\/tags?post=4154"}],"curies":[{"name":"wp","href":"https:\/\/api.w.org\/{rel}","templated":true}]}}