{"id":4169,"date":"2022-02-24T13:32:57","date_gmt":"2022-02-24T12:32:57","guid":{"rendered":"https:\/\/www.naturparkmagazin.de\/dahme-heideseen\/?p=4169"},"modified":"2022-02-24T15:10:55","modified_gmt":"2022-02-24T14:10:55","slug":"durch-die-linse-der-ranger-neue-foto-ausstellung-auf-der-burg-storkow","status":"publish","type":"post","link":"https:\/\/www.naturparkmagazin.de\/dahme-heideseen\/durch-die-linse-der-ranger-neue-foto-ausstellung-auf-der-burg-storkow\/","title":{"rendered":"Durch die Linse der Ranger &#8211; Neue Foto-Ausstellung auf der Burg Storkow"},"content":{"rendered":"<p>Ab dem 31. M\u00e4rz informieren insgesamt 20 Infotafeln auf der Burg Storkow\u00a0\u00fcber die Vogelwelt des Naturparks Dahme-Heideseen. Die Fotos stammen allesamt von Rangern und Rangerinnen. Teilweise beim gezielten Monitoring, teilweise aber auch ganz zuf\u00e4llig sind\u00a0die Tiere den Naturw\u00e4chtern und Naturw\u00e4chterinnen vor die Linse geflattert. So k\u00f6nnen Besucher und Besucherinnen die gut getarnte Heidelerche in ihrem nat\u00fcrlichen Lebensraum entdecken, die Rohrdommel in ihrer Tarnstellung betrachten und sich an den pr\u00e4chtigen Farben des Eisvogels erfreuen. Weiterhin informiert die Ausstellung \u00fcber die jeweiligen Arten und Besucher und Besucherinnen erhalten\u00a0Beobachtungstipps sowie Hinweise, in welchem Lebensraum oder\u00a0von welchem Beobachtungsturm sich\u00a0die Tiere gut beobachen lassen.<\/p>\n<p>Bitte beachten Sie auf die geltenden Ma\u00dfnahmen der\u00a0Eind\u00e4mmungsverordnung. Zurzeit k\u00f6nnen Sie die Ausstellung und die Burg Storkow gem\u00e4\u00df der 2G-Regel besuchen.<\/p>\n","protected":false},"excerpt":{"rendered":"<p>Vom 31. M\u00e4rz bis 29. August informiert eine Foto-Ausstellung auf der Burg Storkow \u00fcber die Vogelwelt im Naturpark. Verschiedenste Vogelarten sind den Rangern und Rangerinnen bei ihrer Arbeit vor die Linse geflattert.<\/p>\n","protected":false},"author":83,"featured_media":4170,"comment_status":"open","ping_status":"open","sticky":false,"template":"","format":"standard","meta":[],"categories":[7],"tags":[],"yoast_head":"<!-- This site is optimized with the Yoast SEO plugin v19.10 - https:\/\/yoast.com\/wordpress\/plugins\/seo\/ -->\n<title>Durch die Linse der Ranger - Neue Foto-Ausstellung auf der Burg Storkow - Naturpark Dahme-Heideseen<\/title>\n<meta name=\"robots\" content=\"index, follow, max-snippet:-1, max-image-preview:large, max-video-preview:-1\" \/>\n<link rel=\"canonical\" href=\"https:\/\/www.naturparkmagazin.de\/dahme-heideseen\/durch-die-linse-der-ranger-neue-foto-ausstellung-auf-der-burg-storkow\/\" \/>\n<meta property=\"og:locale\" content=\"de_DE\" \/>\n<meta property=\"og:type\" content=\"article\" \/>\n<meta property=\"og:title\" content=\"Durch die Linse der Ranger - Neue Foto-Ausstellung auf der Burg Storkow - Naturpark Dahme-Heideseen\" \/>\n<meta property=\"og:description\" content=\"Vom 31. M\u00e4rz bis 29. August informiert eine Foto-Ausstellung auf der Burg Storkow \u00fcber die Vogelwelt im Naturpark. Verschiedenste Vogelarten sind den Rangern und Rangerinnen bei ihrer Arbeit vor die Linse geflattert.\" \/>\n<meta property=\"og:url\" content=\"https:\/\/www.naturparkmagazin.de\/dahme-heideseen\/durch-die-linse-der-ranger-neue-foto-ausstellung-auf-der-burg-storkow\/\" \/>\n<meta property=\"og:site_name\" content=\"Naturpark Dahme-Heideseen\" \/>\n<meta property=\"article:published_time\" content=\"2022-02-24T12:32:57+00:00\" \/>\n<meta property=\"article:modified_time\" content=\"2022-02-24T14:10:55+00:00\" \/>\n<meta property=\"og:image\" content=\"https:\/\/www.naturparkmagazin.de\/dahme-heideseen\/wp-content\/uploads\/sites\/37\/Fischadler_2_AntonLehnig_klein.jpg\" \/>\n\t<meta property=\"og:image:width\" content=\"2367\" \/>\n\t<meta property=\"og:image:height\" content=\"1768\" \/>\n\t<meta property=\"og:image:type\" content=\"image\/jpeg\" \/>\n<meta name=\"author\" content=\"Astrid Osenbr\u00fcck\" \/>\n<meta name=\"twitter:label1\" content=\"Verfasst von\" \/>\n\t<meta name=\"twitter:data1\" content=\"Astrid Osenbr\u00fcck\" \/>\n\t<meta name=\"twitter:label2\" content=\"Gesch\u00e4tzte Lesezeit\" \/>\n\t<meta name=\"twitter:data2\" content=\"1\u00a0Minute\" \/>\n<script type=\"application\/ld+json\" class=\"yoast-schema-graph\">{\"@context\":\"https:\/\/schema.org\",\"@graph\":[{\"@type\":\"WebPage\",\"@id\":\"https:\/\/www.naturparkmagazin.de\/dahme-heideseen\/durch-die-linse-der-ranger-neue-foto-ausstellung-auf-der-burg-storkow\/\",\"url\":\"https:\/\/www.naturparkmagazin.de\/dahme-heideseen\/durch-die-linse-der-ranger-neue-foto-ausstellung-auf-der-burg-storkow\/\",\"name\":\"Durch die Linse der Ranger - Neue Foto-Ausstellung auf der Burg Storkow - Naturpark Dahme-Heideseen\",\"isPartOf\":{\"@id\":\"https:\/\/www.naturparkmagazin.de\/dahme-heideseen\/#website\"},\"datePublished\":\"2022-02-24T12:32:57+00:00\",\"dateModified\":\"2022-02-24T14:10:55+00:00\",\"author\":{\"@id\":\"https:\/\/www.naturparkmagazin.de\/dahme-heideseen\/#\/schema\/person\/a0510aafafdf8183c95fc98faf0c9f21\"},\"breadcrumb\":{\"@id\":\"https:\/\/www.naturparkmagazin.de\/dahme-heideseen\/durch-die-linse-der-ranger-neue-foto-ausstellung-auf-der-burg-storkow\/#breadcrumb\"},\"inLanguage\":\"de\",\"potentialAction\":[{\"@type\":\"ReadAction\",\"target\":[\"https:\/\/www.naturparkmagazin.de\/dahme-heideseen\/durch-die-linse-der-ranger-neue-foto-ausstellung-auf-der-burg-storkow\/\"]}]},{\"@type\":\"BreadcrumbList\",\"@id\":\"https:\/\/www.naturparkmagazin.de\/dahme-heideseen\/durch-die-linse-der-ranger-neue-foto-ausstellung-auf-der-burg-storkow\/#breadcrumb\",\"itemListElement\":[{\"@type\":\"ListItem\",\"position\":1,\"name\":\"Home\",\"item\":\"https:\/\/www.naturparkmagazin.de\/dahme-heideseen\/\"},{\"@type\":\"ListItem\",\"position\":2,\"name\":\"Durch die Linse der Ranger &#8211; Neue Foto-Ausstellung auf der Burg Storkow\"}]},{\"@type\":\"WebSite\",\"@id\":\"https:\/\/www.naturparkmagazin.de\/dahme-heideseen\/#website\",\"url\":\"https:\/\/www.naturparkmagazin.de\/dahme-heideseen\/\",\"name\":\"Naturpark Dahme-Heideseen\",\"description\":\"\",\"potentialAction\":[{\"@type\":\"SearchAction\",\"target\":{\"@type\":\"EntryPoint\",\"urlTemplate\":\"https:\/\/www.naturparkmagazin.de\/dahme-heideseen\/?s={search_term_string}\"},\"query-input\":\"required name=search_term_string\"}],\"inLanguage\":\"de\"},{\"@type\":\"Person\",\"@id\":\"https:\/\/www.naturparkmagazin.de\/dahme-heideseen\/#\/schema\/person\/a0510aafafdf8183c95fc98faf0c9f21\",\"name\":\"Astrid Osenbr\u00fcck\",\"sameAs\":[\"http:\/\/www.dahme-heideseen-naturpark.de\"],\"url\":\"https:\/\/www.naturparkmagazin.de\/dahme-heideseen\/author\/astridosenbrueck\/\"}]}<\/script>\n<!-- \/ Yoast SEO plugin. -->","yoast_head_json":{"title":"Durch die Linse der Ranger - Neue Foto-Ausstellung auf der Burg Storkow - Naturpark Dahme-Heideseen","robots":{"index":"index","follow":"follow","max-snippet":"max-snippet:-1","max-image-preview":"max-image-preview:large","max-video-preview":"max-video-preview:-1"},"canonical":"https:\/\/www.naturparkmagazin.de\/dahme-heideseen\/durch-die-linse-der-ranger-neue-foto-ausstellung-auf-der-burg-storkow\/","og_locale":"de_DE","og_type":"article","og_title":"Durch die Linse der Ranger - Neue Foto-Ausstellung auf der Burg Storkow - Naturpark Dahme-Heideseen","og_description":"Vom 31. M\u00e4rz bis 29. August informiert eine Foto-Ausstellung auf der Burg Storkow \u00fcber die Vogelwelt im Naturpark. Verschiedenste Vogelarten sind den Rangern und Rangerinnen bei ihrer Arbeit vor die Linse geflattert.","og_url":"https:\/\/www.naturparkmagazin.de\/dahme-heideseen\/durch-die-linse-der-ranger-neue-foto-ausstellung-auf-der-burg-storkow\/","og_site_name":"Naturpark Dahme-Heideseen","article_published_time":"2022-02-24T12:32:57+00:00","article_modified_time":"2022-02-24T14:10:55+00:00","og_image":[{"width":2367,"height":1768,"url":"https:\/\/www.naturparkmagazin.de\/dahme-heideseen\/wp-content\/uploads\/sites\/37\/Fischadler_2_AntonLehnig_klein.jpg","type":"image\/jpeg"}],"author":"Astrid Osenbr\u00fcck","twitter_misc":{"Verfasst von":"Astrid Osenbr\u00fcck","Gesch\u00e4tzte Lesezeit":"1\u00a0Minute"},"schema":{"@context":"https:\/\/schema.org","@graph":[{"@type":"WebPage","@id":"https:\/\/www.naturparkmagazin.de\/dahme-heideseen\/durch-die-linse-der-ranger-neue-foto-ausstellung-auf-der-burg-storkow\/","url":"https:\/\/www.naturparkmagazin.de\/dahme-heideseen\/durch-die-linse-der-ranger-neue-foto-ausstellung-auf-der-burg-storkow\/","name":"Durch die Linse der Ranger - Neue Foto-Ausstellung auf der Burg Storkow - Naturpark Dahme-Heideseen","isPartOf":{"@id":"https:\/\/www.naturparkmagazin.de\/dahme-heideseen\/#website"},"datePublished":"2022-02-24T12:32:57+00:00","dateModified":"2022-02-24T14:10:55+00:00","author":{"@id":"https:\/\/www.naturparkmagazin.de\/dahme-heideseen\/#\/schema\/person\/a0510aafafdf8183c95fc98faf0c9f21"},"breadcrumb":{"@id":"https:\/\/www.naturparkmagazin.de\/dahme-heideseen\/durch-die-linse-der-ranger-neue-foto-ausstellung-auf-der-burg-storkow\/#breadcrumb"},"inLanguage":"de","potentialAction":[{"@type":"ReadAction","target":["https:\/\/www.naturparkmagazin.de\/dahme-heideseen\/durch-die-linse-der-ranger-neue-foto-ausstellung-auf-der-burg-storkow\/"]}]},{"@type":"BreadcrumbList","@id":"https:\/\/www.naturparkmagazin.de\/dahme-heideseen\/durch-die-linse-der-ranger-neue-foto-ausstellung-auf-der-burg-storkow\/#breadcrumb","itemListElement":[{"@type":"ListItem","position":1,"name":"Home","item":"https:\/\/www.naturparkmagazin.de\/dahme-heideseen\/"},{"@type":"ListItem","position":2,"name":"Durch die Linse der Ranger &#8211; Neue Foto-Ausstellung auf der Burg Storkow"}]},{"@type":"WebSite","@id":"https:\/\/www.naturparkmagazin.de\/dahme-heideseen\/#website","url":"https:\/\/www.naturparkmagazin.de\/dahme-heideseen\/","name":"Naturpark Dahme-Heideseen","description":"","potentialAction":[{"@type":"SearchAction","target":{"@type":"EntryPoint","urlTemplate":"https:\/\/www.naturparkmagazin.de\/dahme-heideseen\/?s={search_term_string}"},"query-input":"required name=search_term_string"}],"inLanguage":"de"},{"@type":"Person","@id":"https:\/\/www.naturparkmagazin.de\/dahme-heideseen\/#\/schema\/person\/a0510aafafdf8183c95fc98faf0c9f21","name":"Astrid Osenbr\u00fcck","sameAs":["http:\/\/www.dahme-heideseen-naturpark.de"],"url":"https:\/\/www.naturparkmagazin.de\/dahme-heideseen\/author\/astridosenbrueck\/"}]}},"_links":{"self":[{"href":"https:\/\/www.naturparkmagazin.de\/dahme-heideseen\/wp-json\/wp\/v2\/posts\/4169"}],"collection":[{"href":"https:\/\/www.naturparkmagazin.de\/dahme-heideseen\/wp-json\/wp\/v2\/posts"}],"about":[{"href":"https:\/\/www.naturparkmagazin.de\/dahme-heideseen\/wp-json\/wp\/v2\/types\/post"}],"author":[{"embeddable":true,"href":"https:\/\/www.naturparkmagazin.de\/dahme-heideseen\/wp-json\/wp\/v2\/users\/83"}],"replies":[{"embeddable":true,"href":"https:\/\/www.naturparkmagazin.de\/dahme-heideseen\/wp-json\/wp\/v2\/comments?post=4169"}],"version-history":[{"count":4,"href":"https:\/\/www.naturparkmagazin.de\/dahme-heideseen\/wp-json\/wp\/v2\/posts\/4169\/revisions"}],"predecessor-version":[{"id":4176,"href":"https:\/\/www.naturparkmagazin.de\/dahme-heideseen\/wp-json\/wp\/v2\/posts\/4169\/revisions\/4176"}],"wp:featuredmedia":[{"embeddable":true,"href":"https:\/\/www.naturparkmagazin.de\/dahme-heideseen\/wp-json\/wp\/v2\/media\/4170"}],"wp:attachment":[{"href":"https:\/\/www.naturparkmagazin.de\/dahme-heideseen\/wp-json\/wp\/v2\/media?parent=4169"}],"wp:term":[{"taxonomy":"category","embeddable":true,"href":"https:\/\/www.naturparkmagazin.de\/dahme-heideseen\/wp-json\/wp\/v2\/categories?post=4169"},{"taxonomy":"post_tag","embeddable":true,"href":"https:\/\/www.naturparkmagazin.de\/dahme-heideseen\/wp-json\/wp\/v2\/tags?post=4169"}],"curies":[{"name":"wp","href":"https:\/\/api.w.org\/{rel}","templated":true}]}}