{"id":417,"date":"2014-03-19T11:18:47","date_gmt":"2014-03-19T10:18:47","guid":{"rendered":"http:\/\/www.naturparkmagazin.de\/dahme-heideseen\/?p=417"},"modified":"2014-03-25T14:58:02","modified_gmt":"2014-03-25T13:58:02","slug":"vom-pazifik-zu-den-rocky-mountains-vortrag-im-infopunkt-des-naturparks","status":"publish","type":"post","link":"https:\/\/www.naturparkmagazin.de\/dahme-heideseen\/vom-pazifik-zu-den-rocky-mountains-vortrag-im-infopunkt-des-naturparks\/","title":{"rendered":"Vom Pazifik zu den Rocky Mountains &#8211; Vortrag im Infopunkt des Naturparks"},"content":{"rendered":"<p style=\"text-align: left\">Wir laden ein zum Vortragsabend\u00a0von Dr. Frank Zimmermann<\/p>\n<p style=\"text-align: left\"><strong>\u201eVom Pazifik zu den Rocky Mountains\u2026.\u201c Reiseeindr\u00fccke aus dem Nordwesten Amerikas<\/strong><\/p>\n<p style=\"text-align: left\" align=\"center\">am \u00a0Dienstag, 25. M\u00e4rz 2014 um 18.00 Uhr im Infopunkt des Naturparks Dahme-Heideseen in Prieros.<\/p>\n<p style=\"text-align: left\"><!--more--><\/p>\n<p style=\"text-align: left\">Frank Zimmermann unternahm 2013 mit seiner Frau eine 4-w\u00f6chige Rundreise mit dem Wohnmobil durch verschiedene Nationalparks und andere Schutzgebiete im \u00e4u\u00dfersten Nordwesten der USA und dem Westen Kanadas.<\/p>\n<div id=\"attachment_418\" style=\"width: 743px\" class=\"wp-caption aligncenter\"><a href=\"https:\/\/www.naturparkmagazin.de\/dahme-heideseen\/wp-content\/uploads\/sites\/37\/Foto_Frank_Zimmermann.jpg\"><img aria-describedby=\"caption-attachment-418\" decoding=\"async\" loading=\"lazy\" class=\"size-full wp-image-418  \" alt=\"Foto_Frank_Zimmermann\" src=\"https:\/\/www.naturparkmagazin.de\/dahme-heideseen\/wp-content\/uploads\/sites\/37\/Foto_Frank_Zimmermann.jpg\" width=\"733\" height=\"488\" \/><\/a><p id=\"caption-attachment-418\" class=\"wp-caption-text\">Foto: Frank Zimmermann<\/p><\/div>\n<p style=\"text-align: left\">Von den wilden K\u00fcsten des Pazifik bei Seattle f\u00fchrt die Reise zu Mt. Rainier und Mt. Baker, jenen riesigen Schichtvulkanen des Kaskadengebirges, zum Internationalpark \u201eWaterton- Glacier\u201c der Rocky Mountains und den vorgelagerten Pr\u00e4rien und Badlands, zu den ber\u00fchmten Nationalparks Banff und Jasper sowie den Wasserf\u00e4llen des Wells Gray Provincial Park, zur\u00fcck zu den wilden Fjordk\u00fcsten am Pazifik bei Vancouver.<\/p>\n<p style=\"text-align: left\">Es war eine Reise \u00fcber 4.500 km zwischen K\u00fcste und Bergen, zwischen Winter und Sommer, begleitet von den ersten Fr\u00fchbl\u00fchern am Rand der Gletscher, bunten Sommerwiesen in der Pr\u00e4rie und so einigen wilden Tieren, zu grandiosen Aussichtspunkten und in die Urw\u00e4lder des pazifischen Nordamerikas.<\/p>\n<p style=\"text-align: left\">Fast alle Orchideen-Arten des Nordwestens, darunter die seltene <i>Calypso<\/i>, <i>Erythronium<\/i>-Arten, \u201eB\u00e4rengras\u201c und verschiedene Lilien \u2013 die botanische \u201eAusbeute\u201c war vielf\u00e4ltig. Die B\u00e4ren machten sich rar, doch daf\u00fcr wurden Wapitis, Eisgraue Murmeltiere oder sogar das scheue Tannenhuhn zu unseren Begleitern.<\/p>\n<p>Untermalt wird das Ganze wiederum vor allem von Musik der \u201eAmerican Natives\u201c.<\/p>\n<p>Der Abend ist eine gemeinsame Veranstaltung vom Planungsb\u00fcro Luftbild Brandenburg und dem Naturpark Dahme-Heideseen.<\/p>\n<p>Im Infopunkt kann im Vorfeld des Vortrags die Sonderausstellung &#8222;gedruckt, gescchikt, gepflanzt&#8220; besichtigt werden.<\/p>\n<div id=\"attachment_419\" style=\"width: 630px\" class=\"wp-caption aligncenter\"><a href=\"https:\/\/www.naturparkmagazin.de\/dahme-heideseen\/wp-content\/uploads\/sites\/37\/Orchidee_Frank_Zimmermann.jpg\"><img aria-describedby=\"caption-attachment-419\" decoding=\"async\" loading=\"lazy\" class=\"size-medium wp-image-419\" alt=\"Orchidee (Foto: Frank Zimmermann)\" src=\"https:\/\/www.naturparkmagazin.de\/dahme-heideseen\/wp-content\/uploads\/sites\/37\/Orchidee_Frank_Zimmermann-620x442.jpg\" width=\"620\" height=\"442\" \/><\/a><p id=\"caption-attachment-419\" class=\"wp-caption-text\">Orchidee (Foto: Frank Zimmermann)<\/p><\/div>\n<p>&nbsp;<\/p>\n<p>Infos zum Vortrag:<\/p>\n<p>Dienstag, 25. M\u00e4rz 2014\nInfopunkt im Naturpark Dahme-Heideseen\nArnold-Breithor-Stra\u00dfe 8, 15754 Heidesee, OT Prieros\nTel: (033768)969-14\nFax: (033768)969-10\nMail: hans.sonnenberg@lugv.brandenburg.de\nwww.naturpark-dahme-heideseen.brandenburg.de<\/p>\n<p>&nbsp;<\/p>\n","protected":false},"excerpt":{"rendered":"<p>Wir laden ein zum Vortragsabend von Dr. Frank Zimmermann \u201eVom Pazifik zu den Rocky Mountains\u2026.\u201c &#8211; Reiseeindr\u00fccke aus dem Nordwesten Amerikas am  Dienstag, 25. M\u00e4rz 2014 um 18.00 Uhr im Infopunkt des Naturparks Dahme-Heideseen in Prieros.<\/p>\n","protected":false},"author":48,"featured_media":0,"comment_status":"open","ping_status":"open","sticky":false,"template":"","format":"standard","meta":[],"categories":[11],"tags":[],"yoast_head":"<!-- This site is optimized with the Yoast SEO plugin v19.10 - https:\/\/yoast.com\/wordpress\/plugins\/seo\/ -->\n<title>Vom Pazifik zu den Rocky Mountains - Vortrag im Infopunkt des Naturparks - Naturpark Dahme-Heideseen<\/title>\n<meta name=\"robots\" content=\"index, follow, max-snippet:-1, max-image-preview:large, max-video-preview:-1\" \/>\n<link rel=\"canonical\" href=\"https:\/\/www.naturparkmagazin.de\/dahme-heideseen\/vom-pazifik-zu-den-rocky-mountains-vortrag-im-infopunkt-des-naturparks\/\" \/>\n<meta property=\"og:locale\" content=\"de_DE\" \/>\n<meta property=\"og:type\" content=\"article\" \/>\n<meta property=\"og:title\" content=\"Vom Pazifik zu den Rocky Mountains - Vortrag im Infopunkt des Naturparks - Naturpark Dahme-Heideseen\" \/>\n<meta property=\"og:description\" content=\"Wir laden ein zum Vortragsabend von Dr. Frank Zimmermann \u201eVom Pazifik zu den Rocky Mountains\u2026.\u201c - Reiseeindr\u00fccke aus dem Nordwesten Amerikas am Dienstag, 25. M\u00e4rz 2014 um 18.00 Uhr im Infopunkt des Naturparks Dahme-Heideseen in Prieros.\" \/>\n<meta property=\"og:url\" content=\"https:\/\/www.naturparkmagazin.de\/dahme-heideseen\/vom-pazifik-zu-den-rocky-mountains-vortrag-im-infopunkt-des-naturparks\/\" \/>\n<meta property=\"og:site_name\" content=\"Naturpark Dahme-Heideseen\" \/>\n<meta property=\"article:published_time\" content=\"2014-03-19T10:18:47+00:00\" \/>\n<meta property=\"article:modified_time\" content=\"2014-03-25T13:58:02+00:00\" \/>\n<meta property=\"og:image\" content=\"https:\/\/www.naturparkmagazin.de\/dahme-heideseen\/wp-content\/uploads\/sites\/37\/Foto_Frank_Zimmermann.jpg\" \/>\n<meta name=\"author\" content=\"hanssonnenberg\" \/>\n<meta name=\"twitter:label1\" content=\"Verfasst von\" \/>\n\t<meta name=\"twitter:data1\" content=\"hanssonnenberg\" \/>\n\t<meta name=\"twitter:label2\" content=\"Gesch\u00e4tzte Lesezeit\" \/>\n\t<meta name=\"twitter:data2\" content=\"2\u00a0Minuten\" \/>\n<script type=\"application\/ld+json\" class=\"yoast-schema-graph\">{\"@context\":\"https:\/\/schema.org\",\"@graph\":[{\"@type\":\"WebPage\",\"@id\":\"https:\/\/www.naturparkmagazin.de\/dahme-heideseen\/vom-pazifik-zu-den-rocky-mountains-vortrag-im-infopunkt-des-naturparks\/\",\"url\":\"https:\/\/www.naturparkmagazin.de\/dahme-heideseen\/vom-pazifik-zu-den-rocky-mountains-vortrag-im-infopunkt-des-naturparks\/\",\"name\":\"Vom Pazifik zu den Rocky Mountains - Vortrag im Infopunkt des Naturparks - Naturpark Dahme-Heideseen\",\"isPartOf\":{\"@id\":\"https:\/\/www.naturparkmagazin.de\/dahme-heideseen\/#website\"},\"datePublished\":\"2014-03-19T10:18:47+00:00\",\"dateModified\":\"2014-03-25T13:58:02+00:00\",\"author\":{\"@id\":\"https:\/\/www.naturparkmagazin.de\/dahme-heideseen\/#\/schema\/person\/c81c96c3a1f5ee7bffff8b8022c105f0\"},\"breadcrumb\":{\"@id\":\"https:\/\/www.naturparkmagazin.de\/dahme-heideseen\/vom-pazifik-zu-den-rocky-mountains-vortrag-im-infopunkt-des-naturparks\/#breadcrumb\"},\"inLanguage\":\"de\",\"potentialAction\":[{\"@type\":\"ReadAction\",\"target\":[\"https:\/\/www.naturparkmagazin.de\/dahme-heideseen\/vom-pazifik-zu-den-rocky-mountains-vortrag-im-infopunkt-des-naturparks\/\"]}]},{\"@type\":\"BreadcrumbList\",\"@id\":\"https:\/\/www.naturparkmagazin.de\/dahme-heideseen\/vom-pazifik-zu-den-rocky-mountains-vortrag-im-infopunkt-des-naturparks\/#breadcrumb\",\"itemListElement\":[{\"@type\":\"ListItem\",\"position\":1,\"name\":\"Home\",\"item\":\"https:\/\/www.naturparkmagazin.de\/dahme-heideseen\/\"},{\"@type\":\"ListItem\",\"position\":2,\"name\":\"Vom Pazifik zu den Rocky Mountains &#8211; Vortrag im Infopunkt des Naturparks\"}]},{\"@type\":\"WebSite\",\"@id\":\"https:\/\/www.naturparkmagazin.de\/dahme-heideseen\/#website\",\"url\":\"https:\/\/www.naturparkmagazin.de\/dahme-heideseen\/\",\"name\":\"Naturpark Dahme-Heideseen\",\"description\":\"\",\"potentialAction\":[{\"@type\":\"SearchAction\",\"target\":{\"@type\":\"EntryPoint\",\"urlTemplate\":\"https:\/\/www.naturparkmagazin.de\/dahme-heideseen\/?s={search_term_string}\"},\"query-input\":\"required name=search_term_string\"}],\"inLanguage\":\"de\"},{\"@type\":\"Person\",\"@id\":\"https:\/\/www.naturparkmagazin.de\/dahme-heideseen\/#\/schema\/person\/c81c96c3a1f5ee7bffff8b8022c105f0\",\"name\":\"hanssonnenberg\",\"url\":\"https:\/\/www.naturparkmagazin.de\/dahme-heideseen\/author\/hanssonnenberg\/\"}]}<\/script>\n<!-- \/ Yoast SEO plugin. -->","yoast_head_json":{"title":"Vom Pazifik zu den Rocky Mountains - Vortrag im Infopunkt des Naturparks - Naturpark Dahme-Heideseen","robots":{"index":"index","follow":"follow","max-snippet":"max-snippet:-1","max-image-preview":"max-image-preview:large","max-video-preview":"max-video-preview:-1"},"canonical":"https:\/\/www.naturparkmagazin.de\/dahme-heideseen\/vom-pazifik-zu-den-rocky-mountains-vortrag-im-infopunkt-des-naturparks\/","og_locale":"de_DE","og_type":"article","og_title":"Vom Pazifik zu den Rocky Mountains - Vortrag im Infopunkt des Naturparks - Naturpark Dahme-Heideseen","og_description":"Wir laden ein zum Vortragsabend von Dr. Frank Zimmermann \u201eVom Pazifik zu den Rocky Mountains\u2026.\u201c - Reiseeindr\u00fccke aus dem Nordwesten Amerikas am Dienstag, 25. M\u00e4rz 2014 um 18.00 Uhr im Infopunkt des Naturparks Dahme-Heideseen in Prieros.","og_url":"https:\/\/www.naturparkmagazin.de\/dahme-heideseen\/vom-pazifik-zu-den-rocky-mountains-vortrag-im-infopunkt-des-naturparks\/","og_site_name":"Naturpark Dahme-Heideseen","article_published_time":"2014-03-19T10:18:47+00:00","article_modified_time":"2014-03-25T13:58:02+00:00","og_image":[{"url":"https:\/\/www.naturparkmagazin.de\/dahme-heideseen\/wp-content\/uploads\/sites\/37\/Foto_Frank_Zimmermann.jpg"}],"author":"hanssonnenberg","twitter_misc":{"Verfasst von":"hanssonnenberg","Gesch\u00e4tzte Lesezeit":"2\u00a0Minuten"},"schema":{"@context":"https:\/\/schema.org","@graph":[{"@type":"WebPage","@id":"https:\/\/www.naturparkmagazin.de\/dahme-heideseen\/vom-pazifik-zu-den-rocky-mountains-vortrag-im-infopunkt-des-naturparks\/","url":"https:\/\/www.naturparkmagazin.de\/dahme-heideseen\/vom-pazifik-zu-den-rocky-mountains-vortrag-im-infopunkt-des-naturparks\/","name":"Vom Pazifik zu den Rocky Mountains - Vortrag im Infopunkt des Naturparks - Naturpark Dahme-Heideseen","isPartOf":{"@id":"https:\/\/www.naturparkmagazin.de\/dahme-heideseen\/#website"},"datePublished":"2014-03-19T10:18:47+00:00","dateModified":"2014-03-25T13:58:02+00:00","author":{"@id":"https:\/\/www.naturparkmagazin.de\/dahme-heideseen\/#\/schema\/person\/c81c96c3a1f5ee7bffff8b8022c105f0"},"breadcrumb":{"@id":"https:\/\/www.naturparkmagazin.de\/dahme-heideseen\/vom-pazifik-zu-den-rocky-mountains-vortrag-im-infopunkt-des-naturparks\/#breadcrumb"},"inLanguage":"de","potentialAction":[{"@type":"ReadAction","target":["https:\/\/www.naturparkmagazin.de\/dahme-heideseen\/vom-pazifik-zu-den-rocky-mountains-vortrag-im-infopunkt-des-naturparks\/"]}]},{"@type":"BreadcrumbList","@id":"https:\/\/www.naturparkmagazin.de\/dahme-heideseen\/vom-pazifik-zu-den-rocky-mountains-vortrag-im-infopunkt-des-naturparks\/#breadcrumb","itemListElement":[{"@type":"ListItem","position":1,"name":"Home","item":"https:\/\/www.naturparkmagazin.de\/dahme-heideseen\/"},{"@type":"ListItem","position":2,"name":"Vom Pazifik zu den Rocky Mountains &#8211; Vortrag im Infopunkt des Naturparks"}]},{"@type":"WebSite","@id":"https:\/\/www.naturparkmagazin.de\/dahme-heideseen\/#website","url":"https:\/\/www.naturparkmagazin.de\/dahme-heideseen\/","name":"Naturpark Dahme-Heideseen","description":"","potentialAction":[{"@type":"SearchAction","target":{"@type":"EntryPoint","urlTemplate":"https:\/\/www.naturparkmagazin.de\/dahme-heideseen\/?s={search_term_string}"},"query-input":"required name=search_term_string"}],"inLanguage":"de"},{"@type":"Person","@id":"https:\/\/www.naturparkmagazin.de\/dahme-heideseen\/#\/schema\/person\/c81c96c3a1f5ee7bffff8b8022c105f0","name":"hanssonnenberg","url":"https:\/\/www.naturparkmagazin.de\/dahme-heideseen\/author\/hanssonnenberg\/"}]}},"_links":{"self":[{"href":"https:\/\/www.naturparkmagazin.de\/dahme-heideseen\/wp-json\/wp\/v2\/posts\/417"}],"collection":[{"href":"https:\/\/www.naturparkmagazin.de\/dahme-heideseen\/wp-json\/wp\/v2\/posts"}],"about":[{"href":"https:\/\/www.naturparkmagazin.de\/dahme-heideseen\/wp-json\/wp\/v2\/types\/post"}],"author":[{"embeddable":true,"href":"https:\/\/www.naturparkmagazin.de\/dahme-heideseen\/wp-json\/wp\/v2\/users\/48"}],"replies":[{"embeddable":true,"href":"https:\/\/www.naturparkmagazin.de\/dahme-heideseen\/wp-json\/wp\/v2\/comments?post=417"}],"version-history":[{"count":6,"href":"https:\/\/www.naturparkmagazin.de\/dahme-heideseen\/wp-json\/wp\/v2\/posts\/417\/revisions"}],"predecessor-version":[{"id":445,"href":"https:\/\/www.naturparkmagazin.de\/dahme-heideseen\/wp-json\/wp\/v2\/posts\/417\/revisions\/445"}],"wp:attachment":[{"href":"https:\/\/www.naturparkmagazin.de\/dahme-heideseen\/wp-json\/wp\/v2\/media?parent=417"}],"wp:term":[{"taxonomy":"category","embeddable":true,"href":"https:\/\/www.naturparkmagazin.de\/dahme-heideseen\/wp-json\/wp\/v2\/categories?post=417"},{"taxonomy":"post_tag","embeddable":true,"href":"https:\/\/www.naturparkmagazin.de\/dahme-heideseen\/wp-json\/wp\/v2\/tags?post=417"}],"curies":[{"name":"wp","href":"https:\/\/api.w.org\/{rel}","templated":true}]}}