{"id":4186,"date":"2022-03-23T11:35:23","date_gmt":"2022-03-23T10:35:23","guid":{"rendered":"https:\/\/www.naturparkmagazin.de\/dahme-heideseen\/?p=4186"},"modified":"2022-03-23T11:35:23","modified_gmt":"2022-03-23T10:35:23","slug":"moorflaeche-von-kiefern-und-birken-befreit","status":"publish","type":"post","link":"https:\/\/www.naturparkmagazin.de\/dahme-heideseen\/moorflaeche-von-kiefern-und-birken-befreit\/","title":{"rendered":"Moorfl\u00e4che von Kiefern und Birken befreit"},"content":{"rendered":"<p>Gemeinsam haben Mitarbeiter:innen des Naturschutzfonds Brandenburg, der Naturwacht, der Naturparkverwaltung Dahme-Heideseen, des Landesbetriebes Forst <em>Brandenburg<\/em>, des Naturparkbesucherzentrums Burg Storkow und weitere Helfer:innen vor Beginn der Brutsaison Geh\u00f6lze aus einem Verlandungs-Kesselmoor am Kleinen Milasee entnommen.<\/p>\n<div id=\"attachment_4189\" style=\"width: 630px\" class=\"wp-caption alignnone\"><a href=\"https:\/\/www.naturparkmagazin.de\/dahme-heideseen\/wp-content\/uploads\/sites\/37\/milaseen-k2.jpg\"><img aria-describedby=\"caption-attachment-4189\" decoding=\"async\" loading=\"lazy\" class=\"wp-image-4189 size-medium\" src=\"https:\/\/www.naturparkmagazin.de\/dahme-heideseen\/wp-content\/uploads\/sites\/37\/milaseen-k2-620x465.jpg\" alt=\"milaseen-k2\" width=\"620\" height=\"465\" srcset=\"https:\/\/www.naturparkmagazin.de\/dahme-heideseen\/wp-content\/uploads\/sites\/37\/milaseen-k2-620x465.jpg 620w, https:\/\/www.naturparkmagazin.de\/dahme-heideseen\/wp-content\/uploads\/sites\/37\/milaseen-k2-300x225.jpg 300w, https:\/\/www.naturparkmagazin.de\/dahme-heideseen\/wp-content\/uploads\/sites\/37\/milaseen-k2-940x705.jpg 940w, https:\/\/www.naturparkmagazin.de\/dahme-heideseen\/wp-content\/uploads\/sites\/37\/milaseen-k2-580x435.jpg 580w, https:\/\/www.naturparkmagazin.de\/dahme-heideseen\/wp-content\/uploads\/sites\/37\/milaseen-k2-420x315.jpg 420w, https:\/\/www.naturparkmagazin.de\/dahme-heideseen\/wp-content\/uploads\/sites\/37\/milaseen-k2-180x135.jpg 180w, https:\/\/www.naturparkmagazin.de\/dahme-heideseen\/wp-content\/uploads\/sites\/37\/milaseen-k2-95x71.jpg 95w, https:\/\/www.naturparkmagazin.de\/dahme-heideseen\/wp-content\/uploads\/sites\/37\/milaseen-k2-670x503.jpg 670w, https:\/\/www.naturparkmagazin.de\/dahme-heideseen\/wp-content\/uploads\/sites\/37\/milaseen-k2-200x150.jpg 200w, https:\/\/www.naturparkmagazin.de\/dahme-heideseen\/wp-content\/uploads\/sites\/37\/milaseen-k2.jpg 980w\" sizes=\"(max-width: 620px) 100vw, 620px\" \/><\/a><p id=\"caption-attachment-4189\" class=\"wp-caption-text\">(\u00a9 Carsten Preu\u00df)<\/p><\/div>\n<div id=\"attachment_4187\" style=\"width: 630px\" class=\"wp-caption alignnone\"><a href=\"https:\/\/www.naturparkmagazin.de\/dahme-heideseen\/wp-content\/uploads\/sites\/37\/milaseen-a.jpg\"><img aria-describedby=\"caption-attachment-4187\" decoding=\"async\" loading=\"lazy\" class=\"wp-image-4187 size-medium\" src=\"https:\/\/www.naturparkmagazin.de\/dahme-heideseen\/wp-content\/uploads\/sites\/37\/milaseen-a-620x465.jpg\" alt=\"\" width=\"620\" height=\"465\" srcset=\"https:\/\/www.naturparkmagazin.de\/dahme-heideseen\/wp-content\/uploads\/sites\/37\/milaseen-a-620x465.jpg 620w, https:\/\/www.naturparkmagazin.de\/dahme-heideseen\/wp-content\/uploads\/sites\/37\/milaseen-a-300x225.jpg 300w, https:\/\/www.naturparkmagazin.de\/dahme-heideseen\/wp-content\/uploads\/sites\/37\/milaseen-a-940x705.jpg 940w, https:\/\/www.naturparkmagazin.de\/dahme-heideseen\/wp-content\/uploads\/sites\/37\/milaseen-a-580x435.jpg 580w, https:\/\/www.naturparkmagazin.de\/dahme-heideseen\/wp-content\/uploads\/sites\/37\/milaseen-a-420x315.jpg 420w, https:\/\/www.naturparkmagazin.de\/dahme-heideseen\/wp-content\/uploads\/sites\/37\/milaseen-a-180x135.jpg 180w, https:\/\/www.naturparkmagazin.de\/dahme-heideseen\/wp-content\/uploads\/sites\/37\/milaseen-a-95x71.jpg 95w, https:\/\/www.naturparkmagazin.de\/dahme-heideseen\/wp-content\/uploads\/sites\/37\/milaseen-a-670x503.jpg 670w, https:\/\/www.naturparkmagazin.de\/dahme-heideseen\/wp-content\/uploads\/sites\/37\/milaseen-a-200x150.jpg 200w, https:\/\/www.naturparkmagazin.de\/dahme-heideseen\/wp-content\/uploads\/sites\/37\/milaseen-a.jpg 980w\" sizes=\"(max-width: 620px) 100vw, 620px\" \/><\/a><p id=\"caption-attachment-4187\" class=\"wp-caption-text\">(\u00a9 Carsten Preu\u00df)<\/p><\/div>\n<div id=\"attachment_4188\" style=\"width: 630px\" class=\"wp-caption alignnone\"><a href=\"https:\/\/www.naturparkmagazin.de\/dahme-heideseen\/wp-content\/uploads\/sites\/37\/milaseen-e.jpg\"><img aria-describedby=\"caption-attachment-4188\" decoding=\"async\" loading=\"lazy\" class=\"wp-image-4188 size-medium\" src=\"https:\/\/www.naturparkmagazin.de\/dahme-heideseen\/wp-content\/uploads\/sites\/37\/milaseen-e-620x465.jpg\" alt=\"milaseen-e\" width=\"620\" height=\"465\" srcset=\"https:\/\/www.naturparkmagazin.de\/dahme-heideseen\/wp-content\/uploads\/sites\/37\/milaseen-e-620x465.jpg 620w, https:\/\/www.naturparkmagazin.de\/dahme-heideseen\/wp-content\/uploads\/sites\/37\/milaseen-e-300x225.jpg 300w, https:\/\/www.naturparkmagazin.de\/dahme-heideseen\/wp-content\/uploads\/sites\/37\/milaseen-e-940x705.jpg 940w, https:\/\/www.naturparkmagazin.de\/dahme-heideseen\/wp-content\/uploads\/sites\/37\/milaseen-e-580x435.jpg 580w, https:\/\/www.naturparkmagazin.de\/dahme-heideseen\/wp-content\/uploads\/sites\/37\/milaseen-e-420x315.jpg 420w, https:\/\/www.naturparkmagazin.de\/dahme-heideseen\/wp-content\/uploads\/sites\/37\/milaseen-e-180x135.jpg 180w, https:\/\/www.naturparkmagazin.de\/dahme-heideseen\/wp-content\/uploads\/sites\/37\/milaseen-e-95x71.jpg 95w, https:\/\/www.naturparkmagazin.de\/dahme-heideseen\/wp-content\/uploads\/sites\/37\/milaseen-e-670x503.jpg 670w, https:\/\/www.naturparkmagazin.de\/dahme-heideseen\/wp-content\/uploads\/sites\/37\/milaseen-e-200x150.jpg 200w, https:\/\/www.naturparkmagazin.de\/dahme-heideseen\/wp-content\/uploads\/sites\/37\/milaseen-e.jpg 980w\" sizes=\"(max-width: 620px) 100vw, 620px\" \/><\/a><p id=\"caption-attachment-4188\" class=\"wp-caption-text\">(\u00a9 Carsten Preu\u00df)<\/p><\/div>\n<p>Mit der Ma\u00dfnahme werden seltene gef\u00e4hrdete Arten und Biotope gef\u00f6rdert, u. a. auch der Hochmoor-Bl\u00e4uling (Plebejus optilete). Dessen Lebensraum sind n\u00e4hrstoffarme, saure Moore und angrenzende Lebensr\u00e4ume wie Moorheiden und Moorwiesen. Sein Vorkommen ist an gr\u00f6\u00dfere Best\u00e4nde der Gew\u00f6hnlichen Moosbeere (Oxycoccus palustris) gebunden, welche eine wichtige Nektarpflanze ist.<\/p>\n<p>Die Lichtstellung zur F\u00f6rderung seltener gef\u00e4hrdeter Arten und Biotope sowie das partielle Entfernen von Geh\u00f6lzen sind auch einige der im Managementplan f\u00fcr das Gebiet vorgeschlagenen Erhaltungsma\u00dfnahmen. Das ca. 116 ha gro\u00dfe FFH-Gebiet \u201eMilaseen\u201c liegt im d\u00fcnenreichen Talsandgebiet n\u00f6rdlich des Neuendorfer Sees.<\/p>\n<p>Das FFH-Gebiet umfasst die beiden Seen, den Kleinen und den Gro\u00dfen Milasee. Bei letzterem handelt es sich um einen \u201cweichen\u201c Klarwassersee mit Uferr\u00f6hrichten. Beim Kleinen Milasee handelt es sich um einen Moorsee, umgeben von torfmoosreichen Zwischenmoor-Verlandungszonen und Moorgeh\u00f6lzen.<\/p>\n","protected":false},"excerpt":{"rendered":"<p>Gemeinsam haben Mitarbeiter:innen des Naturschutzfonds Brandenburg, der Naturwacht, der Naturparkverwaltung Dahme-Heideseen, des Landesbetriebes Forst Brandenburg, des Naturparkbesucherzentrums Burg Storkow und weitere Helfer:innen vor Beginn der Brutsaison Geh\u00f6lze aus einem Verlandungs-Kesselmoor am Kleinen Milasee entnommen.<\/p>\n","protected":false},"author":83,"featured_media":4187,"comment_status":"open","ping_status":"open","sticky":false,"template":"","format":"standard","meta":[],"categories":[7],"tags":[422],"yoast_head":"<!-- This site is optimized with the Yoast SEO plugin v19.10 - https:\/\/yoast.com\/wordpress\/plugins\/seo\/ -->\n<title>Moorfl\u00e4che von Kiefern und Birken befreit - Naturpark Dahme-Heideseen<\/title>\n<meta name=\"robots\" content=\"index, follow, max-snippet:-1, max-image-preview:large, max-video-preview:-1\" \/>\n<link rel=\"canonical\" href=\"https:\/\/www.naturparkmagazin.de\/dahme-heideseen\/moorflaeche-von-kiefern-und-birken-befreit\/\" \/>\n<meta property=\"og:locale\" content=\"de_DE\" \/>\n<meta property=\"og:type\" content=\"article\" \/>\n<meta property=\"og:title\" content=\"Moorfl\u00e4che von Kiefern und Birken befreit - Naturpark Dahme-Heideseen\" \/>\n<meta property=\"og:description\" content=\"Gemeinsam haben Mitarbeiter:innen des Naturschutzfonds Brandenburg, der Naturwacht, der Naturparkverwaltung Dahme-Heideseen, des Landesbetriebes Forst Brandenburg, des Naturparkbesucherzentrums Burg Storkow und weitere Helfer:innen vor Beginn der Brutsaison Geh\u00f6lze aus einem Verlandungs-Kesselmoor am Kleinen Milasee entnommen.\" \/>\n<meta property=\"og:url\" content=\"https:\/\/www.naturparkmagazin.de\/dahme-heideseen\/moorflaeche-von-kiefern-und-birken-befreit\/\" \/>\n<meta property=\"og:site_name\" content=\"Naturpark Dahme-Heideseen\" \/>\n<meta property=\"article:published_time\" content=\"2022-03-23T10:35:23+00:00\" \/>\n<meta property=\"og:image\" content=\"https:\/\/www.naturparkmagazin.de\/dahme-heideseen\/wp-content\/uploads\/sites\/37\/milaseen-a.jpg\" \/>\n\t<meta property=\"og:image:width\" content=\"980\" \/>\n\t<meta property=\"og:image:height\" content=\"735\" \/>\n\t<meta property=\"og:image:type\" content=\"image\/jpeg\" \/>\n<meta name=\"author\" content=\"Astrid Osenbr\u00fcck\" \/>\n<meta name=\"twitter:label1\" content=\"Verfasst von\" \/>\n\t<meta name=\"twitter:data1\" content=\"Astrid Osenbr\u00fcck\" \/>\n\t<meta name=\"twitter:label2\" content=\"Gesch\u00e4tzte Lesezeit\" \/>\n\t<meta name=\"twitter:data2\" content=\"1\u00a0Minute\" \/>\n<script type=\"application\/ld+json\" class=\"yoast-schema-graph\">{\"@context\":\"https:\/\/schema.org\",\"@graph\":[{\"@type\":\"WebPage\",\"@id\":\"https:\/\/www.naturparkmagazin.de\/dahme-heideseen\/moorflaeche-von-kiefern-und-birken-befreit\/\",\"url\":\"https:\/\/www.naturparkmagazin.de\/dahme-heideseen\/moorflaeche-von-kiefern-und-birken-befreit\/\",\"name\":\"Moorfl\u00e4che von Kiefern und Birken befreit - Naturpark Dahme-Heideseen\",\"isPartOf\":{\"@id\":\"https:\/\/www.naturparkmagazin.de\/dahme-heideseen\/#website\"},\"datePublished\":\"2022-03-23T10:35:23+00:00\",\"dateModified\":\"2022-03-23T10:35:23+00:00\",\"author\":{\"@id\":\"https:\/\/www.naturparkmagazin.de\/dahme-heideseen\/#\/schema\/person\/a0510aafafdf8183c95fc98faf0c9f21\"},\"breadcrumb\":{\"@id\":\"https:\/\/www.naturparkmagazin.de\/dahme-heideseen\/moorflaeche-von-kiefern-und-birken-befreit\/#breadcrumb\"},\"inLanguage\":\"de\",\"potentialAction\":[{\"@type\":\"ReadAction\",\"target\":[\"https:\/\/www.naturparkmagazin.de\/dahme-heideseen\/moorflaeche-von-kiefern-und-birken-befreit\/\"]}]},{\"@type\":\"BreadcrumbList\",\"@id\":\"https:\/\/www.naturparkmagazin.de\/dahme-heideseen\/moorflaeche-von-kiefern-und-birken-befreit\/#breadcrumb\",\"itemListElement\":[{\"@type\":\"ListItem\",\"position\":1,\"name\":\"Home\",\"item\":\"https:\/\/www.naturparkmagazin.de\/dahme-heideseen\/\"},{\"@type\":\"ListItem\",\"position\":2,\"name\":\"Moorfl\u00e4che von Kiefern und Birken befreit\"}]},{\"@type\":\"WebSite\",\"@id\":\"https:\/\/www.naturparkmagazin.de\/dahme-heideseen\/#website\",\"url\":\"https:\/\/www.naturparkmagazin.de\/dahme-heideseen\/\",\"name\":\"Naturpark Dahme-Heideseen\",\"description\":\"\",\"potentialAction\":[{\"@type\":\"SearchAction\",\"target\":{\"@type\":\"EntryPoint\",\"urlTemplate\":\"https:\/\/www.naturparkmagazin.de\/dahme-heideseen\/?s={search_term_string}\"},\"query-input\":\"required name=search_term_string\"}],\"inLanguage\":\"de\"},{\"@type\":\"Person\",\"@id\":\"https:\/\/www.naturparkmagazin.de\/dahme-heideseen\/#\/schema\/person\/a0510aafafdf8183c95fc98faf0c9f21\",\"name\":\"Astrid Osenbr\u00fcck\",\"sameAs\":[\"http:\/\/www.dahme-heideseen-naturpark.de\"],\"url\":\"https:\/\/www.naturparkmagazin.de\/dahme-heideseen\/author\/astridosenbrueck\/\"}]}<\/script>\n<!-- \/ Yoast SEO plugin. -->","yoast_head_json":{"title":"Moorfl\u00e4che von Kiefern und Birken befreit - Naturpark Dahme-Heideseen","robots":{"index":"index","follow":"follow","max-snippet":"max-snippet:-1","max-image-preview":"max-image-preview:large","max-video-preview":"max-video-preview:-1"},"canonical":"https:\/\/www.naturparkmagazin.de\/dahme-heideseen\/moorflaeche-von-kiefern-und-birken-befreit\/","og_locale":"de_DE","og_type":"article","og_title":"Moorfl\u00e4che von Kiefern und Birken befreit - Naturpark Dahme-Heideseen","og_description":"Gemeinsam haben Mitarbeiter:innen des Naturschutzfonds Brandenburg, der Naturwacht, der Naturparkverwaltung Dahme-Heideseen, des Landesbetriebes Forst Brandenburg, des Naturparkbesucherzentrums Burg Storkow und weitere Helfer:innen vor Beginn der Brutsaison Geh\u00f6lze aus einem Verlandungs-Kesselmoor am Kleinen Milasee entnommen.","og_url":"https:\/\/www.naturparkmagazin.de\/dahme-heideseen\/moorflaeche-von-kiefern-und-birken-befreit\/","og_site_name":"Naturpark Dahme-Heideseen","article_published_time":"2022-03-23T10:35:23+00:00","og_image":[{"width":980,"height":735,"url":"https:\/\/www.naturparkmagazin.de\/dahme-heideseen\/wp-content\/uploads\/sites\/37\/milaseen-a.jpg","type":"image\/jpeg"}],"author":"Astrid Osenbr\u00fcck","twitter_misc":{"Verfasst von":"Astrid Osenbr\u00fcck","Gesch\u00e4tzte Lesezeit":"1\u00a0Minute"},"schema":{"@context":"https:\/\/schema.org","@graph":[{"@type":"WebPage","@id":"https:\/\/www.naturparkmagazin.de\/dahme-heideseen\/moorflaeche-von-kiefern-und-birken-befreit\/","url":"https:\/\/www.naturparkmagazin.de\/dahme-heideseen\/moorflaeche-von-kiefern-und-birken-befreit\/","name":"Moorfl\u00e4che von Kiefern und Birken befreit - Naturpark Dahme-Heideseen","isPartOf":{"@id":"https:\/\/www.naturparkmagazin.de\/dahme-heideseen\/#website"},"datePublished":"2022-03-23T10:35:23+00:00","dateModified":"2022-03-23T10:35:23+00:00","author":{"@id":"https:\/\/www.naturparkmagazin.de\/dahme-heideseen\/#\/schema\/person\/a0510aafafdf8183c95fc98faf0c9f21"},"breadcrumb":{"@id":"https:\/\/www.naturparkmagazin.de\/dahme-heideseen\/moorflaeche-von-kiefern-und-birken-befreit\/#breadcrumb"},"inLanguage":"de","potentialAction":[{"@type":"ReadAction","target":["https:\/\/www.naturparkmagazin.de\/dahme-heideseen\/moorflaeche-von-kiefern-und-birken-befreit\/"]}]},{"@type":"BreadcrumbList","@id":"https:\/\/www.naturparkmagazin.de\/dahme-heideseen\/moorflaeche-von-kiefern-und-birken-befreit\/#breadcrumb","itemListElement":[{"@type":"ListItem","position":1,"name":"Home","item":"https:\/\/www.naturparkmagazin.de\/dahme-heideseen\/"},{"@type":"ListItem","position":2,"name":"Moorfl\u00e4che von Kiefern und Birken befreit"}]},{"@type":"WebSite","@id":"https:\/\/www.naturparkmagazin.de\/dahme-heideseen\/#website","url":"https:\/\/www.naturparkmagazin.de\/dahme-heideseen\/","name":"Naturpark Dahme-Heideseen","description":"","potentialAction":[{"@type":"SearchAction","target":{"@type":"EntryPoint","urlTemplate":"https:\/\/www.naturparkmagazin.de\/dahme-heideseen\/?s={search_term_string}"},"query-input":"required name=search_term_string"}],"inLanguage":"de"},{"@type":"Person","@id":"https:\/\/www.naturparkmagazin.de\/dahme-heideseen\/#\/schema\/person\/a0510aafafdf8183c95fc98faf0c9f21","name":"Astrid Osenbr\u00fcck","sameAs":["http:\/\/www.dahme-heideseen-naturpark.de"],"url":"https:\/\/www.naturparkmagazin.de\/dahme-heideseen\/author\/astridosenbrueck\/"}]}},"_links":{"self":[{"href":"https:\/\/www.naturparkmagazin.de\/dahme-heideseen\/wp-json\/wp\/v2\/posts\/4186"}],"collection":[{"href":"https:\/\/www.naturparkmagazin.de\/dahme-heideseen\/wp-json\/wp\/v2\/posts"}],"about":[{"href":"https:\/\/www.naturparkmagazin.de\/dahme-heideseen\/wp-json\/wp\/v2\/types\/post"}],"author":[{"embeddable":true,"href":"https:\/\/www.naturparkmagazin.de\/dahme-heideseen\/wp-json\/wp\/v2\/users\/83"}],"replies":[{"embeddable":true,"href":"https:\/\/www.naturparkmagazin.de\/dahme-heideseen\/wp-json\/wp\/v2\/comments?post=4186"}],"version-history":[{"count":1,"href":"https:\/\/www.naturparkmagazin.de\/dahme-heideseen\/wp-json\/wp\/v2\/posts\/4186\/revisions"}],"predecessor-version":[{"id":4190,"href":"https:\/\/www.naturparkmagazin.de\/dahme-heideseen\/wp-json\/wp\/v2\/posts\/4186\/revisions\/4190"}],"wp:featuredmedia":[{"embeddable":true,"href":"https:\/\/www.naturparkmagazin.de\/dahme-heideseen\/wp-json\/wp\/v2\/media\/4187"}],"wp:attachment":[{"href":"https:\/\/www.naturparkmagazin.de\/dahme-heideseen\/wp-json\/wp\/v2\/media?parent=4186"}],"wp:term":[{"taxonomy":"category","embeddable":true,"href":"https:\/\/www.naturparkmagazin.de\/dahme-heideseen\/wp-json\/wp\/v2\/categories?post=4186"},{"taxonomy":"post_tag","embeddable":true,"href":"https:\/\/www.naturparkmagazin.de\/dahme-heideseen\/wp-json\/wp\/v2\/tags?post=4186"}],"curies":[{"name":"wp","href":"https:\/\/api.w.org\/{rel}","templated":true}]}}