{"id":4192,"date":"2022-03-23T11:37:12","date_gmt":"2022-03-23T10:37:12","guid":{"rendered":"https:\/\/www.naturparkmagazin.de\/dahme-heideseen\/?p=4192"},"modified":"2022-03-23T11:39:06","modified_gmt":"2022-03-23T10:39:06","slug":"bald-beginnt-die-brutsaison-nistkaesten-im-naturpark-dahme-heideseen-angebracht","status":"publish","type":"post","link":"https:\/\/www.naturparkmagazin.de\/dahme-heideseen\/bald-beginnt-die-brutsaison-nistkaesten-im-naturpark-dahme-heideseen-angebracht\/","title":{"rendered":"Bald beginnt die Brutsaison: Nistk\u00e4sten im Naturpark Dahme-Heideseen angebracht"},"content":{"rendered":"<p>Die Naturwacht im Naturpark Dahme-Heideseen hat u.a. im FFH-Gebiet Heideseen bei Gro\u00df K\u00f6ris erneut Nistk\u00e4sten f\u00fcr gef\u00e4hrdete Vogelarten angebracht und in der Dubrow wurden Fledermausk\u00e4sten erg\u00e4nzt.<\/p>\n<p>Jetzt im Fr\u00fchling machen sich Vogelp\u00e4rchen aller Art auf die Suche nach geeigneten Nistpl\u00e4tzen. Doch weil in W\u00e4ldern und Parks alte und morsche B\u00e4ume abgeholzt werden, Kopfweiden und Streuobstwiesen vielerorts verschwinden und neue H\u00e4user immer geschlossener gebaut werden, fehlt vielen V\u00f6geln Platz zum Nestbau. Diesem Mangel kann man mit k\u00fcnstlichen Nisthilfen oder -h\u00f6hlen abhelfen. Die K\u00e4sten werden sehr gerne angenommen und tragen zum Erhalt der Artenvielfalt bei. Nebenbei wird auch die Natur dadurch gesch\u00fctzt, dass zum Beispiel der Insektizideinsatz in der Forstwirtschaft und im Obstbau durch das Ansiedeln Insektenfressender V\u00f6gel vermieden werden. Die V\u00f6gel regulieren dort auf nat\u00fcrliche Weise den Insektenbestand und sorgen daf\u00fcr, dass Sch\u00e4dlinge nicht \u00dcberhand nehmen. Allerdings k\u00f6nnen die k\u00fcnstlichen Quartiere keinen Ersatz f\u00fcr nat\u00fcrliche Quartiere darstellen, sondern lediglich als Erg\u00e4nzung dienen. Der Erhalt nat\u00fcrlicher Quartiere ist daher weiterhin von gro\u00dfer Bedeutung.<\/p>\n<p>Wer beim Spaziergang Nistk\u00e4sten entdeckt, sollte Abstand halten und die V\u00f6gel nicht unn\u00f6tig beunruhigen.<\/p>\n<p>&nbsp;<\/p>\n<p><b>Tipp!<\/b> Bei der Anbringung der Nistk\u00e4sten ist folgendes zu beachten:<\/p>\n<ul>\n<li>\u00a0Nicht in der prallen Sonne bzw. komplett im Schatten platzieren<\/li>\n<li>\u00a0Fluglochausrichtung nicht auf die Wetterseite<\/li>\n<li>\u00a0Nicht in zu dichtes Ge\u00e4st h\u00e4ngen, damit ein freier Anflug m\u00f6glich ist<\/li>\n<li>\u00a0Nicht zu niedrig: In zwei bis drei Meter H\u00f6he h\u00e4ngt der Nistkasten optimal<\/li>\n<\/ul>\n<p>&nbsp;<\/p>\n<p>Bauanleitungen f\u00fcr Nistk\u00e4sten gibt es hier:<\/p>\n<p><a href=\"https:\/\/www.nabu.de\/tiere-und-pflanzen\/voegel\/helfen\/nistkaesten\/index.html\" target=\"_blank\">www.nabu.de\/tiere-und-pflanzen\/voegel\/helfen\/nistkaesten\/index.html<\/a><\/p>\n<p><a href=\"https:\/\/www.lbv.de\/ratgeber\/lebensraum-garten\/nistkaesten\/nistkaesten-bauanleitungen\/\" target=\"_blank\">www.lbv.de\/ratgeber\/lebensraum-garten\/nistkaesten\/nistkaesten-bauanleitungen\/<\/a><\/p>\n<p><a href=\"https:\/\/www.bund-goettingen.de\/faqs\/nisthilfen-fuer-voegel\/\" target=\"_blank\">www.bund-goettingen.de\/faqs\/nisthilfen-fuer-voegel\/<\/a><\/p>\n","protected":false},"excerpt":{"rendered":"<p>Die Naturwacht im Naturpark Dahme-Heideseen hat u.a. im FFH-Gebiet Heideseen bei Gro\u00df K\u00f6ris erneut Nistk\u00e4sten f\u00fcr gef\u00e4hrdete Vogelarten angebracht und in der Dubrow wurden Fledermausk\u00e4sten erg\u00e4nzt.<\/p>\n","protected":false},"author":83,"featured_media":4196,"comment_status":"open","ping_status":"open","sticky":false,"template":"","format":"standard","meta":[],"categories":[1,7],"tags":[1005],"yoast_head":"<!-- This site is optimized with the Yoast SEO plugin v19.10 - https:\/\/yoast.com\/wordpress\/plugins\/seo\/ -->\n<title>Bald beginnt die Brutsaison: Nistk\u00e4sten im Naturpark Dahme-Heideseen angebracht - Naturpark Dahme-Heideseen<\/title>\n<meta name=\"robots\" content=\"index, follow, max-snippet:-1, max-image-preview:large, max-video-preview:-1\" \/>\n<link rel=\"canonical\" href=\"https:\/\/www.naturparkmagazin.de\/dahme-heideseen\/bald-beginnt-die-brutsaison-nistkaesten-im-naturpark-dahme-heideseen-angebracht\/\" \/>\n<meta property=\"og:locale\" content=\"de_DE\" \/>\n<meta property=\"og:type\" content=\"article\" \/>\n<meta property=\"og:title\" content=\"Bald beginnt die Brutsaison: Nistk\u00e4sten im Naturpark Dahme-Heideseen angebracht - Naturpark Dahme-Heideseen\" \/>\n<meta property=\"og:description\" content=\"Die Naturwacht im Naturpark Dahme-Heideseen hat u.a. im FFH-Gebiet Heideseen bei Gro\u00df K\u00f6ris erneut Nistk\u00e4sten f\u00fcr gef\u00e4hrdete Vogelarten angebracht und in der Dubrow wurden Fledermausk\u00e4sten erg\u00e4nzt.\" \/>\n<meta property=\"og:url\" content=\"https:\/\/www.naturparkmagazin.de\/dahme-heideseen\/bald-beginnt-die-brutsaison-nistkaesten-im-naturpark-dahme-heideseen-angebracht\/\" \/>\n<meta property=\"og:site_name\" content=\"Naturpark Dahme-Heideseen\" \/>\n<meta property=\"article:published_time\" content=\"2022-03-23T10:37:12+00:00\" \/>\n<meta property=\"article:modified_time\" content=\"2022-03-23T10:39:06+00:00\" \/>\n<meta property=\"og:image\" content=\"https:\/\/www.naturparkmagazin.de\/dahme-heideseen\/wp-content\/uploads\/sites\/37\/Nistk\u00e4sten-2022-p.jpg\" \/>\n\t<meta property=\"og:image:width\" content=\"1398\" \/>\n\t<meta property=\"og:image:height\" content=\"932\" \/>\n\t<meta property=\"og:image:type\" content=\"image\/jpeg\" \/>\n<meta name=\"author\" content=\"Astrid Osenbr\u00fcck\" \/>\n<meta name=\"twitter:label1\" content=\"Verfasst von\" \/>\n\t<meta name=\"twitter:data1\" content=\"Astrid Osenbr\u00fcck\" \/>\n\t<meta name=\"twitter:label2\" content=\"Gesch\u00e4tzte Lesezeit\" \/>\n\t<meta name=\"twitter:data2\" content=\"1\u00a0Minute\" \/>\n<script type=\"application\/ld+json\" class=\"yoast-schema-graph\">{\"@context\":\"https:\/\/schema.org\",\"@graph\":[{\"@type\":\"WebPage\",\"@id\":\"https:\/\/www.naturparkmagazin.de\/dahme-heideseen\/bald-beginnt-die-brutsaison-nistkaesten-im-naturpark-dahme-heideseen-angebracht\/\",\"url\":\"https:\/\/www.naturparkmagazin.de\/dahme-heideseen\/bald-beginnt-die-brutsaison-nistkaesten-im-naturpark-dahme-heideseen-angebracht\/\",\"name\":\"Bald beginnt die Brutsaison: Nistk\u00e4sten im Naturpark Dahme-Heideseen angebracht - Naturpark Dahme-Heideseen\",\"isPartOf\":{\"@id\":\"https:\/\/www.naturparkmagazin.de\/dahme-heideseen\/#website\"},\"datePublished\":\"2022-03-23T10:37:12+00:00\",\"dateModified\":\"2022-03-23T10:39:06+00:00\",\"author\":{\"@id\":\"https:\/\/www.naturparkmagazin.de\/dahme-heideseen\/#\/schema\/person\/a0510aafafdf8183c95fc98faf0c9f21\"},\"breadcrumb\":{\"@id\":\"https:\/\/www.naturparkmagazin.de\/dahme-heideseen\/bald-beginnt-die-brutsaison-nistkaesten-im-naturpark-dahme-heideseen-angebracht\/#breadcrumb\"},\"inLanguage\":\"de\",\"potentialAction\":[{\"@type\":\"ReadAction\",\"target\":[\"https:\/\/www.naturparkmagazin.de\/dahme-heideseen\/bald-beginnt-die-brutsaison-nistkaesten-im-naturpark-dahme-heideseen-angebracht\/\"]}]},{\"@type\":\"BreadcrumbList\",\"@id\":\"https:\/\/www.naturparkmagazin.de\/dahme-heideseen\/bald-beginnt-die-brutsaison-nistkaesten-im-naturpark-dahme-heideseen-angebracht\/#breadcrumb\",\"itemListElement\":[{\"@type\":\"ListItem\",\"position\":1,\"name\":\"Home\",\"item\":\"https:\/\/www.naturparkmagazin.de\/dahme-heideseen\/\"},{\"@type\":\"ListItem\",\"position\":2,\"name\":\"Bald beginnt die Brutsaison: Nistk\u00e4sten im Naturpark Dahme-Heideseen angebracht\"}]},{\"@type\":\"WebSite\",\"@id\":\"https:\/\/www.naturparkmagazin.de\/dahme-heideseen\/#website\",\"url\":\"https:\/\/www.naturparkmagazin.de\/dahme-heideseen\/\",\"name\":\"Naturpark Dahme-Heideseen\",\"description\":\"\",\"potentialAction\":[{\"@type\":\"SearchAction\",\"target\":{\"@type\":\"EntryPoint\",\"urlTemplate\":\"https:\/\/www.naturparkmagazin.de\/dahme-heideseen\/?s={search_term_string}\"},\"query-input\":\"required name=search_term_string\"}],\"inLanguage\":\"de\"},{\"@type\":\"Person\",\"@id\":\"https:\/\/www.naturparkmagazin.de\/dahme-heideseen\/#\/schema\/person\/a0510aafafdf8183c95fc98faf0c9f21\",\"name\":\"Astrid Osenbr\u00fcck\",\"sameAs\":[\"http:\/\/www.dahme-heideseen-naturpark.de\"],\"url\":\"https:\/\/www.naturparkmagazin.de\/dahme-heideseen\/author\/astridosenbrueck\/\"}]}<\/script>\n<!-- \/ Yoast SEO plugin. -->","yoast_head_json":{"title":"Bald beginnt die Brutsaison: Nistk\u00e4sten im Naturpark Dahme-Heideseen angebracht - Naturpark Dahme-Heideseen","robots":{"index":"index","follow":"follow","max-snippet":"max-snippet:-1","max-image-preview":"max-image-preview:large","max-video-preview":"max-video-preview:-1"},"canonical":"https:\/\/www.naturparkmagazin.de\/dahme-heideseen\/bald-beginnt-die-brutsaison-nistkaesten-im-naturpark-dahme-heideseen-angebracht\/","og_locale":"de_DE","og_type":"article","og_title":"Bald beginnt die Brutsaison: Nistk\u00e4sten im Naturpark Dahme-Heideseen angebracht - Naturpark Dahme-Heideseen","og_description":"Die Naturwacht im Naturpark Dahme-Heideseen hat u.a. im FFH-Gebiet Heideseen bei Gro\u00df K\u00f6ris erneut Nistk\u00e4sten f\u00fcr gef\u00e4hrdete Vogelarten angebracht und in der Dubrow wurden Fledermausk\u00e4sten erg\u00e4nzt.","og_url":"https:\/\/www.naturparkmagazin.de\/dahme-heideseen\/bald-beginnt-die-brutsaison-nistkaesten-im-naturpark-dahme-heideseen-angebracht\/","og_site_name":"Naturpark Dahme-Heideseen","article_published_time":"2022-03-23T10:37:12+00:00","article_modified_time":"2022-03-23T10:39:06+00:00","og_image":[{"width":1398,"height":932,"url":"https:\/\/www.naturparkmagazin.de\/dahme-heideseen\/wp-content\/uploads\/sites\/37\/Nistk\u00e4sten-2022-p.jpg","type":"image\/jpeg"}],"author":"Astrid Osenbr\u00fcck","twitter_misc":{"Verfasst von":"Astrid Osenbr\u00fcck","Gesch\u00e4tzte Lesezeit":"1\u00a0Minute"},"schema":{"@context":"https:\/\/schema.org","@graph":[{"@type":"WebPage","@id":"https:\/\/www.naturparkmagazin.de\/dahme-heideseen\/bald-beginnt-die-brutsaison-nistkaesten-im-naturpark-dahme-heideseen-angebracht\/","url":"https:\/\/www.naturparkmagazin.de\/dahme-heideseen\/bald-beginnt-die-brutsaison-nistkaesten-im-naturpark-dahme-heideseen-angebracht\/","name":"Bald beginnt die Brutsaison: Nistk\u00e4sten im Naturpark Dahme-Heideseen angebracht - Naturpark Dahme-Heideseen","isPartOf":{"@id":"https:\/\/www.naturparkmagazin.de\/dahme-heideseen\/#website"},"datePublished":"2022-03-23T10:37:12+00:00","dateModified":"2022-03-23T10:39:06+00:00","author":{"@id":"https:\/\/www.naturparkmagazin.de\/dahme-heideseen\/#\/schema\/person\/a0510aafafdf8183c95fc98faf0c9f21"},"breadcrumb":{"@id":"https:\/\/www.naturparkmagazin.de\/dahme-heideseen\/bald-beginnt-die-brutsaison-nistkaesten-im-naturpark-dahme-heideseen-angebracht\/#breadcrumb"},"inLanguage":"de","potentialAction":[{"@type":"ReadAction","target":["https:\/\/www.naturparkmagazin.de\/dahme-heideseen\/bald-beginnt-die-brutsaison-nistkaesten-im-naturpark-dahme-heideseen-angebracht\/"]}]},{"@type":"BreadcrumbList","@id":"https:\/\/www.naturparkmagazin.de\/dahme-heideseen\/bald-beginnt-die-brutsaison-nistkaesten-im-naturpark-dahme-heideseen-angebracht\/#breadcrumb","itemListElement":[{"@type":"ListItem","position":1,"name":"Home","item":"https:\/\/www.naturparkmagazin.de\/dahme-heideseen\/"},{"@type":"ListItem","position":2,"name":"Bald beginnt die Brutsaison: Nistk\u00e4sten im Naturpark Dahme-Heideseen angebracht"}]},{"@type":"WebSite","@id":"https:\/\/www.naturparkmagazin.de\/dahme-heideseen\/#website","url":"https:\/\/www.naturparkmagazin.de\/dahme-heideseen\/","name":"Naturpark Dahme-Heideseen","description":"","potentialAction":[{"@type":"SearchAction","target":{"@type":"EntryPoint","urlTemplate":"https:\/\/www.naturparkmagazin.de\/dahme-heideseen\/?s={search_term_string}"},"query-input":"required name=search_term_string"}],"inLanguage":"de"},{"@type":"Person","@id":"https:\/\/www.naturparkmagazin.de\/dahme-heideseen\/#\/schema\/person\/a0510aafafdf8183c95fc98faf0c9f21","name":"Astrid Osenbr\u00fcck","sameAs":["http:\/\/www.dahme-heideseen-naturpark.de"],"url":"https:\/\/www.naturparkmagazin.de\/dahme-heideseen\/author\/astridosenbrueck\/"}]}},"_links":{"self":[{"href":"https:\/\/www.naturparkmagazin.de\/dahme-heideseen\/wp-json\/wp\/v2\/posts\/4192"}],"collection":[{"href":"https:\/\/www.naturparkmagazin.de\/dahme-heideseen\/wp-json\/wp\/v2\/posts"}],"about":[{"href":"https:\/\/www.naturparkmagazin.de\/dahme-heideseen\/wp-json\/wp\/v2\/types\/post"}],"author":[{"embeddable":true,"href":"https:\/\/www.naturparkmagazin.de\/dahme-heideseen\/wp-json\/wp\/v2\/users\/83"}],"replies":[{"embeddable":true,"href":"https:\/\/www.naturparkmagazin.de\/dahme-heideseen\/wp-json\/wp\/v2\/comments?post=4192"}],"version-history":[{"count":3,"href":"https:\/\/www.naturparkmagazin.de\/dahme-heideseen\/wp-json\/wp\/v2\/posts\/4192\/revisions"}],"predecessor-version":[{"id":4198,"href":"https:\/\/www.naturparkmagazin.de\/dahme-heideseen\/wp-json\/wp\/v2\/posts\/4192\/revisions\/4198"}],"wp:featuredmedia":[{"embeddable":true,"href":"https:\/\/www.naturparkmagazin.de\/dahme-heideseen\/wp-json\/wp\/v2\/media\/4196"}],"wp:attachment":[{"href":"https:\/\/www.naturparkmagazin.de\/dahme-heideseen\/wp-json\/wp\/v2\/media?parent=4192"}],"wp:term":[{"taxonomy":"category","embeddable":true,"href":"https:\/\/www.naturparkmagazin.de\/dahme-heideseen\/wp-json\/wp\/v2\/categories?post=4192"},{"taxonomy":"post_tag","embeddable":true,"href":"https:\/\/www.naturparkmagazin.de\/dahme-heideseen\/wp-json\/wp\/v2\/tags?post=4192"}],"curies":[{"name":"wp","href":"https:\/\/api.w.org\/{rel}","templated":true}]}}