{"id":4206,"date":"2022-03-23T13:23:17","date_gmt":"2022-03-23T12:23:17","guid":{"rendered":"https:\/\/www.naturparkmagazin.de\/dahme-heideseen\/?p=4206"},"modified":"2022-03-23T13:23:17","modified_gmt":"2022-03-23T12:23:17","slug":"durch-die-linse-der-ranger-neue-foto-ausstellung-auf-der-burg-storkow-2","status":"publish","type":"post","link":"https:\/\/www.naturparkmagazin.de\/dahme-heideseen\/durch-die-linse-der-ranger-neue-foto-ausstellung-auf-der-burg-storkow-2\/","title":{"rendered":"Durch die Linse der Ranger \u2013 Neue Foto-Ausstellung auf der Burg Storkow"},"content":{"rendered":"<p class=\"tiny_p\">Vom <strong>30.03.-29.08.2022<\/strong> zeigt das Besucherzentrum in der Sonderausstellung \u201eDurch die Linse der Ranger\u201c Fotos, die bei der Arbeit der Ranger und Rangerinnen im Naturpark entstanden.<\/p>\n<p class=\"tiny_p\">Insgesamt 20 Tafeln informieren \u00fcber die <strong>Vogelwelt des Naturparks Dahme-Heideseen<\/strong>. Neunt\u00f6ter, Heidelerche und Eisvogel sind nur einige der zahlreichen Arten, die den Rangern und Rangerinnen bei ihrer Arbeit im Naturpark Dahme-Heideseen vor die Kamera flatterten.<\/p>\n<p class=\"tiny_p\">In der Ausstellung erz\u00e4hlen Naturpark-Mitarbeiterinnen von ihren Erlebnissen, informieren \u00fcber die jeweiligen Arten und geben Besuchern Beobachtungstipps sowie Hinweise, bei welcher Wanderung oder von welchem Beobachtungsturm die Tiere besonders gut zu beobachten sind.<\/p>\n<p class=\"tiny_p\">In den Naturparks, den Biosph\u00e4renreservaten und dem Nationalpark Brandenburgs arbeiten die Ranger der Naturwacht als Mittler zwischen Mensch und Natur. Sie erfassen Daten zu Tier- und Pflanzenbest\u00e4nden, Grundwasserspiegeln und zur Qualit\u00e4t von Gew\u00e4ssern. Zudem setzen sie zahlreiche Naturschutzma\u00dfnahmen um und kontrollieren deren Erfolg. Au\u00dferdem sind sie wichtige Ansprechpartner f\u00fcr Anwohner und Touristen.<\/p>\n","protected":false},"excerpt":{"rendered":"<p>Ab dem 31. M\u00e4rz informieren insgesamt 20 Infotafeln auf der Burg Storkow \u00fcber die Vogelwelt des Naturparks Dahme-Heideseen.<\/p>\n","protected":false},"author":83,"featured_media":4207,"comment_status":"open","ping_status":"open","sticky":false,"template":"","format":"standard","meta":[],"categories":[11],"tags":[],"yoast_head":"<!-- This site is optimized with the Yoast SEO plugin v19.10 - https:\/\/yoast.com\/wordpress\/plugins\/seo\/ -->\n<title>Durch die Linse der Ranger \u2013 Neue Foto-Ausstellung auf der Burg Storkow - Naturpark Dahme-Heideseen<\/title>\n<meta name=\"robots\" content=\"index, follow, max-snippet:-1, max-image-preview:large, max-video-preview:-1\" \/>\n<link rel=\"canonical\" href=\"https:\/\/www.naturparkmagazin.de\/dahme-heideseen\/durch-die-linse-der-ranger-neue-foto-ausstellung-auf-der-burg-storkow-2\/\" \/>\n<meta property=\"og:locale\" content=\"de_DE\" \/>\n<meta property=\"og:type\" content=\"article\" \/>\n<meta property=\"og:title\" content=\"Durch die Linse der Ranger \u2013 Neue Foto-Ausstellung auf der Burg Storkow - Naturpark Dahme-Heideseen\" \/>\n<meta property=\"og:description\" content=\"Ab dem 31. M\u00e4rz informieren insgesamt 20 Infotafeln auf der Burg Storkow \u00fcber die Vogelwelt des Naturparks Dahme-Heideseen.\" \/>\n<meta property=\"og:url\" content=\"https:\/\/www.naturparkmagazin.de\/dahme-heideseen\/durch-die-linse-der-ranger-neue-foto-ausstellung-auf-der-burg-storkow-2\/\" \/>\n<meta property=\"og:site_name\" content=\"Naturpark Dahme-Heideseen\" \/>\n<meta property=\"article:published_time\" content=\"2022-03-23T12:23:17+00:00\" \/>\n<meta property=\"og:image\" content=\"https:\/\/www.naturparkmagazin.de\/dahme-heideseen\/wp-content\/uploads\/sites\/37\/Durch-die-Linse-der-Ranger1.jpg\" \/>\n\t<meta property=\"og:image:width\" content=\"1080\" \/>\n\t<meta property=\"og:image:height\" content=\"1080\" \/>\n\t<meta property=\"og:image:type\" content=\"image\/jpeg\" \/>\n<meta name=\"author\" content=\"Astrid Osenbr\u00fcck\" \/>\n<meta name=\"twitter:label1\" content=\"Verfasst von\" \/>\n\t<meta name=\"twitter:data1\" content=\"Astrid Osenbr\u00fcck\" \/>\n\t<meta name=\"twitter:label2\" content=\"Gesch\u00e4tzte Lesezeit\" \/>\n\t<meta name=\"twitter:data2\" content=\"1\u00a0Minute\" \/>\n<script type=\"application\/ld+json\" class=\"yoast-schema-graph\">{\"@context\":\"https:\/\/schema.org\",\"@graph\":[{\"@type\":\"WebPage\",\"@id\":\"https:\/\/www.naturparkmagazin.de\/dahme-heideseen\/durch-die-linse-der-ranger-neue-foto-ausstellung-auf-der-burg-storkow-2\/\",\"url\":\"https:\/\/www.naturparkmagazin.de\/dahme-heideseen\/durch-die-linse-der-ranger-neue-foto-ausstellung-auf-der-burg-storkow-2\/\",\"name\":\"Durch die Linse der Ranger \u2013 Neue Foto-Ausstellung auf der Burg Storkow - Naturpark Dahme-Heideseen\",\"isPartOf\":{\"@id\":\"https:\/\/www.naturparkmagazin.de\/dahme-heideseen\/#website\"},\"datePublished\":\"2022-03-23T12:23:17+00:00\",\"dateModified\":\"2022-03-23T12:23:17+00:00\",\"author\":{\"@id\":\"https:\/\/www.naturparkmagazin.de\/dahme-heideseen\/#\/schema\/person\/a0510aafafdf8183c95fc98faf0c9f21\"},\"breadcrumb\":{\"@id\":\"https:\/\/www.naturparkmagazin.de\/dahme-heideseen\/durch-die-linse-der-ranger-neue-foto-ausstellung-auf-der-burg-storkow-2\/#breadcrumb\"},\"inLanguage\":\"de\",\"potentialAction\":[{\"@type\":\"ReadAction\",\"target\":[\"https:\/\/www.naturparkmagazin.de\/dahme-heideseen\/durch-die-linse-der-ranger-neue-foto-ausstellung-auf-der-burg-storkow-2\/\"]}]},{\"@type\":\"BreadcrumbList\",\"@id\":\"https:\/\/www.naturparkmagazin.de\/dahme-heideseen\/durch-die-linse-der-ranger-neue-foto-ausstellung-auf-der-burg-storkow-2\/#breadcrumb\",\"itemListElement\":[{\"@type\":\"ListItem\",\"position\":1,\"name\":\"Home\",\"item\":\"https:\/\/www.naturparkmagazin.de\/dahme-heideseen\/\"},{\"@type\":\"ListItem\",\"position\":2,\"name\":\"Durch die Linse der Ranger \u2013 Neue Foto-Ausstellung auf der Burg Storkow\"}]},{\"@type\":\"WebSite\",\"@id\":\"https:\/\/www.naturparkmagazin.de\/dahme-heideseen\/#website\",\"url\":\"https:\/\/www.naturparkmagazin.de\/dahme-heideseen\/\",\"name\":\"Naturpark Dahme-Heideseen\",\"description\":\"\",\"potentialAction\":[{\"@type\":\"SearchAction\",\"target\":{\"@type\":\"EntryPoint\",\"urlTemplate\":\"https:\/\/www.naturparkmagazin.de\/dahme-heideseen\/?s={search_term_string}\"},\"query-input\":\"required name=search_term_string\"}],\"inLanguage\":\"de\"},{\"@type\":\"Person\",\"@id\":\"https:\/\/www.naturparkmagazin.de\/dahme-heideseen\/#\/schema\/person\/a0510aafafdf8183c95fc98faf0c9f21\",\"name\":\"Astrid Osenbr\u00fcck\",\"sameAs\":[\"http:\/\/www.dahme-heideseen-naturpark.de\"],\"url\":\"https:\/\/www.naturparkmagazin.de\/dahme-heideseen\/author\/astridosenbrueck\/\"}]}<\/script>\n<!-- \/ Yoast SEO plugin. -->","yoast_head_json":{"title":"Durch die Linse der Ranger \u2013 Neue Foto-Ausstellung auf der Burg Storkow - Naturpark Dahme-Heideseen","robots":{"index":"index","follow":"follow","max-snippet":"max-snippet:-1","max-image-preview":"max-image-preview:large","max-video-preview":"max-video-preview:-1"},"canonical":"https:\/\/www.naturparkmagazin.de\/dahme-heideseen\/durch-die-linse-der-ranger-neue-foto-ausstellung-auf-der-burg-storkow-2\/","og_locale":"de_DE","og_type":"article","og_title":"Durch die Linse der Ranger \u2013 Neue Foto-Ausstellung auf der Burg Storkow - Naturpark Dahme-Heideseen","og_description":"Ab dem 31. M\u00e4rz informieren insgesamt 20 Infotafeln auf der Burg Storkow \u00fcber die Vogelwelt des Naturparks Dahme-Heideseen.","og_url":"https:\/\/www.naturparkmagazin.de\/dahme-heideseen\/durch-die-linse-der-ranger-neue-foto-ausstellung-auf-der-burg-storkow-2\/","og_site_name":"Naturpark Dahme-Heideseen","article_published_time":"2022-03-23T12:23:17+00:00","og_image":[{"width":1080,"height":1080,"url":"https:\/\/www.naturparkmagazin.de\/dahme-heideseen\/wp-content\/uploads\/sites\/37\/Durch-die-Linse-der-Ranger1.jpg","type":"image\/jpeg"}],"author":"Astrid Osenbr\u00fcck","twitter_misc":{"Verfasst von":"Astrid Osenbr\u00fcck","Gesch\u00e4tzte Lesezeit":"1\u00a0Minute"},"schema":{"@context":"https:\/\/schema.org","@graph":[{"@type":"WebPage","@id":"https:\/\/www.naturparkmagazin.de\/dahme-heideseen\/durch-die-linse-der-ranger-neue-foto-ausstellung-auf-der-burg-storkow-2\/","url":"https:\/\/www.naturparkmagazin.de\/dahme-heideseen\/durch-die-linse-der-ranger-neue-foto-ausstellung-auf-der-burg-storkow-2\/","name":"Durch die Linse der Ranger \u2013 Neue Foto-Ausstellung auf der Burg Storkow - Naturpark Dahme-Heideseen","isPartOf":{"@id":"https:\/\/www.naturparkmagazin.de\/dahme-heideseen\/#website"},"datePublished":"2022-03-23T12:23:17+00:00","dateModified":"2022-03-23T12:23:17+00:00","author":{"@id":"https:\/\/www.naturparkmagazin.de\/dahme-heideseen\/#\/schema\/person\/a0510aafafdf8183c95fc98faf0c9f21"},"breadcrumb":{"@id":"https:\/\/www.naturparkmagazin.de\/dahme-heideseen\/durch-die-linse-der-ranger-neue-foto-ausstellung-auf-der-burg-storkow-2\/#breadcrumb"},"inLanguage":"de","potentialAction":[{"@type":"ReadAction","target":["https:\/\/www.naturparkmagazin.de\/dahme-heideseen\/durch-die-linse-der-ranger-neue-foto-ausstellung-auf-der-burg-storkow-2\/"]}]},{"@type":"BreadcrumbList","@id":"https:\/\/www.naturparkmagazin.de\/dahme-heideseen\/durch-die-linse-der-ranger-neue-foto-ausstellung-auf-der-burg-storkow-2\/#breadcrumb","itemListElement":[{"@type":"ListItem","position":1,"name":"Home","item":"https:\/\/www.naturparkmagazin.de\/dahme-heideseen\/"},{"@type":"ListItem","position":2,"name":"Durch die Linse der Ranger \u2013 Neue Foto-Ausstellung auf der Burg Storkow"}]},{"@type":"WebSite","@id":"https:\/\/www.naturparkmagazin.de\/dahme-heideseen\/#website","url":"https:\/\/www.naturparkmagazin.de\/dahme-heideseen\/","name":"Naturpark Dahme-Heideseen","description":"","potentialAction":[{"@type":"SearchAction","target":{"@type":"EntryPoint","urlTemplate":"https:\/\/www.naturparkmagazin.de\/dahme-heideseen\/?s={search_term_string}"},"query-input":"required name=search_term_string"}],"inLanguage":"de"},{"@type":"Person","@id":"https:\/\/www.naturparkmagazin.de\/dahme-heideseen\/#\/schema\/person\/a0510aafafdf8183c95fc98faf0c9f21","name":"Astrid Osenbr\u00fcck","sameAs":["http:\/\/www.dahme-heideseen-naturpark.de"],"url":"https:\/\/www.naturparkmagazin.de\/dahme-heideseen\/author\/astridosenbrueck\/"}]}},"_links":{"self":[{"href":"https:\/\/www.naturparkmagazin.de\/dahme-heideseen\/wp-json\/wp\/v2\/posts\/4206"}],"collection":[{"href":"https:\/\/www.naturparkmagazin.de\/dahme-heideseen\/wp-json\/wp\/v2\/posts"}],"about":[{"href":"https:\/\/www.naturparkmagazin.de\/dahme-heideseen\/wp-json\/wp\/v2\/types\/post"}],"author":[{"embeddable":true,"href":"https:\/\/www.naturparkmagazin.de\/dahme-heideseen\/wp-json\/wp\/v2\/users\/83"}],"replies":[{"embeddable":true,"href":"https:\/\/www.naturparkmagazin.de\/dahme-heideseen\/wp-json\/wp\/v2\/comments?post=4206"}],"version-history":[{"count":1,"href":"https:\/\/www.naturparkmagazin.de\/dahme-heideseen\/wp-json\/wp\/v2\/posts\/4206\/revisions"}],"predecessor-version":[{"id":4208,"href":"https:\/\/www.naturparkmagazin.de\/dahme-heideseen\/wp-json\/wp\/v2\/posts\/4206\/revisions\/4208"}],"wp:featuredmedia":[{"embeddable":true,"href":"https:\/\/www.naturparkmagazin.de\/dahme-heideseen\/wp-json\/wp\/v2\/media\/4207"}],"wp:attachment":[{"href":"https:\/\/www.naturparkmagazin.de\/dahme-heideseen\/wp-json\/wp\/v2\/media?parent=4206"}],"wp:term":[{"taxonomy":"category","embeddable":true,"href":"https:\/\/www.naturparkmagazin.de\/dahme-heideseen\/wp-json\/wp\/v2\/categories?post=4206"},{"taxonomy":"post_tag","embeddable":true,"href":"https:\/\/www.naturparkmagazin.de\/dahme-heideseen\/wp-json\/wp\/v2\/tags?post=4206"}],"curies":[{"name":"wp","href":"https:\/\/api.w.org\/{rel}","templated":true}]}}