{"id":422,"date":"2014-03-19T10:01:14","date_gmt":"2014-03-19T09:01:14","guid":{"rendered":"http:\/\/www.naturparkmagazin.de\/dahme-heideseen\/?p=422"},"modified":"2014-04-09T12:43:55","modified_gmt":"2014-04-09T10:43:55","slug":"elfenblume-die-staude-des-jahres-2014","status":"publish","type":"post","link":"https:\/\/www.naturparkmagazin.de\/dahme-heideseen\/elfenblume-die-staude-des-jahres-2014\/","title":{"rendered":"Elfenblume  &#8211; die Staude des Jahres 2014"},"content":{"rendered":"<p>In loser Folge wollen wir Ihnen durch das Jahr die Natur des Jahres 2014 vorstellen. Heute:\u00a0 Elfenblume\u00a0 &#8211; die Staude des Jahres.<\/p>\n<p>Die Elfenblume wurde vom Bund deutscher Staudeng\u00e4rtner als Staude des Jahres 2014 ausgew\u00e4hlt.<\/p>\n<p>Elfenblumen geh\u00f6ren zu den Berberitzengew\u00e4chsen und kommen urspr\u00fcnglich aus Nord-Amerika. Seit Jahrhunderten werden die Stauden kultiviert, zahlreiche Sorten und Hybriden sind bekannt. Ist der Winter nicht zu eisig und schneearm, k\u00f6nnen die Bl\u00e4tter bis in das Fr\u00fchjahr \u00fcberdauern. Im Fr\u00fchling schieben sich sehr zarte Bl\u00fctenst\u00e4nde aus dem dann brauen Laub. Dann lohnt es sich, die Pflanzen einmal aus der Bodenperspektive zu betrachten: es sind wirkliche \u201eElfen\u201c<\/p>\n<p>Elfenblumenstauden k\u00f6nnen uralt werden und den Pflanzer \u00fcberleben. So gibt es am \u201eG\u00f6thehaus\u201c in Weimar eine sehr alte Rabattenpflanzung mit Elfenblumen.<\/p>\n<p>Ein kleiner Bestand von Elfenblumen ziert die Pflanzung am Eingang der Naturparkverwaltung in Prieros.<\/p>\n<div id=\"attachment_423\" style=\"width: 630px\" class=\"wp-caption aligncenter\"><a href=\"https:\/\/www.naturparkmagazin.de\/dahme-heideseen\/wp-content\/uploads\/sites\/37\/Elfenblume.jpg\"><img aria-describedby=\"caption-attachment-423\" decoding=\"async\" loading=\"lazy\" class=\"size-medium wp-image-423\" alt=\"Elfenblume (Foto: Sonnenberg)\" src=\"https:\/\/www.naturparkmagazin.de\/dahme-heideseen\/wp-content\/uploads\/sites\/37\/Elfenblume-620x457.jpg\" width=\"620\" height=\"457\" srcset=\"https:\/\/www.naturparkmagazin.de\/dahme-heideseen\/wp-content\/uploads\/sites\/37\/Elfenblume-620x457.jpg 620w, https:\/\/www.naturparkmagazin.de\/dahme-heideseen\/wp-content\/uploads\/sites\/37\/Elfenblume-300x221.jpg 300w, https:\/\/www.naturparkmagazin.de\/dahme-heideseen\/wp-content\/uploads\/sites\/37\/Elfenblume-95x71.jpg 95w, https:\/\/www.naturparkmagazin.de\/dahme-heideseen\/wp-content\/uploads\/sites\/37\/Elfenblume-670x494.jpg 670w, https:\/\/www.naturparkmagazin.de\/dahme-heideseen\/wp-content\/uploads\/sites\/37\/Elfenblume-200x148.jpg 200w, https:\/\/www.naturparkmagazin.de\/dahme-heideseen\/wp-content\/uploads\/sites\/37\/Elfenblume.jpg 930w\" sizes=\"(max-width: 620px) 100vw, 620px\" \/><\/a><p id=\"caption-attachment-423\" class=\"wp-caption-text\">Elfenblume (Foto: Sonnenberg)<\/p><\/div>\n<p>Weitere Infos:\u00a0 <a title=\"Staude des Jahres 2014\" href=\"http:\/\/www.staude-des-jahres.de\/\" target=\"_blank\">Staude des Jahres 2014<\/a><\/p>\n<p>&nbsp;<\/p>\n<p>&nbsp;<\/p>\n","protected":false},"excerpt":{"rendered":"<p>In loser Folge wollen wir Ihnen durch das Jahr die Natur des Jahres 2014 vorstellen. Heute:  Elfenblume  &#8211; die Staude des Jahres. Die Elfenblume wurde vom Bund deutscher Staudeng\u00e4rtner als Staude des Jahres 2014 ausgew\u00e4hlt.<\/p>\n","protected":false},"author":48,"featured_media":423,"comment_status":"open","ping_status":"open","sticky":false,"template":"","format":"standard","meta":[],"categories":[11],"tags":[],"yoast_head":"<!-- This site is optimized with the Yoast SEO plugin v19.10 - https:\/\/yoast.com\/wordpress\/plugins\/seo\/ -->\n<title>Elfenblume - die Staude des Jahres 2014 - Naturpark Dahme-Heideseen<\/title>\n<meta name=\"robots\" content=\"index, follow, max-snippet:-1, max-image-preview:large, max-video-preview:-1\" \/>\n<link rel=\"canonical\" href=\"https:\/\/www.naturparkmagazin.de\/dahme-heideseen\/elfenblume-die-staude-des-jahres-2014\/\" \/>\n<meta property=\"og:locale\" content=\"de_DE\" \/>\n<meta property=\"og:type\" content=\"article\" \/>\n<meta property=\"og:title\" content=\"Elfenblume - die Staude des Jahres 2014 - Naturpark Dahme-Heideseen\" \/>\n<meta property=\"og:description\" content=\"In loser Folge wollen wir Ihnen durch das Jahr die Natur des Jahres 2014 vorstellen. Heute: Elfenblume - die Staude des Jahres. Die Elfenblume wurde vom Bund deutscher Staudeng\u00e4rtner als Staude des Jahres 2014 ausgew\u00e4hlt.\" \/>\n<meta property=\"og:url\" content=\"https:\/\/www.naturparkmagazin.de\/dahme-heideseen\/elfenblume-die-staude-des-jahres-2014\/\" \/>\n<meta property=\"og:site_name\" content=\"Naturpark Dahme-Heideseen\" \/>\n<meta property=\"article:published_time\" content=\"2014-03-19T09:01:14+00:00\" \/>\n<meta property=\"article:modified_time\" content=\"2014-04-09T10:43:55+00:00\" \/>\n<meta property=\"og:image\" content=\"https:\/\/www.naturparkmagazin.de\/dahme-heideseen\/wp-content\/uploads\/sites\/37\/Elfenblume.jpg\" \/>\n\t<meta property=\"og:image:width\" content=\"930\" \/>\n\t<meta property=\"og:image:height\" content=\"686\" \/>\n\t<meta property=\"og:image:type\" content=\"image\/jpeg\" \/>\n<meta name=\"author\" content=\"hanssonnenberg\" \/>\n<meta name=\"twitter:label1\" content=\"Verfasst von\" \/>\n\t<meta name=\"twitter:data1\" content=\"hanssonnenberg\" \/>\n\t<meta name=\"twitter:label2\" content=\"Gesch\u00e4tzte Lesezeit\" \/>\n\t<meta name=\"twitter:data2\" content=\"1\u00a0Minute\" \/>\n<script type=\"application\/ld+json\" class=\"yoast-schema-graph\">{\"@context\":\"https:\/\/schema.org\",\"@graph\":[{\"@type\":\"WebPage\",\"@id\":\"https:\/\/www.naturparkmagazin.de\/dahme-heideseen\/elfenblume-die-staude-des-jahres-2014\/\",\"url\":\"https:\/\/www.naturparkmagazin.de\/dahme-heideseen\/elfenblume-die-staude-des-jahres-2014\/\",\"name\":\"Elfenblume - die Staude des Jahres 2014 - Naturpark Dahme-Heideseen\",\"isPartOf\":{\"@id\":\"https:\/\/www.naturparkmagazin.de\/dahme-heideseen\/#website\"},\"datePublished\":\"2014-03-19T09:01:14+00:00\",\"dateModified\":\"2014-04-09T10:43:55+00:00\",\"author\":{\"@id\":\"https:\/\/www.naturparkmagazin.de\/dahme-heideseen\/#\/schema\/person\/c81c96c3a1f5ee7bffff8b8022c105f0\"},\"breadcrumb\":{\"@id\":\"https:\/\/www.naturparkmagazin.de\/dahme-heideseen\/elfenblume-die-staude-des-jahres-2014\/#breadcrumb\"},\"inLanguage\":\"de\",\"potentialAction\":[{\"@type\":\"ReadAction\",\"target\":[\"https:\/\/www.naturparkmagazin.de\/dahme-heideseen\/elfenblume-die-staude-des-jahres-2014\/\"]}]},{\"@type\":\"BreadcrumbList\",\"@id\":\"https:\/\/www.naturparkmagazin.de\/dahme-heideseen\/elfenblume-die-staude-des-jahres-2014\/#breadcrumb\",\"itemListElement\":[{\"@type\":\"ListItem\",\"position\":1,\"name\":\"Home\",\"item\":\"https:\/\/www.naturparkmagazin.de\/dahme-heideseen\/\"},{\"@type\":\"ListItem\",\"position\":2,\"name\":\"Elfenblume &#8211; die Staude des Jahres 2014\"}]},{\"@type\":\"WebSite\",\"@id\":\"https:\/\/www.naturparkmagazin.de\/dahme-heideseen\/#website\",\"url\":\"https:\/\/www.naturparkmagazin.de\/dahme-heideseen\/\",\"name\":\"Naturpark Dahme-Heideseen\",\"description\":\"\",\"potentialAction\":[{\"@type\":\"SearchAction\",\"target\":{\"@type\":\"EntryPoint\",\"urlTemplate\":\"https:\/\/www.naturparkmagazin.de\/dahme-heideseen\/?s={search_term_string}\"},\"query-input\":\"required name=search_term_string\"}],\"inLanguage\":\"de\"},{\"@type\":\"Person\",\"@id\":\"https:\/\/www.naturparkmagazin.de\/dahme-heideseen\/#\/schema\/person\/c81c96c3a1f5ee7bffff8b8022c105f0\",\"name\":\"hanssonnenberg\",\"url\":\"https:\/\/www.naturparkmagazin.de\/dahme-heideseen\/author\/hanssonnenberg\/\"}]}<\/script>\n<!-- \/ Yoast SEO plugin. -->","yoast_head_json":{"title":"Elfenblume - die Staude des Jahres 2014 - Naturpark Dahme-Heideseen","robots":{"index":"index","follow":"follow","max-snippet":"max-snippet:-1","max-image-preview":"max-image-preview:large","max-video-preview":"max-video-preview:-1"},"canonical":"https:\/\/www.naturparkmagazin.de\/dahme-heideseen\/elfenblume-die-staude-des-jahres-2014\/","og_locale":"de_DE","og_type":"article","og_title":"Elfenblume - die Staude des Jahres 2014 - Naturpark Dahme-Heideseen","og_description":"In loser Folge wollen wir Ihnen durch das Jahr die Natur des Jahres 2014 vorstellen. Heute: Elfenblume - die Staude des Jahres. Die Elfenblume wurde vom Bund deutscher Staudeng\u00e4rtner als Staude des Jahres 2014 ausgew\u00e4hlt.","og_url":"https:\/\/www.naturparkmagazin.de\/dahme-heideseen\/elfenblume-die-staude-des-jahres-2014\/","og_site_name":"Naturpark Dahme-Heideseen","article_published_time":"2014-03-19T09:01:14+00:00","article_modified_time":"2014-04-09T10:43:55+00:00","og_image":[{"width":930,"height":686,"url":"https:\/\/www.naturparkmagazin.de\/dahme-heideseen\/wp-content\/uploads\/sites\/37\/Elfenblume.jpg","type":"image\/jpeg"}],"author":"hanssonnenberg","twitter_misc":{"Verfasst von":"hanssonnenberg","Gesch\u00e4tzte Lesezeit":"1\u00a0Minute"},"schema":{"@context":"https:\/\/schema.org","@graph":[{"@type":"WebPage","@id":"https:\/\/www.naturparkmagazin.de\/dahme-heideseen\/elfenblume-die-staude-des-jahres-2014\/","url":"https:\/\/www.naturparkmagazin.de\/dahme-heideseen\/elfenblume-die-staude-des-jahres-2014\/","name":"Elfenblume - die Staude des Jahres 2014 - Naturpark Dahme-Heideseen","isPartOf":{"@id":"https:\/\/www.naturparkmagazin.de\/dahme-heideseen\/#website"},"datePublished":"2014-03-19T09:01:14+00:00","dateModified":"2014-04-09T10:43:55+00:00","author":{"@id":"https:\/\/www.naturparkmagazin.de\/dahme-heideseen\/#\/schema\/person\/c81c96c3a1f5ee7bffff8b8022c105f0"},"breadcrumb":{"@id":"https:\/\/www.naturparkmagazin.de\/dahme-heideseen\/elfenblume-die-staude-des-jahres-2014\/#breadcrumb"},"inLanguage":"de","potentialAction":[{"@type":"ReadAction","target":["https:\/\/www.naturparkmagazin.de\/dahme-heideseen\/elfenblume-die-staude-des-jahres-2014\/"]}]},{"@type":"BreadcrumbList","@id":"https:\/\/www.naturparkmagazin.de\/dahme-heideseen\/elfenblume-die-staude-des-jahres-2014\/#breadcrumb","itemListElement":[{"@type":"ListItem","position":1,"name":"Home","item":"https:\/\/www.naturparkmagazin.de\/dahme-heideseen\/"},{"@type":"ListItem","position":2,"name":"Elfenblume &#8211; die Staude des Jahres 2014"}]},{"@type":"WebSite","@id":"https:\/\/www.naturparkmagazin.de\/dahme-heideseen\/#website","url":"https:\/\/www.naturparkmagazin.de\/dahme-heideseen\/","name":"Naturpark Dahme-Heideseen","description":"","potentialAction":[{"@type":"SearchAction","target":{"@type":"EntryPoint","urlTemplate":"https:\/\/www.naturparkmagazin.de\/dahme-heideseen\/?s={search_term_string}"},"query-input":"required name=search_term_string"}],"inLanguage":"de"},{"@type":"Person","@id":"https:\/\/www.naturparkmagazin.de\/dahme-heideseen\/#\/schema\/person\/c81c96c3a1f5ee7bffff8b8022c105f0","name":"hanssonnenberg","url":"https:\/\/www.naturparkmagazin.de\/dahme-heideseen\/author\/hanssonnenberg\/"}]}},"_links":{"self":[{"href":"https:\/\/www.naturparkmagazin.de\/dahme-heideseen\/wp-json\/wp\/v2\/posts\/422"}],"collection":[{"href":"https:\/\/www.naturparkmagazin.de\/dahme-heideseen\/wp-json\/wp\/v2\/posts"}],"about":[{"href":"https:\/\/www.naturparkmagazin.de\/dahme-heideseen\/wp-json\/wp\/v2\/types\/post"}],"author":[{"embeddable":true,"href":"https:\/\/www.naturparkmagazin.de\/dahme-heideseen\/wp-json\/wp\/v2\/users\/48"}],"replies":[{"embeddable":true,"href":"https:\/\/www.naturparkmagazin.de\/dahme-heideseen\/wp-json\/wp\/v2\/comments?post=422"}],"version-history":[{"count":3,"href":"https:\/\/www.naturparkmagazin.de\/dahme-heideseen\/wp-json\/wp\/v2\/posts\/422\/revisions"}],"predecessor-version":[{"id":448,"href":"https:\/\/www.naturparkmagazin.de\/dahme-heideseen\/wp-json\/wp\/v2\/posts\/422\/revisions\/448"}],"wp:featuredmedia":[{"embeddable":true,"href":"https:\/\/www.naturparkmagazin.de\/dahme-heideseen\/wp-json\/wp\/v2\/media\/423"}],"wp:attachment":[{"href":"https:\/\/www.naturparkmagazin.de\/dahme-heideseen\/wp-json\/wp\/v2\/media?parent=422"}],"wp:term":[{"taxonomy":"category","embeddable":true,"href":"https:\/\/www.naturparkmagazin.de\/dahme-heideseen\/wp-json\/wp\/v2\/categories?post=422"},{"taxonomy":"post_tag","embeddable":true,"href":"https:\/\/www.naturparkmagazin.de\/dahme-heideseen\/wp-json\/wp\/v2\/tags?post=422"}],"curies":[{"name":"wp","href":"https:\/\/api.w.org\/{rel}","templated":true}]}}