{"id":4248,"date":"2022-04-11T11:19:05","date_gmt":"2022-04-11T09:19:05","guid":{"rendered":"https:\/\/www.naturparkmagazin.de\/dahme-heideseen\/?p=4248"},"modified":"2022-04-11T11:19:05","modified_gmt":"2022-04-11T09:19:05","slug":"naturaktionstag-2022-im-naturpark-dahme-heideseen-wir-machen-natur-erlebbar","status":"publish","type":"post","link":"https:\/\/www.naturparkmagazin.de\/dahme-heideseen\/naturaktionstag-2022-im-naturpark-dahme-heideseen-wir-machen-natur-erlebbar\/","title":{"rendered":"Naturaktionstag 2022 im Naturpark Dahme-Heideseen: \u201eWir machen Natur erlebbar\u201c"},"content":{"rendered":"<div id=\"attachment_4252\" style=\"width: 630px\" class=\"wp-caption alignnone\"><a href=\"https:\/\/www.naturparkmagazin.de\/dahme-heideseen\/wp-content\/uploads\/sites\/37\/Naturaktionstag-2022_4.jpg\"><img aria-describedby=\"caption-attachment-4252\" decoding=\"async\" loading=\"lazy\" class=\"size-medium wp-image-4252\" src=\"https:\/\/www.naturparkmagazin.de\/dahme-heideseen\/wp-content\/uploads\/sites\/37\/Naturaktionstag-2022_4-620x465.jpg\" alt=\"Eine Urkunde f\u00fcr den Naturaktionstag (\u00a9 Theresa Schwalbe)\" width=\"620\" height=\"465\" srcset=\"https:\/\/www.naturparkmagazin.de\/dahme-heideseen\/wp-content\/uploads\/sites\/37\/Naturaktionstag-2022_4-620x465.jpg 620w, https:\/\/www.naturparkmagazin.de\/dahme-heideseen\/wp-content\/uploads\/sites\/37\/Naturaktionstag-2022_4-300x225.jpg 300w, https:\/\/www.naturparkmagazin.de\/dahme-heideseen\/wp-content\/uploads\/sites\/37\/Naturaktionstag-2022_4-940x705.jpg 940w, https:\/\/www.naturparkmagazin.de\/dahme-heideseen\/wp-content\/uploads\/sites\/37\/Naturaktionstag-2022_4-580x435.jpg 580w, https:\/\/www.naturparkmagazin.de\/dahme-heideseen\/wp-content\/uploads\/sites\/37\/Naturaktionstag-2022_4-420x315.jpg 420w, https:\/\/www.naturparkmagazin.de\/dahme-heideseen\/wp-content\/uploads\/sites\/37\/Naturaktionstag-2022_4-180x135.jpg 180w, https:\/\/www.naturparkmagazin.de\/dahme-heideseen\/wp-content\/uploads\/sites\/37\/Naturaktionstag-2022_4-95x71.jpg 95w, https:\/\/www.naturparkmagazin.de\/dahme-heideseen\/wp-content\/uploads\/sites\/37\/Naturaktionstag-2022_4-670x502.jpg 670w, https:\/\/www.naturparkmagazin.de\/dahme-heideseen\/wp-content\/uploads\/sites\/37\/Naturaktionstag-2022_4-200x150.jpg 200w, https:\/\/www.naturparkmagazin.de\/dahme-heideseen\/wp-content\/uploads\/sites\/37\/Naturaktionstag-2022_4.jpg 1383w\" sizes=\"(max-width: 620px) 100vw, 620px\" \/><\/a><p id=\"caption-attachment-4252\" class=\"wp-caption-text\">Eine Urkunde f\u00fcr den Naturaktionstag (\u00a9 Theresa Schwalbe)<\/p><\/div>\n<p>Am 5. April durfte eine Schulklasse der Grund- und Oberschule Maxim Gorki aus Bad Saarow den nahegelegenen Naturpark Dahme-Heideseen erkunden. Die Erstkl\u00e4ssler und ihre Klassenlehrerin freuten sich bereits vorab auf einen aufregenden Tag, an dem sie verschiedene Stationen des Naturparks kennenlernen d\u00fcrfen. Da f\u00fcr den Tag schlechtes Wetter mit viel Regen und Wind vorhergesagt war, war zun\u00e4chst nicht klar, ob alle Stationen \u2013 insbesondere die Binnend\u00fcne Waltersberge \u2013 besucht werden k\u00f6nnen. Gl\u00fccklicherweise erwies sich das Wetter aber als \u00fcberraschend freundlich, so dass der Tag nach dem gew\u00fcnschten Plan ablaufen konnte.<\/p>\n<p>Die aufgeregten Sch\u00fcler und Sch\u00fclerinnen wurden von zwei Mitarbeiterinnen der Naturwacht sowie der Naturpark-Verwaltung Dahme-Heideseen am fr\u00fchen Morgen an der Schule in Bad Saarow abgeholt. Mit dem Bus ging es zur ersten Station des Tages, der Burg Storkow. Hier warteten die beiden Kolleginnen des Besucherzentrums des Naturparks auf die Kinder. Nach einer kleinen St\u00e4rkung durften die Sch\u00fcler und Sch\u00fclerinnen zun\u00e4chst die<a href=\"https:\/\/www.dahme-heideseen-naturpark.de\/themen\/meldungen\/neue-dauerausstellung-auf-der-burg-storkow-grundverschieden-von-staubtrocken-bis-pitschenass\/\" target=\"_blank\"> neue Dauerausstellung \u201eGrundverschieden \u2013 von staubtrocken bis pitschenass\u201c <\/a>besuchen und lernten dabei allerhand \u00fcber die verschiedenen Lebensr\u00e4ume des Naturparks. So durften sie u. a. Tiere ihrem geeigneten Lebensraum zuordnen und lernten, dass viele Arten spezielle Anpassungen an ihren Lebensraum haben. Vertiefend wurde anschlie\u00dfend der Lebensraum Moor behandelt. Nach dem ca. 20-min\u00fctigen Film \u201eLilly im Land der Moore\u201c vom Naturschutzfonds Brandenburg teilten sich die Kinder in Gruppen auf. Ein Teil spielte das auf den Film aufbauende W\u00fcrfelspiel, bei dem verschiedene Fragen rund ums Moor beantwortet werden m\u00fcssen, der andere Teil stellte eigenh\u00e4ndig Bl\u00fctenpapier her. Dieses durften die Kinder mit nach Hause nehmen und im eigenen Garten oder dem eigenen Balkon einpflanzen. Sp\u00e4ter wachsen hieraus Pflanzen, welche die Kinder an den Tag im Naturpark erinnern k\u00f6nnen.<\/p>\n<div id=\"attachment_4250\" style=\"width: 630px\" class=\"wp-caption alignnone\"><a href=\"https:\/\/www.naturparkmagazin.de\/dahme-heideseen\/wp-content\/uploads\/sites\/37\/Naturaktionstag-2022_2.jpg\"><img aria-describedby=\"caption-attachment-4250\" decoding=\"async\" loading=\"lazy\" class=\"wp-image-4250 size-medium\" src=\"https:\/\/www.naturparkmagazin.de\/dahme-heideseen\/wp-content\/uploads\/sites\/37\/Naturaktionstag-2022_2-620x465.jpg\" alt=\"Naturaktionstag 2022_2\" width=\"620\" height=\"465\" srcset=\"https:\/\/www.naturparkmagazin.de\/dahme-heideseen\/wp-content\/uploads\/sites\/37\/Naturaktionstag-2022_2-620x465.jpg 620w, https:\/\/www.naturparkmagazin.de\/dahme-heideseen\/wp-content\/uploads\/sites\/37\/Naturaktionstag-2022_2-300x225.jpg 300w, https:\/\/www.naturparkmagazin.de\/dahme-heideseen\/wp-content\/uploads\/sites\/37\/Naturaktionstag-2022_2-940x705.jpg 940w, https:\/\/www.naturparkmagazin.de\/dahme-heideseen\/wp-content\/uploads\/sites\/37\/Naturaktionstag-2022_2-580x435.jpg 580w, https:\/\/www.naturparkmagazin.de\/dahme-heideseen\/wp-content\/uploads\/sites\/37\/Naturaktionstag-2022_2-420x315.jpg 420w, https:\/\/www.naturparkmagazin.de\/dahme-heideseen\/wp-content\/uploads\/sites\/37\/Naturaktionstag-2022_2-180x135.jpg 180w, https:\/\/www.naturparkmagazin.de\/dahme-heideseen\/wp-content\/uploads\/sites\/37\/Naturaktionstag-2022_2-95x71.jpg 95w, https:\/\/www.naturparkmagazin.de\/dahme-heideseen\/wp-content\/uploads\/sites\/37\/Naturaktionstag-2022_2-670x502.jpg 670w, https:\/\/www.naturparkmagazin.de\/dahme-heideseen\/wp-content\/uploads\/sites\/37\/Naturaktionstag-2022_2-200x150.jpg 200w, https:\/\/www.naturparkmagazin.de\/dahme-heideseen\/wp-content\/uploads\/sites\/37\/Naturaktionstag-2022_2.jpg 1383w\" sizes=\"(max-width: 620px) 100vw, 620px\" \/><\/a><p id=\"caption-attachment-4250\" class=\"wp-caption-text\">Binnend\u00fcne Waltersberge (\u00a9 Astrid Osenbr\u00fcck)<\/p><\/div>\n<p>Nachdem die Gruppen getauscht hatten ging es zur n\u00e4chsten Station: Der Bus brachte die Gruppe in wenigen Minuten zur <a href=\"https:\/\/www.dahme-heideseen-naturpark.de\/themen\/natura-2000\/binnenduene-waltersberge\/\" target=\"_blank\">Binnend\u00fcne Waltersberge<\/a>. Hier lernten die Kinder, wie Binnend\u00fcnen entstanden sind, welche Arten sich auf einem so speziellen Lebensraum wohl f\u00fchlen und welche Besonderheiten sie aufweisen. Aufgrund des leicht feuchten Sandes und mithilfe von Spurenf\u00e4chern machten sich die Kinder mit gro\u00dfer Begeisterung auf die Suche nach Tierspuren und erst\u00fcrmten die D\u00fcne. Hier h\u00e4tten sie noch viel l\u00e4nger bleiben k\u00f6nnen!<\/p>\n<div id=\"attachment_4253\" style=\"width: 630px\" class=\"wp-caption alignnone\"><a href=\"https:\/\/www.naturparkmagazin.de\/dahme-heideseen\/wp-content\/uploads\/sites\/37\/Naturaktionstag-2022_5.jpg\"><img aria-describedby=\"caption-attachment-4253\" decoding=\"async\" loading=\"lazy\" class=\"size-medium wp-image-4253\" src=\"https:\/\/www.naturparkmagazin.de\/dahme-heideseen\/wp-content\/uploads\/sites\/37\/Naturaktionstag-2022_5-620x465.jpg\" alt=\"Herstellung von Bl\u00fctenpapier (\u00a9 Astrid Osenbr\u00fcck)\" width=\"620\" height=\"465\" srcset=\"https:\/\/www.naturparkmagazin.de\/dahme-heideseen\/wp-content\/uploads\/sites\/37\/Naturaktionstag-2022_5-620x465.jpg 620w, https:\/\/www.naturparkmagazin.de\/dahme-heideseen\/wp-content\/uploads\/sites\/37\/Naturaktionstag-2022_5-300x225.jpg 300w, https:\/\/www.naturparkmagazin.de\/dahme-heideseen\/wp-content\/uploads\/sites\/37\/Naturaktionstag-2022_5-940x705.jpg 940w, https:\/\/www.naturparkmagazin.de\/dahme-heideseen\/wp-content\/uploads\/sites\/37\/Naturaktionstag-2022_5-580x435.jpg 580w, https:\/\/www.naturparkmagazin.de\/dahme-heideseen\/wp-content\/uploads\/sites\/37\/Naturaktionstag-2022_5-420x315.jpg 420w, https:\/\/www.naturparkmagazin.de\/dahme-heideseen\/wp-content\/uploads\/sites\/37\/Naturaktionstag-2022_5-180x135.jpg 180w, https:\/\/www.naturparkmagazin.de\/dahme-heideseen\/wp-content\/uploads\/sites\/37\/Naturaktionstag-2022_5-95x71.jpg 95w, https:\/\/www.naturparkmagazin.de\/dahme-heideseen\/wp-content\/uploads\/sites\/37\/Naturaktionstag-2022_5-670x502.jpg 670w, https:\/\/www.naturparkmagazin.de\/dahme-heideseen\/wp-content\/uploads\/sites\/37\/Naturaktionstag-2022_5-200x150.jpg 200w, https:\/\/www.naturparkmagazin.de\/dahme-heideseen\/wp-content\/uploads\/sites\/37\/Naturaktionstag-2022_5.jpg 1383w\" sizes=\"(max-width: 620px) 100vw, 620px\" \/><\/a><p id=\"caption-attachment-4253\" class=\"wp-caption-text\">Herstellung von Bl\u00fctenpapier (\u00a9 Astrid Osenbr\u00fcck)<\/p><\/div>\n<p>Gegen Mittag ging es dann mit dem Bus zur letzten Station nach Gr\u00e4bendorf. Im <a href=\"https:\/\/www.dahme-heideseen-naturpark.de\/themen\/info-ausstellung\/haus-des-wassers-im-kiez-hoelzerner-see\/\" target=\"_blank\">KiEZ H\u00f6lzerner See<\/a> bekamen die hungrigen Teilnehmer und Teilnehmerinnen ein warmes Mittagessen. Danach ging es mit spannenden Experimenten rund um das Thema Wasser weiter. Die Kinder durften die Oberfl\u00e4chenspannung von Wasser kennenlernen und weitere spannende Experimente selbst durchf\u00fchren. Danach fuhren die gl\u00fccklichen und ersch\u00f6pften Kinder wieder zur\u00fcck nach Bad Saarow. Zum Abschied erhielt jedes Kind einen Turnbeutel von Kaufland, gef\u00fcllt mit Infomaterialien des Naturparks. Die Lehrerin freute sich \u00fcber die Urkunde und m\u00f6chte sich auch n\u00e4chstes Jahr wieder f\u00fcr einen erlebnisreichen Tag bewerben.<\/p>\n<p>&nbsp;<\/p>\n","protected":false},"excerpt":{"rendered":"<p>Am 5. April durfte eine Schulklasse der Grund- und Oberschule Maxim Gorki aus Bad Saarow den nahegelegenen Naturpark Dahme-Heideseen erkunden. Ein kleiner Bericht von einem Naturaktionstag mit gro\u00dfer Wirkung..<\/p>\n","protected":false},"author":83,"featured_media":4251,"comment_status":"open","ping_status":"open","sticky":false,"template":"","format":"standard","meta":[],"categories":[7],"tags":[],"yoast_head":"<!-- This site is optimized with the Yoast SEO plugin v19.10 - https:\/\/yoast.com\/wordpress\/plugins\/seo\/ -->\n<title>Naturaktionstag 2022 im Naturpark Dahme-Heideseen: \u201eWir machen Natur erlebbar\u201c - Naturpark Dahme-Heideseen<\/title>\n<meta name=\"robots\" content=\"index, follow, max-snippet:-1, max-image-preview:large, max-video-preview:-1\" \/>\n<link rel=\"canonical\" href=\"https:\/\/www.naturparkmagazin.de\/dahme-heideseen\/naturaktionstag-2022-im-naturpark-dahme-heideseen-wir-machen-natur-erlebbar\/\" \/>\n<meta property=\"og:locale\" content=\"de_DE\" \/>\n<meta property=\"og:type\" content=\"article\" \/>\n<meta property=\"og:title\" content=\"Naturaktionstag 2022 im Naturpark Dahme-Heideseen: \u201eWir machen Natur erlebbar\u201c - Naturpark Dahme-Heideseen\" \/>\n<meta property=\"og:description\" content=\"Am 5. April durfte eine Schulklasse der Grund- und Oberschule Maxim Gorki aus Bad Saarow den nahegelegenen Naturpark Dahme-Heideseen erkunden. Ein kleiner Bericht von einem Naturaktionstag mit gro\u00dfer Wirkung..\" \/>\n<meta property=\"og:url\" content=\"https:\/\/www.naturparkmagazin.de\/dahme-heideseen\/naturaktionstag-2022-im-naturpark-dahme-heideseen-wir-machen-natur-erlebbar\/\" \/>\n<meta property=\"og:site_name\" content=\"Naturpark Dahme-Heideseen\" \/>\n<meta property=\"article:published_time\" content=\"2022-04-11T09:19:05+00:00\" \/>\n<meta property=\"og:image\" content=\"https:\/\/www.naturparkmagazin.de\/dahme-heideseen\/wp-content\/uploads\/sites\/37\/Naturaktionstag-2022_3.jpg\" \/>\n\t<meta property=\"og:image:width\" content=\"1037\" \/>\n\t<meta property=\"og:image:height\" content=\"1383\" \/>\n\t<meta property=\"og:image:type\" content=\"image\/jpeg\" \/>\n<meta name=\"author\" content=\"Astrid Osenbr\u00fcck\" \/>\n<meta name=\"twitter:label1\" content=\"Verfasst von\" \/>\n\t<meta name=\"twitter:data1\" content=\"Astrid Osenbr\u00fcck\" \/>\n\t<meta name=\"twitter:label2\" content=\"Gesch\u00e4tzte Lesezeit\" \/>\n\t<meta name=\"twitter:data2\" content=\"3\u00a0Minuten\" \/>\n<script type=\"application\/ld+json\" class=\"yoast-schema-graph\">{\"@context\":\"https:\/\/schema.org\",\"@graph\":[{\"@type\":\"WebPage\",\"@id\":\"https:\/\/www.naturparkmagazin.de\/dahme-heideseen\/naturaktionstag-2022-im-naturpark-dahme-heideseen-wir-machen-natur-erlebbar\/\",\"url\":\"https:\/\/www.naturparkmagazin.de\/dahme-heideseen\/naturaktionstag-2022-im-naturpark-dahme-heideseen-wir-machen-natur-erlebbar\/\",\"name\":\"Naturaktionstag 2022 im Naturpark Dahme-Heideseen: \u201eWir machen Natur erlebbar\u201c - Naturpark Dahme-Heideseen\",\"isPartOf\":{\"@id\":\"https:\/\/www.naturparkmagazin.de\/dahme-heideseen\/#website\"},\"datePublished\":\"2022-04-11T09:19:05+00:00\",\"dateModified\":\"2022-04-11T09:19:05+00:00\",\"author\":{\"@id\":\"https:\/\/www.naturparkmagazin.de\/dahme-heideseen\/#\/schema\/person\/a0510aafafdf8183c95fc98faf0c9f21\"},\"breadcrumb\":{\"@id\":\"https:\/\/www.naturparkmagazin.de\/dahme-heideseen\/naturaktionstag-2022-im-naturpark-dahme-heideseen-wir-machen-natur-erlebbar\/#breadcrumb\"},\"inLanguage\":\"de\",\"potentialAction\":[{\"@type\":\"ReadAction\",\"target\":[\"https:\/\/www.naturparkmagazin.de\/dahme-heideseen\/naturaktionstag-2022-im-naturpark-dahme-heideseen-wir-machen-natur-erlebbar\/\"]}]},{\"@type\":\"BreadcrumbList\",\"@id\":\"https:\/\/www.naturparkmagazin.de\/dahme-heideseen\/naturaktionstag-2022-im-naturpark-dahme-heideseen-wir-machen-natur-erlebbar\/#breadcrumb\",\"itemListElement\":[{\"@type\":\"ListItem\",\"position\":1,\"name\":\"Home\",\"item\":\"https:\/\/www.naturparkmagazin.de\/dahme-heideseen\/\"},{\"@type\":\"ListItem\",\"position\":2,\"name\":\"Naturaktionstag 2022 im Naturpark Dahme-Heideseen: \u201eWir machen Natur erlebbar\u201c\"}]},{\"@type\":\"WebSite\",\"@id\":\"https:\/\/www.naturparkmagazin.de\/dahme-heideseen\/#website\",\"url\":\"https:\/\/www.naturparkmagazin.de\/dahme-heideseen\/\",\"name\":\"Naturpark Dahme-Heideseen\",\"description\":\"\",\"potentialAction\":[{\"@type\":\"SearchAction\",\"target\":{\"@type\":\"EntryPoint\",\"urlTemplate\":\"https:\/\/www.naturparkmagazin.de\/dahme-heideseen\/?s={search_term_string}\"},\"query-input\":\"required name=search_term_string\"}],\"inLanguage\":\"de\"},{\"@type\":\"Person\",\"@id\":\"https:\/\/www.naturparkmagazin.de\/dahme-heideseen\/#\/schema\/person\/a0510aafafdf8183c95fc98faf0c9f21\",\"name\":\"Astrid Osenbr\u00fcck\",\"sameAs\":[\"http:\/\/www.dahme-heideseen-naturpark.de\"],\"url\":\"https:\/\/www.naturparkmagazin.de\/dahme-heideseen\/author\/astridosenbrueck\/\"}]}<\/script>\n<!-- \/ Yoast SEO plugin. -->","yoast_head_json":{"title":"Naturaktionstag 2022 im Naturpark Dahme-Heideseen: \u201eWir machen Natur erlebbar\u201c - Naturpark Dahme-Heideseen","robots":{"index":"index","follow":"follow","max-snippet":"max-snippet:-1","max-image-preview":"max-image-preview:large","max-video-preview":"max-video-preview:-1"},"canonical":"https:\/\/www.naturparkmagazin.de\/dahme-heideseen\/naturaktionstag-2022-im-naturpark-dahme-heideseen-wir-machen-natur-erlebbar\/","og_locale":"de_DE","og_type":"article","og_title":"Naturaktionstag 2022 im Naturpark Dahme-Heideseen: \u201eWir machen Natur erlebbar\u201c - Naturpark Dahme-Heideseen","og_description":"Am 5. April durfte eine Schulklasse der Grund- und Oberschule Maxim Gorki aus Bad Saarow den nahegelegenen Naturpark Dahme-Heideseen erkunden. Ein kleiner Bericht von einem Naturaktionstag mit gro\u00dfer Wirkung..","og_url":"https:\/\/www.naturparkmagazin.de\/dahme-heideseen\/naturaktionstag-2022-im-naturpark-dahme-heideseen-wir-machen-natur-erlebbar\/","og_site_name":"Naturpark Dahme-Heideseen","article_published_time":"2022-04-11T09:19:05+00:00","og_image":[{"width":1037,"height":1383,"url":"https:\/\/www.naturparkmagazin.de\/dahme-heideseen\/wp-content\/uploads\/sites\/37\/Naturaktionstag-2022_3.jpg","type":"image\/jpeg"}],"author":"Astrid Osenbr\u00fcck","twitter_misc":{"Verfasst von":"Astrid Osenbr\u00fcck","Gesch\u00e4tzte Lesezeit":"3\u00a0Minuten"},"schema":{"@context":"https:\/\/schema.org","@graph":[{"@type":"WebPage","@id":"https:\/\/www.naturparkmagazin.de\/dahme-heideseen\/naturaktionstag-2022-im-naturpark-dahme-heideseen-wir-machen-natur-erlebbar\/","url":"https:\/\/www.naturparkmagazin.de\/dahme-heideseen\/naturaktionstag-2022-im-naturpark-dahme-heideseen-wir-machen-natur-erlebbar\/","name":"Naturaktionstag 2022 im Naturpark Dahme-Heideseen: \u201eWir machen Natur erlebbar\u201c - Naturpark Dahme-Heideseen","isPartOf":{"@id":"https:\/\/www.naturparkmagazin.de\/dahme-heideseen\/#website"},"datePublished":"2022-04-11T09:19:05+00:00","dateModified":"2022-04-11T09:19:05+00:00","author":{"@id":"https:\/\/www.naturparkmagazin.de\/dahme-heideseen\/#\/schema\/person\/a0510aafafdf8183c95fc98faf0c9f21"},"breadcrumb":{"@id":"https:\/\/www.naturparkmagazin.de\/dahme-heideseen\/naturaktionstag-2022-im-naturpark-dahme-heideseen-wir-machen-natur-erlebbar\/#breadcrumb"},"inLanguage":"de","potentialAction":[{"@type":"ReadAction","target":["https:\/\/www.naturparkmagazin.de\/dahme-heideseen\/naturaktionstag-2022-im-naturpark-dahme-heideseen-wir-machen-natur-erlebbar\/"]}]},{"@type":"BreadcrumbList","@id":"https:\/\/www.naturparkmagazin.de\/dahme-heideseen\/naturaktionstag-2022-im-naturpark-dahme-heideseen-wir-machen-natur-erlebbar\/#breadcrumb","itemListElement":[{"@type":"ListItem","position":1,"name":"Home","item":"https:\/\/www.naturparkmagazin.de\/dahme-heideseen\/"},{"@type":"ListItem","position":2,"name":"Naturaktionstag 2022 im Naturpark Dahme-Heideseen: \u201eWir machen Natur erlebbar\u201c"}]},{"@type":"WebSite","@id":"https:\/\/www.naturparkmagazin.de\/dahme-heideseen\/#website","url":"https:\/\/www.naturparkmagazin.de\/dahme-heideseen\/","name":"Naturpark Dahme-Heideseen","description":"","potentialAction":[{"@type":"SearchAction","target":{"@type":"EntryPoint","urlTemplate":"https:\/\/www.naturparkmagazin.de\/dahme-heideseen\/?s={search_term_string}"},"query-input":"required name=search_term_string"}],"inLanguage":"de"},{"@type":"Person","@id":"https:\/\/www.naturparkmagazin.de\/dahme-heideseen\/#\/schema\/person\/a0510aafafdf8183c95fc98faf0c9f21","name":"Astrid Osenbr\u00fcck","sameAs":["http:\/\/www.dahme-heideseen-naturpark.de"],"url":"https:\/\/www.naturparkmagazin.de\/dahme-heideseen\/author\/astridosenbrueck\/"}]}},"_links":{"self":[{"href":"https:\/\/www.naturparkmagazin.de\/dahme-heideseen\/wp-json\/wp\/v2\/posts\/4248"}],"collection":[{"href":"https:\/\/www.naturparkmagazin.de\/dahme-heideseen\/wp-json\/wp\/v2\/posts"}],"about":[{"href":"https:\/\/www.naturparkmagazin.de\/dahme-heideseen\/wp-json\/wp\/v2\/types\/post"}],"author":[{"embeddable":true,"href":"https:\/\/www.naturparkmagazin.de\/dahme-heideseen\/wp-json\/wp\/v2\/users\/83"}],"replies":[{"embeddable":true,"href":"https:\/\/www.naturparkmagazin.de\/dahme-heideseen\/wp-json\/wp\/v2\/comments?post=4248"}],"version-history":[{"count":1,"href":"https:\/\/www.naturparkmagazin.de\/dahme-heideseen\/wp-json\/wp\/v2\/posts\/4248\/revisions"}],"predecessor-version":[{"id":4254,"href":"https:\/\/www.naturparkmagazin.de\/dahme-heideseen\/wp-json\/wp\/v2\/posts\/4248\/revisions\/4254"}],"wp:featuredmedia":[{"embeddable":true,"href":"https:\/\/www.naturparkmagazin.de\/dahme-heideseen\/wp-json\/wp\/v2\/media\/4251"}],"wp:attachment":[{"href":"https:\/\/www.naturparkmagazin.de\/dahme-heideseen\/wp-json\/wp\/v2\/media?parent=4248"}],"wp:term":[{"taxonomy":"category","embeddable":true,"href":"https:\/\/www.naturparkmagazin.de\/dahme-heideseen\/wp-json\/wp\/v2\/categories?post=4248"},{"taxonomy":"post_tag","embeddable":true,"href":"https:\/\/www.naturparkmagazin.de\/dahme-heideseen\/wp-json\/wp\/v2\/tags?post=4248"}],"curies":[{"name":"wp","href":"https:\/\/api.w.org\/{rel}","templated":true}]}}