{"id":4264,"date":"2022-05-13T10:38:06","date_gmt":"2022-05-13T08:38:06","guid":{"rendered":"https:\/\/www.naturparkmagazin.de\/dahme-heideseen\/?p=4264"},"modified":"2022-06-07T10:01:28","modified_gmt":"2022-06-07T08:01:28","slug":"eroeffnung-wanderausstellung-moorschutz-in-brandenburg","status":"publish","type":"post","link":"https:\/\/www.naturparkmagazin.de\/dahme-heideseen\/eroeffnung-wanderausstellung-moorschutz-in-brandenburg\/","title":{"rendered":"Wanderausstellung &#8222;Moorschutz in Brandenburg&#8220; f\u00fcr Gro\u00df und Klein"},"content":{"rendered":"<p>Anl\u00e4sslich des europ\u00e4ischen Tages der Parke wurde die Wander-Ausstellung zum Thema Moorschutz in Brandenburg am 24. Mai er\u00f6ffnet.<\/p>\n<p>Die Ausstellung l\u00e4dt dazu ein, die Moore als spannenden Lebensraum zu entdecken \u2013 zum anderen aber auch auf ihre starke Gef\u00e4hrdung hinweisen. Die Ausstellung kann w\u00e4hrend der \u00d6ffnungszeiten der Verwaltung im Naturpark Dahme-Heideseen besucht werden.Wir bitten um vorherige Anmeldung.<\/p>\n<p>Die Ausstellung ist thematisch f\u00fcr Kinder, Jugendliche und Erwachsene gegliedert.<\/p>\n<p>Im Anschluss an die Ausstellung kann ein 15-Min\u00fctiger Film &#8222;Lilly im Land der Moore&#8220; gezeigt werden.<\/p>\n<p>&nbsp;<\/p>\n<p>Informationen zur Ausstellung:<\/p>\n<p>Immer etwas mythisch behaftet, stellen Moore seit Jahrhunderten einen geheimnisvollen Lebensraum dar, der vielerorts kultisch verehrt worden ist. Diese besondere Beziehung zum Moor \u00e4nderte sich mit der immensen Entnahme von Torf zu Heizzwecken, die wirtschaftliche Bedeutung gewann \u00dcberhand. Viele Moore sind in diesem Zuge verschwunden oder zumindest stark degradiert. Der BUND macht auf die besondere Bedeutung des Lebensraums Moor aufmerksam &#8211; der Moorschutz muss wieder auf die politische Agenda. Denn noch immer sind diese sensiblen \u00d6kosysteme in vielen Teilen des Landes hochgradig gef\u00e4hrdet.<\/p>\n<p><a href=\"https:\/\/www.bund-brandenburg.de\/service\/publikationen\/detail\/publication\/ausleihbar-wanderausstellung-moorschutz-in-brandenburg\/\" target=\"_blank\">Mehr Informationen zur Wanderausstellung hier.<\/a><\/p>\n<p><a href=\"https:\/\/lfu.brandenburg.de\/lfu\/de\/aufgaben\/boden\/moorschutz\/\" target=\"_blank\">Mehr Informationen zum Moorschutz in Brandenburg hier.<\/a><\/p>\n<p>&nbsp;<\/p>\n<div id=\"attachment_4286\" style=\"width: 630px\" class=\"wp-caption alignnone\"><a href=\"https:\/\/www.naturparkmagazin.de\/dahme-heideseen\/wp-content\/uploads\/sites\/37\/Moor_Ausstellung_Glau.jpg\"><img aria-describedby=\"caption-attachment-4286\" decoding=\"async\" loading=\"lazy\" class=\"size-medium wp-image-4286\" src=\"https:\/\/www.naturparkmagazin.de\/dahme-heideseen\/wp-content\/uploads\/sites\/37\/Moor_Ausstellung_Glau-620x465.jpg\" alt=\"Wanderausstellung Moorschutz Brandenburg (\u00a9 Carsten Preu\u00df)\" width=\"620\" height=\"465\" srcset=\"https:\/\/www.naturparkmagazin.de\/dahme-heideseen\/wp-content\/uploads\/sites\/37\/Moor_Ausstellung_Glau-620x465.jpg 620w, https:\/\/www.naturparkmagazin.de\/dahme-heideseen\/wp-content\/uploads\/sites\/37\/Moor_Ausstellung_Glau-300x225.jpg 300w, https:\/\/www.naturparkmagazin.de\/dahme-heideseen\/wp-content\/uploads\/sites\/37\/Moor_Ausstellung_Glau-940x705.jpg 940w, https:\/\/www.naturparkmagazin.de\/dahme-heideseen\/wp-content\/uploads\/sites\/37\/Moor_Ausstellung_Glau-580x435.jpg 580w, https:\/\/www.naturparkmagazin.de\/dahme-heideseen\/wp-content\/uploads\/sites\/37\/Moor_Ausstellung_Glau-420x315.jpg 420w, https:\/\/www.naturparkmagazin.de\/dahme-heideseen\/wp-content\/uploads\/sites\/37\/Moor_Ausstellung_Glau-180x135.jpg 180w, https:\/\/www.naturparkmagazin.de\/dahme-heideseen\/wp-content\/uploads\/sites\/37\/Moor_Ausstellung_Glau-95x71.jpg 95w, https:\/\/www.naturparkmagazin.de\/dahme-heideseen\/wp-content\/uploads\/sites\/37\/Moor_Ausstellung_Glau-670x503.jpg 670w, https:\/\/www.naturparkmagazin.de\/dahme-heideseen\/wp-content\/uploads\/sites\/37\/Moor_Ausstellung_Glau-200x150.jpg 200w, https:\/\/www.naturparkmagazin.de\/dahme-heideseen\/wp-content\/uploads\/sites\/37\/Moor_Ausstellung_Glau.jpg 2048w\" sizes=\"(max-width: 620px) 100vw, 620px\" \/><\/a><p id=\"caption-attachment-4286\" class=\"wp-caption-text\">Wanderausstellung Moorschutz Brandenburg (\u00a9 Carsten Preu\u00df)<\/p><\/div>\n<p>&nbsp;<\/p>\n","protected":false},"excerpt":{"rendered":"<p>Entdecken Sie in dieser Ausstellung den spannenden Lebensraum der Moore, ihre starken Gef\u00e4hrdung und erhalten Sie weiterf\u00fchrende Informationen dar\u00fcber, wie Sie sich auch selbst f\u00fcr den Moorschutz einsetzen und dabei helfen k\u00f6nnen, diesen wichtigen und einmaligen Lebensraum zu sch\u00fctzen.  <\/p>\n","protected":false},"author":83,"featured_media":4287,"comment_status":"open","ping_status":"open","sticky":false,"template":"","format":"standard","meta":[],"categories":[11],"tags":[1239,980],"yoast_head":"<!-- This site is optimized with the Yoast SEO plugin v19.10 - https:\/\/yoast.com\/wordpress\/plugins\/seo\/ -->\n<title>Wanderausstellung &quot;Moorschutz in Brandenburg&quot; f\u00fcr Gro\u00df und Klein - Naturpark Dahme-Heideseen<\/title>\n<meta name=\"robots\" content=\"index, follow, max-snippet:-1, max-image-preview:large, max-video-preview:-1\" \/>\n<link rel=\"canonical\" href=\"https:\/\/www.naturparkmagazin.de\/dahme-heideseen\/eroeffnung-wanderausstellung-moorschutz-in-brandenburg\/\" \/>\n<meta property=\"og:locale\" content=\"de_DE\" \/>\n<meta property=\"og:type\" content=\"article\" \/>\n<meta property=\"og:title\" content=\"Wanderausstellung &quot;Moorschutz in Brandenburg&quot; f\u00fcr Gro\u00df und Klein - Naturpark Dahme-Heideseen\" \/>\n<meta property=\"og:description\" content=\"Entdecken Sie in dieser Ausstellung den spannenden Lebensraum der Moore, ihre starken Gef\u00e4hrdung und erhalten Sie weiterf\u00fchrende Informationen dar\u00fcber, wie Sie sich auch selbst f\u00fcr den Moorschutz einsetzen und dabei helfen k\u00f6nnen, diesen wichtigen und einmaligen Lebensraum zu sch\u00fctzen.\" \/>\n<meta property=\"og:url\" content=\"https:\/\/www.naturparkmagazin.de\/dahme-heideseen\/eroeffnung-wanderausstellung-moorschutz-in-brandenburg\/\" \/>\n<meta property=\"og:site_name\" content=\"Naturpark Dahme-Heideseen\" \/>\n<meta property=\"article:published_time\" content=\"2022-05-13T08:38:06+00:00\" \/>\n<meta property=\"article:modified_time\" content=\"2022-06-07T08:01:28+00:00\" \/>\n<meta property=\"og:image\" content=\"https:\/\/www.naturparkmagazin.de\/dahme-heideseen\/wp-content\/uploads\/sites\/37\/Torfmoos-Schwefelkopf.jpg\" \/>\n\t<meta property=\"og:image:width\" content=\"1075\" \/>\n\t<meta property=\"og:image:height\" content=\"768\" \/>\n\t<meta property=\"og:image:type\" content=\"image\/jpeg\" \/>\n<meta name=\"author\" content=\"Astrid Osenbr\u00fcck\" \/>\n<meta name=\"twitter:label1\" content=\"Verfasst von\" \/>\n\t<meta name=\"twitter:data1\" content=\"Astrid Osenbr\u00fcck\" \/>\n\t<meta name=\"twitter:label2\" content=\"Gesch\u00e4tzte Lesezeit\" \/>\n\t<meta name=\"twitter:data2\" content=\"1\u00a0Minute\" \/>\n<script type=\"application\/ld+json\" class=\"yoast-schema-graph\">{\"@context\":\"https:\/\/schema.org\",\"@graph\":[{\"@type\":\"WebPage\",\"@id\":\"https:\/\/www.naturparkmagazin.de\/dahme-heideseen\/eroeffnung-wanderausstellung-moorschutz-in-brandenburg\/\",\"url\":\"https:\/\/www.naturparkmagazin.de\/dahme-heideseen\/eroeffnung-wanderausstellung-moorschutz-in-brandenburg\/\",\"name\":\"Wanderausstellung \\\"Moorschutz in Brandenburg\\\" f\u00fcr Gro\u00df und Klein - Naturpark Dahme-Heideseen\",\"isPartOf\":{\"@id\":\"https:\/\/www.naturparkmagazin.de\/dahme-heideseen\/#website\"},\"datePublished\":\"2022-05-13T08:38:06+00:00\",\"dateModified\":\"2022-06-07T08:01:28+00:00\",\"author\":{\"@id\":\"https:\/\/www.naturparkmagazin.de\/dahme-heideseen\/#\/schema\/person\/a0510aafafdf8183c95fc98faf0c9f21\"},\"breadcrumb\":{\"@id\":\"https:\/\/www.naturparkmagazin.de\/dahme-heideseen\/eroeffnung-wanderausstellung-moorschutz-in-brandenburg\/#breadcrumb\"},\"inLanguage\":\"de\",\"potentialAction\":[{\"@type\":\"ReadAction\",\"target\":[\"https:\/\/www.naturparkmagazin.de\/dahme-heideseen\/eroeffnung-wanderausstellung-moorschutz-in-brandenburg\/\"]}]},{\"@type\":\"BreadcrumbList\",\"@id\":\"https:\/\/www.naturparkmagazin.de\/dahme-heideseen\/eroeffnung-wanderausstellung-moorschutz-in-brandenburg\/#breadcrumb\",\"itemListElement\":[{\"@type\":\"ListItem\",\"position\":1,\"name\":\"Home\",\"item\":\"https:\/\/www.naturparkmagazin.de\/dahme-heideseen\/\"},{\"@type\":\"ListItem\",\"position\":2,\"name\":\"Wanderausstellung &#8222;Moorschutz in Brandenburg&#8220; f\u00fcr Gro\u00df und Klein\"}]},{\"@type\":\"WebSite\",\"@id\":\"https:\/\/www.naturparkmagazin.de\/dahme-heideseen\/#website\",\"url\":\"https:\/\/www.naturparkmagazin.de\/dahme-heideseen\/\",\"name\":\"Naturpark Dahme-Heideseen\",\"description\":\"\",\"potentialAction\":[{\"@type\":\"SearchAction\",\"target\":{\"@type\":\"EntryPoint\",\"urlTemplate\":\"https:\/\/www.naturparkmagazin.de\/dahme-heideseen\/?s={search_term_string}\"},\"query-input\":\"required name=search_term_string\"}],\"inLanguage\":\"de\"},{\"@type\":\"Person\",\"@id\":\"https:\/\/www.naturparkmagazin.de\/dahme-heideseen\/#\/schema\/person\/a0510aafafdf8183c95fc98faf0c9f21\",\"name\":\"Astrid Osenbr\u00fcck\",\"sameAs\":[\"http:\/\/www.dahme-heideseen-naturpark.de\"],\"url\":\"https:\/\/www.naturparkmagazin.de\/dahme-heideseen\/author\/astridosenbrueck\/\"}]}<\/script>\n<!-- \/ Yoast SEO plugin. -->","yoast_head_json":{"title":"Wanderausstellung \"Moorschutz in Brandenburg\" f\u00fcr Gro\u00df und Klein - Naturpark Dahme-Heideseen","robots":{"index":"index","follow":"follow","max-snippet":"max-snippet:-1","max-image-preview":"max-image-preview:large","max-video-preview":"max-video-preview:-1"},"canonical":"https:\/\/www.naturparkmagazin.de\/dahme-heideseen\/eroeffnung-wanderausstellung-moorschutz-in-brandenburg\/","og_locale":"de_DE","og_type":"article","og_title":"Wanderausstellung \"Moorschutz in Brandenburg\" f\u00fcr Gro\u00df und Klein - Naturpark Dahme-Heideseen","og_description":"Entdecken Sie in dieser Ausstellung den spannenden Lebensraum der Moore, ihre starken Gef\u00e4hrdung und erhalten Sie weiterf\u00fchrende Informationen dar\u00fcber, wie Sie sich auch selbst f\u00fcr den Moorschutz einsetzen und dabei helfen k\u00f6nnen, diesen wichtigen und einmaligen Lebensraum zu sch\u00fctzen.","og_url":"https:\/\/www.naturparkmagazin.de\/dahme-heideseen\/eroeffnung-wanderausstellung-moorschutz-in-brandenburg\/","og_site_name":"Naturpark Dahme-Heideseen","article_published_time":"2022-05-13T08:38:06+00:00","article_modified_time":"2022-06-07T08:01:28+00:00","og_image":[{"width":1075,"height":768,"url":"https:\/\/www.naturparkmagazin.de\/dahme-heideseen\/wp-content\/uploads\/sites\/37\/Torfmoos-Schwefelkopf.jpg","type":"image\/jpeg"}],"author":"Astrid Osenbr\u00fcck","twitter_misc":{"Verfasst von":"Astrid Osenbr\u00fcck","Gesch\u00e4tzte Lesezeit":"1\u00a0Minute"},"schema":{"@context":"https:\/\/schema.org","@graph":[{"@type":"WebPage","@id":"https:\/\/www.naturparkmagazin.de\/dahme-heideseen\/eroeffnung-wanderausstellung-moorschutz-in-brandenburg\/","url":"https:\/\/www.naturparkmagazin.de\/dahme-heideseen\/eroeffnung-wanderausstellung-moorschutz-in-brandenburg\/","name":"Wanderausstellung \"Moorschutz in Brandenburg\" f\u00fcr Gro\u00df und Klein - Naturpark Dahme-Heideseen","isPartOf":{"@id":"https:\/\/www.naturparkmagazin.de\/dahme-heideseen\/#website"},"datePublished":"2022-05-13T08:38:06+00:00","dateModified":"2022-06-07T08:01:28+00:00","author":{"@id":"https:\/\/www.naturparkmagazin.de\/dahme-heideseen\/#\/schema\/person\/a0510aafafdf8183c95fc98faf0c9f21"},"breadcrumb":{"@id":"https:\/\/www.naturparkmagazin.de\/dahme-heideseen\/eroeffnung-wanderausstellung-moorschutz-in-brandenburg\/#breadcrumb"},"inLanguage":"de","potentialAction":[{"@type":"ReadAction","target":["https:\/\/www.naturparkmagazin.de\/dahme-heideseen\/eroeffnung-wanderausstellung-moorschutz-in-brandenburg\/"]}]},{"@type":"BreadcrumbList","@id":"https:\/\/www.naturparkmagazin.de\/dahme-heideseen\/eroeffnung-wanderausstellung-moorschutz-in-brandenburg\/#breadcrumb","itemListElement":[{"@type":"ListItem","position":1,"name":"Home","item":"https:\/\/www.naturparkmagazin.de\/dahme-heideseen\/"},{"@type":"ListItem","position":2,"name":"Wanderausstellung &#8222;Moorschutz in Brandenburg&#8220; f\u00fcr Gro\u00df und Klein"}]},{"@type":"WebSite","@id":"https:\/\/www.naturparkmagazin.de\/dahme-heideseen\/#website","url":"https:\/\/www.naturparkmagazin.de\/dahme-heideseen\/","name":"Naturpark Dahme-Heideseen","description":"","potentialAction":[{"@type":"SearchAction","target":{"@type":"EntryPoint","urlTemplate":"https:\/\/www.naturparkmagazin.de\/dahme-heideseen\/?s={search_term_string}"},"query-input":"required name=search_term_string"}],"inLanguage":"de"},{"@type":"Person","@id":"https:\/\/www.naturparkmagazin.de\/dahme-heideseen\/#\/schema\/person\/a0510aafafdf8183c95fc98faf0c9f21","name":"Astrid Osenbr\u00fcck","sameAs":["http:\/\/www.dahme-heideseen-naturpark.de"],"url":"https:\/\/www.naturparkmagazin.de\/dahme-heideseen\/author\/astridosenbrueck\/"}]}},"_links":{"self":[{"href":"https:\/\/www.naturparkmagazin.de\/dahme-heideseen\/wp-json\/wp\/v2\/posts\/4264"}],"collection":[{"href":"https:\/\/www.naturparkmagazin.de\/dahme-heideseen\/wp-json\/wp\/v2\/posts"}],"about":[{"href":"https:\/\/www.naturparkmagazin.de\/dahme-heideseen\/wp-json\/wp\/v2\/types\/post"}],"author":[{"embeddable":true,"href":"https:\/\/www.naturparkmagazin.de\/dahme-heideseen\/wp-json\/wp\/v2\/users\/83"}],"replies":[{"embeddable":true,"href":"https:\/\/www.naturparkmagazin.de\/dahme-heideseen\/wp-json\/wp\/v2\/comments?post=4264"}],"version-history":[{"count":5,"href":"https:\/\/www.naturparkmagazin.de\/dahme-heideseen\/wp-json\/wp\/v2\/posts\/4264\/revisions"}],"predecessor-version":[{"id":4386,"href":"https:\/\/www.naturparkmagazin.de\/dahme-heideseen\/wp-json\/wp\/v2\/posts\/4264\/revisions\/4386"}],"wp:featuredmedia":[{"embeddable":true,"href":"https:\/\/www.naturparkmagazin.de\/dahme-heideseen\/wp-json\/wp\/v2\/media\/4287"}],"wp:attachment":[{"href":"https:\/\/www.naturparkmagazin.de\/dahme-heideseen\/wp-json\/wp\/v2\/media?parent=4264"}],"wp:term":[{"taxonomy":"category","embeddable":true,"href":"https:\/\/www.naturparkmagazin.de\/dahme-heideseen\/wp-json\/wp\/v2\/categories?post=4264"},{"taxonomy":"post_tag","embeddable":true,"href":"https:\/\/www.naturparkmagazin.de\/dahme-heideseen\/wp-json\/wp\/v2\/tags?post=4264"}],"curies":[{"name":"wp","href":"https:\/\/api.w.org\/{rel}","templated":true}]}}