{"id":4323,"date":"2022-05-18T13:57:50","date_gmt":"2022-05-18T11:57:50","guid":{"rendered":"https:\/\/www.naturparkmagazin.de\/dahme-heideseen\/?p=4323"},"modified":"2022-05-18T13:57:50","modified_gmt":"2022-05-18T11:57:50","slug":"angepasste-moorbewirtschaftung-im-naturpark-dahme-heideseen-im-fokus","status":"publish","type":"post","link":"https:\/\/www.naturparkmagazin.de\/dahme-heideseen\/angepasste-moorbewirtschaftung-im-naturpark-dahme-heideseen-im-fokus\/","title":{"rendered":"Angepasste Moorbewirtschaftung im Naturpark Dahme-Heideseen im Fokus"},"content":{"rendered":"<p>Um den Moorschutz in die Fl\u00e4che zu bringen sind praxistauglicher L\u00f6sungen erforderlich. <strong>Hierzu hatte die Verwaltung des Naturparks Dahme-Heideseen den Moor-Klimawirt Sebastian Petri<\/strong> eingeladen. Er bewirtschaftet den 250 ha umfassenden <em>Moorhof<\/em> im <em>Kremmener<\/em> Luch und er ist Mitglied im Verbund der ARGE Klimamoor. In der ARGE ist Petri mit der Beratung und Einweisung der Nutzer von Mooren zur moorschonenden Bewirtschaftung betraut. In dieser Eigenschaft war er f\u00fcr zwei Tage zu Gast im Naturpark um verschiedene Landwirtschaftsbetriebe zu beraten. Das Interesse war gro\u00df und der Austausch sehr hilfreich, denn jedes Projekt beginnt mit einem guten Gespr\u00e4ch. Die Landwirte wollen das Moor als Kulturlandschaft erhalten und trotzdem eine Perspektive haben, um davon zu leben.<\/p>\n<p>Noch in diesem Jahr wird das MLUK die Klima-Moorschutzrichtlinie des Landes \u201eKlima-Moorschutz investiv\u201c auflegen. Das bis zum Jahr 2026 laufende Programm umfasst \u2013 so der Entwurf &#8211; 15,6 Millionen Euro. Die Richtlinie wird unter anderem den Erwerb von moorangepasster Landtechnik, die Verwertung von Biomasse aus nassen Mooren, Bauma\u00dfnahmen an Stauanlagen sowie den Aufbau von regionalen Vermarktungsketten f\u00fcr neue Moorprodukte und eine entsprechende Beratung von Landnutzern beinhalten. Was f\u00fcr den einzelnen Betrieb sinnvoll ist, kann \u2013 dass zeigten die Gespr\u00e4che &#8211; je nach betrieblicher Situation unterschiedlich sein.<\/p>\n<p>Moore werden bis heute vielerorts entw\u00e4ssert. Die negativen Folgen f\u00fcr Umwelt, Klima, Wasserhaushalt, Gew\u00e4sser und Boden sind gro\u00df. Der Klimawandel versch\u00e4rft die Probleme zus\u00e4tzlich. Gemeinsam mit den Landnutzern sollen L\u00f6sungen gefunden werden, die die Emissionen aus den Moorb\u00f6den deutlich absenken und einen Teil der Moore wieder als nat\u00fcrliche Treibhausgas-Senken entwickeln. Eine torfschonende Bewirtschaftung soll hohe CO2-Emmissionen vermeiden. Das Land Brandenburg will bis 2030 durch den Moorschutz j\u00e4hrlich bis zu 700.000 Tonnen CO2-\u00c4quivalente einsparen.<\/p>\n","protected":false},"excerpt":{"rendered":"<p>Um den Moorschutz in die Fl\u00e4che zu bringen sind praxistauglicher L\u00f6sungen erforderlich. Hierzu hatte die Verwaltung des Naturparks Dahme-Heideseen den Moor-Klimawirt Sebastian Petri eingeladen. <\/p>\n","protected":false},"author":83,"featured_media":4324,"comment_status":"open","ping_status":"open","sticky":false,"template":"","format":"standard","meta":[],"categories":[7],"tags":[1239],"yoast_head":"<!-- This site is optimized with the Yoast SEO plugin v19.10 - https:\/\/yoast.com\/wordpress\/plugins\/seo\/ -->\n<title>Angepasste Moorbewirtschaftung im Naturpark Dahme-Heideseen im Fokus - Naturpark Dahme-Heideseen<\/title>\n<meta name=\"robots\" content=\"index, follow, max-snippet:-1, max-image-preview:large, max-video-preview:-1\" \/>\n<link rel=\"canonical\" href=\"https:\/\/www.naturparkmagazin.de\/dahme-heideseen\/angepasste-moorbewirtschaftung-im-naturpark-dahme-heideseen-im-fokus\/\" \/>\n<meta property=\"og:locale\" content=\"de_DE\" \/>\n<meta property=\"og:type\" content=\"article\" \/>\n<meta property=\"og:title\" content=\"Angepasste Moorbewirtschaftung im Naturpark Dahme-Heideseen im Fokus - Naturpark Dahme-Heideseen\" \/>\n<meta property=\"og:description\" content=\"Um den Moorschutz in die Fl\u00e4che zu bringen sind praxistauglicher L\u00f6sungen erforderlich. Hierzu hatte die Verwaltung des Naturparks Dahme-Heideseen den Moor-Klimawirt Sebastian Petri eingeladen.\" \/>\n<meta property=\"og:url\" content=\"https:\/\/www.naturparkmagazin.de\/dahme-heideseen\/angepasste-moorbewirtschaftung-im-naturpark-dahme-heideseen-im-fokus\/\" \/>\n<meta property=\"og:site_name\" content=\"Naturpark Dahme-Heideseen\" \/>\n<meta property=\"article:published_time\" content=\"2022-05-18T11:57:50+00:00\" \/>\n<meta property=\"og:image\" content=\"https:\/\/www.naturparkmagazin.de\/dahme-heideseen\/wp-content\/uploads\/sites\/37\/Sebastian-Petri-28-04-2022-a.jpg\" \/>\n\t<meta property=\"og:image:width\" content=\"905\" \/>\n\t<meta property=\"og:image:height\" content=\"678\" \/>\n\t<meta property=\"og:image:type\" content=\"image\/jpeg\" \/>\n<meta name=\"author\" content=\"Astrid Osenbr\u00fcck\" \/>\n<meta name=\"twitter:label1\" content=\"Verfasst von\" \/>\n\t<meta name=\"twitter:data1\" content=\"Astrid Osenbr\u00fcck\" \/>\n\t<meta name=\"twitter:label2\" content=\"Gesch\u00e4tzte Lesezeit\" \/>\n\t<meta name=\"twitter:data2\" content=\"1\u00a0Minute\" \/>\n<script type=\"application\/ld+json\" class=\"yoast-schema-graph\">{\"@context\":\"https:\/\/schema.org\",\"@graph\":[{\"@type\":\"WebPage\",\"@id\":\"https:\/\/www.naturparkmagazin.de\/dahme-heideseen\/angepasste-moorbewirtschaftung-im-naturpark-dahme-heideseen-im-fokus\/\",\"url\":\"https:\/\/www.naturparkmagazin.de\/dahme-heideseen\/angepasste-moorbewirtschaftung-im-naturpark-dahme-heideseen-im-fokus\/\",\"name\":\"Angepasste Moorbewirtschaftung im Naturpark Dahme-Heideseen im Fokus - Naturpark Dahme-Heideseen\",\"isPartOf\":{\"@id\":\"https:\/\/www.naturparkmagazin.de\/dahme-heideseen\/#website\"},\"datePublished\":\"2022-05-18T11:57:50+00:00\",\"dateModified\":\"2022-05-18T11:57:50+00:00\",\"author\":{\"@id\":\"https:\/\/www.naturparkmagazin.de\/dahme-heideseen\/#\/schema\/person\/a0510aafafdf8183c95fc98faf0c9f21\"},\"breadcrumb\":{\"@id\":\"https:\/\/www.naturparkmagazin.de\/dahme-heideseen\/angepasste-moorbewirtschaftung-im-naturpark-dahme-heideseen-im-fokus\/#breadcrumb\"},\"inLanguage\":\"de\",\"potentialAction\":[{\"@type\":\"ReadAction\",\"target\":[\"https:\/\/www.naturparkmagazin.de\/dahme-heideseen\/angepasste-moorbewirtschaftung-im-naturpark-dahme-heideseen-im-fokus\/\"]}]},{\"@type\":\"BreadcrumbList\",\"@id\":\"https:\/\/www.naturparkmagazin.de\/dahme-heideseen\/angepasste-moorbewirtschaftung-im-naturpark-dahme-heideseen-im-fokus\/#breadcrumb\",\"itemListElement\":[{\"@type\":\"ListItem\",\"position\":1,\"name\":\"Home\",\"item\":\"https:\/\/www.naturparkmagazin.de\/dahme-heideseen\/\"},{\"@type\":\"ListItem\",\"position\":2,\"name\":\"Angepasste Moorbewirtschaftung im Naturpark Dahme-Heideseen im Fokus\"}]},{\"@type\":\"WebSite\",\"@id\":\"https:\/\/www.naturparkmagazin.de\/dahme-heideseen\/#website\",\"url\":\"https:\/\/www.naturparkmagazin.de\/dahme-heideseen\/\",\"name\":\"Naturpark Dahme-Heideseen\",\"description\":\"\",\"potentialAction\":[{\"@type\":\"SearchAction\",\"target\":{\"@type\":\"EntryPoint\",\"urlTemplate\":\"https:\/\/www.naturparkmagazin.de\/dahme-heideseen\/?s={search_term_string}\"},\"query-input\":\"required name=search_term_string\"}],\"inLanguage\":\"de\"},{\"@type\":\"Person\",\"@id\":\"https:\/\/www.naturparkmagazin.de\/dahme-heideseen\/#\/schema\/person\/a0510aafafdf8183c95fc98faf0c9f21\",\"name\":\"Astrid Osenbr\u00fcck\",\"sameAs\":[\"http:\/\/www.dahme-heideseen-naturpark.de\"],\"url\":\"https:\/\/www.naturparkmagazin.de\/dahme-heideseen\/author\/astridosenbrueck\/\"}]}<\/script>\n<!-- \/ Yoast SEO plugin. -->","yoast_head_json":{"title":"Angepasste Moorbewirtschaftung im Naturpark Dahme-Heideseen im Fokus - Naturpark Dahme-Heideseen","robots":{"index":"index","follow":"follow","max-snippet":"max-snippet:-1","max-image-preview":"max-image-preview:large","max-video-preview":"max-video-preview:-1"},"canonical":"https:\/\/www.naturparkmagazin.de\/dahme-heideseen\/angepasste-moorbewirtschaftung-im-naturpark-dahme-heideseen-im-fokus\/","og_locale":"de_DE","og_type":"article","og_title":"Angepasste Moorbewirtschaftung im Naturpark Dahme-Heideseen im Fokus - Naturpark Dahme-Heideseen","og_description":"Um den Moorschutz in die Fl\u00e4che zu bringen sind praxistauglicher L\u00f6sungen erforderlich. Hierzu hatte die Verwaltung des Naturparks Dahme-Heideseen den Moor-Klimawirt Sebastian Petri eingeladen.","og_url":"https:\/\/www.naturparkmagazin.de\/dahme-heideseen\/angepasste-moorbewirtschaftung-im-naturpark-dahme-heideseen-im-fokus\/","og_site_name":"Naturpark Dahme-Heideseen","article_published_time":"2022-05-18T11:57:50+00:00","og_image":[{"width":905,"height":678,"url":"https:\/\/www.naturparkmagazin.de\/dahme-heideseen\/wp-content\/uploads\/sites\/37\/Sebastian-Petri-28-04-2022-a.jpg","type":"image\/jpeg"}],"author":"Astrid Osenbr\u00fcck","twitter_misc":{"Verfasst von":"Astrid Osenbr\u00fcck","Gesch\u00e4tzte Lesezeit":"1\u00a0Minute"},"schema":{"@context":"https:\/\/schema.org","@graph":[{"@type":"WebPage","@id":"https:\/\/www.naturparkmagazin.de\/dahme-heideseen\/angepasste-moorbewirtschaftung-im-naturpark-dahme-heideseen-im-fokus\/","url":"https:\/\/www.naturparkmagazin.de\/dahme-heideseen\/angepasste-moorbewirtschaftung-im-naturpark-dahme-heideseen-im-fokus\/","name":"Angepasste Moorbewirtschaftung im Naturpark Dahme-Heideseen im Fokus - Naturpark Dahme-Heideseen","isPartOf":{"@id":"https:\/\/www.naturparkmagazin.de\/dahme-heideseen\/#website"},"datePublished":"2022-05-18T11:57:50+00:00","dateModified":"2022-05-18T11:57:50+00:00","author":{"@id":"https:\/\/www.naturparkmagazin.de\/dahme-heideseen\/#\/schema\/person\/a0510aafafdf8183c95fc98faf0c9f21"},"breadcrumb":{"@id":"https:\/\/www.naturparkmagazin.de\/dahme-heideseen\/angepasste-moorbewirtschaftung-im-naturpark-dahme-heideseen-im-fokus\/#breadcrumb"},"inLanguage":"de","potentialAction":[{"@type":"ReadAction","target":["https:\/\/www.naturparkmagazin.de\/dahme-heideseen\/angepasste-moorbewirtschaftung-im-naturpark-dahme-heideseen-im-fokus\/"]}]},{"@type":"BreadcrumbList","@id":"https:\/\/www.naturparkmagazin.de\/dahme-heideseen\/angepasste-moorbewirtschaftung-im-naturpark-dahme-heideseen-im-fokus\/#breadcrumb","itemListElement":[{"@type":"ListItem","position":1,"name":"Home","item":"https:\/\/www.naturparkmagazin.de\/dahme-heideseen\/"},{"@type":"ListItem","position":2,"name":"Angepasste Moorbewirtschaftung im Naturpark Dahme-Heideseen im Fokus"}]},{"@type":"WebSite","@id":"https:\/\/www.naturparkmagazin.de\/dahme-heideseen\/#website","url":"https:\/\/www.naturparkmagazin.de\/dahme-heideseen\/","name":"Naturpark Dahme-Heideseen","description":"","potentialAction":[{"@type":"SearchAction","target":{"@type":"EntryPoint","urlTemplate":"https:\/\/www.naturparkmagazin.de\/dahme-heideseen\/?s={search_term_string}"},"query-input":"required name=search_term_string"}],"inLanguage":"de"},{"@type":"Person","@id":"https:\/\/www.naturparkmagazin.de\/dahme-heideseen\/#\/schema\/person\/a0510aafafdf8183c95fc98faf0c9f21","name":"Astrid Osenbr\u00fcck","sameAs":["http:\/\/www.dahme-heideseen-naturpark.de"],"url":"https:\/\/www.naturparkmagazin.de\/dahme-heideseen\/author\/astridosenbrueck\/"}]}},"_links":{"self":[{"href":"https:\/\/www.naturparkmagazin.de\/dahme-heideseen\/wp-json\/wp\/v2\/posts\/4323"}],"collection":[{"href":"https:\/\/www.naturparkmagazin.de\/dahme-heideseen\/wp-json\/wp\/v2\/posts"}],"about":[{"href":"https:\/\/www.naturparkmagazin.de\/dahme-heideseen\/wp-json\/wp\/v2\/types\/post"}],"author":[{"embeddable":true,"href":"https:\/\/www.naturparkmagazin.de\/dahme-heideseen\/wp-json\/wp\/v2\/users\/83"}],"replies":[{"embeddable":true,"href":"https:\/\/www.naturparkmagazin.de\/dahme-heideseen\/wp-json\/wp\/v2\/comments?post=4323"}],"version-history":[{"count":1,"href":"https:\/\/www.naturparkmagazin.de\/dahme-heideseen\/wp-json\/wp\/v2\/posts\/4323\/revisions"}],"predecessor-version":[{"id":4325,"href":"https:\/\/www.naturparkmagazin.de\/dahme-heideseen\/wp-json\/wp\/v2\/posts\/4323\/revisions\/4325"}],"wp:featuredmedia":[{"embeddable":true,"href":"https:\/\/www.naturparkmagazin.de\/dahme-heideseen\/wp-json\/wp\/v2\/media\/4324"}],"wp:attachment":[{"href":"https:\/\/www.naturparkmagazin.de\/dahme-heideseen\/wp-json\/wp\/v2\/media?parent=4323"}],"wp:term":[{"taxonomy":"category","embeddable":true,"href":"https:\/\/www.naturparkmagazin.de\/dahme-heideseen\/wp-json\/wp\/v2\/categories?post=4323"},{"taxonomy":"post_tag","embeddable":true,"href":"https:\/\/www.naturparkmagazin.de\/dahme-heideseen\/wp-json\/wp\/v2\/tags?post=4323"}],"curies":[{"name":"wp","href":"https:\/\/api.w.org\/{rel}","templated":true}]}}