{"id":4330,"date":"2022-05-18T14:17:32","date_gmt":"2022-05-18T12:17:32","guid":{"rendered":"https:\/\/www.naturparkmagazin.de\/dahme-heideseen\/?p=4330"},"modified":"2022-05-18T14:17:32","modified_gmt":"2022-05-18T12:17:32","slug":"einweihung-des-bienenwagens-an-der-burg-storkow","status":"publish","type":"post","link":"https:\/\/www.naturparkmagazin.de\/dahme-heideseen\/einweihung-des-bienenwagens-an-der-burg-storkow\/","title":{"rendered":"Einweihung des \u201eBienenwagens\u201c an der Burg Storkow"},"content":{"rendered":"<p>Ein neuer &#8222;Bienenwagen&#8220; im InsektenParadiesGarten des <a href=\"https:\/\/www.storkow-mark.de\/seite\/277879\/besucherzentrum-im-naturpark.html\" target=\"_blank\">Besucherzentrums des Naturparks Dahme-Heideseen<\/a> an der Burg Storkow konnte am 13. 05. 2022 er\u00f6ffnet werden.<\/p>\n<p>Aus alt mach\u2019 neu: Nach diesem Motto funktionierten Sch\u00fcler:innen der Europaschule in Storkow einen alten Bauwagen zum Bienenwagen um. Nah der Burg Storkow entstand in letzter Zeit ein wahrer Insektenparadies-Garten. Der umgestaltete Bauwagen dient jetzt als gr\u00fcnes Klassenzimmer. Er beherbergt auch einige Bienenk\u00e4sten im Heck, die mit Unterst\u00fctzung von Holger Ackermann betreut werden.<\/p>\n<div id=\"attachment_4333\" style=\"width: 630px\" class=\"wp-caption alignnone\"><a href=\"https:\/\/www.naturparkmagazin.de\/dahme-heideseen\/wp-content\/uploads\/sites\/37\/Einweihung-Bienewagen_Carsten-Preu\u00df.jpg\"><img aria-describedby=\"caption-attachment-4333\" decoding=\"async\" loading=\"lazy\" class=\"size-medium wp-image-4333\" src=\"https:\/\/www.naturparkmagazin.de\/dahme-heideseen\/wp-content\/uploads\/sites\/37\/Einweihung-Bienewagen_Carsten-Preu\u00df-620x465.jpg\" alt=\"Einweihung Bienenwagen  (\u00a9 Carsten Preu\u00df)\" width=\"620\" height=\"465\" srcset=\"https:\/\/www.naturparkmagazin.de\/dahme-heideseen\/wp-content\/uploads\/sites\/37\/Einweihung-Bienewagen_Carsten-Preu\u00df-620x465.jpg 620w, https:\/\/www.naturparkmagazin.de\/dahme-heideseen\/wp-content\/uploads\/sites\/37\/Einweihung-Bienewagen_Carsten-Preu\u00df-300x225.jpg 300w, https:\/\/www.naturparkmagazin.de\/dahme-heideseen\/wp-content\/uploads\/sites\/37\/Einweihung-Bienewagen_Carsten-Preu\u00df-940x705.jpg 940w, https:\/\/www.naturparkmagazin.de\/dahme-heideseen\/wp-content\/uploads\/sites\/37\/Einweihung-Bienewagen_Carsten-Preu\u00df-580x435.jpg 580w, https:\/\/www.naturparkmagazin.de\/dahme-heideseen\/wp-content\/uploads\/sites\/37\/Einweihung-Bienewagen_Carsten-Preu\u00df-420x315.jpg 420w, https:\/\/www.naturparkmagazin.de\/dahme-heideseen\/wp-content\/uploads\/sites\/37\/Einweihung-Bienewagen_Carsten-Preu\u00df-180x135.jpg 180w, https:\/\/www.naturparkmagazin.de\/dahme-heideseen\/wp-content\/uploads\/sites\/37\/Einweihung-Bienewagen_Carsten-Preu\u00df-95x71.jpg 95w, https:\/\/www.naturparkmagazin.de\/dahme-heideseen\/wp-content\/uploads\/sites\/37\/Einweihung-Bienewagen_Carsten-Preu\u00df-670x502.jpg 670w, https:\/\/www.naturparkmagazin.de\/dahme-heideseen\/wp-content\/uploads\/sites\/37\/Einweihung-Bienewagen_Carsten-Preu\u00df-200x150.jpg 200w, https:\/\/www.naturparkmagazin.de\/dahme-heideseen\/wp-content\/uploads\/sites\/37\/Einweihung-Bienewagen_Carsten-Preu\u00df.jpg 954w\" sizes=\"(max-width: 620px) 100vw, 620px\" \/><\/a><p id=\"caption-attachment-4333\" class=\"wp-caption-text\">Einweihung Bienenwagen (\u00a9 Carsten Preu\u00df)<\/p><\/div>\n<div id=\"attachment_4332\" style=\"width: 630px\" class=\"wp-caption alignnone\"><a href=\"https:\/\/www.naturparkmagazin.de\/dahme-heideseen\/wp-content\/uploads\/sites\/37\/Einweihung-Bienewagen2_Carsten-Preu\u00df.jpg\"><img aria-describedby=\"caption-attachment-4332\" decoding=\"async\" loading=\"lazy\" class=\"size-medium wp-image-4332\" src=\"https:\/\/www.naturparkmagazin.de\/dahme-heideseen\/wp-content\/uploads\/sites\/37\/Einweihung-Bienewagen2_Carsten-Preu\u00df-620x465.jpg\" alt=\"Sponsoren (\u00a9 Carsten Preu\u00df)\" width=\"620\" height=\"465\" srcset=\"https:\/\/www.naturparkmagazin.de\/dahme-heideseen\/wp-content\/uploads\/sites\/37\/Einweihung-Bienewagen2_Carsten-Preu\u00df-620x465.jpg 620w, https:\/\/www.naturparkmagazin.de\/dahme-heideseen\/wp-content\/uploads\/sites\/37\/Einweihung-Bienewagen2_Carsten-Preu\u00df-300x225.jpg 300w, https:\/\/www.naturparkmagazin.de\/dahme-heideseen\/wp-content\/uploads\/sites\/37\/Einweihung-Bienewagen2_Carsten-Preu\u00df-580x435.jpg 580w, https:\/\/www.naturparkmagazin.de\/dahme-heideseen\/wp-content\/uploads\/sites\/37\/Einweihung-Bienewagen2_Carsten-Preu\u00df-420x315.jpg 420w, https:\/\/www.naturparkmagazin.de\/dahme-heideseen\/wp-content\/uploads\/sites\/37\/Einweihung-Bienewagen2_Carsten-Preu\u00df-180x135.jpg 180w, https:\/\/www.naturparkmagazin.de\/dahme-heideseen\/wp-content\/uploads\/sites\/37\/Einweihung-Bienewagen2_Carsten-Preu\u00df-95x71.jpg 95w, https:\/\/www.naturparkmagazin.de\/dahme-heideseen\/wp-content\/uploads\/sites\/37\/Einweihung-Bienewagen2_Carsten-Preu\u00df-670x503.jpg 670w, https:\/\/www.naturparkmagazin.de\/dahme-heideseen\/wp-content\/uploads\/sites\/37\/Einweihung-Bienewagen2_Carsten-Preu\u00df-200x150.jpg 200w, https:\/\/www.naturparkmagazin.de\/dahme-heideseen\/wp-content\/uploads\/sites\/37\/Einweihung-Bienewagen2_Carsten-Preu\u00df.jpg 905w\" sizes=\"(max-width: 620px) 100vw, 620px\" \/><\/a><p id=\"caption-attachment-4332\" class=\"wp-caption-text\">Sponsoren (\u00a9 Carsten Preu\u00df)<\/p><\/div>\n<div id=\"attachment_4331\" style=\"width: 630px\" class=\"wp-caption alignnone\"><a href=\"https:\/\/www.naturparkmagazin.de\/dahme-heideseen\/wp-content\/uploads\/sites\/37\/Einweihung-Bienewagen3_Carsten-Preu\u00df.jpg\"><img aria-describedby=\"caption-attachment-4331\" decoding=\"async\" loading=\"lazy\" class=\"size-medium wp-image-4331\" src=\"https:\/\/www.naturparkmagazin.de\/dahme-heideseen\/wp-content\/uploads\/sites\/37\/Einweihung-Bienewagen3_Carsten-Preu\u00df-620x465.jpg\" alt=\"Gr\u00fcnes Klassenzimmer am\/im Bienenwagen (\u00a9 Carsten Preu\u00df)\" width=\"620\" height=\"465\" srcset=\"https:\/\/www.naturparkmagazin.de\/dahme-heideseen\/wp-content\/uploads\/sites\/37\/Einweihung-Bienewagen3_Carsten-Preu\u00df-620x465.jpg 620w, https:\/\/www.naturparkmagazin.de\/dahme-heideseen\/wp-content\/uploads\/sites\/37\/Einweihung-Bienewagen3_Carsten-Preu\u00df-300x225.jpg 300w, https:\/\/www.naturparkmagazin.de\/dahme-heideseen\/wp-content\/uploads\/sites\/37\/Einweihung-Bienewagen3_Carsten-Preu\u00df-940x705.jpg 940w, https:\/\/www.naturparkmagazin.de\/dahme-heideseen\/wp-content\/uploads\/sites\/37\/Einweihung-Bienewagen3_Carsten-Preu\u00df-580x435.jpg 580w, https:\/\/www.naturparkmagazin.de\/dahme-heideseen\/wp-content\/uploads\/sites\/37\/Einweihung-Bienewagen3_Carsten-Preu\u00df-420x315.jpg 420w, https:\/\/www.naturparkmagazin.de\/dahme-heideseen\/wp-content\/uploads\/sites\/37\/Einweihung-Bienewagen3_Carsten-Preu\u00df-180x135.jpg 180w, https:\/\/www.naturparkmagazin.de\/dahme-heideseen\/wp-content\/uploads\/sites\/37\/Einweihung-Bienewagen3_Carsten-Preu\u00df-95x71.jpg 95w, https:\/\/www.naturparkmagazin.de\/dahme-heideseen\/wp-content\/uploads\/sites\/37\/Einweihung-Bienewagen3_Carsten-Preu\u00df-670x503.jpg 670w, https:\/\/www.naturparkmagazin.de\/dahme-heideseen\/wp-content\/uploads\/sites\/37\/Einweihung-Bienewagen3_Carsten-Preu\u00df-200x150.jpg 200w, https:\/\/www.naturparkmagazin.de\/dahme-heideseen\/wp-content\/uploads\/sites\/37\/Einweihung-Bienewagen3_Carsten-Preu\u00df.jpg 980w\" sizes=\"(max-width: 620px) 100vw, 620px\" \/><\/a><p id=\"caption-attachment-4331\" class=\"wp-caption-text\">Gr\u00fcnes Klassenzimmer am\/im Bienenwagen (\u00a9 Carsten Preu\u00df)<\/p><\/div>\n","protected":false},"excerpt":{"rendered":"<p>Aus alt mach\u2019 neu: Sch\u00fcler der Europaschule funktionierten einen alten Bauwagen zum Bienenwagen um.<\/p>\n","protected":false},"author":83,"featured_media":4333,"comment_status":"open","ping_status":"open","sticky":false,"template":"","format":"standard","meta":[],"categories":[7],"tags":[684,327],"yoast_head":"<!-- This site is optimized with the Yoast SEO plugin v19.10 - https:\/\/yoast.com\/wordpress\/plugins\/seo\/ -->\n<title>Einweihung des \u201eBienenwagens\u201c an der Burg Storkow - Naturpark Dahme-Heideseen<\/title>\n<meta name=\"robots\" content=\"index, follow, max-snippet:-1, max-image-preview:large, max-video-preview:-1\" \/>\n<link rel=\"canonical\" href=\"https:\/\/www.naturparkmagazin.de\/dahme-heideseen\/einweihung-des-bienenwagens-an-der-burg-storkow\/\" \/>\n<meta property=\"og:locale\" content=\"de_DE\" \/>\n<meta property=\"og:type\" content=\"article\" \/>\n<meta property=\"og:title\" content=\"Einweihung des \u201eBienenwagens\u201c an der Burg Storkow - Naturpark Dahme-Heideseen\" \/>\n<meta property=\"og:description\" content=\"Aus alt mach\u2019 neu: Sch\u00fcler der Europaschule funktionierten einen alten Bauwagen zum Bienenwagen um.\" \/>\n<meta property=\"og:url\" content=\"https:\/\/www.naturparkmagazin.de\/dahme-heideseen\/einweihung-des-bienenwagens-an-der-burg-storkow\/\" \/>\n<meta property=\"og:site_name\" content=\"Naturpark Dahme-Heideseen\" \/>\n<meta property=\"article:published_time\" content=\"2022-05-18T12:17:32+00:00\" \/>\n<meta property=\"og:image\" content=\"https:\/\/www.naturparkmagazin.de\/dahme-heideseen\/wp-content\/uploads\/sites\/37\/Einweihung-Bienewagen_Carsten-Preu\u00df.jpg\" \/>\n\t<meta property=\"og:image:width\" content=\"954\" \/>\n\t<meta property=\"og:image:height\" content=\"715\" \/>\n\t<meta property=\"og:image:type\" content=\"image\/jpeg\" \/>\n<meta name=\"author\" content=\"Astrid Osenbr\u00fcck\" \/>\n<meta name=\"twitter:label1\" content=\"Verfasst von\" \/>\n\t<meta name=\"twitter:data1\" content=\"Astrid Osenbr\u00fcck\" \/>\n\t<meta name=\"twitter:label2\" content=\"Gesch\u00e4tzte Lesezeit\" \/>\n\t<meta name=\"twitter:data2\" content=\"1\u00a0Minute\" \/>\n<script type=\"application\/ld+json\" class=\"yoast-schema-graph\">{\"@context\":\"https:\/\/schema.org\",\"@graph\":[{\"@type\":\"WebPage\",\"@id\":\"https:\/\/www.naturparkmagazin.de\/dahme-heideseen\/einweihung-des-bienenwagens-an-der-burg-storkow\/\",\"url\":\"https:\/\/www.naturparkmagazin.de\/dahme-heideseen\/einweihung-des-bienenwagens-an-der-burg-storkow\/\",\"name\":\"Einweihung des \u201eBienenwagens\u201c an der Burg Storkow - Naturpark Dahme-Heideseen\",\"isPartOf\":{\"@id\":\"https:\/\/www.naturparkmagazin.de\/dahme-heideseen\/#website\"},\"datePublished\":\"2022-05-18T12:17:32+00:00\",\"dateModified\":\"2022-05-18T12:17:32+00:00\",\"author\":{\"@id\":\"https:\/\/www.naturparkmagazin.de\/dahme-heideseen\/#\/schema\/person\/a0510aafafdf8183c95fc98faf0c9f21\"},\"breadcrumb\":{\"@id\":\"https:\/\/www.naturparkmagazin.de\/dahme-heideseen\/einweihung-des-bienenwagens-an-der-burg-storkow\/#breadcrumb\"},\"inLanguage\":\"de\",\"potentialAction\":[{\"@type\":\"ReadAction\",\"target\":[\"https:\/\/www.naturparkmagazin.de\/dahme-heideseen\/einweihung-des-bienenwagens-an-der-burg-storkow\/\"]}]},{\"@type\":\"BreadcrumbList\",\"@id\":\"https:\/\/www.naturparkmagazin.de\/dahme-heideseen\/einweihung-des-bienenwagens-an-der-burg-storkow\/#breadcrumb\",\"itemListElement\":[{\"@type\":\"ListItem\",\"position\":1,\"name\":\"Home\",\"item\":\"https:\/\/www.naturparkmagazin.de\/dahme-heideseen\/\"},{\"@type\":\"ListItem\",\"position\":2,\"name\":\"Einweihung des \u201eBienenwagens\u201c an der Burg Storkow\"}]},{\"@type\":\"WebSite\",\"@id\":\"https:\/\/www.naturparkmagazin.de\/dahme-heideseen\/#website\",\"url\":\"https:\/\/www.naturparkmagazin.de\/dahme-heideseen\/\",\"name\":\"Naturpark Dahme-Heideseen\",\"description\":\"\",\"potentialAction\":[{\"@type\":\"SearchAction\",\"target\":{\"@type\":\"EntryPoint\",\"urlTemplate\":\"https:\/\/www.naturparkmagazin.de\/dahme-heideseen\/?s={search_term_string}\"},\"query-input\":\"required name=search_term_string\"}],\"inLanguage\":\"de\"},{\"@type\":\"Person\",\"@id\":\"https:\/\/www.naturparkmagazin.de\/dahme-heideseen\/#\/schema\/person\/a0510aafafdf8183c95fc98faf0c9f21\",\"name\":\"Astrid Osenbr\u00fcck\",\"sameAs\":[\"http:\/\/www.dahme-heideseen-naturpark.de\"],\"url\":\"https:\/\/www.naturparkmagazin.de\/dahme-heideseen\/author\/astridosenbrueck\/\"}]}<\/script>\n<!-- \/ Yoast SEO plugin. -->","yoast_head_json":{"title":"Einweihung des \u201eBienenwagens\u201c an der Burg Storkow - Naturpark Dahme-Heideseen","robots":{"index":"index","follow":"follow","max-snippet":"max-snippet:-1","max-image-preview":"max-image-preview:large","max-video-preview":"max-video-preview:-1"},"canonical":"https:\/\/www.naturparkmagazin.de\/dahme-heideseen\/einweihung-des-bienenwagens-an-der-burg-storkow\/","og_locale":"de_DE","og_type":"article","og_title":"Einweihung des \u201eBienenwagens\u201c an der Burg Storkow - Naturpark Dahme-Heideseen","og_description":"Aus alt mach\u2019 neu: Sch\u00fcler der Europaschule funktionierten einen alten Bauwagen zum Bienenwagen um.","og_url":"https:\/\/www.naturparkmagazin.de\/dahme-heideseen\/einweihung-des-bienenwagens-an-der-burg-storkow\/","og_site_name":"Naturpark Dahme-Heideseen","article_published_time":"2022-05-18T12:17:32+00:00","og_image":[{"width":954,"height":715,"url":"https:\/\/www.naturparkmagazin.de\/dahme-heideseen\/wp-content\/uploads\/sites\/37\/Einweihung-Bienewagen_Carsten-Preu\u00df.jpg","type":"image\/jpeg"}],"author":"Astrid Osenbr\u00fcck","twitter_misc":{"Verfasst von":"Astrid Osenbr\u00fcck","Gesch\u00e4tzte Lesezeit":"1\u00a0Minute"},"schema":{"@context":"https:\/\/schema.org","@graph":[{"@type":"WebPage","@id":"https:\/\/www.naturparkmagazin.de\/dahme-heideseen\/einweihung-des-bienenwagens-an-der-burg-storkow\/","url":"https:\/\/www.naturparkmagazin.de\/dahme-heideseen\/einweihung-des-bienenwagens-an-der-burg-storkow\/","name":"Einweihung des \u201eBienenwagens\u201c an der Burg Storkow - Naturpark Dahme-Heideseen","isPartOf":{"@id":"https:\/\/www.naturparkmagazin.de\/dahme-heideseen\/#website"},"datePublished":"2022-05-18T12:17:32+00:00","dateModified":"2022-05-18T12:17:32+00:00","author":{"@id":"https:\/\/www.naturparkmagazin.de\/dahme-heideseen\/#\/schema\/person\/a0510aafafdf8183c95fc98faf0c9f21"},"breadcrumb":{"@id":"https:\/\/www.naturparkmagazin.de\/dahme-heideseen\/einweihung-des-bienenwagens-an-der-burg-storkow\/#breadcrumb"},"inLanguage":"de","potentialAction":[{"@type":"ReadAction","target":["https:\/\/www.naturparkmagazin.de\/dahme-heideseen\/einweihung-des-bienenwagens-an-der-burg-storkow\/"]}]},{"@type":"BreadcrumbList","@id":"https:\/\/www.naturparkmagazin.de\/dahme-heideseen\/einweihung-des-bienenwagens-an-der-burg-storkow\/#breadcrumb","itemListElement":[{"@type":"ListItem","position":1,"name":"Home","item":"https:\/\/www.naturparkmagazin.de\/dahme-heideseen\/"},{"@type":"ListItem","position":2,"name":"Einweihung des \u201eBienenwagens\u201c an der Burg Storkow"}]},{"@type":"WebSite","@id":"https:\/\/www.naturparkmagazin.de\/dahme-heideseen\/#website","url":"https:\/\/www.naturparkmagazin.de\/dahme-heideseen\/","name":"Naturpark Dahme-Heideseen","description":"","potentialAction":[{"@type":"SearchAction","target":{"@type":"EntryPoint","urlTemplate":"https:\/\/www.naturparkmagazin.de\/dahme-heideseen\/?s={search_term_string}"},"query-input":"required name=search_term_string"}],"inLanguage":"de"},{"@type":"Person","@id":"https:\/\/www.naturparkmagazin.de\/dahme-heideseen\/#\/schema\/person\/a0510aafafdf8183c95fc98faf0c9f21","name":"Astrid Osenbr\u00fcck","sameAs":["http:\/\/www.dahme-heideseen-naturpark.de"],"url":"https:\/\/www.naturparkmagazin.de\/dahme-heideseen\/author\/astridosenbrueck\/"}]}},"_links":{"self":[{"href":"https:\/\/www.naturparkmagazin.de\/dahme-heideseen\/wp-json\/wp\/v2\/posts\/4330"}],"collection":[{"href":"https:\/\/www.naturparkmagazin.de\/dahme-heideseen\/wp-json\/wp\/v2\/posts"}],"about":[{"href":"https:\/\/www.naturparkmagazin.de\/dahme-heideseen\/wp-json\/wp\/v2\/types\/post"}],"author":[{"embeddable":true,"href":"https:\/\/www.naturparkmagazin.de\/dahme-heideseen\/wp-json\/wp\/v2\/users\/83"}],"replies":[{"embeddable":true,"href":"https:\/\/www.naturparkmagazin.de\/dahme-heideseen\/wp-json\/wp\/v2\/comments?post=4330"}],"version-history":[{"count":1,"href":"https:\/\/www.naturparkmagazin.de\/dahme-heideseen\/wp-json\/wp\/v2\/posts\/4330\/revisions"}],"predecessor-version":[{"id":4334,"href":"https:\/\/www.naturparkmagazin.de\/dahme-heideseen\/wp-json\/wp\/v2\/posts\/4330\/revisions\/4334"}],"wp:featuredmedia":[{"embeddable":true,"href":"https:\/\/www.naturparkmagazin.de\/dahme-heideseen\/wp-json\/wp\/v2\/media\/4333"}],"wp:attachment":[{"href":"https:\/\/www.naturparkmagazin.de\/dahme-heideseen\/wp-json\/wp\/v2\/media?parent=4330"}],"wp:term":[{"taxonomy":"category","embeddable":true,"href":"https:\/\/www.naturparkmagazin.de\/dahme-heideseen\/wp-json\/wp\/v2\/categories?post=4330"},{"taxonomy":"post_tag","embeddable":true,"href":"https:\/\/www.naturparkmagazin.de\/dahme-heideseen\/wp-json\/wp\/v2\/tags?post=4330"}],"curies":[{"name":"wp","href":"https:\/\/api.w.org\/{rel}","templated":true}]}}