{"id":4338,"date":"2022-05-19T13:38:52","date_gmt":"2022-05-19T11:38:52","guid":{"rendered":"https:\/\/www.naturparkmagazin.de\/dahme-heideseen\/?p=4338"},"modified":"2022-05-19T14:16:20","modified_gmt":"2022-05-19T12:16:20","slug":"waldkino-hammer-programm-mai-bis-september","status":"publish","type":"post","link":"https:\/\/www.naturparkmagazin.de\/dahme-heideseen\/waldkino-hammer-programm-mai-bis-september\/","title":{"rendered":"Waldkino Hammer: Programm Mai bis September"},"content":{"rendered":"<p>In diesem Jahr startet das Waldkino Hammer in die 8. Saison. Zum Auftakt auf gro\u00dfer Leinwand in der denkmalgesch\u00fctzten Scheune der Landeswaldoberf\u00f6rsterei Hammer gibt es <strong>am 27. Mai um 20 Uhr den Film \u201ePhantastische Pilze \u2013 die magische Welt zu unseren F\u00fc\u00dfen\u201c<\/strong> mit etwa 81 Minuten Spieldauer.<\/p>\n<p>&nbsp;<\/p>\n<p><strong>Film\u00fcbersicht 2022:<\/strong><\/p>\n<table border=\"0\">\n<tbody>\n<tr>\n<td>27. Mai<\/td>\n<td>Phantastische Pilze<\/td>\n<\/tr>\n<tr>\n<td>24. Juni<\/td>\n<td>Das Schloss im Spinnwebwald<\/td>\n<\/tr>\n<tr>\n<td>29. Juli<\/td>\n<td>Der wilde Wald<\/td>\n<\/tr>\n<tr>\n<td>26. August<\/td>\n<td>Die W\u00e4lder des Nordens + Wie retten wir die B\u00e4ume?<\/td>\n<\/tr>\n<tr>\n<td>30. September<\/td>\n<td>Erde<\/td>\n<\/tr>\n<\/tbody>\n<\/table>\n<p>&nbsp;<\/p>\n<p>Das Waldkino Hammer geht nunmehr in seine 8. Saison. Von Mai bis September finden monatliche Einzelvorf\u00fchrungen ausgew\u00e4hlter Filme immer am letzten Freitag im Monat statt. Etwa 4.200 Besucher konnten in den letzten sieben Jahren begr\u00fc\u00dft werden.<\/p>\n<p>Alle Filme werden einen direkten oder indirekten Bezug zu Nachhaltigkeit, Wald und Umgang mit der Natur und ihren Ressourcen haben. Inhaltlich eingef\u00fchrt werden die Filme durch den Mitinitiator und das Waldkino kuratierenden <strong>K\u00fcnstler Wolfgang<\/strong> Georgsdorf und den Leiter der Landeswaldoberf\u00f6rsterei Hammer <strong>Tim Ness<\/strong>. Vor und nach den Filmvorf\u00fchrungen ist f\u00fcr Essen und Trinken auf dem Forsthof gesorgt. Am Lagerfeuer besteht dann die M\u00f6glichkeit zur Diskussion und zum Gedankenaustausch.<\/p>\n<p>&nbsp;<\/p>\n<p><a href=\"https:\/\/forst.brandenburg.de\/lfb\/de\/ueber-uns\/landeswaldoberfoerstereien\/landeswaldoberfoersterei-hammer\/waldkino\/\" target=\"_blank\">Mehr Informationen zum Waldkino Hammer<\/a><\/p>\n<p>&nbsp;<\/p>\n","protected":false},"excerpt":{"rendered":"<p>In diesem Jahr startet das Waldkino Hammer in die 8. Saison. Auf gro\u00dfer Leinwand in der denkmalgesch\u00fctzten Scheune der Landeswaldoberf\u00f6rsterei Hammer werden Filme zum Thema Nachhaltigkeit, Wald und Umgang mit der Natur gezeigt.<\/p>\n","protected":false},"author":83,"featured_media":4339,"comment_status":"open","ping_status":"open","sticky":false,"template":"","format":"standard","meta":[],"categories":[11],"tags":[],"yoast_head":"<!-- This site is optimized with the Yoast SEO plugin v19.10 - https:\/\/yoast.com\/wordpress\/plugins\/seo\/ -->\n<title>Waldkino Hammer: Programm Mai bis September - Naturpark Dahme-Heideseen<\/title>\n<meta name=\"robots\" content=\"index, follow, max-snippet:-1, max-image-preview:large, max-video-preview:-1\" \/>\n<link rel=\"canonical\" href=\"https:\/\/www.naturparkmagazin.de\/dahme-heideseen\/waldkino-hammer-programm-mai-bis-september\/\" \/>\n<meta property=\"og:locale\" content=\"de_DE\" \/>\n<meta property=\"og:type\" content=\"article\" \/>\n<meta property=\"og:title\" content=\"Waldkino Hammer: Programm Mai bis September - Naturpark Dahme-Heideseen\" \/>\n<meta property=\"og:description\" content=\"In diesem Jahr startet das Waldkino Hammer in die 8. Saison. Auf gro\u00dfer Leinwand in der denkmalgesch\u00fctzten Scheune der Landeswaldoberf\u00f6rsterei Hammer werden Filme zum Thema Nachhaltigkeit, Wald und Umgang mit der Natur gezeigt.\" \/>\n<meta property=\"og:url\" content=\"https:\/\/www.naturparkmagazin.de\/dahme-heideseen\/waldkino-hammer-programm-mai-bis-september\/\" \/>\n<meta property=\"og:site_name\" content=\"Naturpark Dahme-Heideseen\" \/>\n<meta property=\"article:published_time\" content=\"2022-05-19T11:38:52+00:00\" \/>\n<meta property=\"article:modified_time\" content=\"2022-05-19T12:16:20+00:00\" \/>\n<meta property=\"og:image\" content=\"https:\/\/www.naturparkmagazin.de\/dahme-heideseen\/wp-content\/uploads\/sites\/37\/waldkinoPilze.jpg\" \/>\n\t<meta property=\"og:image:width\" content=\"500\" \/>\n\t<meta property=\"og:image:height\" content=\"375\" \/>\n\t<meta property=\"og:image:type\" content=\"image\/jpeg\" \/>\n<meta name=\"author\" content=\"Astrid Osenbr\u00fcck\" \/>\n<meta name=\"twitter:label1\" content=\"Verfasst von\" \/>\n\t<meta name=\"twitter:data1\" content=\"Astrid Osenbr\u00fcck\" \/>\n\t<meta name=\"twitter:label2\" content=\"Gesch\u00e4tzte Lesezeit\" \/>\n\t<meta name=\"twitter:data2\" content=\"1\u00a0Minute\" \/>\n<script type=\"application\/ld+json\" class=\"yoast-schema-graph\">{\"@context\":\"https:\/\/schema.org\",\"@graph\":[{\"@type\":\"WebPage\",\"@id\":\"https:\/\/www.naturparkmagazin.de\/dahme-heideseen\/waldkino-hammer-programm-mai-bis-september\/\",\"url\":\"https:\/\/www.naturparkmagazin.de\/dahme-heideseen\/waldkino-hammer-programm-mai-bis-september\/\",\"name\":\"Waldkino Hammer: Programm Mai bis September - Naturpark Dahme-Heideseen\",\"isPartOf\":{\"@id\":\"https:\/\/www.naturparkmagazin.de\/dahme-heideseen\/#website\"},\"datePublished\":\"2022-05-19T11:38:52+00:00\",\"dateModified\":\"2022-05-19T12:16:20+00:00\",\"author\":{\"@id\":\"https:\/\/www.naturparkmagazin.de\/dahme-heideseen\/#\/schema\/person\/a0510aafafdf8183c95fc98faf0c9f21\"},\"breadcrumb\":{\"@id\":\"https:\/\/www.naturparkmagazin.de\/dahme-heideseen\/waldkino-hammer-programm-mai-bis-september\/#breadcrumb\"},\"inLanguage\":\"de\",\"potentialAction\":[{\"@type\":\"ReadAction\",\"target\":[\"https:\/\/www.naturparkmagazin.de\/dahme-heideseen\/waldkino-hammer-programm-mai-bis-september\/\"]}]},{\"@type\":\"BreadcrumbList\",\"@id\":\"https:\/\/www.naturparkmagazin.de\/dahme-heideseen\/waldkino-hammer-programm-mai-bis-september\/#breadcrumb\",\"itemListElement\":[{\"@type\":\"ListItem\",\"position\":1,\"name\":\"Home\",\"item\":\"https:\/\/www.naturparkmagazin.de\/dahme-heideseen\/\"},{\"@type\":\"ListItem\",\"position\":2,\"name\":\"Waldkino Hammer: Programm Mai bis September\"}]},{\"@type\":\"WebSite\",\"@id\":\"https:\/\/www.naturparkmagazin.de\/dahme-heideseen\/#website\",\"url\":\"https:\/\/www.naturparkmagazin.de\/dahme-heideseen\/\",\"name\":\"Naturpark Dahme-Heideseen\",\"description\":\"\",\"potentialAction\":[{\"@type\":\"SearchAction\",\"target\":{\"@type\":\"EntryPoint\",\"urlTemplate\":\"https:\/\/www.naturparkmagazin.de\/dahme-heideseen\/?s={search_term_string}\"},\"query-input\":\"required name=search_term_string\"}],\"inLanguage\":\"de\"},{\"@type\":\"Person\",\"@id\":\"https:\/\/www.naturparkmagazin.de\/dahme-heideseen\/#\/schema\/person\/a0510aafafdf8183c95fc98faf0c9f21\",\"name\":\"Astrid Osenbr\u00fcck\",\"sameAs\":[\"http:\/\/www.dahme-heideseen-naturpark.de\"],\"url\":\"https:\/\/www.naturparkmagazin.de\/dahme-heideseen\/author\/astridosenbrueck\/\"}]}<\/script>\n<!-- \/ Yoast SEO plugin. -->","yoast_head_json":{"title":"Waldkino Hammer: Programm Mai bis September - Naturpark Dahme-Heideseen","robots":{"index":"index","follow":"follow","max-snippet":"max-snippet:-1","max-image-preview":"max-image-preview:large","max-video-preview":"max-video-preview:-1"},"canonical":"https:\/\/www.naturparkmagazin.de\/dahme-heideseen\/waldkino-hammer-programm-mai-bis-september\/","og_locale":"de_DE","og_type":"article","og_title":"Waldkino Hammer: Programm Mai bis September - Naturpark Dahme-Heideseen","og_description":"In diesem Jahr startet das Waldkino Hammer in die 8. Saison. Auf gro\u00dfer Leinwand in der denkmalgesch\u00fctzten Scheune der Landeswaldoberf\u00f6rsterei Hammer werden Filme zum Thema Nachhaltigkeit, Wald und Umgang mit der Natur gezeigt.","og_url":"https:\/\/www.naturparkmagazin.de\/dahme-heideseen\/waldkino-hammer-programm-mai-bis-september\/","og_site_name":"Naturpark Dahme-Heideseen","article_published_time":"2022-05-19T11:38:52+00:00","article_modified_time":"2022-05-19T12:16:20+00:00","og_image":[{"width":500,"height":375,"url":"https:\/\/www.naturparkmagazin.de\/dahme-heideseen\/wp-content\/uploads\/sites\/37\/waldkinoPilze.jpg","type":"image\/jpeg"}],"author":"Astrid Osenbr\u00fcck","twitter_misc":{"Verfasst von":"Astrid Osenbr\u00fcck","Gesch\u00e4tzte Lesezeit":"1\u00a0Minute"},"schema":{"@context":"https:\/\/schema.org","@graph":[{"@type":"WebPage","@id":"https:\/\/www.naturparkmagazin.de\/dahme-heideseen\/waldkino-hammer-programm-mai-bis-september\/","url":"https:\/\/www.naturparkmagazin.de\/dahme-heideseen\/waldkino-hammer-programm-mai-bis-september\/","name":"Waldkino Hammer: Programm Mai bis September - Naturpark Dahme-Heideseen","isPartOf":{"@id":"https:\/\/www.naturparkmagazin.de\/dahme-heideseen\/#website"},"datePublished":"2022-05-19T11:38:52+00:00","dateModified":"2022-05-19T12:16:20+00:00","author":{"@id":"https:\/\/www.naturparkmagazin.de\/dahme-heideseen\/#\/schema\/person\/a0510aafafdf8183c95fc98faf0c9f21"},"breadcrumb":{"@id":"https:\/\/www.naturparkmagazin.de\/dahme-heideseen\/waldkino-hammer-programm-mai-bis-september\/#breadcrumb"},"inLanguage":"de","potentialAction":[{"@type":"ReadAction","target":["https:\/\/www.naturparkmagazin.de\/dahme-heideseen\/waldkino-hammer-programm-mai-bis-september\/"]}]},{"@type":"BreadcrumbList","@id":"https:\/\/www.naturparkmagazin.de\/dahme-heideseen\/waldkino-hammer-programm-mai-bis-september\/#breadcrumb","itemListElement":[{"@type":"ListItem","position":1,"name":"Home","item":"https:\/\/www.naturparkmagazin.de\/dahme-heideseen\/"},{"@type":"ListItem","position":2,"name":"Waldkino Hammer: Programm Mai bis September"}]},{"@type":"WebSite","@id":"https:\/\/www.naturparkmagazin.de\/dahme-heideseen\/#website","url":"https:\/\/www.naturparkmagazin.de\/dahme-heideseen\/","name":"Naturpark Dahme-Heideseen","description":"","potentialAction":[{"@type":"SearchAction","target":{"@type":"EntryPoint","urlTemplate":"https:\/\/www.naturparkmagazin.de\/dahme-heideseen\/?s={search_term_string}"},"query-input":"required name=search_term_string"}],"inLanguage":"de"},{"@type":"Person","@id":"https:\/\/www.naturparkmagazin.de\/dahme-heideseen\/#\/schema\/person\/a0510aafafdf8183c95fc98faf0c9f21","name":"Astrid Osenbr\u00fcck","sameAs":["http:\/\/www.dahme-heideseen-naturpark.de"],"url":"https:\/\/www.naturparkmagazin.de\/dahme-heideseen\/author\/astridosenbrueck\/"}]}},"_links":{"self":[{"href":"https:\/\/www.naturparkmagazin.de\/dahme-heideseen\/wp-json\/wp\/v2\/posts\/4338"}],"collection":[{"href":"https:\/\/www.naturparkmagazin.de\/dahme-heideseen\/wp-json\/wp\/v2\/posts"}],"about":[{"href":"https:\/\/www.naturparkmagazin.de\/dahme-heideseen\/wp-json\/wp\/v2\/types\/post"}],"author":[{"embeddable":true,"href":"https:\/\/www.naturparkmagazin.de\/dahme-heideseen\/wp-json\/wp\/v2\/users\/83"}],"replies":[{"embeddable":true,"href":"https:\/\/www.naturparkmagazin.de\/dahme-heideseen\/wp-json\/wp\/v2\/comments?post=4338"}],"version-history":[{"count":2,"href":"https:\/\/www.naturparkmagazin.de\/dahme-heideseen\/wp-json\/wp\/v2\/posts\/4338\/revisions"}],"predecessor-version":[{"id":4341,"href":"https:\/\/www.naturparkmagazin.de\/dahme-heideseen\/wp-json\/wp\/v2\/posts\/4338\/revisions\/4341"}],"wp:featuredmedia":[{"embeddable":true,"href":"https:\/\/www.naturparkmagazin.de\/dahme-heideseen\/wp-json\/wp\/v2\/media\/4339"}],"wp:attachment":[{"href":"https:\/\/www.naturparkmagazin.de\/dahme-heideseen\/wp-json\/wp\/v2\/media?parent=4338"}],"wp:term":[{"taxonomy":"category","embeddable":true,"href":"https:\/\/www.naturparkmagazin.de\/dahme-heideseen\/wp-json\/wp\/v2\/categories?post=4338"},{"taxonomy":"post_tag","embeddable":true,"href":"https:\/\/www.naturparkmagazin.de\/dahme-heideseen\/wp-json\/wp\/v2\/tags?post=4338"}],"curies":[{"name":"wp","href":"https:\/\/api.w.org\/{rel}","templated":true}]}}