{"id":4351,"date":"2022-05-19T14:15:34","date_gmt":"2022-05-19T12:15:34","guid":{"rendered":"https:\/\/www.naturparkmagazin.de\/dahme-heideseen\/?p=4351"},"modified":"2022-05-19T14:15:34","modified_gmt":"2022-05-19T12:15:34","slug":"sommerliche-herausforderungen-im-garten","status":"publish","type":"post","link":"https:\/\/www.naturparkmagazin.de\/dahme-heideseen\/sommerliche-herausforderungen-im-garten\/","title":{"rendered":"Sommerliche Herausforderungen im Garten"},"content":{"rendered":"<p>Ein Seminar mit Franz Heitzendorfer:<\/p>\n<p>Die vergangenen hei\u00dfen und trockenen Sommer haben sehr deutlich gezeigt, dass unter Hitze und Regenmangel nicht nur Natur und Landwirtschaft, sondern auch unsere Kulturpflanzen im Garten m\u00e4chtig zu leiden haben. Wir wollen biologische Stategien aufzeigen, wie wir mit diesen Herausforderungen des Klimawandels am besten umgehen und unsere Pflanzen ideal sch\u00fctzen und st\u00e4rken k\u00f6nnen. Der Biog\u00e4rtner berichtet aus seinem Alltag, zeigt praktikable L\u00f6sungen auf und pers\u00f6nliche Erfahrungen der Teilnehmenden d\u00fcrfen nat\u00fcrlich gerne eingebracht werden.<\/p>\n<p><a href=\"https:\/\/vhs-dahme-spreewald.de\/index.php?id=2&amp;kathaupt=11&amp;knr=S14-821-PE&amp;kursname=Sommerliche_Herausforderungen_im_Garten%26wbt3_redirect%3Dkalender\" target=\"_blank\">Mehr Informationen und Anmeldung hier!<\/a><\/p>\n","protected":false},"excerpt":{"rendered":"<p>Biog\u00e4rtner Franz Heitzendorfer zeigt in diesem Seminar biologische Stategien auf, wie wir mit den Herausforderungen des Klimawandels am besten umgehen und unsere Pflanzen ideal sch\u00fctzen und st\u00e4rken k\u00f6nnen.<\/p>\n","protected":false},"author":83,"featured_media":2084,"comment_status":"open","ping_status":"open","sticky":false,"template":"","format":"standard","meta":[],"categories":[11],"tags":[],"yoast_head":"<!-- This site is optimized with the Yoast SEO plugin v19.10 - https:\/\/yoast.com\/wordpress\/plugins\/seo\/ -->\n<title>Sommerliche Herausforderungen im Garten - Naturpark Dahme-Heideseen<\/title>\n<meta name=\"robots\" content=\"index, follow, max-snippet:-1, max-image-preview:large, max-video-preview:-1\" \/>\n<link rel=\"canonical\" href=\"https:\/\/www.naturparkmagazin.de\/dahme-heideseen\/sommerliche-herausforderungen-im-garten\/\" \/>\n<meta property=\"og:locale\" content=\"de_DE\" \/>\n<meta property=\"og:type\" content=\"article\" \/>\n<meta property=\"og:title\" content=\"Sommerliche Herausforderungen im Garten - Naturpark Dahme-Heideseen\" \/>\n<meta property=\"og:description\" content=\"Biog\u00e4rtner Franz Heitzendorfer zeigt in diesem Seminar biologische Stategien auf, wie wir mit den Herausforderungen des Klimawandels am besten umgehen und unsere Pflanzen ideal sch\u00fctzen und st\u00e4rken k\u00f6nnen.\" \/>\n<meta property=\"og:url\" content=\"https:\/\/www.naturparkmagazin.de\/dahme-heideseen\/sommerliche-herausforderungen-im-garten\/\" \/>\n<meta property=\"og:site_name\" content=\"Naturpark Dahme-Heideseen\" \/>\n<meta property=\"article:published_time\" content=\"2022-05-19T12:15:34+00:00\" \/>\n<meta property=\"og:image\" content=\"https:\/\/www.naturparkmagazin.de\/dahme-heideseen\/wp-content\/uploads\/sites\/37\/Biogarten_sonnenberg.jpg\" \/>\n\t<meta property=\"og:image:width\" content=\"1000\" \/>\n\t<meta property=\"og:image:height\" content=\"669\" \/>\n\t<meta property=\"og:image:type\" content=\"image\/jpeg\" \/>\n<meta name=\"author\" content=\"Astrid Osenbr\u00fcck\" \/>\n<meta name=\"twitter:label1\" content=\"Verfasst von\" \/>\n\t<meta name=\"twitter:data1\" content=\"Astrid Osenbr\u00fcck\" \/>\n<script type=\"application\/ld+json\" class=\"yoast-schema-graph\">{\"@context\":\"https:\/\/schema.org\",\"@graph\":[{\"@type\":\"WebPage\",\"@id\":\"https:\/\/www.naturparkmagazin.de\/dahme-heideseen\/sommerliche-herausforderungen-im-garten\/\",\"url\":\"https:\/\/www.naturparkmagazin.de\/dahme-heideseen\/sommerliche-herausforderungen-im-garten\/\",\"name\":\"Sommerliche Herausforderungen im Garten - Naturpark Dahme-Heideseen\",\"isPartOf\":{\"@id\":\"https:\/\/www.naturparkmagazin.de\/dahme-heideseen\/#website\"},\"datePublished\":\"2022-05-19T12:15:34+00:00\",\"dateModified\":\"2022-05-19T12:15:34+00:00\",\"author\":{\"@id\":\"https:\/\/www.naturparkmagazin.de\/dahme-heideseen\/#\/schema\/person\/a0510aafafdf8183c95fc98faf0c9f21\"},\"breadcrumb\":{\"@id\":\"https:\/\/www.naturparkmagazin.de\/dahme-heideseen\/sommerliche-herausforderungen-im-garten\/#breadcrumb\"},\"inLanguage\":\"de\",\"potentialAction\":[{\"@type\":\"ReadAction\",\"target\":[\"https:\/\/www.naturparkmagazin.de\/dahme-heideseen\/sommerliche-herausforderungen-im-garten\/\"]}]},{\"@type\":\"BreadcrumbList\",\"@id\":\"https:\/\/www.naturparkmagazin.de\/dahme-heideseen\/sommerliche-herausforderungen-im-garten\/#breadcrumb\",\"itemListElement\":[{\"@type\":\"ListItem\",\"position\":1,\"name\":\"Home\",\"item\":\"https:\/\/www.naturparkmagazin.de\/dahme-heideseen\/\"},{\"@type\":\"ListItem\",\"position\":2,\"name\":\"Sommerliche Herausforderungen im Garten\"}]},{\"@type\":\"WebSite\",\"@id\":\"https:\/\/www.naturparkmagazin.de\/dahme-heideseen\/#website\",\"url\":\"https:\/\/www.naturparkmagazin.de\/dahme-heideseen\/\",\"name\":\"Naturpark Dahme-Heideseen\",\"description\":\"\",\"potentialAction\":[{\"@type\":\"SearchAction\",\"target\":{\"@type\":\"EntryPoint\",\"urlTemplate\":\"https:\/\/www.naturparkmagazin.de\/dahme-heideseen\/?s={search_term_string}\"},\"query-input\":\"required name=search_term_string\"}],\"inLanguage\":\"de\"},{\"@type\":\"Person\",\"@id\":\"https:\/\/www.naturparkmagazin.de\/dahme-heideseen\/#\/schema\/person\/a0510aafafdf8183c95fc98faf0c9f21\",\"name\":\"Astrid Osenbr\u00fcck\",\"sameAs\":[\"http:\/\/www.dahme-heideseen-naturpark.de\"],\"url\":\"https:\/\/www.naturparkmagazin.de\/dahme-heideseen\/author\/astridosenbrueck\/\"}]}<\/script>\n<!-- \/ Yoast SEO plugin. -->","yoast_head_json":{"title":"Sommerliche Herausforderungen im Garten - Naturpark Dahme-Heideseen","robots":{"index":"index","follow":"follow","max-snippet":"max-snippet:-1","max-image-preview":"max-image-preview:large","max-video-preview":"max-video-preview:-1"},"canonical":"https:\/\/www.naturparkmagazin.de\/dahme-heideseen\/sommerliche-herausforderungen-im-garten\/","og_locale":"de_DE","og_type":"article","og_title":"Sommerliche Herausforderungen im Garten - Naturpark Dahme-Heideseen","og_description":"Biog\u00e4rtner Franz Heitzendorfer zeigt in diesem Seminar biologische Stategien auf, wie wir mit den Herausforderungen des Klimawandels am besten umgehen und unsere Pflanzen ideal sch\u00fctzen und st\u00e4rken k\u00f6nnen.","og_url":"https:\/\/www.naturparkmagazin.de\/dahme-heideseen\/sommerliche-herausforderungen-im-garten\/","og_site_name":"Naturpark Dahme-Heideseen","article_published_time":"2022-05-19T12:15:34+00:00","og_image":[{"width":1000,"height":669,"url":"https:\/\/www.naturparkmagazin.de\/dahme-heideseen\/wp-content\/uploads\/sites\/37\/Biogarten_sonnenberg.jpg","type":"image\/jpeg"}],"author":"Astrid Osenbr\u00fcck","twitter_misc":{"Verfasst von":"Astrid Osenbr\u00fcck"},"schema":{"@context":"https:\/\/schema.org","@graph":[{"@type":"WebPage","@id":"https:\/\/www.naturparkmagazin.de\/dahme-heideseen\/sommerliche-herausforderungen-im-garten\/","url":"https:\/\/www.naturparkmagazin.de\/dahme-heideseen\/sommerliche-herausforderungen-im-garten\/","name":"Sommerliche Herausforderungen im Garten - Naturpark Dahme-Heideseen","isPartOf":{"@id":"https:\/\/www.naturparkmagazin.de\/dahme-heideseen\/#website"},"datePublished":"2022-05-19T12:15:34+00:00","dateModified":"2022-05-19T12:15:34+00:00","author":{"@id":"https:\/\/www.naturparkmagazin.de\/dahme-heideseen\/#\/schema\/person\/a0510aafafdf8183c95fc98faf0c9f21"},"breadcrumb":{"@id":"https:\/\/www.naturparkmagazin.de\/dahme-heideseen\/sommerliche-herausforderungen-im-garten\/#breadcrumb"},"inLanguage":"de","potentialAction":[{"@type":"ReadAction","target":["https:\/\/www.naturparkmagazin.de\/dahme-heideseen\/sommerliche-herausforderungen-im-garten\/"]}]},{"@type":"BreadcrumbList","@id":"https:\/\/www.naturparkmagazin.de\/dahme-heideseen\/sommerliche-herausforderungen-im-garten\/#breadcrumb","itemListElement":[{"@type":"ListItem","position":1,"name":"Home","item":"https:\/\/www.naturparkmagazin.de\/dahme-heideseen\/"},{"@type":"ListItem","position":2,"name":"Sommerliche Herausforderungen im Garten"}]},{"@type":"WebSite","@id":"https:\/\/www.naturparkmagazin.de\/dahme-heideseen\/#website","url":"https:\/\/www.naturparkmagazin.de\/dahme-heideseen\/","name":"Naturpark Dahme-Heideseen","description":"","potentialAction":[{"@type":"SearchAction","target":{"@type":"EntryPoint","urlTemplate":"https:\/\/www.naturparkmagazin.de\/dahme-heideseen\/?s={search_term_string}"},"query-input":"required name=search_term_string"}],"inLanguage":"de"},{"@type":"Person","@id":"https:\/\/www.naturparkmagazin.de\/dahme-heideseen\/#\/schema\/person\/a0510aafafdf8183c95fc98faf0c9f21","name":"Astrid Osenbr\u00fcck","sameAs":["http:\/\/www.dahme-heideseen-naturpark.de"],"url":"https:\/\/www.naturparkmagazin.de\/dahme-heideseen\/author\/astridosenbrueck\/"}]}},"_links":{"self":[{"href":"https:\/\/www.naturparkmagazin.de\/dahme-heideseen\/wp-json\/wp\/v2\/posts\/4351"}],"collection":[{"href":"https:\/\/www.naturparkmagazin.de\/dahme-heideseen\/wp-json\/wp\/v2\/posts"}],"about":[{"href":"https:\/\/www.naturparkmagazin.de\/dahme-heideseen\/wp-json\/wp\/v2\/types\/post"}],"author":[{"embeddable":true,"href":"https:\/\/www.naturparkmagazin.de\/dahme-heideseen\/wp-json\/wp\/v2\/users\/83"}],"replies":[{"embeddable":true,"href":"https:\/\/www.naturparkmagazin.de\/dahme-heideseen\/wp-json\/wp\/v2\/comments?post=4351"}],"version-history":[{"count":1,"href":"https:\/\/www.naturparkmagazin.de\/dahme-heideseen\/wp-json\/wp\/v2\/posts\/4351\/revisions"}],"predecessor-version":[{"id":4352,"href":"https:\/\/www.naturparkmagazin.de\/dahme-heideseen\/wp-json\/wp\/v2\/posts\/4351\/revisions\/4352"}],"wp:featuredmedia":[{"embeddable":true,"href":"https:\/\/www.naturparkmagazin.de\/dahme-heideseen\/wp-json\/wp\/v2\/media\/2084"}],"wp:attachment":[{"href":"https:\/\/www.naturparkmagazin.de\/dahme-heideseen\/wp-json\/wp\/v2\/media?parent=4351"}],"wp:term":[{"taxonomy":"category","embeddable":true,"href":"https:\/\/www.naturparkmagazin.de\/dahme-heideseen\/wp-json\/wp\/v2\/categories?post=4351"},{"taxonomy":"post_tag","embeddable":true,"href":"https:\/\/www.naturparkmagazin.de\/dahme-heideseen\/wp-json\/wp\/v2\/tags?post=4351"}],"curies":[{"name":"wp","href":"https:\/\/api.w.org\/{rel}","templated":true}]}}