{"id":4391,"date":"2025-06-12T08:20:56","date_gmt":"2025-06-12T06:20:56","guid":{"rendered":"https:\/\/www.naturparkmagazin.de\/dahme-heideseen\/?p=4391"},"modified":"2025-06-19T13:51:14","modified_gmt":"2025-06-19T11:51:14","slug":"nabu-pflegeeinsatz-im-naturschutzgebiet-sutschketal","status":"publish","type":"post","link":"https:\/\/www.naturparkmagazin.de\/dahme-heideseen\/nabu-pflegeeinsatz-im-naturschutzgebiet-sutschketal\/","title":{"rendered":"NABU Pflegeeinsatz im Naturschutzgebiet Sutschketal"},"content":{"rendered":"<p>Bei der Pflegeaktion m\u00f6chten wir mit Dir gemeinsam eine Feuchtwiese m\u00e4hen, das Gras zusammen geharkt und von der Fl\u00e4che r\u00e4umen. Klicke <a href=\"https:\/\/nabu-bb.de\/projekte\/natura2000\/veranstaltungen\/2022-07-16-sutschketal\/#textanker1\" target=\"_blank\" rel=\"noopener\">hier<\/a>, wenn Du mehr \u00fcber das <strong>FFH-Gebiet \u201eSutschketal\u201c<\/strong> erfahren m\u00f6chtest.<\/p>\n<p><a href=\"https:\/\/nabu-rv-dahmeland.jimdofree.com\/\" target=\"_blank\" rel=\"noreferrer noopener nofollow\">NABU Dahmeland<\/a> und NABU Brandenburg laden alle ganz herzlich zur Veranstaltung ein:<\/p>\n<p class=\"has-text-align-center\"><strong>Pflegeaktion im FFH-Gebiet \u201eSutschketal\u201c\nSamstag, 12. Juli, 8:45 bis 12 Uhr <\/strong>\n<strong>Treffpunkt:<\/strong> vor dem &#8222;Bestwander Hotel&#8220; (Franz-K\u00fcnstler-Stra\u00dfe 1, 15741 Bestensee, siehe Karte unten)<\/p>\n<hr class=\"wp-block-separator has-alpha-channel-opacity is-style-dots\" \/>\n<h5>Ablauf des Pflegeeinsatzes<\/h5>\n<p>Wir treffen uns um 8:45 Uhr vor dem &#8222;Bestwander Hotel&#8220; (Franz-K\u00fcnstler-Stra\u00dfe 1, 15741 Bestensee). Von dort aus gehen wir gemeinsam zu Fu\u00df auf die Fl\u00e4chen im FFH-Gebiet \u201eSutschketal\u201c. Im Schutzgebiet werden wir vom NABU Dahmeland in der Wiesenmahd angeleitet.<\/p>\n<p>Trage bitte dem Wetter angepasste Kleidung und festes Schuhwerk. Denke bitte an Sonnenschutz und ausreichend Trinkwasser. Bitte bring Dir selbst Verpflegung f\u00fcr ein Picknick aus dem Rucksack mit. Falls vorhanden, bring gerne eigene Handschuhe, Harken bzw. Heugabeln mit.<\/p>\n<p>&nbsp;<\/p>\n<div id=\"attachment_4392\" style=\"width: 630px\" class=\"wp-caption alignnone\"><a href=\"https:\/\/www.naturparkmagazin.de\/dahme-heideseen\/wp-content\/uploads\/sites\/37\/20210717_00_AT_Sutschketal_Mahdgut_Sarah_Diering_680_453.jpg\"><img aria-describedby=\"caption-attachment-4392\" decoding=\"async\" loading=\"lazy\" class=\"size-medium wp-image-4392\" src=\"https:\/\/www.naturparkmagazin.de\/dahme-heideseen\/wp-content\/uploads\/sites\/37\/20210717_00_AT_Sutschketal_Mahdgut_Sarah_Diering_680_453-620x348.jpg\" alt=\"Pflegeaktion vom NABU Dahmeland im FFH-Gebiet \u201eSutschketal\u201c (\u00a9 NABU\/Sarah Diering)\" width=\"620\" height=\"348\" srcset=\"https:\/\/www.naturparkmagazin.de\/dahme-heideseen\/wp-content\/uploads\/sites\/37\/20210717_00_AT_Sutschketal_Mahdgut_Sarah_Diering_680_453-620x348.jpg 620w, https:\/\/www.naturparkmagazin.de\/dahme-heideseen\/wp-content\/uploads\/sites\/37\/20210717_00_AT_Sutschketal_Mahdgut_Sarah_Diering_680_453-300x169.jpg 300w, https:\/\/www.naturparkmagazin.de\/dahme-heideseen\/wp-content\/uploads\/sites\/37\/20210717_00_AT_Sutschketal_Mahdgut_Sarah_Diering_680_453-670x376.jpg 670w, https:\/\/www.naturparkmagazin.de\/dahme-heideseen\/wp-content\/uploads\/sites\/37\/20210717_00_AT_Sutschketal_Mahdgut_Sarah_Diering_680_453-200x112.jpg 200w, https:\/\/www.naturparkmagazin.de\/dahme-heideseen\/wp-content\/uploads\/sites\/37\/20210717_00_AT_Sutschketal_Mahdgut_Sarah_Diering_680_453.jpg 680w\" sizes=\"(max-width: 620px) 100vw, 620px\" \/><\/a><p id=\"caption-attachment-4392\" class=\"wp-caption-text\">Pflegeaktion vom NABU Dahmeland im FFH-Gebiet \u201eSutschketal\u201c (\u00a9 NABU\/Sarah Diering)<\/p><\/div>\n<p>Anmeldung bei: Ilonka Schuster\nTelefon: 033768\/50117\nE-Mail: nabu.dahmeland@gmx.de<\/p>\n","protected":false},"excerpt":{"rendered":"<p>Der NABU Dahmeland freut sich \u00fcber tatkr\u00e4ftige Unterst\u00fctzung!<\/p>\n","protected":false},"author":83,"featured_media":4392,"comment_status":"open","ping_status":"open","sticky":false,"template":"","format":"standard","meta":[],"categories":[1,11],"tags":[],"yoast_head":"<!-- This site is optimized with the Yoast SEO plugin v19.10 - https:\/\/yoast.com\/wordpress\/plugins\/seo\/ -->\n<title>NABU Pflegeeinsatz im Naturschutzgebiet Sutschketal - Naturpark Dahme-Heideseen<\/title>\n<meta name=\"robots\" content=\"index, follow, max-snippet:-1, max-image-preview:large, max-video-preview:-1\" \/>\n<link rel=\"canonical\" href=\"https:\/\/www.naturparkmagazin.de\/dahme-heideseen\/nabu-pflegeeinsatz-im-naturschutzgebiet-sutschketal\/\" \/>\n<meta property=\"og:locale\" content=\"de_DE\" \/>\n<meta property=\"og:type\" content=\"article\" \/>\n<meta property=\"og:title\" content=\"NABU Pflegeeinsatz im Naturschutzgebiet Sutschketal - Naturpark Dahme-Heideseen\" \/>\n<meta property=\"og:description\" content=\"Der NABU Dahmeland freut sich \u00fcber tatkr\u00e4ftige Unterst\u00fctzung!\" \/>\n<meta property=\"og:url\" content=\"https:\/\/www.naturparkmagazin.de\/dahme-heideseen\/nabu-pflegeeinsatz-im-naturschutzgebiet-sutschketal\/\" \/>\n<meta property=\"og:site_name\" content=\"Naturpark Dahme-Heideseen\" \/>\n<meta property=\"article:published_time\" content=\"2025-06-12T06:20:56+00:00\" \/>\n<meta property=\"article:modified_time\" content=\"2025-06-19T11:51:14+00:00\" \/>\n<meta property=\"og:image\" content=\"https:\/\/www.naturparkmagazin.de\/dahme-heideseen\/wp-content\/uploads\/sites\/37\/20210717_00_AT_Sutschketal_Mahdgut_Sarah_Diering_680_453.jpg\" \/>\n\t<meta property=\"og:image:width\" content=\"680\" \/>\n\t<meta property=\"og:image:height\" content=\"382\" \/>\n\t<meta property=\"og:image:type\" content=\"image\/jpeg\" \/>\n<meta name=\"author\" content=\"Astrid Osenbr\u00fcck\" \/>\n<meta name=\"twitter:label1\" content=\"Verfasst von\" \/>\n\t<meta name=\"twitter:data1\" content=\"Astrid Osenbr\u00fcck\" \/>\n\t<meta name=\"twitter:label2\" content=\"Gesch\u00e4tzte Lesezeit\" \/>\n\t<meta name=\"twitter:data2\" content=\"2\u00a0Minuten\" \/>\n<script type=\"application\/ld+json\" class=\"yoast-schema-graph\">{\"@context\":\"https:\/\/schema.org\",\"@graph\":[{\"@type\":\"WebPage\",\"@id\":\"https:\/\/www.naturparkmagazin.de\/dahme-heideseen\/nabu-pflegeeinsatz-im-naturschutzgebiet-sutschketal\/\",\"url\":\"https:\/\/www.naturparkmagazin.de\/dahme-heideseen\/nabu-pflegeeinsatz-im-naturschutzgebiet-sutschketal\/\",\"name\":\"NABU Pflegeeinsatz im Naturschutzgebiet Sutschketal - Naturpark Dahme-Heideseen\",\"isPartOf\":{\"@id\":\"https:\/\/www.naturparkmagazin.de\/dahme-heideseen\/#website\"},\"datePublished\":\"2025-06-12T06:20:56+00:00\",\"dateModified\":\"2025-06-19T11:51:14+00:00\",\"author\":{\"@id\":\"https:\/\/www.naturparkmagazin.de\/dahme-heideseen\/#\/schema\/person\/a0510aafafdf8183c95fc98faf0c9f21\"},\"breadcrumb\":{\"@id\":\"https:\/\/www.naturparkmagazin.de\/dahme-heideseen\/nabu-pflegeeinsatz-im-naturschutzgebiet-sutschketal\/#breadcrumb\"},\"inLanguage\":\"de\",\"potentialAction\":[{\"@type\":\"ReadAction\",\"target\":[\"https:\/\/www.naturparkmagazin.de\/dahme-heideseen\/nabu-pflegeeinsatz-im-naturschutzgebiet-sutschketal\/\"]}]},{\"@type\":\"BreadcrumbList\",\"@id\":\"https:\/\/www.naturparkmagazin.de\/dahme-heideseen\/nabu-pflegeeinsatz-im-naturschutzgebiet-sutschketal\/#breadcrumb\",\"itemListElement\":[{\"@type\":\"ListItem\",\"position\":1,\"name\":\"Home\",\"item\":\"https:\/\/www.naturparkmagazin.de\/dahme-heideseen\/\"},{\"@type\":\"ListItem\",\"position\":2,\"name\":\"NABU Pflegeeinsatz im Naturschutzgebiet Sutschketal\"}]},{\"@type\":\"WebSite\",\"@id\":\"https:\/\/www.naturparkmagazin.de\/dahme-heideseen\/#website\",\"url\":\"https:\/\/www.naturparkmagazin.de\/dahme-heideseen\/\",\"name\":\"Naturpark Dahme-Heideseen\",\"description\":\"\",\"potentialAction\":[{\"@type\":\"SearchAction\",\"target\":{\"@type\":\"EntryPoint\",\"urlTemplate\":\"https:\/\/www.naturparkmagazin.de\/dahme-heideseen\/?s={search_term_string}\"},\"query-input\":\"required name=search_term_string\"}],\"inLanguage\":\"de\"},{\"@type\":\"Person\",\"@id\":\"https:\/\/www.naturparkmagazin.de\/dahme-heideseen\/#\/schema\/person\/a0510aafafdf8183c95fc98faf0c9f21\",\"name\":\"Astrid Osenbr\u00fcck\",\"sameAs\":[\"http:\/\/www.dahme-heideseen-naturpark.de\"],\"url\":\"https:\/\/www.naturparkmagazin.de\/dahme-heideseen\/author\/astridosenbrueck\/\"}]}<\/script>\n<!-- \/ Yoast SEO plugin. -->","yoast_head_json":{"title":"NABU Pflegeeinsatz im Naturschutzgebiet Sutschketal - Naturpark Dahme-Heideseen","robots":{"index":"index","follow":"follow","max-snippet":"max-snippet:-1","max-image-preview":"max-image-preview:large","max-video-preview":"max-video-preview:-1"},"canonical":"https:\/\/www.naturparkmagazin.de\/dahme-heideseen\/nabu-pflegeeinsatz-im-naturschutzgebiet-sutschketal\/","og_locale":"de_DE","og_type":"article","og_title":"NABU Pflegeeinsatz im Naturschutzgebiet Sutschketal - Naturpark Dahme-Heideseen","og_description":"Der NABU Dahmeland freut sich \u00fcber tatkr\u00e4ftige Unterst\u00fctzung!","og_url":"https:\/\/www.naturparkmagazin.de\/dahme-heideseen\/nabu-pflegeeinsatz-im-naturschutzgebiet-sutschketal\/","og_site_name":"Naturpark Dahme-Heideseen","article_published_time":"2025-06-12T06:20:56+00:00","article_modified_time":"2025-06-19T11:51:14+00:00","og_image":[{"width":680,"height":382,"url":"https:\/\/www.naturparkmagazin.de\/dahme-heideseen\/wp-content\/uploads\/sites\/37\/20210717_00_AT_Sutschketal_Mahdgut_Sarah_Diering_680_453.jpg","type":"image\/jpeg"}],"author":"Astrid Osenbr\u00fcck","twitter_misc":{"Verfasst von":"Astrid Osenbr\u00fcck","Gesch\u00e4tzte Lesezeit":"2\u00a0Minuten"},"schema":{"@context":"https:\/\/schema.org","@graph":[{"@type":"WebPage","@id":"https:\/\/www.naturparkmagazin.de\/dahme-heideseen\/nabu-pflegeeinsatz-im-naturschutzgebiet-sutschketal\/","url":"https:\/\/www.naturparkmagazin.de\/dahme-heideseen\/nabu-pflegeeinsatz-im-naturschutzgebiet-sutschketal\/","name":"NABU Pflegeeinsatz im Naturschutzgebiet Sutschketal - Naturpark Dahme-Heideseen","isPartOf":{"@id":"https:\/\/www.naturparkmagazin.de\/dahme-heideseen\/#website"},"datePublished":"2025-06-12T06:20:56+00:00","dateModified":"2025-06-19T11:51:14+00:00","author":{"@id":"https:\/\/www.naturparkmagazin.de\/dahme-heideseen\/#\/schema\/person\/a0510aafafdf8183c95fc98faf0c9f21"},"breadcrumb":{"@id":"https:\/\/www.naturparkmagazin.de\/dahme-heideseen\/nabu-pflegeeinsatz-im-naturschutzgebiet-sutschketal\/#breadcrumb"},"inLanguage":"de","potentialAction":[{"@type":"ReadAction","target":["https:\/\/www.naturparkmagazin.de\/dahme-heideseen\/nabu-pflegeeinsatz-im-naturschutzgebiet-sutschketal\/"]}]},{"@type":"BreadcrumbList","@id":"https:\/\/www.naturparkmagazin.de\/dahme-heideseen\/nabu-pflegeeinsatz-im-naturschutzgebiet-sutschketal\/#breadcrumb","itemListElement":[{"@type":"ListItem","position":1,"name":"Home","item":"https:\/\/www.naturparkmagazin.de\/dahme-heideseen\/"},{"@type":"ListItem","position":2,"name":"NABU Pflegeeinsatz im Naturschutzgebiet Sutschketal"}]},{"@type":"WebSite","@id":"https:\/\/www.naturparkmagazin.de\/dahme-heideseen\/#website","url":"https:\/\/www.naturparkmagazin.de\/dahme-heideseen\/","name":"Naturpark Dahme-Heideseen","description":"","potentialAction":[{"@type":"SearchAction","target":{"@type":"EntryPoint","urlTemplate":"https:\/\/www.naturparkmagazin.de\/dahme-heideseen\/?s={search_term_string}"},"query-input":"required name=search_term_string"}],"inLanguage":"de"},{"@type":"Person","@id":"https:\/\/www.naturparkmagazin.de\/dahme-heideseen\/#\/schema\/person\/a0510aafafdf8183c95fc98faf0c9f21","name":"Astrid Osenbr\u00fcck","sameAs":["http:\/\/www.dahme-heideseen-naturpark.de"],"url":"https:\/\/www.naturparkmagazin.de\/dahme-heideseen\/author\/astridosenbrueck\/"}]}},"_links":{"self":[{"href":"https:\/\/www.naturparkmagazin.de\/dahme-heideseen\/wp-json\/wp\/v2\/posts\/4391"}],"collection":[{"href":"https:\/\/www.naturparkmagazin.de\/dahme-heideseen\/wp-json\/wp\/v2\/posts"}],"about":[{"href":"https:\/\/www.naturparkmagazin.de\/dahme-heideseen\/wp-json\/wp\/v2\/types\/post"}],"author":[{"embeddable":true,"href":"https:\/\/www.naturparkmagazin.de\/dahme-heideseen\/wp-json\/wp\/v2\/users\/83"}],"replies":[{"embeddable":true,"href":"https:\/\/www.naturparkmagazin.de\/dahme-heideseen\/wp-json\/wp\/v2\/comments?post=4391"}],"version-history":[{"count":8,"href":"https:\/\/www.naturparkmagazin.de\/dahme-heideseen\/wp-json\/wp\/v2\/posts\/4391\/revisions"}],"predecessor-version":[{"id":7190,"href":"https:\/\/www.naturparkmagazin.de\/dahme-heideseen\/wp-json\/wp\/v2\/posts\/4391\/revisions\/7190"}],"wp:featuredmedia":[{"embeddable":true,"href":"https:\/\/www.naturparkmagazin.de\/dahme-heideseen\/wp-json\/wp\/v2\/media\/4392"}],"wp:attachment":[{"href":"https:\/\/www.naturparkmagazin.de\/dahme-heideseen\/wp-json\/wp\/v2\/media?parent=4391"}],"wp:term":[{"taxonomy":"category","embeddable":true,"href":"https:\/\/www.naturparkmagazin.de\/dahme-heideseen\/wp-json\/wp\/v2\/categories?post=4391"},{"taxonomy":"post_tag","embeddable":true,"href":"https:\/\/www.naturparkmagazin.de\/dahme-heideseen\/wp-json\/wp\/v2\/tags?post=4391"}],"curies":[{"name":"wp","href":"https:\/\/api.w.org\/{rel}","templated":true}]}}