{"id":4404,"date":"2022-06-23T13:15:00","date_gmt":"2022-06-23T11:15:00","guid":{"rendered":"https:\/\/www.naturparkmagazin.de\/dahme-heideseen\/?p=4404"},"modified":"2022-06-23T13:15:00","modified_gmt":"2022-06-23T11:15:00","slug":"abschluss-der-foto-ausstellung-zum-jahrebuch-2022","status":"publish","type":"post","link":"https:\/\/www.naturparkmagazin.de\/dahme-heideseen\/abschluss-der-foto-ausstellung-zum-jahrebuch-2022\/","title":{"rendered":"Abschluss der Foto-Ausstellung zum JahreBuch 2022"},"content":{"rendered":"<p>Fotos unterschiedlichster Fotografen und Fotografinnen schm\u00fccken den Kalenderteil des JahreBuches 2022. Die Bilder stammen aus dem Foto-Wettbewerb, den NABU Dahmeland und Naturpark-Verwaltung zuvor unter dem Motto \u201eMein Lieblingsplatz im Naturpark\u201c durchgef\u00fchrt hatten. Die eingesandten Fotos wiesen eine so hohe Qualit\u00e4t auf, dass einige der Bilder den Weg in eine Foto-Ausstellung fanden. Da die Auswahl der Lieblingspl\u00e4tze sehr individuell geschehen ist, f\u00fchrt die Ausstellung an unterschiedlichste Orte der Region.<\/p>\n<p>Bereits im letzten Jahr wurden die Fotos f\u00fcr einige Wochen im Tourismuszentrum Prieros ausgestellt. Die abschlie\u00dfende Veranstaltung mit gleichzeitiger JahreBuch-Vorstellung musste coronabedingt ausfallen.<\/p>\n<p>Bei der nachgeholten Abschlussveranstaltung werden die auf Leinwand gedruckten Fotos auf Staffeleien vor der Alten Schule ausgestellt. NABU Dahmeland und Naturpark-Verwaltung berichten \u00fcber den Fotowettbewerb und die Ausstellung. Abschlie\u00dfend ehren werden die Fotografen und Fotografinnen geehrt und erhalten als Wertsch\u00e4tzung ihre Bilder.<\/p>\n<p>Hintergrund: Das JahreBuch geh\u00f6rt seit \u00fcber 20 Jahren zum Naturpark Dahme-Heideseen. J\u00e4hrlich berichten Aktive, Naturfreunde und -sch\u00fctzer \u00fcber die Land-schaft, Erlebnisse und Aktionen im Naturpark. Das \u00fcber 100 Seiten dicke Werk enth\u00e4lt zahlreiche hochwertige Fotografien.<\/p>\n","protected":false},"excerpt":{"rendered":"<p>Bei sommerlichen Temperaturen werden die Fotos des letztj\u00e4hrigen Foto-Wettbewerbs zum JahreBuch 2022 noch einmal pr\u00e4sentiert. Einen Nachmittag lang k\u00f6nnen Interessierte die sch\u00f6nsten Fotos auf dem Vorplatz der Alten Schule bewundern.<\/p>\n","protected":false},"author":83,"featured_media":4405,"comment_status":"open","ping_status":"open","sticky":false,"template":"","format":"standard","meta":[],"categories":[11],"tags":[],"yoast_head":"<!-- This site is optimized with the Yoast SEO plugin v19.10 - https:\/\/yoast.com\/wordpress\/plugins\/seo\/ -->\n<title>Abschluss der Foto-Ausstellung zum JahreBuch 2022 - Naturpark Dahme-Heideseen<\/title>\n<meta name=\"robots\" content=\"index, follow, max-snippet:-1, max-image-preview:large, max-video-preview:-1\" \/>\n<link rel=\"canonical\" href=\"https:\/\/www.naturparkmagazin.de\/dahme-heideseen\/abschluss-der-foto-ausstellung-zum-jahrebuch-2022\/\" \/>\n<meta property=\"og:locale\" content=\"de_DE\" \/>\n<meta property=\"og:type\" content=\"article\" \/>\n<meta property=\"og:title\" content=\"Abschluss der Foto-Ausstellung zum JahreBuch 2022 - Naturpark Dahme-Heideseen\" \/>\n<meta property=\"og:description\" content=\"Bei sommerlichen Temperaturen werden die Fotos des letztj\u00e4hrigen Foto-Wettbewerbs zum JahreBuch 2022 noch einmal pr\u00e4sentiert. Einen Nachmittag lang k\u00f6nnen Interessierte die sch\u00f6nsten Fotos auf dem Vorplatz der Alten Schule bewundern.\" \/>\n<meta property=\"og:url\" content=\"https:\/\/www.naturparkmagazin.de\/dahme-heideseen\/abschluss-der-foto-ausstellung-zum-jahrebuch-2022\/\" \/>\n<meta property=\"og:site_name\" content=\"Naturpark Dahme-Heideseen\" \/>\n<meta property=\"article:published_time\" content=\"2022-06-23T11:15:00+00:00\" \/>\n<meta property=\"og:image\" content=\"https:\/\/www.naturparkmagazin.de\/dahme-heideseen\/wp-content\/uploads\/sites\/37\/csm_stietensee_-_Reinhard_Baer_83fb63d0fc.jpg\" \/>\n\t<meta property=\"og:image:width\" content=\"1000\" \/>\n\t<meta property=\"og:image:height\" content=\"668\" \/>\n\t<meta property=\"og:image:type\" content=\"image\/jpeg\" \/>\n<meta name=\"author\" content=\"Astrid Osenbr\u00fcck\" \/>\n<meta name=\"twitter:label1\" content=\"Verfasst von\" \/>\n\t<meta name=\"twitter:data1\" content=\"Astrid Osenbr\u00fcck\" \/>\n\t<meta name=\"twitter:label2\" content=\"Gesch\u00e4tzte Lesezeit\" \/>\n\t<meta name=\"twitter:data2\" content=\"1\u00a0Minute\" \/>\n<script type=\"application\/ld+json\" class=\"yoast-schema-graph\">{\"@context\":\"https:\/\/schema.org\",\"@graph\":[{\"@type\":\"WebPage\",\"@id\":\"https:\/\/www.naturparkmagazin.de\/dahme-heideseen\/abschluss-der-foto-ausstellung-zum-jahrebuch-2022\/\",\"url\":\"https:\/\/www.naturparkmagazin.de\/dahme-heideseen\/abschluss-der-foto-ausstellung-zum-jahrebuch-2022\/\",\"name\":\"Abschluss der Foto-Ausstellung zum JahreBuch 2022 - Naturpark Dahme-Heideseen\",\"isPartOf\":{\"@id\":\"https:\/\/www.naturparkmagazin.de\/dahme-heideseen\/#website\"},\"datePublished\":\"2022-06-23T11:15:00+00:00\",\"dateModified\":\"2022-06-23T11:15:00+00:00\",\"author\":{\"@id\":\"https:\/\/www.naturparkmagazin.de\/dahme-heideseen\/#\/schema\/person\/a0510aafafdf8183c95fc98faf0c9f21\"},\"breadcrumb\":{\"@id\":\"https:\/\/www.naturparkmagazin.de\/dahme-heideseen\/abschluss-der-foto-ausstellung-zum-jahrebuch-2022\/#breadcrumb\"},\"inLanguage\":\"de\",\"potentialAction\":[{\"@type\":\"ReadAction\",\"target\":[\"https:\/\/www.naturparkmagazin.de\/dahme-heideseen\/abschluss-der-foto-ausstellung-zum-jahrebuch-2022\/\"]}]},{\"@type\":\"BreadcrumbList\",\"@id\":\"https:\/\/www.naturparkmagazin.de\/dahme-heideseen\/abschluss-der-foto-ausstellung-zum-jahrebuch-2022\/#breadcrumb\",\"itemListElement\":[{\"@type\":\"ListItem\",\"position\":1,\"name\":\"Home\",\"item\":\"https:\/\/www.naturparkmagazin.de\/dahme-heideseen\/\"},{\"@type\":\"ListItem\",\"position\":2,\"name\":\"Abschluss der Foto-Ausstellung zum JahreBuch 2022\"}]},{\"@type\":\"WebSite\",\"@id\":\"https:\/\/www.naturparkmagazin.de\/dahme-heideseen\/#website\",\"url\":\"https:\/\/www.naturparkmagazin.de\/dahme-heideseen\/\",\"name\":\"Naturpark Dahme-Heideseen\",\"description\":\"\",\"potentialAction\":[{\"@type\":\"SearchAction\",\"target\":{\"@type\":\"EntryPoint\",\"urlTemplate\":\"https:\/\/www.naturparkmagazin.de\/dahme-heideseen\/?s={search_term_string}\"},\"query-input\":\"required name=search_term_string\"}],\"inLanguage\":\"de\"},{\"@type\":\"Person\",\"@id\":\"https:\/\/www.naturparkmagazin.de\/dahme-heideseen\/#\/schema\/person\/a0510aafafdf8183c95fc98faf0c9f21\",\"name\":\"Astrid Osenbr\u00fcck\",\"sameAs\":[\"http:\/\/www.dahme-heideseen-naturpark.de\"],\"url\":\"https:\/\/www.naturparkmagazin.de\/dahme-heideseen\/author\/astridosenbrueck\/\"}]}<\/script>\n<!-- \/ Yoast SEO plugin. -->","yoast_head_json":{"title":"Abschluss der Foto-Ausstellung zum JahreBuch 2022 - Naturpark Dahme-Heideseen","robots":{"index":"index","follow":"follow","max-snippet":"max-snippet:-1","max-image-preview":"max-image-preview:large","max-video-preview":"max-video-preview:-1"},"canonical":"https:\/\/www.naturparkmagazin.de\/dahme-heideseen\/abschluss-der-foto-ausstellung-zum-jahrebuch-2022\/","og_locale":"de_DE","og_type":"article","og_title":"Abschluss der Foto-Ausstellung zum JahreBuch 2022 - Naturpark Dahme-Heideseen","og_description":"Bei sommerlichen Temperaturen werden die Fotos des letztj\u00e4hrigen Foto-Wettbewerbs zum JahreBuch 2022 noch einmal pr\u00e4sentiert. Einen Nachmittag lang k\u00f6nnen Interessierte die sch\u00f6nsten Fotos auf dem Vorplatz der Alten Schule bewundern.","og_url":"https:\/\/www.naturparkmagazin.de\/dahme-heideseen\/abschluss-der-foto-ausstellung-zum-jahrebuch-2022\/","og_site_name":"Naturpark Dahme-Heideseen","article_published_time":"2022-06-23T11:15:00+00:00","og_image":[{"width":1000,"height":668,"url":"https:\/\/www.naturparkmagazin.de\/dahme-heideseen\/wp-content\/uploads\/sites\/37\/csm_stietensee_-_Reinhard_Baer_83fb63d0fc.jpg","type":"image\/jpeg"}],"author":"Astrid Osenbr\u00fcck","twitter_misc":{"Verfasst von":"Astrid Osenbr\u00fcck","Gesch\u00e4tzte Lesezeit":"1\u00a0Minute"},"schema":{"@context":"https:\/\/schema.org","@graph":[{"@type":"WebPage","@id":"https:\/\/www.naturparkmagazin.de\/dahme-heideseen\/abschluss-der-foto-ausstellung-zum-jahrebuch-2022\/","url":"https:\/\/www.naturparkmagazin.de\/dahme-heideseen\/abschluss-der-foto-ausstellung-zum-jahrebuch-2022\/","name":"Abschluss der Foto-Ausstellung zum JahreBuch 2022 - Naturpark Dahme-Heideseen","isPartOf":{"@id":"https:\/\/www.naturparkmagazin.de\/dahme-heideseen\/#website"},"datePublished":"2022-06-23T11:15:00+00:00","dateModified":"2022-06-23T11:15:00+00:00","author":{"@id":"https:\/\/www.naturparkmagazin.de\/dahme-heideseen\/#\/schema\/person\/a0510aafafdf8183c95fc98faf0c9f21"},"breadcrumb":{"@id":"https:\/\/www.naturparkmagazin.de\/dahme-heideseen\/abschluss-der-foto-ausstellung-zum-jahrebuch-2022\/#breadcrumb"},"inLanguage":"de","potentialAction":[{"@type":"ReadAction","target":["https:\/\/www.naturparkmagazin.de\/dahme-heideseen\/abschluss-der-foto-ausstellung-zum-jahrebuch-2022\/"]}]},{"@type":"BreadcrumbList","@id":"https:\/\/www.naturparkmagazin.de\/dahme-heideseen\/abschluss-der-foto-ausstellung-zum-jahrebuch-2022\/#breadcrumb","itemListElement":[{"@type":"ListItem","position":1,"name":"Home","item":"https:\/\/www.naturparkmagazin.de\/dahme-heideseen\/"},{"@type":"ListItem","position":2,"name":"Abschluss der Foto-Ausstellung zum JahreBuch 2022"}]},{"@type":"WebSite","@id":"https:\/\/www.naturparkmagazin.de\/dahme-heideseen\/#website","url":"https:\/\/www.naturparkmagazin.de\/dahme-heideseen\/","name":"Naturpark Dahme-Heideseen","description":"","potentialAction":[{"@type":"SearchAction","target":{"@type":"EntryPoint","urlTemplate":"https:\/\/www.naturparkmagazin.de\/dahme-heideseen\/?s={search_term_string}"},"query-input":"required name=search_term_string"}],"inLanguage":"de"},{"@type":"Person","@id":"https:\/\/www.naturparkmagazin.de\/dahme-heideseen\/#\/schema\/person\/a0510aafafdf8183c95fc98faf0c9f21","name":"Astrid Osenbr\u00fcck","sameAs":["http:\/\/www.dahme-heideseen-naturpark.de"],"url":"https:\/\/www.naturparkmagazin.de\/dahme-heideseen\/author\/astridosenbrueck\/"}]}},"_links":{"self":[{"href":"https:\/\/www.naturparkmagazin.de\/dahme-heideseen\/wp-json\/wp\/v2\/posts\/4404"}],"collection":[{"href":"https:\/\/www.naturparkmagazin.de\/dahme-heideseen\/wp-json\/wp\/v2\/posts"}],"about":[{"href":"https:\/\/www.naturparkmagazin.de\/dahme-heideseen\/wp-json\/wp\/v2\/types\/post"}],"author":[{"embeddable":true,"href":"https:\/\/www.naturparkmagazin.de\/dahme-heideseen\/wp-json\/wp\/v2\/users\/83"}],"replies":[{"embeddable":true,"href":"https:\/\/www.naturparkmagazin.de\/dahme-heideseen\/wp-json\/wp\/v2\/comments?post=4404"}],"version-history":[{"count":1,"href":"https:\/\/www.naturparkmagazin.de\/dahme-heideseen\/wp-json\/wp\/v2\/posts\/4404\/revisions"}],"predecessor-version":[{"id":4406,"href":"https:\/\/www.naturparkmagazin.de\/dahme-heideseen\/wp-json\/wp\/v2\/posts\/4404\/revisions\/4406"}],"wp:featuredmedia":[{"embeddable":true,"href":"https:\/\/www.naturparkmagazin.de\/dahme-heideseen\/wp-json\/wp\/v2\/media\/4405"}],"wp:attachment":[{"href":"https:\/\/www.naturparkmagazin.de\/dahme-heideseen\/wp-json\/wp\/v2\/media?parent=4404"}],"wp:term":[{"taxonomy":"category","embeddable":true,"href":"https:\/\/www.naturparkmagazin.de\/dahme-heideseen\/wp-json\/wp\/v2\/categories?post=4404"},{"taxonomy":"post_tag","embeddable":true,"href":"https:\/\/www.naturparkmagazin.de\/dahme-heideseen\/wp-json\/wp\/v2\/tags?post=4404"}],"curies":[{"name":"wp","href":"https:\/\/api.w.org\/{rel}","templated":true}]}}