{"id":4415,"date":"2022-06-23T13:33:25","date_gmt":"2022-06-23T11:33:25","guid":{"rendered":"https:\/\/www.naturparkmagazin.de\/dahme-heideseen\/?p=4415"},"modified":"2022-06-23T13:33:25","modified_gmt":"2022-06-23T11:33:25","slug":"altarmanschluss-dahme","status":"publish","type":"post","link":"https:\/\/www.naturparkmagazin.de\/dahme-heideseen\/altarmanschluss-dahme\/","title":{"rendered":"Altarmanschluss Dahme"},"content":{"rendered":"<p>Nach f\u00fcnf Jahren Planung und einigen wetter- und coronabedingten Bauverz\u00f6gerungen ist ein Altarm der Dahme bei Teurow nun wieder angeschlossen.<\/p>\n<p>Der ca. 160 Meter lange Altarm war im Gel\u00e4nde noch gut erkennbar, aber nahezu vollst\u00e4ndig verschlammt. Im Rahmen der Begradigung der Dahme vor etwa 200 Jahren wurde der Zulauf verschlossen und der Altarm wurde nur noch bei Hochwasser durchstr\u00f6mt. Bei der Renaturierung wurde der Altarm wieder an die Dahme angeschlossen und entschlammt. Jetzt flutet Dahmewasser ab mittlerem Niedrigwasser wieder durch den Altarm und die nat\u00fcrliche Flussdynamik kann sich wieder entwickeln. Auch der angrenzende Auenwald wird wieder regelm\u00e4\u00dfig \u00fcberflutet. Das nutzt auch der Ortschaft Teurow, denn bei Hochwasser steht der Dahme nun mehr \u00dcberschwemmungsraum zur Verf\u00fcgung, was den Ort besser vor Hochwasser sch\u00fctzt.<\/p>\n<p><a class=\"external-link-new-window\" title=\"Altanschluss Dahme\" href=\"https:\/\/www.feuchtwaelder.de\/projekttagebuch\/auenwaelder-brauchen-wasser\" target=\"_blank\">Link zum vollst\u00e4ndigen Projektbericht<\/a><\/p>\n","protected":false},"excerpt":{"rendered":"<p>Nach f\u00fcnf Jahren Planung und einigen wetter- und coronabedingten Bauverz\u00f6gerungen ist ein Altarm der Dahme bei Teurow nun wieder angeschlossen.<\/p>\n","protected":false},"author":83,"featured_media":4416,"comment_status":"open","ping_status":"open","sticky":false,"template":"","format":"standard","meta":[],"categories":[7],"tags":[],"yoast_head":"<!-- This site is optimized with the Yoast SEO plugin v19.10 - https:\/\/yoast.com\/wordpress\/plugins\/seo\/ -->\n<title>Altarmanschluss Dahme - Naturpark Dahme-Heideseen<\/title>\n<meta name=\"robots\" content=\"index, follow, max-snippet:-1, max-image-preview:large, max-video-preview:-1\" \/>\n<link rel=\"canonical\" href=\"https:\/\/www.naturparkmagazin.de\/dahme-heideseen\/altarmanschluss-dahme\/\" \/>\n<meta property=\"og:locale\" content=\"de_DE\" \/>\n<meta property=\"og:type\" content=\"article\" \/>\n<meta property=\"og:title\" content=\"Altarmanschluss Dahme - Naturpark Dahme-Heideseen\" \/>\n<meta property=\"og:description\" content=\"Nach f\u00fcnf Jahren Planung und einigen wetter- und coronabedingten Bauverz\u00f6gerungen ist ein Altarm der Dahme bei Teurow nun wieder angeschlossen.\" \/>\n<meta property=\"og:url\" content=\"https:\/\/www.naturparkmagazin.de\/dahme-heideseen\/altarmanschluss-dahme\/\" \/>\n<meta property=\"og:site_name\" content=\"Naturpark Dahme-Heideseen\" \/>\n<meta property=\"article:published_time\" content=\"2022-06-23T11:33:25+00:00\" \/>\n<meta property=\"og:image\" content=\"https:\/\/www.naturparkmagazin.de\/dahme-heideseen\/wp-content\/uploads\/sites\/37\/csm_IMG_9704_817c6c9266.jpg\" \/>\n\t<meta property=\"og:image:width\" content=\"1000\" \/>\n\t<meta property=\"og:image:height\" content=\"667\" \/>\n\t<meta property=\"og:image:type\" content=\"image\/jpeg\" \/>\n<meta name=\"author\" content=\"Astrid Osenbr\u00fcck\" \/>\n<meta name=\"twitter:label1\" content=\"Verfasst von\" \/>\n\t<meta name=\"twitter:data1\" content=\"Astrid Osenbr\u00fcck\" \/>\n\t<meta name=\"twitter:label2\" content=\"Gesch\u00e4tzte Lesezeit\" \/>\n\t<meta name=\"twitter:data2\" content=\"1\u00a0Minute\" \/>\n<script type=\"application\/ld+json\" class=\"yoast-schema-graph\">{\"@context\":\"https:\/\/schema.org\",\"@graph\":[{\"@type\":\"WebPage\",\"@id\":\"https:\/\/www.naturparkmagazin.de\/dahme-heideseen\/altarmanschluss-dahme\/\",\"url\":\"https:\/\/www.naturparkmagazin.de\/dahme-heideseen\/altarmanschluss-dahme\/\",\"name\":\"Altarmanschluss Dahme - Naturpark Dahme-Heideseen\",\"isPartOf\":{\"@id\":\"https:\/\/www.naturparkmagazin.de\/dahme-heideseen\/#website\"},\"datePublished\":\"2022-06-23T11:33:25+00:00\",\"dateModified\":\"2022-06-23T11:33:25+00:00\",\"author\":{\"@id\":\"https:\/\/www.naturparkmagazin.de\/dahme-heideseen\/#\/schema\/person\/a0510aafafdf8183c95fc98faf0c9f21\"},\"breadcrumb\":{\"@id\":\"https:\/\/www.naturparkmagazin.de\/dahme-heideseen\/altarmanschluss-dahme\/#breadcrumb\"},\"inLanguage\":\"de\",\"potentialAction\":[{\"@type\":\"ReadAction\",\"target\":[\"https:\/\/www.naturparkmagazin.de\/dahme-heideseen\/altarmanschluss-dahme\/\"]}]},{\"@type\":\"BreadcrumbList\",\"@id\":\"https:\/\/www.naturparkmagazin.de\/dahme-heideseen\/altarmanschluss-dahme\/#breadcrumb\",\"itemListElement\":[{\"@type\":\"ListItem\",\"position\":1,\"name\":\"Home\",\"item\":\"https:\/\/www.naturparkmagazin.de\/dahme-heideseen\/\"},{\"@type\":\"ListItem\",\"position\":2,\"name\":\"Altarmanschluss Dahme\"}]},{\"@type\":\"WebSite\",\"@id\":\"https:\/\/www.naturparkmagazin.de\/dahme-heideseen\/#website\",\"url\":\"https:\/\/www.naturparkmagazin.de\/dahme-heideseen\/\",\"name\":\"Naturpark Dahme-Heideseen\",\"description\":\"\",\"potentialAction\":[{\"@type\":\"SearchAction\",\"target\":{\"@type\":\"EntryPoint\",\"urlTemplate\":\"https:\/\/www.naturparkmagazin.de\/dahme-heideseen\/?s={search_term_string}\"},\"query-input\":\"required name=search_term_string\"}],\"inLanguage\":\"de\"},{\"@type\":\"Person\",\"@id\":\"https:\/\/www.naturparkmagazin.de\/dahme-heideseen\/#\/schema\/person\/a0510aafafdf8183c95fc98faf0c9f21\",\"name\":\"Astrid Osenbr\u00fcck\",\"sameAs\":[\"http:\/\/www.dahme-heideseen-naturpark.de\"],\"url\":\"https:\/\/www.naturparkmagazin.de\/dahme-heideseen\/author\/astridosenbrueck\/\"}]}<\/script>\n<!-- \/ Yoast SEO plugin. -->","yoast_head_json":{"title":"Altarmanschluss Dahme - Naturpark Dahme-Heideseen","robots":{"index":"index","follow":"follow","max-snippet":"max-snippet:-1","max-image-preview":"max-image-preview:large","max-video-preview":"max-video-preview:-1"},"canonical":"https:\/\/www.naturparkmagazin.de\/dahme-heideseen\/altarmanschluss-dahme\/","og_locale":"de_DE","og_type":"article","og_title":"Altarmanschluss Dahme - Naturpark Dahme-Heideseen","og_description":"Nach f\u00fcnf Jahren Planung und einigen wetter- und coronabedingten Bauverz\u00f6gerungen ist ein Altarm der Dahme bei Teurow nun wieder angeschlossen.","og_url":"https:\/\/www.naturparkmagazin.de\/dahme-heideseen\/altarmanschluss-dahme\/","og_site_name":"Naturpark Dahme-Heideseen","article_published_time":"2022-06-23T11:33:25+00:00","og_image":[{"width":1000,"height":667,"url":"https:\/\/www.naturparkmagazin.de\/dahme-heideseen\/wp-content\/uploads\/sites\/37\/csm_IMG_9704_817c6c9266.jpg","type":"image\/jpeg"}],"author":"Astrid Osenbr\u00fcck","twitter_misc":{"Verfasst von":"Astrid Osenbr\u00fcck","Gesch\u00e4tzte Lesezeit":"1\u00a0Minute"},"schema":{"@context":"https:\/\/schema.org","@graph":[{"@type":"WebPage","@id":"https:\/\/www.naturparkmagazin.de\/dahme-heideseen\/altarmanschluss-dahme\/","url":"https:\/\/www.naturparkmagazin.de\/dahme-heideseen\/altarmanschluss-dahme\/","name":"Altarmanschluss Dahme - Naturpark Dahme-Heideseen","isPartOf":{"@id":"https:\/\/www.naturparkmagazin.de\/dahme-heideseen\/#website"},"datePublished":"2022-06-23T11:33:25+00:00","dateModified":"2022-06-23T11:33:25+00:00","author":{"@id":"https:\/\/www.naturparkmagazin.de\/dahme-heideseen\/#\/schema\/person\/a0510aafafdf8183c95fc98faf0c9f21"},"breadcrumb":{"@id":"https:\/\/www.naturparkmagazin.de\/dahme-heideseen\/altarmanschluss-dahme\/#breadcrumb"},"inLanguage":"de","potentialAction":[{"@type":"ReadAction","target":["https:\/\/www.naturparkmagazin.de\/dahme-heideseen\/altarmanschluss-dahme\/"]}]},{"@type":"BreadcrumbList","@id":"https:\/\/www.naturparkmagazin.de\/dahme-heideseen\/altarmanschluss-dahme\/#breadcrumb","itemListElement":[{"@type":"ListItem","position":1,"name":"Home","item":"https:\/\/www.naturparkmagazin.de\/dahme-heideseen\/"},{"@type":"ListItem","position":2,"name":"Altarmanschluss Dahme"}]},{"@type":"WebSite","@id":"https:\/\/www.naturparkmagazin.de\/dahme-heideseen\/#website","url":"https:\/\/www.naturparkmagazin.de\/dahme-heideseen\/","name":"Naturpark Dahme-Heideseen","description":"","potentialAction":[{"@type":"SearchAction","target":{"@type":"EntryPoint","urlTemplate":"https:\/\/www.naturparkmagazin.de\/dahme-heideseen\/?s={search_term_string}"},"query-input":"required name=search_term_string"}],"inLanguage":"de"},{"@type":"Person","@id":"https:\/\/www.naturparkmagazin.de\/dahme-heideseen\/#\/schema\/person\/a0510aafafdf8183c95fc98faf0c9f21","name":"Astrid Osenbr\u00fcck","sameAs":["http:\/\/www.dahme-heideseen-naturpark.de"],"url":"https:\/\/www.naturparkmagazin.de\/dahme-heideseen\/author\/astridosenbrueck\/"}]}},"_links":{"self":[{"href":"https:\/\/www.naturparkmagazin.de\/dahme-heideseen\/wp-json\/wp\/v2\/posts\/4415"}],"collection":[{"href":"https:\/\/www.naturparkmagazin.de\/dahme-heideseen\/wp-json\/wp\/v2\/posts"}],"about":[{"href":"https:\/\/www.naturparkmagazin.de\/dahme-heideseen\/wp-json\/wp\/v2\/types\/post"}],"author":[{"embeddable":true,"href":"https:\/\/www.naturparkmagazin.de\/dahme-heideseen\/wp-json\/wp\/v2\/users\/83"}],"replies":[{"embeddable":true,"href":"https:\/\/www.naturparkmagazin.de\/dahme-heideseen\/wp-json\/wp\/v2\/comments?post=4415"}],"version-history":[{"count":1,"href":"https:\/\/www.naturparkmagazin.de\/dahme-heideseen\/wp-json\/wp\/v2\/posts\/4415\/revisions"}],"predecessor-version":[{"id":4417,"href":"https:\/\/www.naturparkmagazin.de\/dahme-heideseen\/wp-json\/wp\/v2\/posts\/4415\/revisions\/4417"}],"wp:featuredmedia":[{"embeddable":true,"href":"https:\/\/www.naturparkmagazin.de\/dahme-heideseen\/wp-json\/wp\/v2\/media\/4416"}],"wp:attachment":[{"href":"https:\/\/www.naturparkmagazin.de\/dahme-heideseen\/wp-json\/wp\/v2\/media?parent=4415"}],"wp:term":[{"taxonomy":"category","embeddable":true,"href":"https:\/\/www.naturparkmagazin.de\/dahme-heideseen\/wp-json\/wp\/v2\/categories?post=4415"},{"taxonomy":"post_tag","embeddable":true,"href":"https:\/\/www.naturparkmagazin.de\/dahme-heideseen\/wp-json\/wp\/v2\/tags?post=4415"}],"curies":[{"name":"wp","href":"https:\/\/api.w.org\/{rel}","templated":true}]}}