{"id":4436,"date":"2022-07-20T10:44:24","date_gmt":"2022-07-20T08:44:24","guid":{"rendered":"https:\/\/www.naturparkmagazin.de\/dahme-heideseen\/?p=4436"},"modified":"2022-07-20T10:48:48","modified_gmt":"2022-07-20T08:48:48","slug":"rangertour-zwischen-muehlenfliess-und-saegebach","status":"publish","type":"post","link":"https:\/\/www.naturparkmagazin.de\/dahme-heideseen\/rangertour-zwischen-muehlenfliess-und-saegebach\/","title":{"rendered":"RangerTour: Zwischen M\u00fchlenflie\u00df und S\u00e4gebach"},"content":{"rendered":"<p>Gef\u00fchrt durch einen Ranger der Naturwacht begeben wir uns auf eine etwa 6 km lange Wanderung zu den extensiv genutzten Feuchtwiesen zwischen M\u00fchlenflie\u00df und S\u00e4gebach und durch die angrenzenden W\u00e4lder. Unterwegs halten wir Ausschau nach Schmetterlingen und anderen Insekten und erfahren mehr \u00fcber die Arbeit der Ranger*innen in Brandenburg und auf der ganzen Welt.<\/p>\n<div id=\"attachment_4438\" style=\"width: 630px\" class=\"wp-caption alignnone\"><img aria-describedby=\"caption-attachment-4438\" decoding=\"async\" loading=\"lazy\" class=\"wp-image-4438 size-medium\" src=\"https:\/\/www.naturparkmagazin.de\/dahme-heideseen\/wp-content\/uploads\/sites\/37\/Wir-unterst\u00fctzen-die-Ranger-der-Welt_Foto-Teresa-Zeuner_Lizenz-Naturschutzfonds-Brandenburg--620x386.jpg\" alt=\"Wir unterst\u00fctzen die Ranger der Welt_Foto Teresa Zeuner_Lizenz Naturschutzfonds Brandenburg\" width=\"620\" height=\"386\" srcset=\"https:\/\/www.naturparkmagazin.de\/dahme-heideseen\/wp-content\/uploads\/sites\/37\/Wir-unterst\u00fctzen-die-Ranger-der-Welt_Foto-Teresa-Zeuner_Lizenz-Naturschutzfonds-Brandenburg--620x386.jpg 620w, https:\/\/www.naturparkmagazin.de\/dahme-heideseen\/wp-content\/uploads\/sites\/37\/Wir-unterst\u00fctzen-die-Ranger-der-Welt_Foto-Teresa-Zeuner_Lizenz-Naturschutzfonds-Brandenburg--300x187.jpg 300w, https:\/\/www.naturparkmagazin.de\/dahme-heideseen\/wp-content\/uploads\/sites\/37\/Wir-unterst\u00fctzen-die-Ranger-der-Welt_Foto-Teresa-Zeuner_Lizenz-Naturschutzfonds-Brandenburg--940x585.jpg 940w, https:\/\/www.naturparkmagazin.de\/dahme-heideseen\/wp-content\/uploads\/sites\/37\/Wir-unterst\u00fctzen-die-Ranger-der-Welt_Foto-Teresa-Zeuner_Lizenz-Naturschutzfonds-Brandenburg--670x417.jpg 670w, https:\/\/www.naturparkmagazin.de\/dahme-heideseen\/wp-content\/uploads\/sites\/37\/Wir-unterst\u00fctzen-die-Ranger-der-Welt_Foto-Teresa-Zeuner_Lizenz-Naturschutzfonds-Brandenburg--200x124.jpg 200w, https:\/\/www.naturparkmagazin.de\/dahme-heideseen\/wp-content\/uploads\/sites\/37\/Wir-unterst\u00fctzen-die-Ranger-der-Welt_Foto-Teresa-Zeuner_Lizenz-Naturschutzfonds-Brandenburg-.jpg 1000w\" sizes=\"(max-width: 620px) 100vw, 620px\" \/><p id=\"caption-attachment-4438\" class=\"wp-caption-text\">Wir unterst\u00fctzen die Ranger der Welt, Foto: Teresa Zeuner, Lizenz: Naturschutzfonds Brandenburg<\/p><\/div>\n<p>Hintergrund: Seit 2007 gedenkt der World Ranger Day j\u00e4hrlich am 31. Juli jenen Ranger*innen, die in Aus\u00fcbung ihrer T\u00e4tigkeit verletzt oder get\u00f6tet wurden. Es ist zudem ein Tag der Solidarit\u00e4t und der W\u00fcrdigung der weltweiten Gemeinschaft von mehr als 300.000 Ranger*innen und ihrem t\u00e4glichen Einsatz f\u00fcr den Erhalt und Schutz der Natur. Anl\u00e4\u00dflich des WorldRangerDays bietet die Naturwacht in vielen Gro\u00dfschutzgebieten des Landes F\u00fchrungen an.<\/p>\n<p>&nbsp;<\/p>\n<p>Die Teilnehmerzahl ist begrenzt, eine Voranmeldung ist daher bis 28.7. zwingend erforderlich!<\/p>\n<p>&nbsp;<\/p>\n<p>Wir empfehlen festes Schuhwerk, Verpflegung und bei Bedarf M\u00fcckenschutz.<\/p>\n","protected":false},"excerpt":{"rendered":"<p>Gef\u00fchrt durch einen Ranger der Naturwacht begeben wir uns auf eine etwa 6 km lange Wanderung zu den extensiv genutzten Feuchtwiesen zwischen M\u00fchlenflie\u00df und S\u00e4gebach und durch die angrenzenden W\u00e4lder. Unterwegs halten wir Ausschau nach&#8230;<\/p>\n","protected":false},"author":83,"featured_media":4437,"comment_status":"open","ping_status":"open","sticky":false,"template":"","format":"standard","meta":[],"categories":[11],"tags":[2785],"yoast_head":"<!-- This site is optimized with the Yoast SEO plugin v19.10 - https:\/\/yoast.com\/wordpress\/plugins\/seo\/ -->\n<title>RangerTour: Zwischen M\u00fchlenflie\u00df und S\u00e4gebach - Naturpark Dahme-Heideseen<\/title>\n<meta name=\"robots\" content=\"index, follow, max-snippet:-1, max-image-preview:large, max-video-preview:-1\" \/>\n<link rel=\"canonical\" href=\"https:\/\/www.naturparkmagazin.de\/dahme-heideseen\/rangertour-zwischen-muehlenfliess-und-saegebach\/\" \/>\n<meta property=\"og:locale\" content=\"de_DE\" \/>\n<meta property=\"og:type\" content=\"article\" \/>\n<meta property=\"og:title\" content=\"RangerTour: Zwischen M\u00fchlenflie\u00df und S\u00e4gebach - Naturpark Dahme-Heideseen\" \/>\n<meta property=\"og:description\" content=\"Gef\u00fchrt durch einen Ranger der Naturwacht begeben wir uns auf eine etwa 6 km lange Wanderung zu den extensiv genutzten Feuchtwiesen zwischen M\u00fchlenflie\u00df und S\u00e4gebach und durch die angrenzenden W\u00e4lder. Unterwegs halten wir Ausschau nach...\" \/>\n<meta property=\"og:url\" content=\"https:\/\/www.naturparkmagazin.de\/dahme-heideseen\/rangertour-zwischen-muehlenfliess-und-saegebach\/\" \/>\n<meta property=\"og:site_name\" content=\"Naturpark Dahme-Heideseen\" \/>\n<meta property=\"article:published_time\" content=\"2022-07-20T08:44:24+00:00\" \/>\n<meta property=\"article:modified_time\" content=\"2022-07-20T08:48:48+00:00\" \/>\n<meta property=\"og:image\" content=\"https:\/\/www.naturparkmagazin.de\/dahme-heideseen\/wp-content\/uploads\/sites\/37\/Gro\u00dfer-Feuerfalter_Foto-Hannes-Hause_Lizenz-Naturschutzfonds-Brandenburg-.jpg\" \/>\n\t<meta property=\"og:image:width\" content=\"1000\" \/>\n\t<meta property=\"og:image:height\" content=\"563\" \/>\n\t<meta property=\"og:image:type\" content=\"image\/jpeg\" \/>\n<meta name=\"author\" content=\"Astrid Osenbr\u00fcck\" \/>\n<meta name=\"twitter:label1\" content=\"Verfasst von\" \/>\n\t<meta name=\"twitter:data1\" content=\"Astrid Osenbr\u00fcck\" \/>\n\t<meta name=\"twitter:label2\" content=\"Gesch\u00e4tzte Lesezeit\" \/>\n\t<meta name=\"twitter:data2\" content=\"1\u00a0Minute\" \/>\n<script type=\"application\/ld+json\" class=\"yoast-schema-graph\">{\"@context\":\"https:\/\/schema.org\",\"@graph\":[{\"@type\":\"WebPage\",\"@id\":\"https:\/\/www.naturparkmagazin.de\/dahme-heideseen\/rangertour-zwischen-muehlenfliess-und-saegebach\/\",\"url\":\"https:\/\/www.naturparkmagazin.de\/dahme-heideseen\/rangertour-zwischen-muehlenfliess-und-saegebach\/\",\"name\":\"RangerTour: Zwischen M\u00fchlenflie\u00df und S\u00e4gebach - Naturpark Dahme-Heideseen\",\"isPartOf\":{\"@id\":\"https:\/\/www.naturparkmagazin.de\/dahme-heideseen\/#website\"},\"datePublished\":\"2022-07-20T08:44:24+00:00\",\"dateModified\":\"2022-07-20T08:48:48+00:00\",\"author\":{\"@id\":\"https:\/\/www.naturparkmagazin.de\/dahme-heideseen\/#\/schema\/person\/a0510aafafdf8183c95fc98faf0c9f21\"},\"breadcrumb\":{\"@id\":\"https:\/\/www.naturparkmagazin.de\/dahme-heideseen\/rangertour-zwischen-muehlenfliess-und-saegebach\/#breadcrumb\"},\"inLanguage\":\"de\",\"potentialAction\":[{\"@type\":\"ReadAction\",\"target\":[\"https:\/\/www.naturparkmagazin.de\/dahme-heideseen\/rangertour-zwischen-muehlenfliess-und-saegebach\/\"]}]},{\"@type\":\"BreadcrumbList\",\"@id\":\"https:\/\/www.naturparkmagazin.de\/dahme-heideseen\/rangertour-zwischen-muehlenfliess-und-saegebach\/#breadcrumb\",\"itemListElement\":[{\"@type\":\"ListItem\",\"position\":1,\"name\":\"Home\",\"item\":\"https:\/\/www.naturparkmagazin.de\/dahme-heideseen\/\"},{\"@type\":\"ListItem\",\"position\":2,\"name\":\"RangerTour: Zwischen M\u00fchlenflie\u00df und S\u00e4gebach\"}]},{\"@type\":\"WebSite\",\"@id\":\"https:\/\/www.naturparkmagazin.de\/dahme-heideseen\/#website\",\"url\":\"https:\/\/www.naturparkmagazin.de\/dahme-heideseen\/\",\"name\":\"Naturpark Dahme-Heideseen\",\"description\":\"\",\"potentialAction\":[{\"@type\":\"SearchAction\",\"target\":{\"@type\":\"EntryPoint\",\"urlTemplate\":\"https:\/\/www.naturparkmagazin.de\/dahme-heideseen\/?s={search_term_string}\"},\"query-input\":\"required name=search_term_string\"}],\"inLanguage\":\"de\"},{\"@type\":\"Person\",\"@id\":\"https:\/\/www.naturparkmagazin.de\/dahme-heideseen\/#\/schema\/person\/a0510aafafdf8183c95fc98faf0c9f21\",\"name\":\"Astrid Osenbr\u00fcck\",\"sameAs\":[\"http:\/\/www.dahme-heideseen-naturpark.de\"],\"url\":\"https:\/\/www.naturparkmagazin.de\/dahme-heideseen\/author\/astridosenbrueck\/\"}]}<\/script>\n<!-- \/ Yoast SEO plugin. -->","yoast_head_json":{"title":"RangerTour: Zwischen M\u00fchlenflie\u00df und S\u00e4gebach - Naturpark Dahme-Heideseen","robots":{"index":"index","follow":"follow","max-snippet":"max-snippet:-1","max-image-preview":"max-image-preview:large","max-video-preview":"max-video-preview:-1"},"canonical":"https:\/\/www.naturparkmagazin.de\/dahme-heideseen\/rangertour-zwischen-muehlenfliess-und-saegebach\/","og_locale":"de_DE","og_type":"article","og_title":"RangerTour: Zwischen M\u00fchlenflie\u00df und S\u00e4gebach - Naturpark Dahme-Heideseen","og_description":"Gef\u00fchrt durch einen Ranger der Naturwacht begeben wir uns auf eine etwa 6 km lange Wanderung zu den extensiv genutzten Feuchtwiesen zwischen M\u00fchlenflie\u00df und S\u00e4gebach und durch die angrenzenden W\u00e4lder. Unterwegs halten wir Ausschau nach...","og_url":"https:\/\/www.naturparkmagazin.de\/dahme-heideseen\/rangertour-zwischen-muehlenfliess-und-saegebach\/","og_site_name":"Naturpark Dahme-Heideseen","article_published_time":"2022-07-20T08:44:24+00:00","article_modified_time":"2022-07-20T08:48:48+00:00","og_image":[{"width":1000,"height":563,"url":"https:\/\/www.naturparkmagazin.de\/dahme-heideseen\/wp-content\/uploads\/sites\/37\/Gro\u00dfer-Feuerfalter_Foto-Hannes-Hause_Lizenz-Naturschutzfonds-Brandenburg-.jpg","type":"image\/jpeg"}],"author":"Astrid Osenbr\u00fcck","twitter_misc":{"Verfasst von":"Astrid Osenbr\u00fcck","Gesch\u00e4tzte Lesezeit":"1\u00a0Minute"},"schema":{"@context":"https:\/\/schema.org","@graph":[{"@type":"WebPage","@id":"https:\/\/www.naturparkmagazin.de\/dahme-heideseen\/rangertour-zwischen-muehlenfliess-und-saegebach\/","url":"https:\/\/www.naturparkmagazin.de\/dahme-heideseen\/rangertour-zwischen-muehlenfliess-und-saegebach\/","name":"RangerTour: Zwischen M\u00fchlenflie\u00df und S\u00e4gebach - Naturpark Dahme-Heideseen","isPartOf":{"@id":"https:\/\/www.naturparkmagazin.de\/dahme-heideseen\/#website"},"datePublished":"2022-07-20T08:44:24+00:00","dateModified":"2022-07-20T08:48:48+00:00","author":{"@id":"https:\/\/www.naturparkmagazin.de\/dahme-heideseen\/#\/schema\/person\/a0510aafafdf8183c95fc98faf0c9f21"},"breadcrumb":{"@id":"https:\/\/www.naturparkmagazin.de\/dahme-heideseen\/rangertour-zwischen-muehlenfliess-und-saegebach\/#breadcrumb"},"inLanguage":"de","potentialAction":[{"@type":"ReadAction","target":["https:\/\/www.naturparkmagazin.de\/dahme-heideseen\/rangertour-zwischen-muehlenfliess-und-saegebach\/"]}]},{"@type":"BreadcrumbList","@id":"https:\/\/www.naturparkmagazin.de\/dahme-heideseen\/rangertour-zwischen-muehlenfliess-und-saegebach\/#breadcrumb","itemListElement":[{"@type":"ListItem","position":1,"name":"Home","item":"https:\/\/www.naturparkmagazin.de\/dahme-heideseen\/"},{"@type":"ListItem","position":2,"name":"RangerTour: Zwischen M\u00fchlenflie\u00df und S\u00e4gebach"}]},{"@type":"WebSite","@id":"https:\/\/www.naturparkmagazin.de\/dahme-heideseen\/#website","url":"https:\/\/www.naturparkmagazin.de\/dahme-heideseen\/","name":"Naturpark Dahme-Heideseen","description":"","potentialAction":[{"@type":"SearchAction","target":{"@type":"EntryPoint","urlTemplate":"https:\/\/www.naturparkmagazin.de\/dahme-heideseen\/?s={search_term_string}"},"query-input":"required name=search_term_string"}],"inLanguage":"de"},{"@type":"Person","@id":"https:\/\/www.naturparkmagazin.de\/dahme-heideseen\/#\/schema\/person\/a0510aafafdf8183c95fc98faf0c9f21","name":"Astrid Osenbr\u00fcck","sameAs":["http:\/\/www.dahme-heideseen-naturpark.de"],"url":"https:\/\/www.naturparkmagazin.de\/dahme-heideseen\/author\/astridosenbrueck\/"}]}},"_links":{"self":[{"href":"https:\/\/www.naturparkmagazin.de\/dahme-heideseen\/wp-json\/wp\/v2\/posts\/4436"}],"collection":[{"href":"https:\/\/www.naturparkmagazin.de\/dahme-heideseen\/wp-json\/wp\/v2\/posts"}],"about":[{"href":"https:\/\/www.naturparkmagazin.de\/dahme-heideseen\/wp-json\/wp\/v2\/types\/post"}],"author":[{"embeddable":true,"href":"https:\/\/www.naturparkmagazin.de\/dahme-heideseen\/wp-json\/wp\/v2\/users\/83"}],"replies":[{"embeddable":true,"href":"https:\/\/www.naturparkmagazin.de\/dahme-heideseen\/wp-json\/wp\/v2\/comments?post=4436"}],"version-history":[{"count":3,"href":"https:\/\/www.naturparkmagazin.de\/dahme-heideseen\/wp-json\/wp\/v2\/posts\/4436\/revisions"}],"predecessor-version":[{"id":4445,"href":"https:\/\/www.naturparkmagazin.de\/dahme-heideseen\/wp-json\/wp\/v2\/posts\/4436\/revisions\/4445"}],"wp:featuredmedia":[{"embeddable":true,"href":"https:\/\/www.naturparkmagazin.de\/dahme-heideseen\/wp-json\/wp\/v2\/media\/4437"}],"wp:attachment":[{"href":"https:\/\/www.naturparkmagazin.de\/dahme-heideseen\/wp-json\/wp\/v2\/media?parent=4436"}],"wp:term":[{"taxonomy":"category","embeddable":true,"href":"https:\/\/www.naturparkmagazin.de\/dahme-heideseen\/wp-json\/wp\/v2\/categories?post=4436"},{"taxonomy":"post_tag","embeddable":true,"href":"https:\/\/www.naturparkmagazin.de\/dahme-heideseen\/wp-json\/wp\/v2\/tags?post=4436"}],"curies":[{"name":"wp","href":"https:\/\/api.w.org\/{rel}","templated":true}]}}