{"id":4449,"date":"2022-07-20T10:55:49","date_gmt":"2022-07-20T08:55:49","guid":{"rendered":"https:\/\/www.naturparkmagazin.de\/dahme-heideseen\/?p=4449"},"modified":"2022-07-20T10:55:49","modified_gmt":"2022-07-20T08:55:49","slug":"naturpark-schule-prieros-eroeffnet-naturlehrpfad","status":"publish","type":"post","link":"https:\/\/www.naturparkmagazin.de\/dahme-heideseen\/naturpark-schule-prieros-eroeffnet-naturlehrpfad\/","title":{"rendered":"Naturpark-Schule Prieros er\u00f6ffnet Naturlehrpfad"},"content":{"rendered":"<p>Warum trommelt der Buntspecht am Baum? Welche Besonderheiten hat die Rinde der H\u00e4ngebirke? Diesen und weiteren Fragen k\u00f6nnen die Sch\u00fclerinnen und Sch\u00fcler der Naturparkschule Prieros auf dem neuen Naturlehrpfad nachgehen. Am 28. Juni weihten Sch\u00fcler-Reporter und ihr Betreuer Lars Busam die 20 Tafeln des Naturlehrpfades offiziell ein. Die Tafeln sind ein Gemeinschaftsprojekt der Naturparkschule und dem Hort Prieros, der BLB Werbung, der Naturwacht und der Naturparkverwaltung Dahme-Heideseen.<\/p>\n<div id=\"attachment_4451\" style=\"width: 630px\" class=\"wp-caption alignnone\"><a href=\"https:\/\/www.naturparkmagazin.de\/dahme-heideseen\/wp-content\/uploads\/sites\/37\/Schulkind_Eroeffnung_Naturlehrpfad_Teresa_Zeuner.jpg\"><img aria-describedby=\"caption-attachment-4451\" decoding=\"async\" loading=\"lazy\" class=\"size-medium wp-image-4451\" src=\"https:\/\/www.naturparkmagazin.de\/dahme-heideseen\/wp-content\/uploads\/sites\/37\/Schulkind_Eroeffnung_Naturlehrpfad_Teresa_Zeuner-620x827.jpg\" alt=\" Ein Sch\u00fcler der Naturparkschule beim Ausw\u00e4hlen der Schilder (\u00a9 Teresa Zeuner) \" width=\"620\" height=\"827\" srcset=\"https:\/\/www.naturparkmagazin.de\/dahme-heideseen\/wp-content\/uploads\/sites\/37\/Schulkind_Eroeffnung_Naturlehrpfad_Teresa_Zeuner-620x827.jpg 620w, https:\/\/www.naturparkmagazin.de\/dahme-heideseen\/wp-content\/uploads\/sites\/37\/Schulkind_Eroeffnung_Naturlehrpfad_Teresa_Zeuner-300x400.jpg 300w, https:\/\/www.naturparkmagazin.de\/dahme-heideseen\/wp-content\/uploads\/sites\/37\/Schulkind_Eroeffnung_Naturlehrpfad_Teresa_Zeuner-500x667.jpg 500w, https:\/\/www.naturparkmagazin.de\/dahme-heideseen\/wp-content\/uploads\/sites\/37\/Schulkind_Eroeffnung_Naturlehrpfad_Teresa_Zeuner-420x560.jpg 420w, https:\/\/www.naturparkmagazin.de\/dahme-heideseen\/wp-content\/uploads\/sites\/37\/Schulkind_Eroeffnung_Naturlehrpfad_Teresa_Zeuner-135x180.jpg 135w, https:\/\/www.naturparkmagazin.de\/dahme-heideseen\/wp-content\/uploads\/sites\/37\/Schulkind_Eroeffnung_Naturlehrpfad_Teresa_Zeuner-53x71.jpg 53w, https:\/\/www.naturparkmagazin.de\/dahme-heideseen\/wp-content\/uploads\/sites\/37\/Schulkind_Eroeffnung_Naturlehrpfad_Teresa_Zeuner-670x893.jpg 670w, https:\/\/www.naturparkmagazin.de\/dahme-heideseen\/wp-content\/uploads\/sites\/37\/Schulkind_Eroeffnung_Naturlehrpfad_Teresa_Zeuner-200x267.jpg 200w, https:\/\/www.naturparkmagazin.de\/dahme-heideseen\/wp-content\/uploads\/sites\/37\/Schulkind_Eroeffnung_Naturlehrpfad_Teresa_Zeuner.jpg 750w\" sizes=\"(max-width: 620px) 100vw, 620px\" \/><\/a><p id=\"caption-attachment-4451\" class=\"wp-caption-text\">Ein Sch\u00fcler der Naturparkschule beim Ausw\u00e4hlen der Schilder (\u00a9 Teresa Zeuner)<\/p><\/div>\n<div id=\"attachment_4452\" style=\"width: 630px\" class=\"wp-caption alignnone\"><a href=\"https:\/\/www.naturparkmagazin.de\/dahme-heideseen\/wp-content\/uploads\/sites\/37\/Anbringung_Schilder_Naturlehrpfad_Teresa_Zeuner.jpg\"><img aria-describedby=\"caption-attachment-4452\" decoding=\"async\" loading=\"lazy\" class=\"size-medium wp-image-4452\" src=\"https:\/\/www.naturparkmagazin.de\/dahme-heideseen\/wp-content\/uploads\/sites\/37\/Anbringung_Schilder_Naturlehrpfad_Teresa_Zeuner-620x827.jpg\" alt=\" Zwei Sch\u00fclerinnen beim Anbringen der Schilder (\u00a9 Teresa Zeuner) \" width=\"620\" height=\"827\" srcset=\"https:\/\/www.naturparkmagazin.de\/dahme-heideseen\/wp-content\/uploads\/sites\/37\/Anbringung_Schilder_Naturlehrpfad_Teresa_Zeuner-620x827.jpg 620w, https:\/\/www.naturparkmagazin.de\/dahme-heideseen\/wp-content\/uploads\/sites\/37\/Anbringung_Schilder_Naturlehrpfad_Teresa_Zeuner-300x400.jpg 300w, https:\/\/www.naturparkmagazin.de\/dahme-heideseen\/wp-content\/uploads\/sites\/37\/Anbringung_Schilder_Naturlehrpfad_Teresa_Zeuner-500x667.jpg 500w, https:\/\/www.naturparkmagazin.de\/dahme-heideseen\/wp-content\/uploads\/sites\/37\/Anbringung_Schilder_Naturlehrpfad_Teresa_Zeuner-420x560.jpg 420w, https:\/\/www.naturparkmagazin.de\/dahme-heideseen\/wp-content\/uploads\/sites\/37\/Anbringung_Schilder_Naturlehrpfad_Teresa_Zeuner-135x180.jpg 135w, https:\/\/www.naturparkmagazin.de\/dahme-heideseen\/wp-content\/uploads\/sites\/37\/Anbringung_Schilder_Naturlehrpfad_Teresa_Zeuner-53x71.jpg 53w, https:\/\/www.naturparkmagazin.de\/dahme-heideseen\/wp-content\/uploads\/sites\/37\/Anbringung_Schilder_Naturlehrpfad_Teresa_Zeuner-670x893.jpg 670w, https:\/\/www.naturparkmagazin.de\/dahme-heideseen\/wp-content\/uploads\/sites\/37\/Anbringung_Schilder_Naturlehrpfad_Teresa_Zeuner-200x267.jpg 200w, https:\/\/www.naturparkmagazin.de\/dahme-heideseen\/wp-content\/uploads\/sites\/37\/Anbringung_Schilder_Naturlehrpfad_Teresa_Zeuner.jpg 750w\" sizes=\"(max-width: 620px) 100vw, 620px\" \/><\/a><p id=\"caption-attachment-4452\" class=\"wp-caption-text\">Zwei Sch\u00fclerinnen beim Anbringen der Schilder (\u00a9 Teresa Zeuner)<\/p><\/div>\n<p>Die Tafeln des Naturlehrpfades beinhalten jeweils eine Grafik, Bestimmungshilfen und wissenswerte Fakten und Besonderheiten 20 heimischer Tier- und Pflanzenarten und sollen regelm\u00e4\u00dfig f\u00fcr den Unterricht genutzt werden. Die Sch\u00fclerinnen und Sch\u00fcler tragen so selbstst\u00e4ndig Informationen zusammen, um gemeinschaftlich Erkenntnisse \u00fcber die hiesige Tier- und Pflanzenwelt zu erlangen. Weiterhin sollen die Tafeln dazu dienen, die entsprechenden Arten vor Ort zu erkennen und wiederzuentdecken.<\/p>\n<div id=\"attachment_4450\" style=\"width: 630px\" class=\"wp-caption alignnone\"><a href=\"https:\/\/www.naturparkmagazin.de\/dahme-heideseen\/wp-content\/uploads\/sites\/37\/Gruppenfoto_Eroeffnung_Naturlehrpfad_Teresa_Zeuner.jpg\"><img aria-describedby=\"caption-attachment-4450\" decoding=\"async\" loading=\"lazy\" class=\"size-medium wp-image-4450\" src=\"https:\/\/www.naturparkmagazin.de\/dahme-heideseen\/wp-content\/uploads\/sites\/37\/Gruppenfoto_Eroeffnung_Naturlehrpfad_Teresa_Zeuner-620x449.jpg\" alt=\"Gemeinsam er\u00f6ffnen T. Pietzsch vom Hort Prieros, B\u00fcrgermeister Bj\u00f6rn Langner, Naturparkschule-Lehrerin B. Schattling, Ranger der Naturwacht Dahme-Heideseen Thomas Mertke und Naturparkschule-Mitarbeiter Lars Busam den Naturlehrpfad auf dem Schulgel\u00e4nde in Prieros (\u00a9 Teresa Zeuner) \" width=\"620\" height=\"449\" srcset=\"https:\/\/www.naturparkmagazin.de\/dahme-heideseen\/wp-content\/uploads\/sites\/37\/Gruppenfoto_Eroeffnung_Naturlehrpfad_Teresa_Zeuner-620x449.jpg 620w, https:\/\/www.naturparkmagazin.de\/dahme-heideseen\/wp-content\/uploads\/sites\/37\/Gruppenfoto_Eroeffnung_Naturlehrpfad_Teresa_Zeuner-300x217.jpg 300w, https:\/\/www.naturparkmagazin.de\/dahme-heideseen\/wp-content\/uploads\/sites\/37\/Gruppenfoto_Eroeffnung_Naturlehrpfad_Teresa_Zeuner-940x681.jpg 940w, https:\/\/www.naturparkmagazin.de\/dahme-heideseen\/wp-content\/uploads\/sites\/37\/Gruppenfoto_Eroeffnung_Naturlehrpfad_Teresa_Zeuner-670x485.jpg 670w, https:\/\/www.naturparkmagazin.de\/dahme-heideseen\/wp-content\/uploads\/sites\/37\/Gruppenfoto_Eroeffnung_Naturlehrpfad_Teresa_Zeuner-200x145.jpg 200w, https:\/\/www.naturparkmagazin.de\/dahme-heideseen\/wp-content\/uploads\/sites\/37\/Gruppenfoto_Eroeffnung_Naturlehrpfad_Teresa_Zeuner.jpg 1000w\" sizes=\"(max-width: 620px) 100vw, 620px\" \/><\/a><p id=\"caption-attachment-4450\" class=\"wp-caption-text\">Gemeinsam er\u00f6ffnen T. Pietzsch vom Hort Prieros, B\u00fcrgermeister Bj\u00f6rn Langner, Naturparkschule-Lehrerin B. Schattling, Ranger der Naturwacht Dahme-Heideseen Thomas Mertke und Naturparkschule-Mitarbeiter Lars Busam den Naturlehrpfad auf dem Schulgel\u00e4nde in Prieros (\u00a9 Teresa Zeuner)<\/p><\/div>\n<p>Die Grundschule in Prieros geh\u00f6rt seit zwei Jahren zum vom Verband Deutscher Naturparke (VDN) ins Leben gerufene Netzwerk der Naturpark-Schulen. Die Auszeichnung f\u00f6rdert eine feste, dauerhafte Kooperation zwischen dem Naturpark Dahme-Heideseen und der Schule und erfolgte nach speziellen Kriterien. So soll Bildung f\u00fcr nachhaltige Entwicklung fest im Stundenplan verankert und den Kindern der Naturpark sowie die regionale Kultur und Natur nahegebracht werden. Das Naturpark-Team unterst\u00fctzt die Lehrerinnen und Lehrer bei dieser Aufgabe und bietet regelm\u00e4\u00dfige Veranstaltungen in der Schule an.<\/p>\n","protected":false},"excerpt":{"rendered":"<p>Die Naturpark-Schule Prieros weiht einen Naturlehrpfad auf dem Schulgel\u00e4nde in Prieros ein. Die insgesamt 20 Tafeln beinhalten Wissenswertes und Tipps zur Bestimmung heimischer Tiere und Pflanzen.<\/p>\n","protected":false},"author":83,"featured_media":4450,"comment_status":"open","ping_status":"open","sticky":false,"template":"","format":"standard","meta":[],"categories":[7],"tags":[370,422,1046,1076],"yoast_head":"<!-- This site is optimized with the Yoast SEO plugin v19.10 - https:\/\/yoast.com\/wordpress\/plugins\/seo\/ -->\n<title>Naturpark-Schule Prieros er\u00f6ffnet Naturlehrpfad - Naturpark Dahme-Heideseen<\/title>\n<meta name=\"robots\" content=\"index, follow, max-snippet:-1, max-image-preview:large, max-video-preview:-1\" \/>\n<link rel=\"canonical\" href=\"https:\/\/www.naturparkmagazin.de\/dahme-heideseen\/naturpark-schule-prieros-eroeffnet-naturlehrpfad\/\" \/>\n<meta property=\"og:locale\" content=\"de_DE\" \/>\n<meta property=\"og:type\" content=\"article\" \/>\n<meta property=\"og:title\" content=\"Naturpark-Schule Prieros er\u00f6ffnet Naturlehrpfad - Naturpark Dahme-Heideseen\" \/>\n<meta property=\"og:description\" content=\"Die Naturpark-Schule Prieros weiht einen Naturlehrpfad auf dem Schulgel\u00e4nde in Prieros ein. Die insgesamt 20 Tafeln beinhalten Wissenswertes und Tipps zur Bestimmung heimischer Tiere und Pflanzen.\" \/>\n<meta property=\"og:url\" content=\"https:\/\/www.naturparkmagazin.de\/dahme-heideseen\/naturpark-schule-prieros-eroeffnet-naturlehrpfad\/\" \/>\n<meta property=\"og:site_name\" content=\"Naturpark Dahme-Heideseen\" \/>\n<meta property=\"article:published_time\" content=\"2022-07-20T08:55:49+00:00\" \/>\n<meta property=\"og:image\" content=\"https:\/\/www.naturparkmagazin.de\/dahme-heideseen\/wp-content\/uploads\/sites\/37\/Gruppenfoto_Eroeffnung_Naturlehrpfad_Teresa_Zeuner.jpg\" \/>\n\t<meta property=\"og:image:width\" content=\"1000\" \/>\n\t<meta property=\"og:image:height\" content=\"724\" \/>\n\t<meta property=\"og:image:type\" content=\"image\/jpeg\" \/>\n<meta name=\"author\" content=\"Astrid Osenbr\u00fcck\" \/>\n<meta name=\"twitter:label1\" content=\"Verfasst von\" \/>\n\t<meta name=\"twitter:data1\" content=\"Astrid Osenbr\u00fcck\" \/>\n\t<meta name=\"twitter:label2\" content=\"Gesch\u00e4tzte Lesezeit\" \/>\n\t<meta name=\"twitter:data2\" content=\"1\u00a0Minute\" \/>\n<script type=\"application\/ld+json\" class=\"yoast-schema-graph\">{\"@context\":\"https:\/\/schema.org\",\"@graph\":[{\"@type\":\"WebPage\",\"@id\":\"https:\/\/www.naturparkmagazin.de\/dahme-heideseen\/naturpark-schule-prieros-eroeffnet-naturlehrpfad\/\",\"url\":\"https:\/\/www.naturparkmagazin.de\/dahme-heideseen\/naturpark-schule-prieros-eroeffnet-naturlehrpfad\/\",\"name\":\"Naturpark-Schule Prieros er\u00f6ffnet Naturlehrpfad - Naturpark Dahme-Heideseen\",\"isPartOf\":{\"@id\":\"https:\/\/www.naturparkmagazin.de\/dahme-heideseen\/#website\"},\"datePublished\":\"2022-07-20T08:55:49+00:00\",\"dateModified\":\"2022-07-20T08:55:49+00:00\",\"author\":{\"@id\":\"https:\/\/www.naturparkmagazin.de\/dahme-heideseen\/#\/schema\/person\/a0510aafafdf8183c95fc98faf0c9f21\"},\"breadcrumb\":{\"@id\":\"https:\/\/www.naturparkmagazin.de\/dahme-heideseen\/naturpark-schule-prieros-eroeffnet-naturlehrpfad\/#breadcrumb\"},\"inLanguage\":\"de\",\"potentialAction\":[{\"@type\":\"ReadAction\",\"target\":[\"https:\/\/www.naturparkmagazin.de\/dahme-heideseen\/naturpark-schule-prieros-eroeffnet-naturlehrpfad\/\"]}]},{\"@type\":\"BreadcrumbList\",\"@id\":\"https:\/\/www.naturparkmagazin.de\/dahme-heideseen\/naturpark-schule-prieros-eroeffnet-naturlehrpfad\/#breadcrumb\",\"itemListElement\":[{\"@type\":\"ListItem\",\"position\":1,\"name\":\"Home\",\"item\":\"https:\/\/www.naturparkmagazin.de\/dahme-heideseen\/\"},{\"@type\":\"ListItem\",\"position\":2,\"name\":\"Naturpark-Schule Prieros er\u00f6ffnet Naturlehrpfad\"}]},{\"@type\":\"WebSite\",\"@id\":\"https:\/\/www.naturparkmagazin.de\/dahme-heideseen\/#website\",\"url\":\"https:\/\/www.naturparkmagazin.de\/dahme-heideseen\/\",\"name\":\"Naturpark Dahme-Heideseen\",\"description\":\"\",\"potentialAction\":[{\"@type\":\"SearchAction\",\"target\":{\"@type\":\"EntryPoint\",\"urlTemplate\":\"https:\/\/www.naturparkmagazin.de\/dahme-heideseen\/?s={search_term_string}\"},\"query-input\":\"required name=search_term_string\"}],\"inLanguage\":\"de\"},{\"@type\":\"Person\",\"@id\":\"https:\/\/www.naturparkmagazin.de\/dahme-heideseen\/#\/schema\/person\/a0510aafafdf8183c95fc98faf0c9f21\",\"name\":\"Astrid Osenbr\u00fcck\",\"sameAs\":[\"http:\/\/www.dahme-heideseen-naturpark.de\"],\"url\":\"https:\/\/www.naturparkmagazin.de\/dahme-heideseen\/author\/astridosenbrueck\/\"}]}<\/script>\n<!-- \/ Yoast SEO plugin. -->","yoast_head_json":{"title":"Naturpark-Schule Prieros er\u00f6ffnet Naturlehrpfad - Naturpark Dahme-Heideseen","robots":{"index":"index","follow":"follow","max-snippet":"max-snippet:-1","max-image-preview":"max-image-preview:large","max-video-preview":"max-video-preview:-1"},"canonical":"https:\/\/www.naturparkmagazin.de\/dahme-heideseen\/naturpark-schule-prieros-eroeffnet-naturlehrpfad\/","og_locale":"de_DE","og_type":"article","og_title":"Naturpark-Schule Prieros er\u00f6ffnet Naturlehrpfad - Naturpark Dahme-Heideseen","og_description":"Die Naturpark-Schule Prieros weiht einen Naturlehrpfad auf dem Schulgel\u00e4nde in Prieros ein. Die insgesamt 20 Tafeln beinhalten Wissenswertes und Tipps zur Bestimmung heimischer Tiere und Pflanzen.","og_url":"https:\/\/www.naturparkmagazin.de\/dahme-heideseen\/naturpark-schule-prieros-eroeffnet-naturlehrpfad\/","og_site_name":"Naturpark Dahme-Heideseen","article_published_time":"2022-07-20T08:55:49+00:00","og_image":[{"width":1000,"height":724,"url":"https:\/\/www.naturparkmagazin.de\/dahme-heideseen\/wp-content\/uploads\/sites\/37\/Gruppenfoto_Eroeffnung_Naturlehrpfad_Teresa_Zeuner.jpg","type":"image\/jpeg"}],"author":"Astrid Osenbr\u00fcck","twitter_misc":{"Verfasst von":"Astrid Osenbr\u00fcck","Gesch\u00e4tzte Lesezeit":"1\u00a0Minute"},"schema":{"@context":"https:\/\/schema.org","@graph":[{"@type":"WebPage","@id":"https:\/\/www.naturparkmagazin.de\/dahme-heideseen\/naturpark-schule-prieros-eroeffnet-naturlehrpfad\/","url":"https:\/\/www.naturparkmagazin.de\/dahme-heideseen\/naturpark-schule-prieros-eroeffnet-naturlehrpfad\/","name":"Naturpark-Schule Prieros er\u00f6ffnet Naturlehrpfad - Naturpark Dahme-Heideseen","isPartOf":{"@id":"https:\/\/www.naturparkmagazin.de\/dahme-heideseen\/#website"},"datePublished":"2022-07-20T08:55:49+00:00","dateModified":"2022-07-20T08:55:49+00:00","author":{"@id":"https:\/\/www.naturparkmagazin.de\/dahme-heideseen\/#\/schema\/person\/a0510aafafdf8183c95fc98faf0c9f21"},"breadcrumb":{"@id":"https:\/\/www.naturparkmagazin.de\/dahme-heideseen\/naturpark-schule-prieros-eroeffnet-naturlehrpfad\/#breadcrumb"},"inLanguage":"de","potentialAction":[{"@type":"ReadAction","target":["https:\/\/www.naturparkmagazin.de\/dahme-heideseen\/naturpark-schule-prieros-eroeffnet-naturlehrpfad\/"]}]},{"@type":"BreadcrumbList","@id":"https:\/\/www.naturparkmagazin.de\/dahme-heideseen\/naturpark-schule-prieros-eroeffnet-naturlehrpfad\/#breadcrumb","itemListElement":[{"@type":"ListItem","position":1,"name":"Home","item":"https:\/\/www.naturparkmagazin.de\/dahme-heideseen\/"},{"@type":"ListItem","position":2,"name":"Naturpark-Schule Prieros er\u00f6ffnet Naturlehrpfad"}]},{"@type":"WebSite","@id":"https:\/\/www.naturparkmagazin.de\/dahme-heideseen\/#website","url":"https:\/\/www.naturparkmagazin.de\/dahme-heideseen\/","name":"Naturpark Dahme-Heideseen","description":"","potentialAction":[{"@type":"SearchAction","target":{"@type":"EntryPoint","urlTemplate":"https:\/\/www.naturparkmagazin.de\/dahme-heideseen\/?s={search_term_string}"},"query-input":"required name=search_term_string"}],"inLanguage":"de"},{"@type":"Person","@id":"https:\/\/www.naturparkmagazin.de\/dahme-heideseen\/#\/schema\/person\/a0510aafafdf8183c95fc98faf0c9f21","name":"Astrid Osenbr\u00fcck","sameAs":["http:\/\/www.dahme-heideseen-naturpark.de"],"url":"https:\/\/www.naturparkmagazin.de\/dahme-heideseen\/author\/astridosenbrueck\/"}]}},"_links":{"self":[{"href":"https:\/\/www.naturparkmagazin.de\/dahme-heideseen\/wp-json\/wp\/v2\/posts\/4449"}],"collection":[{"href":"https:\/\/www.naturparkmagazin.de\/dahme-heideseen\/wp-json\/wp\/v2\/posts"}],"about":[{"href":"https:\/\/www.naturparkmagazin.de\/dahme-heideseen\/wp-json\/wp\/v2\/types\/post"}],"author":[{"embeddable":true,"href":"https:\/\/www.naturparkmagazin.de\/dahme-heideseen\/wp-json\/wp\/v2\/users\/83"}],"replies":[{"embeddable":true,"href":"https:\/\/www.naturparkmagazin.de\/dahme-heideseen\/wp-json\/wp\/v2\/comments?post=4449"}],"version-history":[{"count":1,"href":"https:\/\/www.naturparkmagazin.de\/dahme-heideseen\/wp-json\/wp\/v2\/posts\/4449\/revisions"}],"predecessor-version":[{"id":4453,"href":"https:\/\/www.naturparkmagazin.de\/dahme-heideseen\/wp-json\/wp\/v2\/posts\/4449\/revisions\/4453"}],"wp:featuredmedia":[{"embeddable":true,"href":"https:\/\/www.naturparkmagazin.de\/dahme-heideseen\/wp-json\/wp\/v2\/media\/4450"}],"wp:attachment":[{"href":"https:\/\/www.naturparkmagazin.de\/dahme-heideseen\/wp-json\/wp\/v2\/media?parent=4449"}],"wp:term":[{"taxonomy":"category","embeddable":true,"href":"https:\/\/www.naturparkmagazin.de\/dahme-heideseen\/wp-json\/wp\/v2\/categories?post=4449"},{"taxonomy":"post_tag","embeddable":true,"href":"https:\/\/www.naturparkmagazin.de\/dahme-heideseen\/wp-json\/wp\/v2\/tags?post=4449"}],"curies":[{"name":"wp","href":"https:\/\/api.w.org\/{rel}","templated":true}]}}