{"id":4457,"date":"2022-07-20T11:01:58","date_gmt":"2022-07-20T09:01:58","guid":{"rendered":"https:\/\/www.naturparkmagazin.de\/dahme-heideseen\/?p=4457"},"modified":"2022-07-20T12:03:03","modified_gmt":"2022-07-20T10:03:03","slug":"aktiv-in-der-natur-sommerferienprogramm-des-biz-burg-storkow","status":"publish","type":"post","link":"https:\/\/www.naturparkmagazin.de\/dahme-heideseen\/aktiv-in-der-natur-sommerferienprogramm-des-biz-burg-storkow\/","title":{"rendered":"Aktiv in der Natur: Sommerferienprogramm des BIZ Burg Storkow"},"content":{"rendered":"<p>Becherlupe, Insektensammler, Kompass \u2013 in der Weste findest Du alles, was Du f\u00fcr Deine Entdecker-Ferien brauchst!<\/p>\n<p>Begleite die Ranger der Naturwacht zu spannenden Exkursionen: Ameisenl\u00f6wen auf der Spur sein, Familie Biber besuchen, Wasserlebewesen finden, bestimmen und beobachten u.v.m.<\/p>\n<p>Entdecke mit einem Imker, was alles auf einer Wiese summt und brummt.<\/p>\n<p>Oder hast Du Lust auf eine Kr\u00e4uter-Tour? Dann erlebe den InsektenParadiesGarten mit allen Sinnen und stell am Ende Deine eigene Wiesenlimo her.<\/p>\n<p>Lass Deiner Kreativit\u00e4t freien Lauf und bastle mit Lehm oder lerne die Makramee-Technik. Was ist das? Neugierig? Finde es heraus! Dich erwartet viel Spa\u00df in der Natur!<\/p>\n<div id=\"attachment_4458\" style=\"width: 630px\" class=\"wp-caption alignnone\"><a href=\"https:\/\/www.naturparkmagazin.de\/dahme-heideseen\/wp-content\/uploads\/sites\/37\/Entdeckersommerferien_Burg-Storkow.jpg\"><img aria-describedby=\"caption-attachment-4458\" decoding=\"async\" loading=\"lazy\" class=\"size-medium wp-image-4458\" src=\"https:\/\/www.naturparkmagazin.de\/dahme-heideseen\/wp-content\/uploads\/sites\/37\/Entdeckersommerferien_Burg-Storkow-620x876.jpg\" alt=\"(\u00a9 Burg Storkow) \" width=\"620\" height=\"876\" srcset=\"https:\/\/www.naturparkmagazin.de\/dahme-heideseen\/wp-content\/uploads\/sites\/37\/Entdeckersommerferien_Burg-Storkow-620x876.jpg 620w, https:\/\/www.naturparkmagazin.de\/dahme-heideseen\/wp-content\/uploads\/sites\/37\/Entdeckersommerferien_Burg-Storkow-300x424.jpg 300w, https:\/\/www.naturparkmagazin.de\/dahme-heideseen\/wp-content\/uploads\/sites\/37\/Entdeckersommerferien_Burg-Storkow-670x946.jpg 670w, https:\/\/www.naturparkmagazin.de\/dahme-heideseen\/wp-content\/uploads\/sites\/37\/Entdeckersommerferien_Burg-Storkow-200x282.jpg 200w, https:\/\/www.naturparkmagazin.de\/dahme-heideseen\/wp-content\/uploads\/sites\/37\/Entdeckersommerferien_Burg-Storkow.jpg 708w\" sizes=\"(max-width: 620px) 100vw, 620px\" \/><\/a><p id=\"caption-attachment-4458\" class=\"wp-caption-text\">(\u00a9 Burg Storkow)<\/p><\/div>\n<p>Programm vom bis 11.08.2022:<\/p>\n<p>&nbsp;<\/p>\n<p>&nbsp;<\/p>\n<p><b>Mi. 27.07. | 15-17 Uhr Aus Alt mach Neu <\/b><\/p>\n<p>Bringt alte T-Shirts oder Jutebeutel mit und verwandelt diese im Schablonendruckverfahren zusammen mit Sigrid in ganz pers\u00f6nliche Mode. 7-12 Jahre | 4 \u20ac<\/p>\n<p>&nbsp;<\/p>\n<p><b>Di. 02.08. | 10-12 Uhr Salzwiesen entdecken <\/b><\/p>\n<p>Mit Naturpark-Ranger Thomas auf Entdeckertour zu den Salzwiesen.<\/p>\n<p>Treffpunkt: Parkplatz der Freiwilligen Feuerwehr in Philadelphia, 15859 Storkow.<\/p>\n<p>7-12 Jahre | 2 \u20ac<\/p>\n<p>&nbsp;<\/p>\n<p><b>Mi. 03.08. | 10-12 Uhr Erntezeit im InsektenParadiesGarten<\/b><\/p>\n<p>Erntet gemeinsam mit Franz eigenes Gem\u00fcse aus unserem Insekten-ParadiesGarten. 7-12 Jahre | 3 \u20ac<\/p>\n<p>&nbsp;<\/p>\n<p><b>Di. 09.08. | 15-17 Uhr Lehmideen Alles aus Lehm <\/b><\/p>\n<p>Gestaltet mit Regina und ihrem Schulhund Dax Figuren, Lehmbilder oder Collagen. 6-12 Jahre | 3 \u20ac<\/p>\n<p>&nbsp;<\/p>\n<p><b>Do. 11.08. | 14-16 Uhr Blumenwiese schmecken und entdecken <\/b><\/p>\n<p>Waldp\u00e4dagogin Ulrike stellt mit Euch gemeinsam Wiesenlimonade und Sirup her. 6-12 Jahre | 3 \u20ac<\/p>\n<p>&nbsp;<\/p>\n<p><b>Allgemeine Informationen:<\/b> Der Treffpunkt f\u00fcr die Veranstaltungen ist, wenn nicht anders angegeben, die Burg Storkow (Innenhof). Bitte melden Sie Ihr Kind im Voraus an (siehe unten), da die Teilnehmerzahl begrenzt ist. Sollte Ihr Kind doch nicht teilnehmen k\u00f6nnen, bitten wir Sie, uns dar\u00fcber zu informieren. So steht dieser Platz wieder einem anderen Kind zur Verf\u00fcgung. Die Veranstaltungen finden ohne die Eltern statt. Bitte denken Sie daran, dass Ihre Kinder an hei\u00dfen Tagen mit ausreichend Trinken und Sonnenschutz ausgestattet sind. F\u00fcr die Exkursionen ben\u00f6tigen die Kinder au\u00dferdem Proviant, Badesachen und ein kleines Taschengeld f\u00fcr ein Eis.<\/p>\n<p><b>Weitere Informationen, Angebote und Anmeldung unter:<\/b> BIZ Naturpark Dahme-Heideseen Ansprechpartner: Franziska Kowalsky Tel.: 033678 \u2013 73228 Email: besucherzentrum@storkow.de<\/p>\n<p>BIZ Naturpark Dahme-Heideseen auf der Burg in Storkow Nur etwa einen Kilometer vom Bahnhof entfernt findet man auf der Burg in Storkow die Tourist-Info und das Besucherinformationszentrum des Naturparks Dahme Heideseen. Von hier kann man gut informiert zu Ausfl\u00fcgen in den in den rund 600 km\u00b2 gro\u00dfen Naturpark mit seinen \u00fcber 100 Seen starten. Die eiszeitlich gepr\u00e4gte Landschaft mit ihren besonderen Lebensr\u00e4umen lockt Besucher in die Natur.<\/p>\n","protected":false},"excerpt":{"rendered":"<p>Entdeckerweste an und los geht\u2018s! Das Entdecker-Sommerferien-Programm auf der Burg Storkow l\u00e4uft noch bis 11. August. &#8222;Entdeckerweste an und los geht`s!&#8220;<\/p>\n","protected":false},"author":83,"featured_media":4472,"comment_status":"open","ping_status":"open","sticky":false,"template":"","format":"standard","meta":[],"categories":[11],"tags":[33,9],"yoast_head":"<!-- This site is optimized with the Yoast SEO plugin v19.10 - https:\/\/yoast.com\/wordpress\/plugins\/seo\/ -->\n<title>Aktiv in der Natur: Sommerferienprogramm des BIZ Burg Storkow - Naturpark Dahme-Heideseen<\/title>\n<meta name=\"robots\" content=\"index, follow, max-snippet:-1, max-image-preview:large, max-video-preview:-1\" \/>\n<link rel=\"canonical\" href=\"https:\/\/www.naturparkmagazin.de\/dahme-heideseen\/aktiv-in-der-natur-sommerferienprogramm-des-biz-burg-storkow\/\" \/>\n<meta property=\"og:locale\" content=\"de_DE\" \/>\n<meta property=\"og:type\" content=\"article\" \/>\n<meta property=\"og:title\" content=\"Aktiv in der Natur: Sommerferienprogramm des BIZ Burg Storkow - Naturpark Dahme-Heideseen\" \/>\n<meta property=\"og:description\" content=\"Entdeckerweste an und los geht\u2018s! Das Entdecker-Sommerferien-Programm auf der Burg Storkow l\u00e4uft noch bis 11. August. &quot;Entdeckerweste an und los geht`s!&quot;\" \/>\n<meta property=\"og:url\" content=\"https:\/\/www.naturparkmagazin.de\/dahme-heideseen\/aktiv-in-der-natur-sommerferienprogramm-des-biz-burg-storkow\/\" \/>\n<meta property=\"og:site_name\" content=\"Naturpark Dahme-Heideseen\" \/>\n<meta property=\"article:published_time\" content=\"2022-07-20T09:01:58+00:00\" \/>\n<meta property=\"article:modified_time\" content=\"2022-07-20T10:03:03+00:00\" \/>\n<meta property=\"og:image\" content=\"https:\/\/www.naturparkmagazin.de\/dahme-heideseen\/wp-content\/uploads\/sites\/37\/Kinder_Keschern_Burggraben_Entdeckerwesten_Lupe_FK_45_.jpg\" \/>\n\t<meta property=\"og:image:width\" content=\"576\" \/>\n\t<meta property=\"og:image:height\" content=\"432\" \/>\n\t<meta property=\"og:image:type\" content=\"image\/jpeg\" \/>\n<meta name=\"author\" content=\"Astrid Osenbr\u00fcck\" \/>\n<meta name=\"twitter:label1\" content=\"Verfasst von\" \/>\n\t<meta name=\"twitter:data1\" content=\"Astrid Osenbr\u00fcck\" \/>\n\t<meta name=\"twitter:label2\" content=\"Gesch\u00e4tzte Lesezeit\" \/>\n\t<meta name=\"twitter:data2\" content=\"2\u00a0Minuten\" \/>\n<script type=\"application\/ld+json\" class=\"yoast-schema-graph\">{\"@context\":\"https:\/\/schema.org\",\"@graph\":[{\"@type\":\"WebPage\",\"@id\":\"https:\/\/www.naturparkmagazin.de\/dahme-heideseen\/aktiv-in-der-natur-sommerferienprogramm-des-biz-burg-storkow\/\",\"url\":\"https:\/\/www.naturparkmagazin.de\/dahme-heideseen\/aktiv-in-der-natur-sommerferienprogramm-des-biz-burg-storkow\/\",\"name\":\"Aktiv in der Natur: Sommerferienprogramm des BIZ Burg Storkow - Naturpark Dahme-Heideseen\",\"isPartOf\":{\"@id\":\"https:\/\/www.naturparkmagazin.de\/dahme-heideseen\/#website\"},\"datePublished\":\"2022-07-20T09:01:58+00:00\",\"dateModified\":\"2022-07-20T10:03:03+00:00\",\"author\":{\"@id\":\"https:\/\/www.naturparkmagazin.de\/dahme-heideseen\/#\/schema\/person\/a0510aafafdf8183c95fc98faf0c9f21\"},\"breadcrumb\":{\"@id\":\"https:\/\/www.naturparkmagazin.de\/dahme-heideseen\/aktiv-in-der-natur-sommerferienprogramm-des-biz-burg-storkow\/#breadcrumb\"},\"inLanguage\":\"de\",\"potentialAction\":[{\"@type\":\"ReadAction\",\"target\":[\"https:\/\/www.naturparkmagazin.de\/dahme-heideseen\/aktiv-in-der-natur-sommerferienprogramm-des-biz-burg-storkow\/\"]}]},{\"@type\":\"BreadcrumbList\",\"@id\":\"https:\/\/www.naturparkmagazin.de\/dahme-heideseen\/aktiv-in-der-natur-sommerferienprogramm-des-biz-burg-storkow\/#breadcrumb\",\"itemListElement\":[{\"@type\":\"ListItem\",\"position\":1,\"name\":\"Home\",\"item\":\"https:\/\/www.naturparkmagazin.de\/dahme-heideseen\/\"},{\"@type\":\"ListItem\",\"position\":2,\"name\":\"Aktiv in der Natur: Sommerferienprogramm des BIZ Burg Storkow\"}]},{\"@type\":\"WebSite\",\"@id\":\"https:\/\/www.naturparkmagazin.de\/dahme-heideseen\/#website\",\"url\":\"https:\/\/www.naturparkmagazin.de\/dahme-heideseen\/\",\"name\":\"Naturpark Dahme-Heideseen\",\"description\":\"\",\"potentialAction\":[{\"@type\":\"SearchAction\",\"target\":{\"@type\":\"EntryPoint\",\"urlTemplate\":\"https:\/\/www.naturparkmagazin.de\/dahme-heideseen\/?s={search_term_string}\"},\"query-input\":\"required name=search_term_string\"}],\"inLanguage\":\"de\"},{\"@type\":\"Person\",\"@id\":\"https:\/\/www.naturparkmagazin.de\/dahme-heideseen\/#\/schema\/person\/a0510aafafdf8183c95fc98faf0c9f21\",\"name\":\"Astrid Osenbr\u00fcck\",\"sameAs\":[\"http:\/\/www.dahme-heideseen-naturpark.de\"],\"url\":\"https:\/\/www.naturparkmagazin.de\/dahme-heideseen\/author\/astridosenbrueck\/\"}]}<\/script>\n<!-- \/ Yoast SEO plugin. -->","yoast_head_json":{"title":"Aktiv in der Natur: Sommerferienprogramm des BIZ Burg Storkow - Naturpark Dahme-Heideseen","robots":{"index":"index","follow":"follow","max-snippet":"max-snippet:-1","max-image-preview":"max-image-preview:large","max-video-preview":"max-video-preview:-1"},"canonical":"https:\/\/www.naturparkmagazin.de\/dahme-heideseen\/aktiv-in-der-natur-sommerferienprogramm-des-biz-burg-storkow\/","og_locale":"de_DE","og_type":"article","og_title":"Aktiv in der Natur: Sommerferienprogramm des BIZ Burg Storkow - Naturpark Dahme-Heideseen","og_description":"Entdeckerweste an und los geht\u2018s! Das Entdecker-Sommerferien-Programm auf der Burg Storkow l\u00e4uft noch bis 11. August. \"Entdeckerweste an und los geht`s!\"","og_url":"https:\/\/www.naturparkmagazin.de\/dahme-heideseen\/aktiv-in-der-natur-sommerferienprogramm-des-biz-burg-storkow\/","og_site_name":"Naturpark Dahme-Heideseen","article_published_time":"2022-07-20T09:01:58+00:00","article_modified_time":"2022-07-20T10:03:03+00:00","og_image":[{"width":576,"height":432,"url":"https:\/\/www.naturparkmagazin.de\/dahme-heideseen\/wp-content\/uploads\/sites\/37\/Kinder_Keschern_Burggraben_Entdeckerwesten_Lupe_FK_45_.jpg","type":"image\/jpeg"}],"author":"Astrid Osenbr\u00fcck","twitter_misc":{"Verfasst von":"Astrid Osenbr\u00fcck","Gesch\u00e4tzte Lesezeit":"2\u00a0Minuten"},"schema":{"@context":"https:\/\/schema.org","@graph":[{"@type":"WebPage","@id":"https:\/\/www.naturparkmagazin.de\/dahme-heideseen\/aktiv-in-der-natur-sommerferienprogramm-des-biz-burg-storkow\/","url":"https:\/\/www.naturparkmagazin.de\/dahme-heideseen\/aktiv-in-der-natur-sommerferienprogramm-des-biz-burg-storkow\/","name":"Aktiv in der Natur: Sommerferienprogramm des BIZ Burg Storkow - Naturpark Dahme-Heideseen","isPartOf":{"@id":"https:\/\/www.naturparkmagazin.de\/dahme-heideseen\/#website"},"datePublished":"2022-07-20T09:01:58+00:00","dateModified":"2022-07-20T10:03:03+00:00","author":{"@id":"https:\/\/www.naturparkmagazin.de\/dahme-heideseen\/#\/schema\/person\/a0510aafafdf8183c95fc98faf0c9f21"},"breadcrumb":{"@id":"https:\/\/www.naturparkmagazin.de\/dahme-heideseen\/aktiv-in-der-natur-sommerferienprogramm-des-biz-burg-storkow\/#breadcrumb"},"inLanguage":"de","potentialAction":[{"@type":"ReadAction","target":["https:\/\/www.naturparkmagazin.de\/dahme-heideseen\/aktiv-in-der-natur-sommerferienprogramm-des-biz-burg-storkow\/"]}]},{"@type":"BreadcrumbList","@id":"https:\/\/www.naturparkmagazin.de\/dahme-heideseen\/aktiv-in-der-natur-sommerferienprogramm-des-biz-burg-storkow\/#breadcrumb","itemListElement":[{"@type":"ListItem","position":1,"name":"Home","item":"https:\/\/www.naturparkmagazin.de\/dahme-heideseen\/"},{"@type":"ListItem","position":2,"name":"Aktiv in der Natur: Sommerferienprogramm des BIZ Burg Storkow"}]},{"@type":"WebSite","@id":"https:\/\/www.naturparkmagazin.de\/dahme-heideseen\/#website","url":"https:\/\/www.naturparkmagazin.de\/dahme-heideseen\/","name":"Naturpark Dahme-Heideseen","description":"","potentialAction":[{"@type":"SearchAction","target":{"@type":"EntryPoint","urlTemplate":"https:\/\/www.naturparkmagazin.de\/dahme-heideseen\/?s={search_term_string}"},"query-input":"required name=search_term_string"}],"inLanguage":"de"},{"@type":"Person","@id":"https:\/\/www.naturparkmagazin.de\/dahme-heideseen\/#\/schema\/person\/a0510aafafdf8183c95fc98faf0c9f21","name":"Astrid Osenbr\u00fcck","sameAs":["http:\/\/www.dahme-heideseen-naturpark.de"],"url":"https:\/\/www.naturparkmagazin.de\/dahme-heideseen\/author\/astridosenbrueck\/"}]}},"_links":{"self":[{"href":"https:\/\/www.naturparkmagazin.de\/dahme-heideseen\/wp-json\/wp\/v2\/posts\/4457"}],"collection":[{"href":"https:\/\/www.naturparkmagazin.de\/dahme-heideseen\/wp-json\/wp\/v2\/posts"}],"about":[{"href":"https:\/\/www.naturparkmagazin.de\/dahme-heideseen\/wp-json\/wp\/v2\/types\/post"}],"author":[{"embeddable":true,"href":"https:\/\/www.naturparkmagazin.de\/dahme-heideseen\/wp-json\/wp\/v2\/users\/83"}],"replies":[{"embeddable":true,"href":"https:\/\/www.naturparkmagazin.de\/dahme-heideseen\/wp-json\/wp\/v2\/comments?post=4457"}],"version-history":[{"count":3,"href":"https:\/\/www.naturparkmagazin.de\/dahme-heideseen\/wp-json\/wp\/v2\/posts\/4457\/revisions"}],"predecessor-version":[{"id":4473,"href":"https:\/\/www.naturparkmagazin.de\/dahme-heideseen\/wp-json\/wp\/v2\/posts\/4457\/revisions\/4473"}],"wp:featuredmedia":[{"embeddable":true,"href":"https:\/\/www.naturparkmagazin.de\/dahme-heideseen\/wp-json\/wp\/v2\/media\/4472"}],"wp:attachment":[{"href":"https:\/\/www.naturparkmagazin.de\/dahme-heideseen\/wp-json\/wp\/v2\/media?parent=4457"}],"wp:term":[{"taxonomy":"category","embeddable":true,"href":"https:\/\/www.naturparkmagazin.de\/dahme-heideseen\/wp-json\/wp\/v2\/categories?post=4457"},{"taxonomy":"post_tag","embeddable":true,"href":"https:\/\/www.naturparkmagazin.de\/dahme-heideseen\/wp-json\/wp\/v2\/tags?post=4457"}],"curies":[{"name":"wp","href":"https:\/\/api.w.org\/{rel}","templated":true}]}}