{"id":4504,"date":"2022-07-25T13:15:29","date_gmt":"2022-07-25T11:15:29","guid":{"rendered":"https:\/\/www.naturparkmagazin.de\/dahme-heideseen\/?p=4504"},"modified":"2022-07-25T13:16:09","modified_gmt":"2022-07-25T11:16:09","slug":"liebe-leserin-lieber-leser-14","status":"publish","type":"post","link":"https:\/\/www.naturparkmagazin.de\/dahme-heideseen\/liebe-leserin-lieber-leser-14\/","title":{"rendered":"Liebe Leserinnen und Leser,"},"content":{"rendered":"<p>Flederm\u00e4use haben schon immer eine gro\u00dfe Faszination auf die Menschen ausge\u00fcbt. Davon zeugen Geschichten wie \u201eBatman\u201c oder \u201eDracula\u201c. Dabei sind sie f\u00fcr Menschen v\u00f6llig ungef\u00e4hrlich. Beeindruckend\u00a0 ist ihre F\u00e4higkeit, sich durch Echoortung zu orientieren. Sie \u201esehen\u201c also mit den Ohren. Mit ihren spitzen Z\u00e4hnen verzehren die nachtaktiven Flattertiere Insekten und Spinnentiere. Tags\u00fcber schlafen sie kopf\u00fcber in dunklen H\u00f6hlen, H\u00e4usern, Kircht\u00fcrmen oder B\u00e4umen. In den Naturparken k\u00f6nnen Sie den Geheimnissen der ger\u00e4uschlosen J\u00e4ger auf die Spur kommen und sich von ihren Lebensgewohnheiten verbl\u00fcffen lassen. Lesen Sie mehr hier\u00fcber und zu weiteren Themen in der August-Ausgabe unseres Newsletters. Hier stellen wir Ihnen auch eine Auswahl von Veranstaltungsterminen und Aktivit\u00e4ten aus dem Naturpark Dahme-Heideseen vor.<\/p>\n<p>Viel Spa\u00df beim Lesen der August-Ausgabe des Newsletters w\u00fcnscht Ihnen<\/p>\n<p>Ihr Naturpark-Team<\/p>\n","protected":false},"excerpt":{"rendered":"<p>Flederm\u00e4use haben schon immer eine gro\u00dfe Faszination auf die Menschen ausge\u00fcbt. Davon zeugen Geschichten wie \u201eBatman\u201c oder \u201eDracula\u201c. Dabei sind sie f\u00fcr Menschen v\u00f6llig ungef\u00e4hrlich. Beeindruckend\u00a0 ist ihre F\u00e4higkeit, sich durch Echoortung zu orientieren. Sie \u201esehen\u201c also mit den Ohren. Mit ihren spitzen Z\u00e4hnen verzehren die nachtaktiven Flattertiere Insekten und Spinnentiere. Tags\u00fcber schlafen sie kopf\u00fcber<\/p>\n","protected":false},"author":83,"featured_media":0,"comment_status":"open","ping_status":"open","sticky":false,"template":"","format":"standard","meta":[],"categories":[52],"tags":[],"yoast_head":"<!-- This site is optimized with the Yoast SEO plugin v19.10 - https:\/\/yoast.com\/wordpress\/plugins\/seo\/ -->\n<title>Liebe Leserinnen und Leser, - Naturpark Dahme-Heideseen<\/title>\n<meta name=\"robots\" content=\"index, follow, max-snippet:-1, max-image-preview:large, max-video-preview:-1\" \/>\n<link rel=\"canonical\" href=\"https:\/\/www.naturparkmagazin.de\/dahme-heideseen\/liebe-leserin-lieber-leser-14\/\" \/>\n<meta property=\"og:locale\" content=\"de_DE\" \/>\n<meta property=\"og:type\" content=\"article\" \/>\n<meta property=\"og:title\" content=\"Liebe Leserinnen und Leser, - Naturpark Dahme-Heideseen\" \/>\n<meta property=\"og:description\" content=\"Flederm\u00e4use haben schon immer eine gro\u00dfe Faszination auf die Menschen ausge\u00fcbt. Davon zeugen Geschichten wie \u201eBatman\u201c oder \u201eDracula\u201c. Dabei sind sie f\u00fcr Menschen v\u00f6llig ungef\u00e4hrlich. Beeindruckend\u00a0 ist ihre F\u00e4higkeit, sich durch Echoortung zu orientieren. Sie \u201esehen\u201c also mit den Ohren. Mit ihren spitzen Z\u00e4hnen verzehren die nachtaktiven Flattertiere Insekten und Spinnentiere. Tags\u00fcber schlafen sie kopf\u00fcber\" \/>\n<meta property=\"og:url\" content=\"https:\/\/www.naturparkmagazin.de\/dahme-heideseen\/liebe-leserin-lieber-leser-14\/\" \/>\n<meta property=\"og:site_name\" content=\"Naturpark Dahme-Heideseen\" \/>\n<meta property=\"article:published_time\" content=\"2022-07-25T11:15:29+00:00\" \/>\n<meta property=\"article:modified_time\" content=\"2022-07-25T11:16:09+00:00\" \/>\n<meta name=\"author\" content=\"Astrid Osenbr\u00fcck\" \/>\n<meta name=\"twitter:label1\" content=\"Verfasst von\" \/>\n\t<meta name=\"twitter:data1\" content=\"Astrid Osenbr\u00fcck\" \/>\n\t<meta name=\"twitter:label2\" content=\"Gesch\u00e4tzte Lesezeit\" \/>\n\t<meta name=\"twitter:data2\" content=\"1\u00a0Minute\" \/>\n<script type=\"application\/ld+json\" class=\"yoast-schema-graph\">{\"@context\":\"https:\/\/schema.org\",\"@graph\":[{\"@type\":\"WebPage\",\"@id\":\"https:\/\/www.naturparkmagazin.de\/dahme-heideseen\/liebe-leserin-lieber-leser-14\/\",\"url\":\"https:\/\/www.naturparkmagazin.de\/dahme-heideseen\/liebe-leserin-lieber-leser-14\/\",\"name\":\"Liebe Leserinnen und Leser, - Naturpark Dahme-Heideseen\",\"isPartOf\":{\"@id\":\"https:\/\/www.naturparkmagazin.de\/dahme-heideseen\/#website\"},\"datePublished\":\"2022-07-25T11:15:29+00:00\",\"dateModified\":\"2022-07-25T11:16:09+00:00\",\"author\":{\"@id\":\"https:\/\/www.naturparkmagazin.de\/dahme-heideseen\/#\/schema\/person\/a0510aafafdf8183c95fc98faf0c9f21\"},\"breadcrumb\":{\"@id\":\"https:\/\/www.naturparkmagazin.de\/dahme-heideseen\/liebe-leserin-lieber-leser-14\/#breadcrumb\"},\"inLanguage\":\"de\",\"potentialAction\":[{\"@type\":\"ReadAction\",\"target\":[\"https:\/\/www.naturparkmagazin.de\/dahme-heideseen\/liebe-leserin-lieber-leser-14\/\"]}]},{\"@type\":\"BreadcrumbList\",\"@id\":\"https:\/\/www.naturparkmagazin.de\/dahme-heideseen\/liebe-leserin-lieber-leser-14\/#breadcrumb\",\"itemListElement\":[{\"@type\":\"ListItem\",\"position\":1,\"name\":\"Home\",\"item\":\"https:\/\/www.naturparkmagazin.de\/dahme-heideseen\/\"},{\"@type\":\"ListItem\",\"position\":2,\"name\":\"Liebe Leserinnen und Leser,\"}]},{\"@type\":\"WebSite\",\"@id\":\"https:\/\/www.naturparkmagazin.de\/dahme-heideseen\/#website\",\"url\":\"https:\/\/www.naturparkmagazin.de\/dahme-heideseen\/\",\"name\":\"Naturpark Dahme-Heideseen\",\"description\":\"\",\"potentialAction\":[{\"@type\":\"SearchAction\",\"target\":{\"@type\":\"EntryPoint\",\"urlTemplate\":\"https:\/\/www.naturparkmagazin.de\/dahme-heideseen\/?s={search_term_string}\"},\"query-input\":\"required name=search_term_string\"}],\"inLanguage\":\"de\"},{\"@type\":\"Person\",\"@id\":\"https:\/\/www.naturparkmagazin.de\/dahme-heideseen\/#\/schema\/person\/a0510aafafdf8183c95fc98faf0c9f21\",\"name\":\"Astrid Osenbr\u00fcck\",\"sameAs\":[\"http:\/\/www.dahme-heideseen-naturpark.de\"],\"url\":\"https:\/\/www.naturparkmagazin.de\/dahme-heideseen\/author\/astridosenbrueck\/\"}]}<\/script>\n<!-- \/ Yoast SEO plugin. -->","yoast_head_json":{"title":"Liebe Leserinnen und Leser, - Naturpark Dahme-Heideseen","robots":{"index":"index","follow":"follow","max-snippet":"max-snippet:-1","max-image-preview":"max-image-preview:large","max-video-preview":"max-video-preview:-1"},"canonical":"https:\/\/www.naturparkmagazin.de\/dahme-heideseen\/liebe-leserin-lieber-leser-14\/","og_locale":"de_DE","og_type":"article","og_title":"Liebe Leserinnen und Leser, - Naturpark Dahme-Heideseen","og_description":"Flederm\u00e4use haben schon immer eine gro\u00dfe Faszination auf die Menschen ausge\u00fcbt. Davon zeugen Geschichten wie \u201eBatman\u201c oder \u201eDracula\u201c. Dabei sind sie f\u00fcr Menschen v\u00f6llig ungef\u00e4hrlich. Beeindruckend\u00a0 ist ihre F\u00e4higkeit, sich durch Echoortung zu orientieren. Sie \u201esehen\u201c also mit den Ohren. Mit ihren spitzen Z\u00e4hnen verzehren die nachtaktiven Flattertiere Insekten und Spinnentiere. Tags\u00fcber schlafen sie kopf\u00fcber","og_url":"https:\/\/www.naturparkmagazin.de\/dahme-heideseen\/liebe-leserin-lieber-leser-14\/","og_site_name":"Naturpark Dahme-Heideseen","article_published_time":"2022-07-25T11:15:29+00:00","article_modified_time":"2022-07-25T11:16:09+00:00","author":"Astrid Osenbr\u00fcck","twitter_misc":{"Verfasst von":"Astrid Osenbr\u00fcck","Gesch\u00e4tzte Lesezeit":"1\u00a0Minute"},"schema":{"@context":"https:\/\/schema.org","@graph":[{"@type":"WebPage","@id":"https:\/\/www.naturparkmagazin.de\/dahme-heideseen\/liebe-leserin-lieber-leser-14\/","url":"https:\/\/www.naturparkmagazin.de\/dahme-heideseen\/liebe-leserin-lieber-leser-14\/","name":"Liebe Leserinnen und Leser, - Naturpark Dahme-Heideseen","isPartOf":{"@id":"https:\/\/www.naturparkmagazin.de\/dahme-heideseen\/#website"},"datePublished":"2022-07-25T11:15:29+00:00","dateModified":"2022-07-25T11:16:09+00:00","author":{"@id":"https:\/\/www.naturparkmagazin.de\/dahme-heideseen\/#\/schema\/person\/a0510aafafdf8183c95fc98faf0c9f21"},"breadcrumb":{"@id":"https:\/\/www.naturparkmagazin.de\/dahme-heideseen\/liebe-leserin-lieber-leser-14\/#breadcrumb"},"inLanguage":"de","potentialAction":[{"@type":"ReadAction","target":["https:\/\/www.naturparkmagazin.de\/dahme-heideseen\/liebe-leserin-lieber-leser-14\/"]}]},{"@type":"BreadcrumbList","@id":"https:\/\/www.naturparkmagazin.de\/dahme-heideseen\/liebe-leserin-lieber-leser-14\/#breadcrumb","itemListElement":[{"@type":"ListItem","position":1,"name":"Home","item":"https:\/\/www.naturparkmagazin.de\/dahme-heideseen\/"},{"@type":"ListItem","position":2,"name":"Liebe Leserinnen und Leser,"}]},{"@type":"WebSite","@id":"https:\/\/www.naturparkmagazin.de\/dahme-heideseen\/#website","url":"https:\/\/www.naturparkmagazin.de\/dahme-heideseen\/","name":"Naturpark Dahme-Heideseen","description":"","potentialAction":[{"@type":"SearchAction","target":{"@type":"EntryPoint","urlTemplate":"https:\/\/www.naturparkmagazin.de\/dahme-heideseen\/?s={search_term_string}"},"query-input":"required name=search_term_string"}],"inLanguage":"de"},{"@type":"Person","@id":"https:\/\/www.naturparkmagazin.de\/dahme-heideseen\/#\/schema\/person\/a0510aafafdf8183c95fc98faf0c9f21","name":"Astrid Osenbr\u00fcck","sameAs":["http:\/\/www.dahme-heideseen-naturpark.de"],"url":"https:\/\/www.naturparkmagazin.de\/dahme-heideseen\/author\/astridosenbrueck\/"}]}},"_links":{"self":[{"href":"https:\/\/www.naturparkmagazin.de\/dahme-heideseen\/wp-json\/wp\/v2\/posts\/4504"}],"collection":[{"href":"https:\/\/www.naturparkmagazin.de\/dahme-heideseen\/wp-json\/wp\/v2\/posts"}],"about":[{"href":"https:\/\/www.naturparkmagazin.de\/dahme-heideseen\/wp-json\/wp\/v2\/types\/post"}],"author":[{"embeddable":true,"href":"https:\/\/www.naturparkmagazin.de\/dahme-heideseen\/wp-json\/wp\/v2\/users\/83"}],"replies":[{"embeddable":true,"href":"https:\/\/www.naturparkmagazin.de\/dahme-heideseen\/wp-json\/wp\/v2\/comments?post=4504"}],"version-history":[{"count":2,"href":"https:\/\/www.naturparkmagazin.de\/dahme-heideseen\/wp-json\/wp\/v2\/posts\/4504\/revisions"}],"predecessor-version":[{"id":4506,"href":"https:\/\/www.naturparkmagazin.de\/dahme-heideseen\/wp-json\/wp\/v2\/posts\/4504\/revisions\/4506"}],"wp:attachment":[{"href":"https:\/\/www.naturparkmagazin.de\/dahme-heideseen\/wp-json\/wp\/v2\/media?parent=4504"}],"wp:term":[{"taxonomy":"category","embeddable":true,"href":"https:\/\/www.naturparkmagazin.de\/dahme-heideseen\/wp-json\/wp\/v2\/categories?post=4504"},{"taxonomy":"post_tag","embeddable":true,"href":"https:\/\/www.naturparkmagazin.de\/dahme-heideseen\/wp-json\/wp\/v2\/tags?post=4504"}],"curies":[{"name":"wp","href":"https:\/\/api.w.org\/{rel}","templated":true}]}}