{"id":4579,"date":"2022-09-20T09:10:05","date_gmt":"2022-09-20T07:10:05","guid":{"rendered":"https:\/\/www.naturparkmagazin.de\/dahme-heideseen\/?p=4579"},"modified":"2022-09-27T09:10:26","modified_gmt":"2022-09-27T07:10:26","slug":"herbstferienprogramm","status":"publish","type":"post","link":"https:\/\/www.naturparkmagazin.de\/dahme-heideseen\/herbstferienprogramm\/","title":{"rendered":"Herbstferienprogramm"},"content":{"rendered":"<p class=\"tiny_p\">Becherlupe, Insektensammler, Kompass &#8211; in der Weste findest Du alles, was Du f\u00fcr Deine Entdecker-Ferien brauchst! Begleite die Ranger der Naturwacht zu spannenden Exkursionen: Ameisenl\u00f6wen auf der Spur sein, Familie Biber besuchen, Wasserlebewesen finden, bestimmen und beobachten u.v.m. Entdecke mit einem Imker, was alles auf einer Wiese summt und brummt. Oder hast Du Lust auf eine Kr\u00e4uter-Tour? Dann erlebe den InsektenParadiesGarten mit allen Sinnen und stell am Ende Deine eigene Wiesenlimo her. Lass Deiner Kreativit\u00e4t freien Lauf und bastle mit Lehm oder lerne die Makramee-Technik. Was ist das? Neugierig? Finde es heraus! Dich erwartet viel Spa\u00df in der Natur!<\/p>\n<p class=\"tiny_p\">Allgemeine Informationen:<\/p>\n<div class=\"row\">\n<div class=\"col-xs-12 col-sm-12 col-md-12\">\n<p class=\"tiny_p\">Der Treffpunkt f\u00fcr die Veranstaltungen ist, wenn nicht anders angegeben, die Burg Storkow (Innenhof). Bitte melden Sie Ihr Kind im Voraus an (siehe unten), da die Teilnehmerzahl begrenzt ist. Sollte Ihr Kind doch nicht teilnehmen k\u00f6nnen, bitten wir Sie, uns dar\u00fcber zu informieren. So steht dieser Platz wieder einem anderen Kind zur Verf\u00fcgung. Die Veranstaltungen finden ohne die Eltern statt. Bitte denken Sie daran, dass Ihre Kinder mit ausreichend Trinken, Proviant\u00a0und ein kleines Taschengeld f\u00fcr ein Eis ausgestattet sind.<\/p>\n<p class=\"tiny_p\"><strong>Termine im Oktober:<\/strong><\/p>\n<p class=\"tiny_p\"><a href=\"https:\/\/www.storkow-mark.de\/veranstaltungen\/2340240\/2022\/10\/25\/herbstferienprogramm-feuer-und-flamme-anleitung-zum-sicheren-umgang-mit-feuer.html\" target=\"_blank\">25.\u200a10.\u200a2022 um 14:00\u201416:00 Uhr\u00a0\u00a0 Feuer und Flamme &#8211; Anleitung zum sicheren Umgang mit Feuer<\/a><\/p>\n<p class=\"tiny_p\"><a href=\"https:\/\/www.storkow-mark.de\/veranstaltungen\/2340234\/2022\/10\/26\/herbstferienprogramm-wir-wachsen-bienenwachs-kerzen-selbst-ziehen.html\" target=\"_blank\">26.\u200a10.\u200a2022 um 15:00\u201417:00 Uhr\u00a0\u00a0 Wir wachsen &#8211; Bienenwachs-Kerzen selbst ziehen<\/a><\/p>\n<p class=\"tiny_p\">In den brandenburger Herbstferien findest Du hier unser gesamtes <a href=\"https:\/\/www.storkow-mark.de\/veranstaltungen\/index.php\" target=\"_blank\">spannedes Programm<\/a>.<strong>\n<\/strong><\/p>\n<\/div>\n<\/div>\n","protected":false},"excerpt":{"rendered":"<p>Entdeckerweste an und los geht\u00b4s! Sei dabei: das Herbstferienprogramm auf der Burg Storkow.<\/p>\n","protected":false},"author":83,"featured_media":4580,"comment_status":"open","ping_status":"open","sticky":false,"template":"","format":"standard","meta":[],"categories":[11],"tags":[327],"yoast_head":"<!-- This site is optimized with the Yoast SEO plugin v19.10 - https:\/\/yoast.com\/wordpress\/plugins\/seo\/ -->\n<title>Herbstferienprogramm - Naturpark Dahme-Heideseen<\/title>\n<meta name=\"robots\" content=\"index, follow, max-snippet:-1, max-image-preview:large, max-video-preview:-1\" \/>\n<link rel=\"canonical\" href=\"https:\/\/www.naturparkmagazin.de\/dahme-heideseen\/herbstferienprogramm\/\" \/>\n<meta property=\"og:locale\" content=\"de_DE\" \/>\n<meta property=\"og:type\" content=\"article\" \/>\n<meta property=\"og:title\" content=\"Herbstferienprogramm - Naturpark Dahme-Heideseen\" \/>\n<meta property=\"og:description\" content=\"Entdeckerweste an und los geht\u00b4s! Sei dabei: das Herbstferienprogramm auf der Burg Storkow.\" \/>\n<meta property=\"og:url\" content=\"https:\/\/www.naturparkmagazin.de\/dahme-heideseen\/herbstferienprogramm\/\" \/>\n<meta property=\"og:site_name\" content=\"Naturpark Dahme-Heideseen\" \/>\n<meta property=\"article:published_time\" content=\"2022-09-20T07:10:05+00:00\" \/>\n<meta property=\"article:modified_time\" content=\"2022-09-27T07:10:26+00:00\" \/>\n<meta property=\"og:image\" content=\"https:\/\/www.naturparkmagazin.de\/dahme-heideseen\/wp-content\/uploads\/sites\/37\/2020_Schnitzen_Plakat_Ferien.jpg\" \/>\n\t<meta property=\"og:image:width\" content=\"370\" \/>\n\t<meta property=\"og:image:height\" content=\"250\" \/>\n\t<meta property=\"og:image:type\" content=\"image\/jpeg\" \/>\n<meta name=\"author\" content=\"Astrid Osenbr\u00fcck\" \/>\n<meta name=\"twitter:label1\" content=\"Verfasst von\" \/>\n\t<meta name=\"twitter:data1\" content=\"Astrid Osenbr\u00fcck\" \/>\n\t<meta name=\"twitter:label2\" content=\"Gesch\u00e4tzte Lesezeit\" \/>\n\t<meta name=\"twitter:data2\" content=\"1\u00a0Minute\" \/>\n<script type=\"application\/ld+json\" class=\"yoast-schema-graph\">{\"@context\":\"https:\/\/schema.org\",\"@graph\":[{\"@type\":\"WebPage\",\"@id\":\"https:\/\/www.naturparkmagazin.de\/dahme-heideseen\/herbstferienprogramm\/\",\"url\":\"https:\/\/www.naturparkmagazin.de\/dahme-heideseen\/herbstferienprogramm\/\",\"name\":\"Herbstferienprogramm - Naturpark Dahme-Heideseen\",\"isPartOf\":{\"@id\":\"https:\/\/www.naturparkmagazin.de\/dahme-heideseen\/#website\"},\"datePublished\":\"2022-09-20T07:10:05+00:00\",\"dateModified\":\"2022-09-27T07:10:26+00:00\",\"author\":{\"@id\":\"https:\/\/www.naturparkmagazin.de\/dahme-heideseen\/#\/schema\/person\/a0510aafafdf8183c95fc98faf0c9f21\"},\"breadcrumb\":{\"@id\":\"https:\/\/www.naturparkmagazin.de\/dahme-heideseen\/herbstferienprogramm\/#breadcrumb\"},\"inLanguage\":\"de\",\"potentialAction\":[{\"@type\":\"ReadAction\",\"target\":[\"https:\/\/www.naturparkmagazin.de\/dahme-heideseen\/herbstferienprogramm\/\"]}]},{\"@type\":\"BreadcrumbList\",\"@id\":\"https:\/\/www.naturparkmagazin.de\/dahme-heideseen\/herbstferienprogramm\/#breadcrumb\",\"itemListElement\":[{\"@type\":\"ListItem\",\"position\":1,\"name\":\"Home\",\"item\":\"https:\/\/www.naturparkmagazin.de\/dahme-heideseen\/\"},{\"@type\":\"ListItem\",\"position\":2,\"name\":\"Herbstferienprogramm\"}]},{\"@type\":\"WebSite\",\"@id\":\"https:\/\/www.naturparkmagazin.de\/dahme-heideseen\/#website\",\"url\":\"https:\/\/www.naturparkmagazin.de\/dahme-heideseen\/\",\"name\":\"Naturpark Dahme-Heideseen\",\"description\":\"\",\"potentialAction\":[{\"@type\":\"SearchAction\",\"target\":{\"@type\":\"EntryPoint\",\"urlTemplate\":\"https:\/\/www.naturparkmagazin.de\/dahme-heideseen\/?s={search_term_string}\"},\"query-input\":\"required name=search_term_string\"}],\"inLanguage\":\"de\"},{\"@type\":\"Person\",\"@id\":\"https:\/\/www.naturparkmagazin.de\/dahme-heideseen\/#\/schema\/person\/a0510aafafdf8183c95fc98faf0c9f21\",\"name\":\"Astrid Osenbr\u00fcck\",\"sameAs\":[\"http:\/\/www.dahme-heideseen-naturpark.de\"],\"url\":\"https:\/\/www.naturparkmagazin.de\/dahme-heideseen\/author\/astridosenbrueck\/\"}]}<\/script>\n<!-- \/ Yoast SEO plugin. -->","yoast_head_json":{"title":"Herbstferienprogramm - Naturpark Dahme-Heideseen","robots":{"index":"index","follow":"follow","max-snippet":"max-snippet:-1","max-image-preview":"max-image-preview:large","max-video-preview":"max-video-preview:-1"},"canonical":"https:\/\/www.naturparkmagazin.de\/dahme-heideseen\/herbstferienprogramm\/","og_locale":"de_DE","og_type":"article","og_title":"Herbstferienprogramm - Naturpark Dahme-Heideseen","og_description":"Entdeckerweste an und los geht\u00b4s! Sei dabei: das Herbstferienprogramm auf der Burg Storkow.","og_url":"https:\/\/www.naturparkmagazin.de\/dahme-heideseen\/herbstferienprogramm\/","og_site_name":"Naturpark Dahme-Heideseen","article_published_time":"2022-09-20T07:10:05+00:00","article_modified_time":"2022-09-27T07:10:26+00:00","og_image":[{"width":370,"height":250,"url":"https:\/\/www.naturparkmagazin.de\/dahme-heideseen\/wp-content\/uploads\/sites\/37\/2020_Schnitzen_Plakat_Ferien.jpg","type":"image\/jpeg"}],"author":"Astrid Osenbr\u00fcck","twitter_misc":{"Verfasst von":"Astrid Osenbr\u00fcck","Gesch\u00e4tzte Lesezeit":"1\u00a0Minute"},"schema":{"@context":"https:\/\/schema.org","@graph":[{"@type":"WebPage","@id":"https:\/\/www.naturparkmagazin.de\/dahme-heideseen\/herbstferienprogramm\/","url":"https:\/\/www.naturparkmagazin.de\/dahme-heideseen\/herbstferienprogramm\/","name":"Herbstferienprogramm - Naturpark Dahme-Heideseen","isPartOf":{"@id":"https:\/\/www.naturparkmagazin.de\/dahme-heideseen\/#website"},"datePublished":"2022-09-20T07:10:05+00:00","dateModified":"2022-09-27T07:10:26+00:00","author":{"@id":"https:\/\/www.naturparkmagazin.de\/dahme-heideseen\/#\/schema\/person\/a0510aafafdf8183c95fc98faf0c9f21"},"breadcrumb":{"@id":"https:\/\/www.naturparkmagazin.de\/dahme-heideseen\/herbstferienprogramm\/#breadcrumb"},"inLanguage":"de","potentialAction":[{"@type":"ReadAction","target":["https:\/\/www.naturparkmagazin.de\/dahme-heideseen\/herbstferienprogramm\/"]}]},{"@type":"BreadcrumbList","@id":"https:\/\/www.naturparkmagazin.de\/dahme-heideseen\/herbstferienprogramm\/#breadcrumb","itemListElement":[{"@type":"ListItem","position":1,"name":"Home","item":"https:\/\/www.naturparkmagazin.de\/dahme-heideseen\/"},{"@type":"ListItem","position":2,"name":"Herbstferienprogramm"}]},{"@type":"WebSite","@id":"https:\/\/www.naturparkmagazin.de\/dahme-heideseen\/#website","url":"https:\/\/www.naturparkmagazin.de\/dahme-heideseen\/","name":"Naturpark Dahme-Heideseen","description":"","potentialAction":[{"@type":"SearchAction","target":{"@type":"EntryPoint","urlTemplate":"https:\/\/www.naturparkmagazin.de\/dahme-heideseen\/?s={search_term_string}"},"query-input":"required name=search_term_string"}],"inLanguage":"de"},{"@type":"Person","@id":"https:\/\/www.naturparkmagazin.de\/dahme-heideseen\/#\/schema\/person\/a0510aafafdf8183c95fc98faf0c9f21","name":"Astrid Osenbr\u00fcck","sameAs":["http:\/\/www.dahme-heideseen-naturpark.de"],"url":"https:\/\/www.naturparkmagazin.de\/dahme-heideseen\/author\/astridosenbrueck\/"}]}},"_links":{"self":[{"href":"https:\/\/www.naturparkmagazin.de\/dahme-heideseen\/wp-json\/wp\/v2\/posts\/4579"}],"collection":[{"href":"https:\/\/www.naturparkmagazin.de\/dahme-heideseen\/wp-json\/wp\/v2\/posts"}],"about":[{"href":"https:\/\/www.naturparkmagazin.de\/dahme-heideseen\/wp-json\/wp\/v2\/types\/post"}],"author":[{"embeddable":true,"href":"https:\/\/www.naturparkmagazin.de\/dahme-heideseen\/wp-json\/wp\/v2\/users\/83"}],"replies":[{"embeddable":true,"href":"https:\/\/www.naturparkmagazin.de\/dahme-heideseen\/wp-json\/wp\/v2\/comments?post=4579"}],"version-history":[{"count":2,"href":"https:\/\/www.naturparkmagazin.de\/dahme-heideseen\/wp-json\/wp\/v2\/posts\/4579\/revisions"}],"predecessor-version":[{"id":4582,"href":"https:\/\/www.naturparkmagazin.de\/dahme-heideseen\/wp-json\/wp\/v2\/posts\/4579\/revisions\/4582"}],"wp:featuredmedia":[{"embeddable":true,"href":"https:\/\/www.naturparkmagazin.de\/dahme-heideseen\/wp-json\/wp\/v2\/media\/4580"}],"wp:attachment":[{"href":"https:\/\/www.naturparkmagazin.de\/dahme-heideseen\/wp-json\/wp\/v2\/media?parent=4579"}],"wp:term":[{"taxonomy":"category","embeddable":true,"href":"https:\/\/www.naturparkmagazin.de\/dahme-heideseen\/wp-json\/wp\/v2\/categories?post=4579"},{"taxonomy":"post_tag","embeddable":true,"href":"https:\/\/www.naturparkmagazin.de\/dahme-heideseen\/wp-json\/wp\/v2\/tags?post=4579"}],"curies":[{"name":"wp","href":"https:\/\/api.w.org\/{rel}","templated":true}]}}